{"id":385803,"date":"2026-03-06T04:58:05","date_gmt":"2026-03-06T07:58:05","guid":{"rendered":"https:\/\/www.notibras.com\/site\/?p=385803"},"modified":"2026-03-06T04:58:05","modified_gmt":"2026-03-06T07:58:05","slug":"marcas-do-nordestino-sao-luta-cultura-e-tradicao","status":"publish","type":"post","link":"https:\/\/www.notibras.com\/site\/marcas-do-nordestino-sao-luta-cultura-e-tradicao\/","title":{"rendered":"Marcas do nordestino s\u00e3o luta, cultura e tradi\u00e7\u00e3o"},"content":{"rendered":"<p>Ser nordestino n\u00e3o \u00e9 apenas nascer em um peda\u00e7o do mapa do Brasil. \u00c9 carregar no peito uma hist\u00f3ria de resist\u00eancia, de f\u00e9 e de esperan\u00e7a que atravessa gera\u00e7\u00f5es. No Nordeste, cada passo dado na terra quente guarda lembran\u00e7as de quem aprendeu, desde cedo, que a vida pode ser dura, mas nunca vence quem tem coragem.<\/p>\n<p>A luta do povo nordestino \u00e9 antiga. Ela mora nas m\u00e3os calejadas do agricultor que olha para o c\u00e9u esperando a chuva chegar. Mora tamb\u00e9m na mulher que acorda antes do sol para cuidar da casa, da fam\u00edlia e ainda encontrar tempo para sonhar com dias melhores. Aqui, a dificuldade nunca foi motivo para desistir; sempre foi combust\u00edvel para seguir em frente.<\/p>\n<p>Mas o Nordeste n\u00e3o \u00e9 feito apenas de luta. \u00c9 tamb\u00e9m um ber\u00e7o de cultura rica e vibrante. \u00c9 o som do forr\u00f3 que anima as noites de festa, o cheiro da comida feita no fog\u00e3o de lenha, o sotaque forte que carrega orgulho em cada palavra. S\u00e3o as festas populares, as hist\u00f3rias contadas nas cal\u00e7adas ao cair da tarde e o riso f\u00e1cil que resiste at\u00e9 nos dias mais dif\u00edceis.<\/p>\n<p>Ser nordestino \u00e9 aprender desde cedo o valor da tradi\u00e7\u00e3o. \u00c9 respeitar os mais velhos, ouvir os conselhos dos av\u00f3s e guardar na mem\u00f3ria os ensinamentos simples que moldam o car\u00e1ter de um povo inteiro. \u00c9 saber que a modernidade chega, mas as ra\u00edzes continuam firmes, sustentando a identidade de quem n\u00e3o esquece de onde veio.<\/p>\n<p>No fim das contas, ser nordestino \u00e9 viver com o cora\u00e7\u00e3o grande. \u00c9 transformar dificuldades em for\u00e7a, saudade em poesia e esperan\u00e7a em caminho. Porque, no Nordeste, cada hist\u00f3ria de vida \u00e9 tamb\u00e9m uma hist\u00f3ria de coragem.<\/p>\n<p>E quem nasce por essas bandas aprende uma coisa cedo: o nordestino pode at\u00e9 enfrentar o sol forte, a seca e os desafios da vida\u2026 mas nunca perde a f\u00e9, nem o orgulho de ser quem \u00e9.<\/p>\n","protected":false},"excerpt":{"rendered":"<p>Ser nordestino n\u00e3o \u00e9 apenas nascer em um peda\u00e7o do mapa do Brasil. \u00c9 carregar no peito uma hist\u00f3ria de resist\u00eancia, de f\u00e9 e de esperan\u00e7a que atravessa gera\u00e7\u00f5es. No Nordeste, cada passo dado na terra quente guarda lembran\u00e7as de quem aprendeu, desde cedo, que a vida pode ser dura, mas nunca vence quem tem [&hellip;]<\/p>\n","protected":false},"author":2,"featured_media":385804,"comment_status":"closed","ping_status":"closed","sticky":false,"template":"","format":"standard","meta":{"_acf_changed":false,"footnotes":""},"categories":[165],"tags":[],"class_list":["post-385803","post","type-post","status-publish","format-standard","has-post-thumbnail","hentry","category-nordeste"],"acf":[],"yoast_head":"<!-- This site is optimized with the Yoast SEO plugin v27.2 - https:\/\/yoast.com\/product\/yoast-seo-wordpress\/ -->\n<title>Marcas do nordestino s\u00e3o luta, cultura e tradi\u00e7\u00e3o - Notibras<\/title>\n<meta name=\"robots\" content=\"index, follow, max-snippet:-1, max-image-preview:large, max-video-preview:-1\" \/>\n<link rel=\"canonical\" href=\"https:\/\/www.notibras.com\/site\/marcas-do-nordestino-sao-luta-cultura-e-tradicao\/\" \/>\n<meta property=\"og:locale\" content=\"pt_BR\" \/>\n<meta property=\"og:type\" content=\"article\" \/>\n<meta property=\"og:title\" content=\"Marcas do nordestino s\u00e3o luta, cultura e tradi\u00e7\u00e3o - Notibras\" \/>\n<meta property=\"og:description\" content=\"Ser nordestino n\u00e3o \u00e9 apenas nascer em um peda\u00e7o do mapa do Brasil. \u00c9 carregar no peito uma hist\u00f3ria de resist\u00eancia, de f\u00e9 e de esperan\u00e7a que atravessa gera\u00e7\u00f5es. No Nordeste, cada passo dado na terra quente guarda lembran\u00e7as de quem aprendeu, desde cedo, que a vida pode ser dura, mas nunca vence quem tem [&hellip;]\" \/>\n<meta property=\"og:url\" content=\"https:\/\/www.notibras.com\/site\/marcas-do-nordestino-sao-luta-cultura-e-tradicao\/\" \/>\n<meta property=\"og:site_name\" content=\"Notibras\" \/>\n<meta property=\"article:publisher\" content=\"https:\/\/www.facebook.com\/notibras\/\" \/>\n<meta property=\"article:published_time\" content=\"2026-03-06T07:58:05+00:00\" \/>\n<meta property=\"og:image\" content=\"https:\/\/www.notibras.com\/site\/wp-content\/uploads\/2026\/03\/ece20f5d-22c6-4699-9b63-13efa7577053.jpg\" \/>\n\t<meta property=\"og:image:width\" content=\"736\" \/>\n\t<meta property=\"og:image:height\" content=\"410\" \/>\n\t<meta property=\"og:image:type\" content=\"image\/jpeg\" \/>\n<meta name=\"author\" content=\"Reda\u00e7\u00e3o\" \/>\n<meta name=\"twitter:card\" content=\"summary_large_image\" \/>\n<meta name=\"twitter:creator\" content=\"@Notibras\" \/>\n<meta name=\"twitter:site\" content=\"@Notibras\" \/>\n<meta name=\"twitter:label1\" content=\"Escrito por\" \/>\n\t<meta name=\"twitter:data1\" content=\"Reda\u00e7\u00e3o\" \/>\n\t<meta name=\"twitter:label2\" content=\"Est. tempo de leitura\" \/>\n\t<meta name=\"twitter:data2\" content=\"3 minutos\" \/>\n<script type=\"application\/ld+json\" class=\"yoast-schema-graph\">{\"@context\":\"https:\/\/schema.org\",\"@graph\":[{\"@type\":\"Article\",\"@id\":\"https:\/\/www.notibras.com\/site\/marcas-do-nordestino-sao-luta-cultura-e-tradicao\/#article\",\"isPartOf\":{\"@id\":\"https:\/\/www.notibras.com\/site\/marcas-do-nordestino-sao-luta-cultura-e-tradicao\/\"},\"author\":{\"name\":\"Reda\u00e7\u00e3o\",\"@id\":\"https:\/\/www.notibras.com\/site\/#\/schema\/person\/36ab0979449956132d3e5b517ea76ac8\"},\"headline\":\"Marcas do nordestino s\u00e3o luta, cultura e tradi\u00e7\u00e3o\",\"datePublished\":\"2026-03-06T07:58:05+00:00\",\"mainEntityOfPage\":{\"@id\":\"https:\/\/www.notibras.com\/site\/marcas-do-nordestino-sao-luta-cultura-e-tradicao\/\"},\"wordCount\":349,\"publisher\":{\"@id\":\"https:\/\/www.notibras.com\/site\/#organization\"},\"image\":{\"@id\":\"https:\/\/www.notibras.com\/site\/marcas-do-nordestino-sao-luta-cultura-e-tradicao\/#primaryimage\"},\"thumbnailUrl\":\"https:\/\/www.notibras.com\/site\/wp-content\/uploads\/2026\/03\/ece20f5d-22c6-4699-9b63-13efa7577053.jpg\",\"articleSection\":[\"Nordeste\"],\"inLanguage\":\"pt-BR\"},{\"@type\":\"WebPage\",\"@id\":\"https:\/\/www.notibras.com\/site\/marcas-do-nordestino-sao-luta-cultura-e-tradicao\/\",\"url\":\"https:\/\/www.notibras.com\/site\/marcas-do-nordestino-sao-luta-cultura-e-tradicao\/\",\"name\":\"Marcas do nordestino s\u00e3o luta, cultura e tradi\u00e7\u00e3o - Notibras\",\"isPartOf\":{\"@id\":\"https:\/\/www.notibras.com\/site\/#website\"},\"primaryImageOfPage\":{\"@id\":\"https:\/\/www.notibras.com\/site\/marcas-do-nordestino-sao-luta-cultura-e-tradicao\/#primaryimage\"},\"image\":{\"@id\":\"https:\/\/www.notibras.com\/site\/marcas-do-nordestino-sao-luta-cultura-e-tradicao\/#primaryimage\"},\"thumbnailUrl\":\"https:\/\/www.notibras.com\/site\/wp-content\/uploads\/2026\/03\/ece20f5d-22c6-4699-9b63-13efa7577053.jpg\",\"datePublished\":\"2026-03-06T07:58:05+00:00\",\"breadcrumb\":{\"@id\":\"https:\/\/www.notibras.com\/site\/marcas-do-nordestino-sao-luta-cultura-e-tradicao\/#breadcrumb\"},\"inLanguage\":\"pt-BR\",\"potentialAction\":[{\"@type\":\"ReadAction\",\"target\":[\"https:\/\/www.notibras.com\/site\/marcas-do-nordestino-sao-luta-cultura-e-tradicao\/\"]}]},{\"@type\":\"ImageObject\",\"inLanguage\":\"pt-BR\",\"@id\":\"https:\/\/www.notibras.com\/site\/marcas-do-nordestino-sao-luta-cultura-e-tradicao\/#primaryimage\",\"url\":\"https:\/\/www.notibras.com\/site\/wp-content\/uploads\/2026\/03\/ece20f5d-22c6-4699-9b63-13efa7577053.jpg\",\"contentUrl\":\"https:\/\/www.notibras.com\/site\/wp-content\/uploads\/2026\/03\/ece20f5d-22c6-4699-9b63-13efa7577053.jpg\",\"width\":736,\"height\":410},{\"@type\":\"BreadcrumbList\",\"@id\":\"https:\/\/www.notibras.com\/site\/marcas-do-nordestino-sao-luta-cultura-e-tradicao\/#breadcrumb\",\"itemListElement\":[{\"@type\":\"ListItem\",\"position\":1,\"name\":\"In\u00edcio\",\"item\":\"https:\/\/www.notibras.com\/site\/\"},{\"@type\":\"ListItem\",\"position\":2,\"name\":\"Marcas do nordestino s\u00e3o luta, cultura e tradi\u00e7\u00e3o\"}]},{\"@type\":\"WebSite\",\"@id\":\"https:\/\/www.notibras.com\/site\/#website\",\"url\":\"https:\/\/www.notibras.com\/site\/\",\"name\":\"Notibras\",\"description\":\"Not\u00edcias de Bras\u00edlia, do Brasil e do Mundo\",\"publisher\":{\"@id\":\"https:\/\/www.notibras.com\/site\/#organization\"},\"potentialAction\":[{\"@type\":\"SearchAction\",\"target\":{\"@type\":\"EntryPoint\",\"urlTemplate\":\"https:\/\/www.notibras.com\/site\/?s={search_term_string}\"},\"query-input\":{\"@type\":\"PropertyValueSpecification\",\"valueRequired\":true,\"valueName\":\"search_term_string\"}}],\"inLanguage\":\"pt-BR\"},{\"@type\":\"Organization\",\"@id\":\"https:\/\/www.notibras.com\/site\/#organization\",\"name\":\"Grupo Notibras de Comunica\u00e7\u00e3o\",\"url\":\"https:\/\/www.notibras.com\/site\/\",\"logo\":{\"@type\":\"ImageObject\",\"inLanguage\":\"pt-BR\",\"@id\":\"https:\/\/www.notibras.com\/site\/#\/schema\/logo\/image\/\",\"url\":\"https:\/\/www.notibras.com\/site\/wp-content\/uploads\/2023\/01\/notibras23.png\",\"contentUrl\":\"https:\/\/www.notibras.com\/site\/wp-content\/uploads\/2023\/01\/notibras23.png\",\"width\":350,\"height\":87,\"caption\":\"Grupo Notibras de Comunica\u00e7\u00e3o\"},\"image\":{\"@id\":\"https:\/\/www.notibras.com\/site\/#\/schema\/logo\/image\/\"},\"sameAs\":[\"https:\/\/www.facebook.com\/notibras\/\",\"https:\/\/x.com\/Notibras\",\"https:\/\/www.instagram.com\/notibras\/\"]},{\"@type\":\"Person\",\"@id\":\"https:\/\/www.notibras.com\/site\/#\/schema\/person\/36ab0979449956132d3e5b517ea76ac8\",\"name\":\"Reda\u00e7\u00e3o\",\"image\":{\"@type\":\"ImageObject\",\"inLanguage\":\"pt-BR\",\"@id\":\"https:\/\/secure.gravatar.com\/avatar\/e0a867bdedb85fd243eadf09663511f96fc81e0720a4a42581f334ad4303aa6b?s=96&d=mm&r=g\",\"url\":\"https:\/\/secure.gravatar.com\/avatar\/e0a867bdedb85fd243eadf09663511f96fc81e0720a4a42581f334ad4303aa6b?s=96&d=mm&r=g\",\"contentUrl\":\"https:\/\/secure.gravatar.com\/avatar\/e0a867bdedb85fd243eadf09663511f96fc81e0720a4a42581f334ad4303aa6b?s=96&d=mm&r=g\",\"caption\":\"Reda\u00e7\u00e3o\"}}]}<\/script>\n<!-- \/ Yoast SEO plugin. -->","yoast_head_json":{"title":"Marcas do nordestino s\u00e3o luta, cultura e tradi\u00e7\u00e3o - Notibras","robots":{"index":"index","follow":"follow","max-snippet":"max-snippet:-1","max-image-preview":"max-image-preview:large","max-video-preview":"max-video-preview:-1"},"canonical":"https:\/\/www.notibras.com\/site\/marcas-do-nordestino-sao-luta-cultura-e-tradicao\/","og_locale":"pt_BR","og_type":"article","og_title":"Marcas do nordestino s\u00e3o luta, cultura e tradi\u00e7\u00e3o - Notibras","og_description":"Ser nordestino n\u00e3o \u00e9 apenas nascer em um peda\u00e7o do mapa do Brasil. \u00c9 carregar no peito uma hist\u00f3ria de resist\u00eancia, de f\u00e9 e de esperan\u00e7a que atravessa gera\u00e7\u00f5es. No Nordeste, cada passo dado na terra quente guarda lembran\u00e7as de quem aprendeu, desde cedo, que a vida pode ser dura, mas nunca vence quem tem [&hellip;]","og_url":"https:\/\/www.notibras.com\/site\/marcas-do-nordestino-sao-luta-cultura-e-tradicao\/","og_site_name":"Notibras","article_publisher":"https:\/\/www.facebook.com\/notibras\/","article_published_time":"2026-03-06T07:58:05+00:00","og_image":[{"width":736,"height":410,"url":"https:\/\/www.notibras.com\/site\/wp-content\/uploads\/2026\/03\/ece20f5d-22c6-4699-9b63-13efa7577053.jpg","type":"image\/jpeg"}],"author":"Reda\u00e7\u00e3o","twitter_card":"summary_large_image","twitter_creator":"@Notibras","twitter_site":"@Notibras","twitter_misc":{"Escrito por":"Reda\u00e7\u00e3o","Est. tempo de leitura":"3 minutos"},"schema":{"@context":"https:\/\/schema.org","@graph":[{"@type":"Article","@id":"https:\/\/www.notibras.com\/site\/marcas-do-nordestino-sao-luta-cultura-e-tradicao\/#article","isPartOf":{"@id":"https:\/\/www.notibras.com\/site\/marcas-do-nordestino-sao-luta-cultura-e-tradicao\/"},"author":{"name":"Reda\u00e7\u00e3o","@id":"https:\/\/www.notibras.com\/site\/#\/schema\/person\/36ab0979449956132d3e5b517ea76ac8"},"headline":"Marcas do nordestino s\u00e3o luta, cultura e tradi\u00e7\u00e3o","datePublished":"2026-03-06T07:58:05+00:00","mainEntityOfPage":{"@id":"https:\/\/www.notibras.com\/site\/marcas-do-nordestino-sao-luta-cultura-e-tradicao\/"},"wordCount":349,"publisher":{"@id":"https:\/\/www.notibras.com\/site\/#organization"},"image":{"@id":"https:\/\/www.notibras.com\/site\/marcas-do-nordestino-sao-luta-cultura-e-tradicao\/#primaryimage"},"thumbnailUrl":"https:\/\/www.notibras.com\/site\/wp-content\/uploads\/2026\/03\/ece20f5d-22c6-4699-9b63-13efa7577053.jpg","articleSection":["Nordeste"],"inLanguage":"pt-BR"},{"@type":"WebPage","@id":"https:\/\/www.notibras.com\/site\/marcas-do-nordestino-sao-luta-cultura-e-tradicao\/","url":"https:\/\/www.notibras.com\/site\/marcas-do-nordestino-sao-luta-cultura-e-tradicao\/","name":"Marcas do nordestino s\u00e3o luta, cultura e tradi\u00e7\u00e3o - Notibras","isPartOf":{"@id":"https:\/\/www.notibras.com\/site\/#website"},"primaryImageOfPage":{"@id":"https:\/\/www.notibras.com\/site\/marcas-do-nordestino-sao-luta-cultura-e-tradicao\/#primaryimage"},"image":{"@id":"https:\/\/www.notibras.com\/site\/marcas-do-nordestino-sao-luta-cultura-e-tradicao\/#primaryimage"},"thumbnailUrl":"https:\/\/www.notibras.com\/site\/wp-content\/uploads\/2026\/03\/ece20f5d-22c6-4699-9b63-13efa7577053.jpg","datePublished":"2026-03-06T07:58:05+00:00","breadcrumb":{"@id":"https:\/\/www.notibras.com\/site\/marcas-do-nordestino-sao-luta-cultura-e-tradicao\/#breadcrumb"},"inLanguage":"pt-BR","potentialAction":[{"@type":"ReadAction","target":["https:\/\/www.notibras.com\/site\/marcas-do-nordestino-sao-luta-cultura-e-tradicao\/"]}]},{"@type":"ImageObject","inLanguage":"pt-BR","@id":"https:\/\/www.notibras.com\/site\/marcas-do-nordestino-sao-luta-cultura-e-tradicao\/#primaryimage","url":"https:\/\/www.notibras.com\/site\/wp-content\/uploads\/2026\/03\/ece20f5d-22c6-4699-9b63-13efa7577053.jpg","contentUrl":"https:\/\/www.notibras.com\/site\/wp-content\/uploads\/2026\/03\/ece20f5d-22c6-4699-9b63-13efa7577053.jpg","width":736,"height":410},{"@type":"BreadcrumbList","@id":"https:\/\/www.notibras.com\/site\/marcas-do-nordestino-sao-luta-cultura-e-tradicao\/#breadcrumb","itemListElement":[{"@type":"ListItem","position":1,"name":"In\u00edcio","item":"https:\/\/www.notibras.com\/site\/"},{"@type":"ListItem","position":2,"name":"Marcas do nordestino s\u00e3o luta, cultura e tradi\u00e7\u00e3o"}]},{"@type":"WebSite","@id":"https:\/\/www.notibras.com\/site\/#website","url":"https:\/\/www.notibras.com\/site\/","name":"Notibras","description":"Not\u00edcias de Bras\u00edlia, do Brasil e do Mundo","publisher":{"@id":"https:\/\/www.notibras.com\/site\/#organization"},"potentialAction":[{"@type":"SearchAction","target":{"@type":"EntryPoint","urlTemplate":"https:\/\/www.notibras.com\/site\/?s={search_term_string}"},"query-input":{"@type":"PropertyValueSpecification","valueRequired":true,"valueName":"search_term_string"}}],"inLanguage":"pt-BR"},{"@type":"Organization","@id":"https:\/\/www.notibras.com\/site\/#organization","name":"Grupo Notibras de Comunica\u00e7\u00e3o","url":"https:\/\/www.notibras.com\/site\/","logo":{"@type":"ImageObject","inLanguage":"pt-BR","@id":"https:\/\/www.notibras.com\/site\/#\/schema\/logo\/image\/","url":"https:\/\/www.notibras.com\/site\/wp-content\/uploads\/2023\/01\/notibras23.png","contentUrl":"https:\/\/www.notibras.com\/site\/wp-content\/uploads\/2023\/01\/notibras23.png","width":350,"height":87,"caption":"Grupo Notibras de Comunica\u00e7\u00e3o"},"image":{"@id":"https:\/\/www.notibras.com\/site\/#\/schema\/logo\/image\/"},"sameAs":["https:\/\/www.facebook.com\/notibras\/","https:\/\/x.com\/Notibras","https:\/\/www.instagram.com\/notibras\/"]},{"@type":"Person","@id":"https:\/\/www.notibras.com\/site\/#\/schema\/person\/36ab0979449956132d3e5b517ea76ac8","name":"Reda\u00e7\u00e3o","image":{"@type":"ImageObject","inLanguage":"pt-BR","@id":"https:\/\/secure.gravatar.com\/avatar\/e0a867bdedb85fd243eadf09663511f96fc81e0720a4a42581f334ad4303aa6b?s=96&d=mm&r=g","url":"https:\/\/secure.gravatar.com\/avatar\/e0a867bdedb85fd243eadf09663511f96fc81e0720a4a42581f334ad4303aa6b?s=96&d=mm&r=g","contentUrl":"https:\/\/secure.gravatar.com\/avatar\/e0a867bdedb85fd243eadf09663511f96fc81e0720a4a42581f334ad4303aa6b?s=96&d=mm&r=g","caption":"Reda\u00e7\u00e3o"}}]}},"amp_enabled":true,"_links":{"self":[{"href":"https:\/\/www.notibras.com\/site\/wp-json\/wp\/v2\/posts\/385803","targetHints":{"allow":["GET"]}}],"collection":[{"href":"https:\/\/www.notibras.com\/site\/wp-json\/wp\/v2\/posts"}],"about":[{"href":"https:\/\/www.notibras.com\/site\/wp-json\/wp\/v2\/types\/post"}],"author":[{"embeddable":true,"href":"https:\/\/www.notibras.com\/site\/wp-json\/wp\/v2\/users\/2"}],"replies":[{"embeddable":true,"href":"https:\/\/www.notibras.com\/site\/wp-json\/wp\/v2\/comments?post=385803"}],"version-history":[{"count":1,"href":"https:\/\/www.notibras.com\/site\/wp-json\/wp\/v2\/posts\/385803\/revisions"}],"predecessor-version":[{"id":385805,"href":"https:\/\/www.notibras.com\/site\/wp-json\/wp\/v2\/posts\/385803\/revisions\/385805"}],"wp:featuredmedia":[{"embeddable":true,"href":"https:\/\/www.notibras.com\/site\/wp-json\/wp\/v2\/media\/385804"}],"wp:attachment":[{"href":"https:\/\/www.notibras.com\/site\/wp-json\/wp\/v2\/media?parent=385803"}],"wp:term":[{"taxonomy":"category","embeddable":true,"href":"https:\/\/www.notibras.com\/site\/wp-json\/wp\/v2\/categories?post=385803"},{"taxonomy":"post_tag","embeddable":true,"href":"https:\/\/www.notibras.com\/site\/wp-json\/wp\/v2\/tags?post=385803"}],"curies":[{"name":"wp","href":"https:\/\/api.w.org\/{rel}","templated":true}]}}