{"id":385819,"date":"2026-03-06T10:02:56","date_gmt":"2026-03-06T13:02:56","guid":{"rendered":"https:\/\/www.notibras.com\/site\/?p=385819"},"modified":"2026-03-06T10:02:56","modified_gmt":"2026-03-06T13:02:56","slug":"cinco-estados-do-nordeste-encabecam-lista-de-abuso-contra-as-mulheres","status":"publish","type":"post","link":"https:\/\/www.notibras.com\/site\/cinco-estados-do-nordeste-encabecam-lista-de-abuso-contra-as-mulheres\/","title":{"rendered":"Cinco estados do Nordeste encabe\u00e7am lista de abuso contra as mulheres"},"content":{"rendered":"<p>A cada 24 horas, 12 mulheres, em m\u00e9dia, s\u00e3o v\u00edtimas de viol\u00eancia em nove estados acompanhados pela Rede de Observat\u00f3rios da Seguran\u00e7a: Amazonas, Bahia, Cear\u00e1, Maranh\u00e3o, Par\u00e1, Pernambuco, Piau\u00ed, Rio de Janeiro e S\u00e3o Paulo.<\/p>\n<p>Os dados foram divulgados nesta sexta-feira (6) e foram produzidos a partir de um monitoramento di\u00e1rio do que circulou nas m\u00eddias sobre viol\u00eancia e seguran\u00e7a no ano de 2025.<\/p>\n<p>Ao todo, 4.558 mulheres sofreram algum tipo de viol\u00eancia nos locais inclu\u00eddos pela pesquisa, n\u00famero que representa aumento de 9% em rela\u00e7\u00e3o a 2024.<\/p>\n<p>O levantamento tamb\u00e9m aponta crescimento expressivo da viol\u00eancia sexual. Foram 961 registros de estupro ou viol\u00eancia sexual em 2025, um aumento de 56,6% em rela\u00e7\u00e3o ao ano anterior, quando foram contabilizados 602 casos. Entre as v\u00edtimas, 56,5% eram meninas de 0 a 17 anos.<\/p>\n<p>Outro ponto do relat\u00f3rio \u00e9 a rela\u00e7\u00e3o entre v\u00edtimas e agressores: 78,5% das viol\u00eancias foram cometidas por companheiros ou ex-companheiros. Ou seja, segundo o relat\u00f3rio, a maior parte dos casos acontece &#8220;dentro de rela\u00e7\u00f5es afetivas&#8221;.<\/p>\n<p>O estudo contabilizou 546 casos de feminic\u00eddio e sete de transfeminic\u00eddio. No total, s\u00e3o 1.004 mortes quando considerados homic\u00eddios, feminic\u00eddios e transfeminic\u00eddios.<\/p>\n<p>A publica\u00e7\u00e3o tamb\u00e9m chama aten\u00e7\u00e3o para a falta de informa\u00e7\u00f5es raciais nos registros de viol\u00eancia na m\u00eddia. Em 86,7% dos casos, n\u00e3o havia identifica\u00e7\u00e3o de ra\u00e7a ou cor das v\u00edtimas, o que, segundo os pesquisadores, dificulta a elabora\u00e7\u00e3o de pol\u00edticas p\u00fablicas direcionadas.<\/p>\n<p><strong>Divis\u00e3o regional<\/strong><br \/>\nNo recorte regional, alguns estados apresentaram indicadores espec\u00edficos preocupantes. No Amazonas, por exemplo, 78,4% das v\u00edtimas de viol\u00eancia sexual eram crian\u00e7as e adolescentes.<\/p>\n<p>J\u00e1 o Par\u00e1 registrou aumento de 76% nos casos de viol\u00eancia, o maior crescimento entre os estados monitorados. No Rio de Janeiro, chama a aten\u00e7\u00e3o que 39,1% das ocorr\u00eancias foram registradas na capital.<\/p>\n<p><strong>Recomenda\u00e7\u00f5es<\/strong><br \/>\nO relat\u00f3rio conclui que \u00e9 necess\u00e1rio ampliar as pol\u00edticas de preven\u00e7\u00e3o, indo al\u00e9m de respostas policiais e judiciais. Segundo os pesquisadores, as medidas atuais costumam atuar apenas depois que a viol\u00eancia j\u00e1 ocorreu.<\/p>\n<p>Entre as recomenda\u00e7\u00f5es, est\u00e3o investimentos em educa\u00e7\u00e3o sobre equidade de g\u00eanero nas escolas, al\u00e9m de a\u00e7\u00f5es para desconstruir padr\u00f5es culturais que naturalizam a viol\u00eancia contra mulheres. A avalia\u00e7\u00e3o do estudo \u00e9 que, sem enfrentar essas estruturas, o ciclo de viol\u00eancia tende a se perpetuar.<\/p>\n<p>\u201cEvocar a vida, em vez da morte, em um documento estat\u00edstico que comp\u00f5e um perturbador invent\u00e1rio das viola\u00e7\u00f5es, cumpre o papel paradoxal e necess\u00e1rio de romper as &#8216;m\u00e1scaras silenciadoras&#8217; e de amplificar vozes de den\u00fancia e resist\u00eancia que transbordam os n\u00fameros\u201d, comenta Fl\u00e1via Melo, autora do principal texto desta edi\u00e7\u00e3o.<\/p>\n<p><strong>Como denunciar<\/strong><br \/>\n\u00c9 poss\u00edvel pedir ajuda e denunciar casos de viol\u00eancia dom\u00e9stica e contra a mulher na Central de Atendimento \u00e0 Mulher \u2013 Ligue 180, um servi\u00e7o gratuito que funciona 24 horas por dia, todos os dias da semana.<\/p>\n<p>O servi\u00e7o est\u00e1 dispon\u00edvel tamb\u00e9m no WhatsApp: (61) 9610-0180 e pelo e-mail central180@mulheres.gov.br.<\/p>\n<p>Den\u00fancias de viol\u00eancia contra a mulher tamb\u00e9m podem ser apresentadas em delegacias especializadas de atendimento \u00e0 mulher (Deam) ou em delegacias comuns e nas Casas da Mulher Brasileira.<\/p>\n<p>Ainda \u00e9 poss\u00edvel pedir ajuda por meio dos n\u00fameros Disque 100, que recebe casos de viola\u00e7\u00f5es de direitos humanos, e 190, de ocorr\u00eancias policiais.<\/p>\n","protected":false},"excerpt":{"rendered":"<p>A cada 24 horas, 12 mulheres, em m\u00e9dia, s\u00e3o v\u00edtimas de viol\u00eancia em nove estados acompanhados pela Rede de Observat\u00f3rios da Seguran\u00e7a: Amazonas, Bahia, Cear\u00e1, Maranh\u00e3o, Par\u00e1, Pernambuco, Piau\u00ed, Rio de Janeiro e S\u00e3o Paulo. Os dados foram divulgados nesta sexta-feira (6) e foram produzidos a partir de um monitoramento di\u00e1rio do que circulou nas [&hellip;]<\/p>\n","protected":false},"author":2,"featured_media":385820,"comment_status":"closed","ping_status":"closed","sticky":false,"template":"","format":"standard","meta":{"_acf_changed":false,"footnotes":""},"categories":[165],"tags":[],"class_list":["post-385819","post","type-post","status-publish","format-standard","has-post-thumbnail","hentry","category-nordeste"],"acf":[],"yoast_head":"<!-- This site is optimized with the Yoast SEO plugin v27.2 - https:\/\/yoast.com\/product\/yoast-seo-wordpress\/ -->\n<title>Cinco estados do Nordeste encabe\u00e7am lista de abuso contra as mulheres - Notibras<\/title>\n<meta name=\"robots\" content=\"index, follow, max-snippet:-1, max-image-preview:large, max-video-preview:-1\" \/>\n<link rel=\"canonical\" href=\"https:\/\/www.notibras.com\/site\/cinco-estados-do-nordeste-encabecam-lista-de-abuso-contra-as-mulheres\/\" \/>\n<meta property=\"og:locale\" content=\"pt_BR\" \/>\n<meta property=\"og:type\" content=\"article\" \/>\n<meta property=\"og:title\" content=\"Cinco estados do Nordeste encabe\u00e7am lista de abuso contra as mulheres - Notibras\" \/>\n<meta property=\"og:description\" content=\"A cada 24 horas, 12 mulheres, em m\u00e9dia, s\u00e3o v\u00edtimas de viol\u00eancia em nove estados acompanhados pela Rede de Observat\u00f3rios da Seguran\u00e7a: Amazonas, Bahia, Cear\u00e1, Maranh\u00e3o, Par\u00e1, Pernambuco, Piau\u00ed, Rio de Janeiro e S\u00e3o Paulo. Os dados foram divulgados nesta sexta-feira (6) e foram produzidos a partir de um monitoramento di\u00e1rio do que circulou nas [&hellip;]\" \/>\n<meta property=\"og:url\" content=\"https:\/\/www.notibras.com\/site\/cinco-estados-do-nordeste-encabecam-lista-de-abuso-contra-as-mulheres\/\" \/>\n<meta property=\"og:site_name\" content=\"Notibras\" \/>\n<meta property=\"article:publisher\" content=\"https:\/\/www.facebook.com\/notibras\/\" \/>\n<meta property=\"article:published_time\" content=\"2026-03-06T13:02:56+00:00\" \/>\n<meta property=\"og:image\" content=\"https:\/\/www.notibras.com\/site\/wp-content\/uploads\/2026\/03\/pint9318.jpg.webp\" \/>\n\t<meta property=\"og:image:width\" content=\"1170\" \/>\n\t<meta property=\"og:image:height\" content=\"700\" \/>\n\t<meta property=\"og:image:type\" content=\"image\/webp\" \/>\n<meta name=\"author\" content=\"Reda\u00e7\u00e3o\" \/>\n<meta name=\"twitter:card\" content=\"summary_large_image\" \/>\n<meta name=\"twitter:creator\" content=\"@Notibras\" \/>\n<meta name=\"twitter:site\" content=\"@Notibras\" \/>\n<meta name=\"twitter:label1\" content=\"Escrito por\" \/>\n\t<meta name=\"twitter:data1\" content=\"Reda\u00e7\u00e3o\" \/>\n\t<meta name=\"twitter:label2\" content=\"Est. tempo de leitura\" \/>\n\t<meta name=\"twitter:data2\" content=\"4 minutos\" \/>\n<script type=\"application\/ld+json\" class=\"yoast-schema-graph\">{\"@context\":\"https:\/\/schema.org\",\"@graph\":[{\"@type\":\"Article\",\"@id\":\"https:\/\/www.notibras.com\/site\/cinco-estados-do-nordeste-encabecam-lista-de-abuso-contra-as-mulheres\/#article\",\"isPartOf\":{\"@id\":\"https:\/\/www.notibras.com\/site\/cinco-estados-do-nordeste-encabecam-lista-de-abuso-contra-as-mulheres\/\"},\"author\":{\"name\":\"Reda\u00e7\u00e3o\",\"@id\":\"https:\/\/www.notibras.com\/site\/#\/schema\/person\/36ab0979449956132d3e5b517ea76ac8\"},\"headline\":\"Cinco estados do Nordeste encabe\u00e7am lista de abuso contra as mulheres\",\"datePublished\":\"2026-03-06T13:02:56+00:00\",\"mainEntityOfPage\":{\"@id\":\"https:\/\/www.notibras.com\/site\/cinco-estados-do-nordeste-encabecam-lista-de-abuso-contra-as-mulheres\/\"},\"wordCount\":598,\"publisher\":{\"@id\":\"https:\/\/www.notibras.com\/site\/#organization\"},\"image\":{\"@id\":\"https:\/\/www.notibras.com\/site\/cinco-estados-do-nordeste-encabecam-lista-de-abuso-contra-as-mulheres\/#primaryimage\"},\"thumbnailUrl\":\"https:\/\/www.notibras.com\/site\/wp-content\/uploads\/2026\/03\/pint9318.jpg.webp\",\"articleSection\":[\"Nordeste\"],\"inLanguage\":\"pt-BR\"},{\"@type\":\"WebPage\",\"@id\":\"https:\/\/www.notibras.com\/site\/cinco-estados-do-nordeste-encabecam-lista-de-abuso-contra-as-mulheres\/\",\"url\":\"https:\/\/www.notibras.com\/site\/cinco-estados-do-nordeste-encabecam-lista-de-abuso-contra-as-mulheres\/\",\"name\":\"Cinco estados do Nordeste encabe\u00e7am lista de abuso contra as mulheres - Notibras\",\"isPartOf\":{\"@id\":\"https:\/\/www.notibras.com\/site\/#website\"},\"primaryImageOfPage\":{\"@id\":\"https:\/\/www.notibras.com\/site\/cinco-estados-do-nordeste-encabecam-lista-de-abuso-contra-as-mulheres\/#primaryimage\"},\"image\":{\"@id\":\"https:\/\/www.notibras.com\/site\/cinco-estados-do-nordeste-encabecam-lista-de-abuso-contra-as-mulheres\/#primaryimage\"},\"thumbnailUrl\":\"https:\/\/www.notibras.com\/site\/wp-content\/uploads\/2026\/03\/pint9318.jpg.webp\",\"datePublished\":\"2026-03-06T13:02:56+00:00\",\"breadcrumb\":{\"@id\":\"https:\/\/www.notibras.com\/site\/cinco-estados-do-nordeste-encabecam-lista-de-abuso-contra-as-mulheres\/#breadcrumb\"},\"inLanguage\":\"pt-BR\",\"potentialAction\":[{\"@type\":\"ReadAction\",\"target\":[\"https:\/\/www.notibras.com\/site\/cinco-estados-do-nordeste-encabecam-lista-de-abuso-contra-as-mulheres\/\"]}]},{\"@type\":\"ImageObject\",\"inLanguage\":\"pt-BR\",\"@id\":\"https:\/\/www.notibras.com\/site\/cinco-estados-do-nordeste-encabecam-lista-de-abuso-contra-as-mulheres\/#primaryimage\",\"url\":\"https:\/\/www.notibras.com\/site\/wp-content\/uploads\/2026\/03\/pint9318.jpg.webp\",\"contentUrl\":\"https:\/\/www.notibras.com\/site\/wp-content\/uploads\/2026\/03\/pint9318.jpg.webp\",\"width\":1170,\"height\":700},{\"@type\":\"BreadcrumbList\",\"@id\":\"https:\/\/www.notibras.com\/site\/cinco-estados-do-nordeste-encabecam-lista-de-abuso-contra-as-mulheres\/#breadcrumb\",\"itemListElement\":[{\"@type\":\"ListItem\",\"position\":1,\"name\":\"In\u00edcio\",\"item\":\"https:\/\/www.notibras.com\/site\/\"},{\"@type\":\"ListItem\",\"position\":2,\"name\":\"Cinco estados do Nordeste encabe\u00e7am lista de abuso contra as mulheres\"}]},{\"@type\":\"WebSite\",\"@id\":\"https:\/\/www.notibras.com\/site\/#website\",\"url\":\"https:\/\/www.notibras.com\/site\/\",\"name\":\"Notibras\",\"description\":\"Not\u00edcias de Bras\u00edlia, do Brasil e do Mundo\",\"publisher\":{\"@id\":\"https:\/\/www.notibras.com\/site\/#organization\"},\"potentialAction\":[{\"@type\":\"SearchAction\",\"target\":{\"@type\":\"EntryPoint\",\"urlTemplate\":\"https:\/\/www.notibras.com\/site\/?s={search_term_string}\"},\"query-input\":{\"@type\":\"PropertyValueSpecification\",\"valueRequired\":true,\"valueName\":\"search_term_string\"}}],\"inLanguage\":\"pt-BR\"},{\"@type\":\"Organization\",\"@id\":\"https:\/\/www.notibras.com\/site\/#organization\",\"name\":\"Grupo Notibras de Comunica\u00e7\u00e3o\",\"url\":\"https:\/\/www.notibras.com\/site\/\",\"logo\":{\"@type\":\"ImageObject\",\"inLanguage\":\"pt-BR\",\"@id\":\"https:\/\/www.notibras.com\/site\/#\/schema\/logo\/image\/\",\"url\":\"https:\/\/www.notibras.com\/site\/wp-content\/uploads\/2023\/01\/notibras23.png\",\"contentUrl\":\"https:\/\/www.notibras.com\/site\/wp-content\/uploads\/2023\/01\/notibras23.png\",\"width\":350,\"height\":87,\"caption\":\"Grupo Notibras de Comunica\u00e7\u00e3o\"},\"image\":{\"@id\":\"https:\/\/www.notibras.com\/site\/#\/schema\/logo\/image\/\"},\"sameAs\":[\"https:\/\/www.facebook.com\/notibras\/\",\"https:\/\/x.com\/Notibras\",\"https:\/\/www.instagram.com\/notibras\/\"]},{\"@type\":\"Person\",\"@id\":\"https:\/\/www.notibras.com\/site\/#\/schema\/person\/36ab0979449956132d3e5b517ea76ac8\",\"name\":\"Reda\u00e7\u00e3o\",\"image\":{\"@type\":\"ImageObject\",\"inLanguage\":\"pt-BR\",\"@id\":\"https:\/\/secure.gravatar.com\/avatar\/e0a867bdedb85fd243eadf09663511f96fc81e0720a4a42581f334ad4303aa6b?s=96&d=mm&r=g\",\"url\":\"https:\/\/secure.gravatar.com\/avatar\/e0a867bdedb85fd243eadf09663511f96fc81e0720a4a42581f334ad4303aa6b?s=96&d=mm&r=g\",\"contentUrl\":\"https:\/\/secure.gravatar.com\/avatar\/e0a867bdedb85fd243eadf09663511f96fc81e0720a4a42581f334ad4303aa6b?s=96&d=mm&r=g\",\"caption\":\"Reda\u00e7\u00e3o\"}}]}<\/script>\n<!-- \/ Yoast SEO plugin. -->","yoast_head_json":{"title":"Cinco estados do Nordeste encabe\u00e7am lista de abuso contra as mulheres - Notibras","robots":{"index":"index","follow":"follow","max-snippet":"max-snippet:-1","max-image-preview":"max-image-preview:large","max-video-preview":"max-video-preview:-1"},"canonical":"https:\/\/www.notibras.com\/site\/cinco-estados-do-nordeste-encabecam-lista-de-abuso-contra-as-mulheres\/","og_locale":"pt_BR","og_type":"article","og_title":"Cinco estados do Nordeste encabe\u00e7am lista de abuso contra as mulheres - Notibras","og_description":"A cada 24 horas, 12 mulheres, em m\u00e9dia, s\u00e3o v\u00edtimas de viol\u00eancia em nove estados acompanhados pela Rede de Observat\u00f3rios da Seguran\u00e7a: Amazonas, Bahia, Cear\u00e1, Maranh\u00e3o, Par\u00e1, Pernambuco, Piau\u00ed, Rio de Janeiro e S\u00e3o Paulo. Os dados foram divulgados nesta sexta-feira (6) e foram produzidos a partir de um monitoramento di\u00e1rio do que circulou nas [&hellip;]","og_url":"https:\/\/www.notibras.com\/site\/cinco-estados-do-nordeste-encabecam-lista-de-abuso-contra-as-mulheres\/","og_site_name":"Notibras","article_publisher":"https:\/\/www.facebook.com\/notibras\/","article_published_time":"2026-03-06T13:02:56+00:00","og_image":[{"width":1170,"height":700,"url":"https:\/\/www.notibras.com\/site\/wp-content\/uploads\/2026\/03\/pint9318.jpg.webp","type":"image\/webp"}],"author":"Reda\u00e7\u00e3o","twitter_card":"summary_large_image","twitter_creator":"@Notibras","twitter_site":"@Notibras","twitter_misc":{"Escrito por":"Reda\u00e7\u00e3o","Est. tempo de leitura":"4 minutos"},"schema":{"@context":"https:\/\/schema.org","@graph":[{"@type":"Article","@id":"https:\/\/www.notibras.com\/site\/cinco-estados-do-nordeste-encabecam-lista-de-abuso-contra-as-mulheres\/#article","isPartOf":{"@id":"https:\/\/www.notibras.com\/site\/cinco-estados-do-nordeste-encabecam-lista-de-abuso-contra-as-mulheres\/"},"author":{"name":"Reda\u00e7\u00e3o","@id":"https:\/\/www.notibras.com\/site\/#\/schema\/person\/36ab0979449956132d3e5b517ea76ac8"},"headline":"Cinco estados do Nordeste encabe\u00e7am lista de abuso contra as mulheres","datePublished":"2026-03-06T13:02:56+00:00","mainEntityOfPage":{"@id":"https:\/\/www.notibras.com\/site\/cinco-estados-do-nordeste-encabecam-lista-de-abuso-contra-as-mulheres\/"},"wordCount":598,"publisher":{"@id":"https:\/\/www.notibras.com\/site\/#organization"},"image":{"@id":"https:\/\/www.notibras.com\/site\/cinco-estados-do-nordeste-encabecam-lista-de-abuso-contra-as-mulheres\/#primaryimage"},"thumbnailUrl":"https:\/\/www.notibras.com\/site\/wp-content\/uploads\/2026\/03\/pint9318.jpg.webp","articleSection":["Nordeste"],"inLanguage":"pt-BR"},{"@type":"WebPage","@id":"https:\/\/www.notibras.com\/site\/cinco-estados-do-nordeste-encabecam-lista-de-abuso-contra-as-mulheres\/","url":"https:\/\/www.notibras.com\/site\/cinco-estados-do-nordeste-encabecam-lista-de-abuso-contra-as-mulheres\/","name":"Cinco estados do Nordeste encabe\u00e7am lista de abuso contra as mulheres - Notibras","isPartOf":{"@id":"https:\/\/www.notibras.com\/site\/#website"},"primaryImageOfPage":{"@id":"https:\/\/www.notibras.com\/site\/cinco-estados-do-nordeste-encabecam-lista-de-abuso-contra-as-mulheres\/#primaryimage"},"image":{"@id":"https:\/\/www.notibras.com\/site\/cinco-estados-do-nordeste-encabecam-lista-de-abuso-contra-as-mulheres\/#primaryimage"},"thumbnailUrl":"https:\/\/www.notibras.com\/site\/wp-content\/uploads\/2026\/03\/pint9318.jpg.webp","datePublished":"2026-03-06T13:02:56+00:00","breadcrumb":{"@id":"https:\/\/www.notibras.com\/site\/cinco-estados-do-nordeste-encabecam-lista-de-abuso-contra-as-mulheres\/#breadcrumb"},"inLanguage":"pt-BR","potentialAction":[{"@type":"ReadAction","target":["https:\/\/www.notibras.com\/site\/cinco-estados-do-nordeste-encabecam-lista-de-abuso-contra-as-mulheres\/"]}]},{"@type":"ImageObject","inLanguage":"pt-BR","@id":"https:\/\/www.notibras.com\/site\/cinco-estados-do-nordeste-encabecam-lista-de-abuso-contra-as-mulheres\/#primaryimage","url":"https:\/\/www.notibras.com\/site\/wp-content\/uploads\/2026\/03\/pint9318.jpg.webp","contentUrl":"https:\/\/www.notibras.com\/site\/wp-content\/uploads\/2026\/03\/pint9318.jpg.webp","width":1170,"height":700},{"@type":"BreadcrumbList","@id":"https:\/\/www.notibras.com\/site\/cinco-estados-do-nordeste-encabecam-lista-de-abuso-contra-as-mulheres\/#breadcrumb","itemListElement":[{"@type":"ListItem","position":1,"name":"In\u00edcio","item":"https:\/\/www.notibras.com\/site\/"},{"@type":"ListItem","position":2,"name":"Cinco estados do Nordeste encabe\u00e7am lista de abuso contra as mulheres"}]},{"@type":"WebSite","@id":"https:\/\/www.notibras.com\/site\/#website","url":"https:\/\/www.notibras.com\/site\/","name":"Notibras","description":"Not\u00edcias de Bras\u00edlia, do Brasil e do Mundo","publisher":{"@id":"https:\/\/www.notibras.com\/site\/#organization"},"potentialAction":[{"@type":"SearchAction","target":{"@type":"EntryPoint","urlTemplate":"https:\/\/www.notibras.com\/site\/?s={search_term_string}"},"query-input":{"@type":"PropertyValueSpecification","valueRequired":true,"valueName":"search_term_string"}}],"inLanguage":"pt-BR"},{"@type":"Organization","@id":"https:\/\/www.notibras.com\/site\/#organization","name":"Grupo Notibras de Comunica\u00e7\u00e3o","url":"https:\/\/www.notibras.com\/site\/","logo":{"@type":"ImageObject","inLanguage":"pt-BR","@id":"https:\/\/www.notibras.com\/site\/#\/schema\/logo\/image\/","url":"https:\/\/www.notibras.com\/site\/wp-content\/uploads\/2023\/01\/notibras23.png","contentUrl":"https:\/\/www.notibras.com\/site\/wp-content\/uploads\/2023\/01\/notibras23.png","width":350,"height":87,"caption":"Grupo Notibras de Comunica\u00e7\u00e3o"},"image":{"@id":"https:\/\/www.notibras.com\/site\/#\/schema\/logo\/image\/"},"sameAs":["https:\/\/www.facebook.com\/notibras\/","https:\/\/x.com\/Notibras","https:\/\/www.instagram.com\/notibras\/"]},{"@type":"Person","@id":"https:\/\/www.notibras.com\/site\/#\/schema\/person\/36ab0979449956132d3e5b517ea76ac8","name":"Reda\u00e7\u00e3o","image":{"@type":"ImageObject","inLanguage":"pt-BR","@id":"https:\/\/secure.gravatar.com\/avatar\/e0a867bdedb85fd243eadf09663511f96fc81e0720a4a42581f334ad4303aa6b?s=96&d=mm&r=g","url":"https:\/\/secure.gravatar.com\/avatar\/e0a867bdedb85fd243eadf09663511f96fc81e0720a4a42581f334ad4303aa6b?s=96&d=mm&r=g","contentUrl":"https:\/\/secure.gravatar.com\/avatar\/e0a867bdedb85fd243eadf09663511f96fc81e0720a4a42581f334ad4303aa6b?s=96&d=mm&r=g","caption":"Reda\u00e7\u00e3o"}}]}},"amp_enabled":true,"_links":{"self":[{"href":"https:\/\/www.notibras.com\/site\/wp-json\/wp\/v2\/posts\/385819","targetHints":{"allow":["GET"]}}],"collection":[{"href":"https:\/\/www.notibras.com\/site\/wp-json\/wp\/v2\/posts"}],"about":[{"href":"https:\/\/www.notibras.com\/site\/wp-json\/wp\/v2\/types\/post"}],"author":[{"embeddable":true,"href":"https:\/\/www.notibras.com\/site\/wp-json\/wp\/v2\/users\/2"}],"replies":[{"embeddable":true,"href":"https:\/\/www.notibras.com\/site\/wp-json\/wp\/v2\/comments?post=385819"}],"version-history":[{"count":1,"href":"https:\/\/www.notibras.com\/site\/wp-json\/wp\/v2\/posts\/385819\/revisions"}],"predecessor-version":[{"id":385821,"href":"https:\/\/www.notibras.com\/site\/wp-json\/wp\/v2\/posts\/385819\/revisions\/385821"}],"wp:featuredmedia":[{"embeddable":true,"href":"https:\/\/www.notibras.com\/site\/wp-json\/wp\/v2\/media\/385820"}],"wp:attachment":[{"href":"https:\/\/www.notibras.com\/site\/wp-json\/wp\/v2\/media?parent=385819"}],"wp:term":[{"taxonomy":"category","embeddable":true,"href":"https:\/\/www.notibras.com\/site\/wp-json\/wp\/v2\/categories?post=385819"},{"taxonomy":"post_tag","embeddable":true,"href":"https:\/\/www.notibras.com\/site\/wp-json\/wp\/v2\/tags?post=385819"}],"curies":[{"name":"wp","href":"https:\/\/api.w.org\/{rel}","templated":true}]}}