{"id":385822,"date":"2026-03-06T00:06:16","date_gmt":"2026-03-06T03:06:16","guid":{"rendered":"https:\/\/www.notibras.com\/site\/?p=385822"},"modified":"2026-03-06T10:07:30","modified_gmt":"2026-03-06T13:07:30","slug":"mendonca-manda-vorcaro-para-presidio-federal-em-brasilia","status":"publish","type":"post","link":"https:\/\/www.notibras.com\/site\/mendonca-manda-vorcaro-para-presidio-federal-em-brasilia\/","title":{"rendered":"Mendon\u00e7a manda Vorcaro para pres\u00eddio federal em Bras\u00edlia"},"content":{"rendered":"<p>O ministro Andr\u00e9 Mendon\u00e7a, do Supremo Tribunal Federal (STF), autorizou na quinta-feira (5) a transfer\u00eancia do banqueiro Daniel Vorcaro, dono do Banco Master, para a Penitenci\u00e1ria Federal de seguran\u00e7a m\u00e1xima em Bras\u00edlia.<\/p>\n<p>Preso nesta quarta-feira (4), na capital paulista, durante a terceira fase da Opera\u00e7\u00e3o Compliance Zero, Vorcaro foi levado na manh\u00e3 de hoje para a Penitenci\u00e1rio de Potim, no interior paulista.<\/p>\n<p>Mendon\u00e7a atendeu ao pedido feito pela Pol\u00edcia Federal (PF). A transfer\u00eancia deve ocorrer nesta sexta-feira (6).<\/p>\n<p>No pedido feito ao ministro, a PF disse que h\u00e1 risco \u00e0 seguran\u00e7a p\u00fablica com a manuten\u00e7\u00e3o de Vorcaro no pres\u00eddio estadual. Segundo os investigadores, o banqueiro tem influ\u00eancia e pode influenciar nas investiga\u00e7\u00f5es sobre as fraudes no Banco Master.<\/p>\n<p>\u201cAs peculiaridades do caso concreto revelam cen\u00e1rio que recomenda cautela redobrada quanto \u00e0 execu\u00e7\u00e3o da medida constritiva, sobretudo diante da potencial capacidade do investigado de mobilizar redes de influ\u00eancia com aptid\u00e3o para, direta ou indiretamente, interferir na regular condu\u00e7\u00e3o das investiga\u00e7\u00f5es ou no cumprimento das determina\u00e7\u00f5es judiciais\u201d, justificou a PF.<\/p>\n<p>A PF ainda ressaltou que a transfer\u00eancia para o pres\u00eddio de seguran\u00e7a m\u00e1xima protege a integridade f\u00edsica de Vorcaro.<\/p>\n<p>Ontem, Luiz Phillipi Mour\u00e3o, aliado do banqueiro, tentou se matar na carceragem da superintend\u00eancia da PF em Minas Gerais. Ele est\u00e1 internado em um hospital de Belo Horizonte.<\/p>\n<p>De acordo com as investiga\u00e7\u00f5es, Mour\u00e3o autuava como ajudante de Vorcaro. \u201cSicario\u201d, como era chamado pelo empres\u00e1rio, ele seria respons\u00e1vel pelo monitoramento e obten\u00e7\u00e3o de informa\u00e7\u00f5es sigilosas de pessoas consideradas advers\u00e1rias dos interesses do banqueiro.<\/p>\n","protected":false},"excerpt":{"rendered":"<p>O ministro Andr\u00e9 Mendon\u00e7a, do Supremo Tribunal Federal (STF), autorizou na quinta-feira (5) a transfer\u00eancia do banqueiro Daniel Vorcaro, dono do Banco Master, para a Penitenci\u00e1ria Federal de seguran\u00e7a m\u00e1xima em Bras\u00edlia. Preso nesta quarta-feira (4), na capital paulista, durante a terceira fase da Opera\u00e7\u00e3o Compliance Zero, Vorcaro foi levado na manh\u00e3 de hoje para [&hellip;]<\/p>\n","protected":false},"author":2,"featured_media":385823,"comment_status":"closed","ping_status":"closed","sticky":false,"template":"","format":"standard","meta":{"_acf_changed":false,"footnotes":""},"categories":[16],"tags":[],"class_list":["post-385822","post","type-post","status-publish","format-standard","has-post-thumbnail","hentry","category-brasil"],"acf":[],"yoast_head":"<!-- This site is optimized with the Yoast SEO plugin v27.2 - https:\/\/yoast.com\/product\/yoast-seo-wordpress\/ -->\n<title>Mendon\u00e7a manda Vorcaro para pres\u00eddio federal em Bras\u00edlia - Notibras<\/title>\n<meta name=\"robots\" content=\"index, follow, max-snippet:-1, max-image-preview:large, max-video-preview:-1\" \/>\n<link rel=\"canonical\" href=\"https:\/\/www.notibras.com\/site\/mendonca-manda-vorcaro-para-presidio-federal-em-brasilia\/\" \/>\n<meta property=\"og:locale\" content=\"pt_BR\" \/>\n<meta property=\"og:type\" content=\"article\" \/>\n<meta property=\"og:title\" content=\"Mendon\u00e7a manda Vorcaro para pres\u00eddio federal em Bras\u00edlia - Notibras\" \/>\n<meta property=\"og:description\" content=\"O ministro Andr\u00e9 Mendon\u00e7a, do Supremo Tribunal Federal (STF), autorizou na quinta-feira (5) a transfer\u00eancia do banqueiro Daniel Vorcaro, dono do Banco Master, para a Penitenci\u00e1ria Federal de seguran\u00e7a m\u00e1xima em Bras\u00edlia. Preso nesta quarta-feira (4), na capital paulista, durante a terceira fase da Opera\u00e7\u00e3o Compliance Zero, Vorcaro foi levado na manh\u00e3 de hoje para [&hellip;]\" \/>\n<meta property=\"og:url\" content=\"https:\/\/www.notibras.com\/site\/mendonca-manda-vorcaro-para-presidio-federal-em-brasilia\/\" \/>\n<meta property=\"og:site_name\" content=\"Notibras\" \/>\n<meta property=\"article:publisher\" content=\"https:\/\/www.facebook.com\/notibras\/\" \/>\n<meta property=\"article:published_time\" content=\"2026-03-06T03:06:16+00:00\" \/>\n<meta property=\"article:modified_time\" content=\"2026-03-06T13:07:30+00:00\" \/>\n<meta property=\"og:image\" content=\"https:\/\/www.notibras.com\/site\/wp-content\/uploads\/2026\/03\/mcmgo_abr_161020181620_1.webp\" \/>\n\t<meta property=\"og:image:width\" content=\"1170\" \/>\n\t<meta property=\"og:image:height\" content=\"700\" \/>\n\t<meta property=\"og:image:type\" content=\"image\/webp\" \/>\n<meta name=\"author\" content=\"Reda\u00e7\u00e3o\" \/>\n<meta name=\"twitter:card\" content=\"summary_large_image\" \/>\n<meta name=\"twitter:creator\" content=\"@Notibras\" \/>\n<meta name=\"twitter:site\" content=\"@Notibras\" \/>\n<meta name=\"twitter:label1\" content=\"Escrito por\" \/>\n\t<meta name=\"twitter:data1\" content=\"Reda\u00e7\u00e3o\" \/>\n\t<meta name=\"twitter:label2\" content=\"Est. tempo de leitura\" \/>\n\t<meta name=\"twitter:data2\" content=\"2 minutos\" \/>\n<script type=\"application\/ld+json\" class=\"yoast-schema-graph\">{\"@context\":\"https:\/\/schema.org\",\"@graph\":[{\"@type\":\"Article\",\"@id\":\"https:\/\/www.notibras.com\/site\/mendonca-manda-vorcaro-para-presidio-federal-em-brasilia\/#article\",\"isPartOf\":{\"@id\":\"https:\/\/www.notibras.com\/site\/mendonca-manda-vorcaro-para-presidio-federal-em-brasilia\/\"},\"author\":{\"name\":\"Reda\u00e7\u00e3o\",\"@id\":\"https:\/\/www.notibras.com\/site\/#\/schema\/person\/36ab0979449956132d3e5b517ea76ac8\"},\"headline\":\"Mendon\u00e7a manda Vorcaro para pres\u00eddio federal em Bras\u00edlia\",\"datePublished\":\"2026-03-06T03:06:16+00:00\",\"dateModified\":\"2026-03-06T13:07:30+00:00\",\"mainEntityOfPage\":{\"@id\":\"https:\/\/www.notibras.com\/site\/mendonca-manda-vorcaro-para-presidio-federal-em-brasilia\/\"},\"wordCount\":294,\"publisher\":{\"@id\":\"https:\/\/www.notibras.com\/site\/#organization\"},\"image\":{\"@id\":\"https:\/\/www.notibras.com\/site\/mendonca-manda-vorcaro-para-presidio-federal-em-brasilia\/#primaryimage\"},\"thumbnailUrl\":\"https:\/\/www.notibras.com\/site\/wp-content\/uploads\/2026\/03\/mcmgo_abr_161020181620_1.webp\",\"articleSection\":[\"Brasil\"],\"inLanguage\":\"pt-BR\"},{\"@type\":\"WebPage\",\"@id\":\"https:\/\/www.notibras.com\/site\/mendonca-manda-vorcaro-para-presidio-federal-em-brasilia\/\",\"url\":\"https:\/\/www.notibras.com\/site\/mendonca-manda-vorcaro-para-presidio-federal-em-brasilia\/\",\"name\":\"Mendon\u00e7a manda Vorcaro para pres\u00eddio federal em Bras\u00edlia - Notibras\",\"isPartOf\":{\"@id\":\"https:\/\/www.notibras.com\/site\/#website\"},\"primaryImageOfPage\":{\"@id\":\"https:\/\/www.notibras.com\/site\/mendonca-manda-vorcaro-para-presidio-federal-em-brasilia\/#primaryimage\"},\"image\":{\"@id\":\"https:\/\/www.notibras.com\/site\/mendonca-manda-vorcaro-para-presidio-federal-em-brasilia\/#primaryimage\"},\"thumbnailUrl\":\"https:\/\/www.notibras.com\/site\/wp-content\/uploads\/2026\/03\/mcmgo_abr_161020181620_1.webp\",\"datePublished\":\"2026-03-06T03:06:16+00:00\",\"dateModified\":\"2026-03-06T13:07:30+00:00\",\"breadcrumb\":{\"@id\":\"https:\/\/www.notibras.com\/site\/mendonca-manda-vorcaro-para-presidio-federal-em-brasilia\/#breadcrumb\"},\"inLanguage\":\"pt-BR\",\"potentialAction\":[{\"@type\":\"ReadAction\",\"target\":[\"https:\/\/www.notibras.com\/site\/mendonca-manda-vorcaro-para-presidio-federal-em-brasilia\/\"]}]},{\"@type\":\"ImageObject\",\"inLanguage\":\"pt-BR\",\"@id\":\"https:\/\/www.notibras.com\/site\/mendonca-manda-vorcaro-para-presidio-federal-em-brasilia\/#primaryimage\",\"url\":\"https:\/\/www.notibras.com\/site\/wp-content\/uploads\/2026\/03\/mcmgo_abr_161020181620_1.webp\",\"contentUrl\":\"https:\/\/www.notibras.com\/site\/wp-content\/uploads\/2026\/03\/mcmgo_abr_161020181620_1.webp\",\"width\":1170,\"height\":700},{\"@type\":\"BreadcrumbList\",\"@id\":\"https:\/\/www.notibras.com\/site\/mendonca-manda-vorcaro-para-presidio-federal-em-brasilia\/#breadcrumb\",\"itemListElement\":[{\"@type\":\"ListItem\",\"position\":1,\"name\":\"In\u00edcio\",\"item\":\"https:\/\/www.notibras.com\/site\/\"},{\"@type\":\"ListItem\",\"position\":2,\"name\":\"Mendon\u00e7a manda Vorcaro para pres\u00eddio federal em Bras\u00edlia\"}]},{\"@type\":\"WebSite\",\"@id\":\"https:\/\/www.notibras.com\/site\/#website\",\"url\":\"https:\/\/www.notibras.com\/site\/\",\"name\":\"Notibras\",\"description\":\"Not\u00edcias de Bras\u00edlia, do Brasil e do Mundo\",\"publisher\":{\"@id\":\"https:\/\/www.notibras.com\/site\/#organization\"},\"potentialAction\":[{\"@type\":\"SearchAction\",\"target\":{\"@type\":\"EntryPoint\",\"urlTemplate\":\"https:\/\/www.notibras.com\/site\/?s={search_term_string}\"},\"query-input\":{\"@type\":\"PropertyValueSpecification\",\"valueRequired\":true,\"valueName\":\"search_term_string\"}}],\"inLanguage\":\"pt-BR\"},{\"@type\":\"Organization\",\"@id\":\"https:\/\/www.notibras.com\/site\/#organization\",\"name\":\"Grupo Notibras de Comunica\u00e7\u00e3o\",\"url\":\"https:\/\/www.notibras.com\/site\/\",\"logo\":{\"@type\":\"ImageObject\",\"inLanguage\":\"pt-BR\",\"@id\":\"https:\/\/www.notibras.com\/site\/#\/schema\/logo\/image\/\",\"url\":\"https:\/\/www.notibras.com\/site\/wp-content\/uploads\/2023\/01\/notibras23.png\",\"contentUrl\":\"https:\/\/www.notibras.com\/site\/wp-content\/uploads\/2023\/01\/notibras23.png\",\"width\":350,\"height\":87,\"caption\":\"Grupo Notibras de Comunica\u00e7\u00e3o\"},\"image\":{\"@id\":\"https:\/\/www.notibras.com\/site\/#\/schema\/logo\/image\/\"},\"sameAs\":[\"https:\/\/www.facebook.com\/notibras\/\",\"https:\/\/x.com\/Notibras\",\"https:\/\/www.instagram.com\/notibras\/\"]},{\"@type\":\"Person\",\"@id\":\"https:\/\/www.notibras.com\/site\/#\/schema\/person\/36ab0979449956132d3e5b517ea76ac8\",\"name\":\"Reda\u00e7\u00e3o\",\"image\":{\"@type\":\"ImageObject\",\"inLanguage\":\"pt-BR\",\"@id\":\"https:\/\/secure.gravatar.com\/avatar\/e0a867bdedb85fd243eadf09663511f96fc81e0720a4a42581f334ad4303aa6b?s=96&d=mm&r=g\",\"url\":\"https:\/\/secure.gravatar.com\/avatar\/e0a867bdedb85fd243eadf09663511f96fc81e0720a4a42581f334ad4303aa6b?s=96&d=mm&r=g\",\"contentUrl\":\"https:\/\/secure.gravatar.com\/avatar\/e0a867bdedb85fd243eadf09663511f96fc81e0720a4a42581f334ad4303aa6b?s=96&d=mm&r=g\",\"caption\":\"Reda\u00e7\u00e3o\"}}]}<\/script>\n<!-- \/ Yoast SEO plugin. -->","yoast_head_json":{"title":"Mendon\u00e7a manda Vorcaro para pres\u00eddio federal em Bras\u00edlia - Notibras","robots":{"index":"index","follow":"follow","max-snippet":"max-snippet:-1","max-image-preview":"max-image-preview:large","max-video-preview":"max-video-preview:-1"},"canonical":"https:\/\/www.notibras.com\/site\/mendonca-manda-vorcaro-para-presidio-federal-em-brasilia\/","og_locale":"pt_BR","og_type":"article","og_title":"Mendon\u00e7a manda Vorcaro para pres\u00eddio federal em Bras\u00edlia - Notibras","og_description":"O ministro Andr\u00e9 Mendon\u00e7a, do Supremo Tribunal Federal (STF), autorizou na quinta-feira (5) a transfer\u00eancia do banqueiro Daniel Vorcaro, dono do Banco Master, para a Penitenci\u00e1ria Federal de seguran\u00e7a m\u00e1xima em Bras\u00edlia. Preso nesta quarta-feira (4), na capital paulista, durante a terceira fase da Opera\u00e7\u00e3o Compliance Zero, Vorcaro foi levado na manh\u00e3 de hoje para [&hellip;]","og_url":"https:\/\/www.notibras.com\/site\/mendonca-manda-vorcaro-para-presidio-federal-em-brasilia\/","og_site_name":"Notibras","article_publisher":"https:\/\/www.facebook.com\/notibras\/","article_published_time":"2026-03-06T03:06:16+00:00","article_modified_time":"2026-03-06T13:07:30+00:00","og_image":[{"width":1170,"height":700,"url":"https:\/\/www.notibras.com\/site\/wp-content\/uploads\/2026\/03\/mcmgo_abr_161020181620_1.webp","type":"image\/webp"}],"author":"Reda\u00e7\u00e3o","twitter_card":"summary_large_image","twitter_creator":"@Notibras","twitter_site":"@Notibras","twitter_misc":{"Escrito por":"Reda\u00e7\u00e3o","Est. tempo de leitura":"2 minutos"},"schema":{"@context":"https:\/\/schema.org","@graph":[{"@type":"Article","@id":"https:\/\/www.notibras.com\/site\/mendonca-manda-vorcaro-para-presidio-federal-em-brasilia\/#article","isPartOf":{"@id":"https:\/\/www.notibras.com\/site\/mendonca-manda-vorcaro-para-presidio-federal-em-brasilia\/"},"author":{"name":"Reda\u00e7\u00e3o","@id":"https:\/\/www.notibras.com\/site\/#\/schema\/person\/36ab0979449956132d3e5b517ea76ac8"},"headline":"Mendon\u00e7a manda Vorcaro para pres\u00eddio federal em Bras\u00edlia","datePublished":"2026-03-06T03:06:16+00:00","dateModified":"2026-03-06T13:07:30+00:00","mainEntityOfPage":{"@id":"https:\/\/www.notibras.com\/site\/mendonca-manda-vorcaro-para-presidio-federal-em-brasilia\/"},"wordCount":294,"publisher":{"@id":"https:\/\/www.notibras.com\/site\/#organization"},"image":{"@id":"https:\/\/www.notibras.com\/site\/mendonca-manda-vorcaro-para-presidio-federal-em-brasilia\/#primaryimage"},"thumbnailUrl":"https:\/\/www.notibras.com\/site\/wp-content\/uploads\/2026\/03\/mcmgo_abr_161020181620_1.webp","articleSection":["Brasil"],"inLanguage":"pt-BR"},{"@type":"WebPage","@id":"https:\/\/www.notibras.com\/site\/mendonca-manda-vorcaro-para-presidio-federal-em-brasilia\/","url":"https:\/\/www.notibras.com\/site\/mendonca-manda-vorcaro-para-presidio-federal-em-brasilia\/","name":"Mendon\u00e7a manda Vorcaro para pres\u00eddio federal em Bras\u00edlia - Notibras","isPartOf":{"@id":"https:\/\/www.notibras.com\/site\/#website"},"primaryImageOfPage":{"@id":"https:\/\/www.notibras.com\/site\/mendonca-manda-vorcaro-para-presidio-federal-em-brasilia\/#primaryimage"},"image":{"@id":"https:\/\/www.notibras.com\/site\/mendonca-manda-vorcaro-para-presidio-federal-em-brasilia\/#primaryimage"},"thumbnailUrl":"https:\/\/www.notibras.com\/site\/wp-content\/uploads\/2026\/03\/mcmgo_abr_161020181620_1.webp","datePublished":"2026-03-06T03:06:16+00:00","dateModified":"2026-03-06T13:07:30+00:00","breadcrumb":{"@id":"https:\/\/www.notibras.com\/site\/mendonca-manda-vorcaro-para-presidio-federal-em-brasilia\/#breadcrumb"},"inLanguage":"pt-BR","potentialAction":[{"@type":"ReadAction","target":["https:\/\/www.notibras.com\/site\/mendonca-manda-vorcaro-para-presidio-federal-em-brasilia\/"]}]},{"@type":"ImageObject","inLanguage":"pt-BR","@id":"https:\/\/www.notibras.com\/site\/mendonca-manda-vorcaro-para-presidio-federal-em-brasilia\/#primaryimage","url":"https:\/\/www.notibras.com\/site\/wp-content\/uploads\/2026\/03\/mcmgo_abr_161020181620_1.webp","contentUrl":"https:\/\/www.notibras.com\/site\/wp-content\/uploads\/2026\/03\/mcmgo_abr_161020181620_1.webp","width":1170,"height":700},{"@type":"BreadcrumbList","@id":"https:\/\/www.notibras.com\/site\/mendonca-manda-vorcaro-para-presidio-federal-em-brasilia\/#breadcrumb","itemListElement":[{"@type":"ListItem","position":1,"name":"In\u00edcio","item":"https:\/\/www.notibras.com\/site\/"},{"@type":"ListItem","position":2,"name":"Mendon\u00e7a manda Vorcaro para pres\u00eddio federal em Bras\u00edlia"}]},{"@type":"WebSite","@id":"https:\/\/www.notibras.com\/site\/#website","url":"https:\/\/www.notibras.com\/site\/","name":"Notibras","description":"Not\u00edcias de Bras\u00edlia, do Brasil e do Mundo","publisher":{"@id":"https:\/\/www.notibras.com\/site\/#organization"},"potentialAction":[{"@type":"SearchAction","target":{"@type":"EntryPoint","urlTemplate":"https:\/\/www.notibras.com\/site\/?s={search_term_string}"},"query-input":{"@type":"PropertyValueSpecification","valueRequired":true,"valueName":"search_term_string"}}],"inLanguage":"pt-BR"},{"@type":"Organization","@id":"https:\/\/www.notibras.com\/site\/#organization","name":"Grupo Notibras de Comunica\u00e7\u00e3o","url":"https:\/\/www.notibras.com\/site\/","logo":{"@type":"ImageObject","inLanguage":"pt-BR","@id":"https:\/\/www.notibras.com\/site\/#\/schema\/logo\/image\/","url":"https:\/\/www.notibras.com\/site\/wp-content\/uploads\/2023\/01\/notibras23.png","contentUrl":"https:\/\/www.notibras.com\/site\/wp-content\/uploads\/2023\/01\/notibras23.png","width":350,"height":87,"caption":"Grupo Notibras de Comunica\u00e7\u00e3o"},"image":{"@id":"https:\/\/www.notibras.com\/site\/#\/schema\/logo\/image\/"},"sameAs":["https:\/\/www.facebook.com\/notibras\/","https:\/\/x.com\/Notibras","https:\/\/www.instagram.com\/notibras\/"]},{"@type":"Person","@id":"https:\/\/www.notibras.com\/site\/#\/schema\/person\/36ab0979449956132d3e5b517ea76ac8","name":"Reda\u00e7\u00e3o","image":{"@type":"ImageObject","inLanguage":"pt-BR","@id":"https:\/\/secure.gravatar.com\/avatar\/e0a867bdedb85fd243eadf09663511f96fc81e0720a4a42581f334ad4303aa6b?s=96&d=mm&r=g","url":"https:\/\/secure.gravatar.com\/avatar\/e0a867bdedb85fd243eadf09663511f96fc81e0720a4a42581f334ad4303aa6b?s=96&d=mm&r=g","contentUrl":"https:\/\/secure.gravatar.com\/avatar\/e0a867bdedb85fd243eadf09663511f96fc81e0720a4a42581f334ad4303aa6b?s=96&d=mm&r=g","caption":"Reda\u00e7\u00e3o"}}]}},"amp_enabled":true,"_links":{"self":[{"href":"https:\/\/www.notibras.com\/site\/wp-json\/wp\/v2\/posts\/385822","targetHints":{"allow":["GET"]}}],"collection":[{"href":"https:\/\/www.notibras.com\/site\/wp-json\/wp\/v2\/posts"}],"about":[{"href":"https:\/\/www.notibras.com\/site\/wp-json\/wp\/v2\/types\/post"}],"author":[{"embeddable":true,"href":"https:\/\/www.notibras.com\/site\/wp-json\/wp\/v2\/users\/2"}],"replies":[{"embeddable":true,"href":"https:\/\/www.notibras.com\/site\/wp-json\/wp\/v2\/comments?post=385822"}],"version-history":[{"count":1,"href":"https:\/\/www.notibras.com\/site\/wp-json\/wp\/v2\/posts\/385822\/revisions"}],"predecessor-version":[{"id":385824,"href":"https:\/\/www.notibras.com\/site\/wp-json\/wp\/v2\/posts\/385822\/revisions\/385824"}],"wp:featuredmedia":[{"embeddable":true,"href":"https:\/\/www.notibras.com\/site\/wp-json\/wp\/v2\/media\/385823"}],"wp:attachment":[{"href":"https:\/\/www.notibras.com\/site\/wp-json\/wp\/v2\/media?parent=385822"}],"wp:term":[{"taxonomy":"category","embeddable":true,"href":"https:\/\/www.notibras.com\/site\/wp-json\/wp\/v2\/categories?post=385822"},{"taxonomy":"post_tag","embeddable":true,"href":"https:\/\/www.notibras.com\/site\/wp-json\/wp\/v2\/tags?post=385822"}],"curies":[{"name":"wp","href":"https:\/\/api.w.org\/{rel}","templated":true}]}}