{"id":385825,"date":"2026-03-06T10:10:40","date_gmt":"2026-03-06T13:10:40","guid":{"rendered":"https:\/\/www.notibras.com\/site\/?p=385825"},"modified":"2026-03-06T10:10:40","modified_gmt":"2026-03-06T13:10:40","slug":"resgatada-ultima-vitima-de-escombros-de-lar-de-idosos","status":"publish","type":"post","link":"https:\/\/www.notibras.com\/site\/resgatada-ultima-vitima-de-escombros-de-lar-de-idosos\/","title":{"rendered":"Resgatada \u00faltima v\u00edtima de escombros de lar de idosos"},"content":{"rendered":"<p>Depois de quase 30 horas de trabalho, os bombeiros de Minas Gerais retiraram, na manh\u00e3 desta sexta-feira (6), o corpo da \u00faltima v\u00edtima que estava sob os escombros do pr\u00e9dio que desabou em Belo Horizonte, onde funcionava um lar de idosos.<\/p>\n<p>Ao todo, morreram 12 pessoas. No momento do desabamento, que ocorreu na madrugada de quinta-feira (5) no bairro Jardim Vit\u00f3ria, 29 pessoas estavam dentro do edif\u00edcio. Eram idosos, cuidadores e at\u00e9 uma crian\u00e7a de 2 anos, que foi salva.<\/p>\n<p>Os bombeiros informaram que nove pessoas conseguiram sair sozinhas dos escombros logo ap\u00f3s o edif\u00edcio ruir. Elas receberam ajuda dos vizinhos. A equipe de resgate, que chegou minutos ap\u00f3s o desabamento, salvou outras pessoas.<\/p>\n<p>Durante os trabalhos desta madrugada, foram encontrados quatro corpos, sendo o \u00faltimo deles nesta manh\u00e3.<\/p>\n<p>Ainda n\u00e3o \u00e9 conhecida a causa do desabamento do pr\u00e9dio de quatro andares. Segundo a prefeitura de Belo Horizonte, o lar de idosos tinha alvar\u00e1 de funcionamento.<\/p>\n","protected":false},"excerpt":{"rendered":"<p>Depois de quase 30 horas de trabalho, os bombeiros de Minas Gerais retiraram, na manh\u00e3 desta sexta-feira (6), o corpo da \u00faltima v\u00edtima que estava sob os escombros do pr\u00e9dio que desabou em Belo Horizonte, onde funcionava um lar de idosos. Ao todo, morreram 12 pessoas. No momento do desabamento, que ocorreu na madrugada de [&hellip;]<\/p>\n","protected":false},"author":2,"featured_media":385826,"comment_status":"closed","ping_status":"closed","sticky":false,"template":"","format":"standard","meta":{"_acf_changed":false,"footnotes":""},"categories":[16],"tags":[],"class_list":["post-385825","post","type-post","status-publish","format-standard","has-post-thumbnail","hentry","category-brasil"],"acf":[],"yoast_head":"<!-- This site is optimized with the Yoast SEO plugin v27.2 - https:\/\/yoast.com\/product\/yoast-seo-wordpress\/ -->\n<title>Resgatada \u00faltima v\u00edtima de escombros de lar de idosos - Notibras<\/title>\n<meta name=\"robots\" content=\"index, follow, max-snippet:-1, max-image-preview:large, max-video-preview:-1\" \/>\n<link rel=\"canonical\" href=\"https:\/\/www.notibras.com\/site\/resgatada-ultima-vitima-de-escombros-de-lar-de-idosos\/\" \/>\n<meta property=\"og:locale\" content=\"pt_BR\" \/>\n<meta property=\"og:type\" content=\"article\" \/>\n<meta property=\"og:title\" content=\"Resgatada \u00faltima v\u00edtima de escombros de lar de idosos - Notibras\" \/>\n<meta property=\"og:description\" content=\"Depois de quase 30 horas de trabalho, os bombeiros de Minas Gerais retiraram, na manh\u00e3 desta sexta-feira (6), o corpo da \u00faltima v\u00edtima que estava sob os escombros do pr\u00e9dio que desabou em Belo Horizonte, onde funcionava um lar de idosos. Ao todo, morreram 12 pessoas. No momento do desabamento, que ocorreu na madrugada de [&hellip;]\" \/>\n<meta property=\"og:url\" content=\"https:\/\/www.notibras.com\/site\/resgatada-ultima-vitima-de-escombros-de-lar-de-idosos\/\" \/>\n<meta property=\"og:site_name\" content=\"Notibras\" \/>\n<meta property=\"article:publisher\" content=\"https:\/\/www.facebook.com\/notibras\/\" \/>\n<meta property=\"article:published_time\" content=\"2026-03-06T13:10:40+00:00\" \/>\n<meta property=\"og:image\" content=\"https:\/\/www.notibras.com\/site\/wp-content\/uploads\/2026\/03\/corpo-de-bombeiros-mg-casa-de-repouso.webp\" \/>\n\t<meta property=\"og:image:width\" content=\"1170\" \/>\n\t<meta property=\"og:image:height\" content=\"700\" \/>\n\t<meta property=\"og:image:type\" content=\"image\/webp\" \/>\n<meta name=\"author\" content=\"Reda\u00e7\u00e3o\" \/>\n<meta name=\"twitter:card\" content=\"summary_large_image\" \/>\n<meta name=\"twitter:creator\" content=\"@Notibras\" \/>\n<meta name=\"twitter:site\" content=\"@Notibras\" \/>\n<meta name=\"twitter:label1\" content=\"Escrito por\" \/>\n\t<meta name=\"twitter:data1\" content=\"Reda\u00e7\u00e3o\" \/>\n\t<meta name=\"twitter:label2\" content=\"Est. tempo de leitura\" \/>\n\t<meta name=\"twitter:data2\" content=\"2 minutos\" \/>\n<script type=\"application\/ld+json\" class=\"yoast-schema-graph\">{\"@context\":\"https:\/\/schema.org\",\"@graph\":[{\"@type\":\"Article\",\"@id\":\"https:\/\/www.notibras.com\/site\/resgatada-ultima-vitima-de-escombros-de-lar-de-idosos\/#article\",\"isPartOf\":{\"@id\":\"https:\/\/www.notibras.com\/site\/resgatada-ultima-vitima-de-escombros-de-lar-de-idosos\/\"},\"author\":{\"name\":\"Reda\u00e7\u00e3o\",\"@id\":\"https:\/\/www.notibras.com\/site\/#\/schema\/person\/36ab0979449956132d3e5b517ea76ac8\"},\"headline\":\"Resgatada \u00faltima v\u00edtima de escombros de lar de idosos\",\"datePublished\":\"2026-03-06T13:10:40+00:00\",\"mainEntityOfPage\":{\"@id\":\"https:\/\/www.notibras.com\/site\/resgatada-ultima-vitima-de-escombros-de-lar-de-idosos\/\"},\"wordCount\":169,\"publisher\":{\"@id\":\"https:\/\/www.notibras.com\/site\/#organization\"},\"image\":{\"@id\":\"https:\/\/www.notibras.com\/site\/resgatada-ultima-vitima-de-escombros-de-lar-de-idosos\/#primaryimage\"},\"thumbnailUrl\":\"https:\/\/www.notibras.com\/site\/wp-content\/uploads\/2026\/03\/corpo-de-bombeiros-mg-casa-de-repouso.webp\",\"articleSection\":[\"Brasil\"],\"inLanguage\":\"pt-BR\"},{\"@type\":\"WebPage\",\"@id\":\"https:\/\/www.notibras.com\/site\/resgatada-ultima-vitima-de-escombros-de-lar-de-idosos\/\",\"url\":\"https:\/\/www.notibras.com\/site\/resgatada-ultima-vitima-de-escombros-de-lar-de-idosos\/\",\"name\":\"Resgatada \u00faltima v\u00edtima de escombros de lar de idosos - Notibras\",\"isPartOf\":{\"@id\":\"https:\/\/www.notibras.com\/site\/#website\"},\"primaryImageOfPage\":{\"@id\":\"https:\/\/www.notibras.com\/site\/resgatada-ultima-vitima-de-escombros-de-lar-de-idosos\/#primaryimage\"},\"image\":{\"@id\":\"https:\/\/www.notibras.com\/site\/resgatada-ultima-vitima-de-escombros-de-lar-de-idosos\/#primaryimage\"},\"thumbnailUrl\":\"https:\/\/www.notibras.com\/site\/wp-content\/uploads\/2026\/03\/corpo-de-bombeiros-mg-casa-de-repouso.webp\",\"datePublished\":\"2026-03-06T13:10:40+00:00\",\"breadcrumb\":{\"@id\":\"https:\/\/www.notibras.com\/site\/resgatada-ultima-vitima-de-escombros-de-lar-de-idosos\/#breadcrumb\"},\"inLanguage\":\"pt-BR\",\"potentialAction\":[{\"@type\":\"ReadAction\",\"target\":[\"https:\/\/www.notibras.com\/site\/resgatada-ultima-vitima-de-escombros-de-lar-de-idosos\/\"]}]},{\"@type\":\"ImageObject\",\"inLanguage\":\"pt-BR\",\"@id\":\"https:\/\/www.notibras.com\/site\/resgatada-ultima-vitima-de-escombros-de-lar-de-idosos\/#primaryimage\",\"url\":\"https:\/\/www.notibras.com\/site\/wp-content\/uploads\/2026\/03\/corpo-de-bombeiros-mg-casa-de-repouso.webp\",\"contentUrl\":\"https:\/\/www.notibras.com\/site\/wp-content\/uploads\/2026\/03\/corpo-de-bombeiros-mg-casa-de-repouso.webp\",\"width\":1170,\"height\":700},{\"@type\":\"BreadcrumbList\",\"@id\":\"https:\/\/www.notibras.com\/site\/resgatada-ultima-vitima-de-escombros-de-lar-de-idosos\/#breadcrumb\",\"itemListElement\":[{\"@type\":\"ListItem\",\"position\":1,\"name\":\"In\u00edcio\",\"item\":\"https:\/\/www.notibras.com\/site\/\"},{\"@type\":\"ListItem\",\"position\":2,\"name\":\"Resgatada \u00faltima v\u00edtima de escombros de lar de idosos\"}]},{\"@type\":\"WebSite\",\"@id\":\"https:\/\/www.notibras.com\/site\/#website\",\"url\":\"https:\/\/www.notibras.com\/site\/\",\"name\":\"Notibras\",\"description\":\"Not\u00edcias de Bras\u00edlia, do Brasil e do Mundo\",\"publisher\":{\"@id\":\"https:\/\/www.notibras.com\/site\/#organization\"},\"potentialAction\":[{\"@type\":\"SearchAction\",\"target\":{\"@type\":\"EntryPoint\",\"urlTemplate\":\"https:\/\/www.notibras.com\/site\/?s={search_term_string}\"},\"query-input\":{\"@type\":\"PropertyValueSpecification\",\"valueRequired\":true,\"valueName\":\"search_term_string\"}}],\"inLanguage\":\"pt-BR\"},{\"@type\":\"Organization\",\"@id\":\"https:\/\/www.notibras.com\/site\/#organization\",\"name\":\"Grupo Notibras de Comunica\u00e7\u00e3o\",\"url\":\"https:\/\/www.notibras.com\/site\/\",\"logo\":{\"@type\":\"ImageObject\",\"inLanguage\":\"pt-BR\",\"@id\":\"https:\/\/www.notibras.com\/site\/#\/schema\/logo\/image\/\",\"url\":\"https:\/\/www.notibras.com\/site\/wp-content\/uploads\/2023\/01\/notibras23.png\",\"contentUrl\":\"https:\/\/www.notibras.com\/site\/wp-content\/uploads\/2023\/01\/notibras23.png\",\"width\":350,\"height\":87,\"caption\":\"Grupo Notibras de Comunica\u00e7\u00e3o\"},\"image\":{\"@id\":\"https:\/\/www.notibras.com\/site\/#\/schema\/logo\/image\/\"},\"sameAs\":[\"https:\/\/www.facebook.com\/notibras\/\",\"https:\/\/x.com\/Notibras\",\"https:\/\/www.instagram.com\/notibras\/\"]},{\"@type\":\"Person\",\"@id\":\"https:\/\/www.notibras.com\/site\/#\/schema\/person\/36ab0979449956132d3e5b517ea76ac8\",\"name\":\"Reda\u00e7\u00e3o\",\"image\":{\"@type\":\"ImageObject\",\"inLanguage\":\"pt-BR\",\"@id\":\"https:\/\/secure.gravatar.com\/avatar\/e0a867bdedb85fd243eadf09663511f96fc81e0720a4a42581f334ad4303aa6b?s=96&d=mm&r=g\",\"url\":\"https:\/\/secure.gravatar.com\/avatar\/e0a867bdedb85fd243eadf09663511f96fc81e0720a4a42581f334ad4303aa6b?s=96&d=mm&r=g\",\"contentUrl\":\"https:\/\/secure.gravatar.com\/avatar\/e0a867bdedb85fd243eadf09663511f96fc81e0720a4a42581f334ad4303aa6b?s=96&d=mm&r=g\",\"caption\":\"Reda\u00e7\u00e3o\"}}]}<\/script>\n<!-- \/ Yoast SEO plugin. -->","yoast_head_json":{"title":"Resgatada \u00faltima v\u00edtima de escombros de lar de idosos - Notibras","robots":{"index":"index","follow":"follow","max-snippet":"max-snippet:-1","max-image-preview":"max-image-preview:large","max-video-preview":"max-video-preview:-1"},"canonical":"https:\/\/www.notibras.com\/site\/resgatada-ultima-vitima-de-escombros-de-lar-de-idosos\/","og_locale":"pt_BR","og_type":"article","og_title":"Resgatada \u00faltima v\u00edtima de escombros de lar de idosos - Notibras","og_description":"Depois de quase 30 horas de trabalho, os bombeiros de Minas Gerais retiraram, na manh\u00e3 desta sexta-feira (6), o corpo da \u00faltima v\u00edtima que estava sob os escombros do pr\u00e9dio que desabou em Belo Horizonte, onde funcionava um lar de idosos. Ao todo, morreram 12 pessoas. No momento do desabamento, que ocorreu na madrugada de [&hellip;]","og_url":"https:\/\/www.notibras.com\/site\/resgatada-ultima-vitima-de-escombros-de-lar-de-idosos\/","og_site_name":"Notibras","article_publisher":"https:\/\/www.facebook.com\/notibras\/","article_published_time":"2026-03-06T13:10:40+00:00","og_image":[{"width":1170,"height":700,"url":"https:\/\/www.notibras.com\/site\/wp-content\/uploads\/2026\/03\/corpo-de-bombeiros-mg-casa-de-repouso.webp","type":"image\/webp"}],"author":"Reda\u00e7\u00e3o","twitter_card":"summary_large_image","twitter_creator":"@Notibras","twitter_site":"@Notibras","twitter_misc":{"Escrito por":"Reda\u00e7\u00e3o","Est. tempo de leitura":"2 minutos"},"schema":{"@context":"https:\/\/schema.org","@graph":[{"@type":"Article","@id":"https:\/\/www.notibras.com\/site\/resgatada-ultima-vitima-de-escombros-de-lar-de-idosos\/#article","isPartOf":{"@id":"https:\/\/www.notibras.com\/site\/resgatada-ultima-vitima-de-escombros-de-lar-de-idosos\/"},"author":{"name":"Reda\u00e7\u00e3o","@id":"https:\/\/www.notibras.com\/site\/#\/schema\/person\/36ab0979449956132d3e5b517ea76ac8"},"headline":"Resgatada \u00faltima v\u00edtima de escombros de lar de idosos","datePublished":"2026-03-06T13:10:40+00:00","mainEntityOfPage":{"@id":"https:\/\/www.notibras.com\/site\/resgatada-ultima-vitima-de-escombros-de-lar-de-idosos\/"},"wordCount":169,"publisher":{"@id":"https:\/\/www.notibras.com\/site\/#organization"},"image":{"@id":"https:\/\/www.notibras.com\/site\/resgatada-ultima-vitima-de-escombros-de-lar-de-idosos\/#primaryimage"},"thumbnailUrl":"https:\/\/www.notibras.com\/site\/wp-content\/uploads\/2026\/03\/corpo-de-bombeiros-mg-casa-de-repouso.webp","articleSection":["Brasil"],"inLanguage":"pt-BR"},{"@type":"WebPage","@id":"https:\/\/www.notibras.com\/site\/resgatada-ultima-vitima-de-escombros-de-lar-de-idosos\/","url":"https:\/\/www.notibras.com\/site\/resgatada-ultima-vitima-de-escombros-de-lar-de-idosos\/","name":"Resgatada \u00faltima v\u00edtima de escombros de lar de idosos - Notibras","isPartOf":{"@id":"https:\/\/www.notibras.com\/site\/#website"},"primaryImageOfPage":{"@id":"https:\/\/www.notibras.com\/site\/resgatada-ultima-vitima-de-escombros-de-lar-de-idosos\/#primaryimage"},"image":{"@id":"https:\/\/www.notibras.com\/site\/resgatada-ultima-vitima-de-escombros-de-lar-de-idosos\/#primaryimage"},"thumbnailUrl":"https:\/\/www.notibras.com\/site\/wp-content\/uploads\/2026\/03\/corpo-de-bombeiros-mg-casa-de-repouso.webp","datePublished":"2026-03-06T13:10:40+00:00","breadcrumb":{"@id":"https:\/\/www.notibras.com\/site\/resgatada-ultima-vitima-de-escombros-de-lar-de-idosos\/#breadcrumb"},"inLanguage":"pt-BR","potentialAction":[{"@type":"ReadAction","target":["https:\/\/www.notibras.com\/site\/resgatada-ultima-vitima-de-escombros-de-lar-de-idosos\/"]}]},{"@type":"ImageObject","inLanguage":"pt-BR","@id":"https:\/\/www.notibras.com\/site\/resgatada-ultima-vitima-de-escombros-de-lar-de-idosos\/#primaryimage","url":"https:\/\/www.notibras.com\/site\/wp-content\/uploads\/2026\/03\/corpo-de-bombeiros-mg-casa-de-repouso.webp","contentUrl":"https:\/\/www.notibras.com\/site\/wp-content\/uploads\/2026\/03\/corpo-de-bombeiros-mg-casa-de-repouso.webp","width":1170,"height":700},{"@type":"BreadcrumbList","@id":"https:\/\/www.notibras.com\/site\/resgatada-ultima-vitima-de-escombros-de-lar-de-idosos\/#breadcrumb","itemListElement":[{"@type":"ListItem","position":1,"name":"In\u00edcio","item":"https:\/\/www.notibras.com\/site\/"},{"@type":"ListItem","position":2,"name":"Resgatada \u00faltima v\u00edtima de escombros de lar de idosos"}]},{"@type":"WebSite","@id":"https:\/\/www.notibras.com\/site\/#website","url":"https:\/\/www.notibras.com\/site\/","name":"Notibras","description":"Not\u00edcias de Bras\u00edlia, do Brasil e do Mundo","publisher":{"@id":"https:\/\/www.notibras.com\/site\/#organization"},"potentialAction":[{"@type":"SearchAction","target":{"@type":"EntryPoint","urlTemplate":"https:\/\/www.notibras.com\/site\/?s={search_term_string}"},"query-input":{"@type":"PropertyValueSpecification","valueRequired":true,"valueName":"search_term_string"}}],"inLanguage":"pt-BR"},{"@type":"Organization","@id":"https:\/\/www.notibras.com\/site\/#organization","name":"Grupo Notibras de Comunica\u00e7\u00e3o","url":"https:\/\/www.notibras.com\/site\/","logo":{"@type":"ImageObject","inLanguage":"pt-BR","@id":"https:\/\/www.notibras.com\/site\/#\/schema\/logo\/image\/","url":"https:\/\/www.notibras.com\/site\/wp-content\/uploads\/2023\/01\/notibras23.png","contentUrl":"https:\/\/www.notibras.com\/site\/wp-content\/uploads\/2023\/01\/notibras23.png","width":350,"height":87,"caption":"Grupo Notibras de Comunica\u00e7\u00e3o"},"image":{"@id":"https:\/\/www.notibras.com\/site\/#\/schema\/logo\/image\/"},"sameAs":["https:\/\/www.facebook.com\/notibras\/","https:\/\/x.com\/Notibras","https:\/\/www.instagram.com\/notibras\/"]},{"@type":"Person","@id":"https:\/\/www.notibras.com\/site\/#\/schema\/person\/36ab0979449956132d3e5b517ea76ac8","name":"Reda\u00e7\u00e3o","image":{"@type":"ImageObject","inLanguage":"pt-BR","@id":"https:\/\/secure.gravatar.com\/avatar\/e0a867bdedb85fd243eadf09663511f96fc81e0720a4a42581f334ad4303aa6b?s=96&d=mm&r=g","url":"https:\/\/secure.gravatar.com\/avatar\/e0a867bdedb85fd243eadf09663511f96fc81e0720a4a42581f334ad4303aa6b?s=96&d=mm&r=g","contentUrl":"https:\/\/secure.gravatar.com\/avatar\/e0a867bdedb85fd243eadf09663511f96fc81e0720a4a42581f334ad4303aa6b?s=96&d=mm&r=g","caption":"Reda\u00e7\u00e3o"}}]}},"amp_enabled":true,"_links":{"self":[{"href":"https:\/\/www.notibras.com\/site\/wp-json\/wp\/v2\/posts\/385825","targetHints":{"allow":["GET"]}}],"collection":[{"href":"https:\/\/www.notibras.com\/site\/wp-json\/wp\/v2\/posts"}],"about":[{"href":"https:\/\/www.notibras.com\/site\/wp-json\/wp\/v2\/types\/post"}],"author":[{"embeddable":true,"href":"https:\/\/www.notibras.com\/site\/wp-json\/wp\/v2\/users\/2"}],"replies":[{"embeddable":true,"href":"https:\/\/www.notibras.com\/site\/wp-json\/wp\/v2\/comments?post=385825"}],"version-history":[{"count":1,"href":"https:\/\/www.notibras.com\/site\/wp-json\/wp\/v2\/posts\/385825\/revisions"}],"predecessor-version":[{"id":385827,"href":"https:\/\/www.notibras.com\/site\/wp-json\/wp\/v2\/posts\/385825\/revisions\/385827"}],"wp:featuredmedia":[{"embeddable":true,"href":"https:\/\/www.notibras.com\/site\/wp-json\/wp\/v2\/media\/385826"}],"wp:attachment":[{"href":"https:\/\/www.notibras.com\/site\/wp-json\/wp\/v2\/media?parent=385825"}],"wp:term":[{"taxonomy":"category","embeddable":true,"href":"https:\/\/www.notibras.com\/site\/wp-json\/wp\/v2\/categories?post=385825"},{"taxonomy":"post_tag","embeddable":true,"href":"https:\/\/www.notibras.com\/site\/wp-json\/wp\/v2\/tags?post=385825"}],"curies":[{"name":"wp","href":"https:\/\/api.w.org\/{rel}","templated":true}]}}