{"id":385833,"date":"2026-03-07T02:00:14","date_gmt":"2026-03-07T05:00:14","guid":{"rendered":"https:\/\/www.notibras.com\/site\/?p=385833"},"modified":"2026-03-06T15:39:21","modified_gmt":"2026-03-06T18:39:21","slug":"tio-orlando-o-sociopata-da-familia","status":"publish","type":"post","link":"https:\/\/www.notibras.com\/site\/tio-orlando-o-sociopata-da-familia\/","title":{"rendered":"Tio Orlando, o sociopata da fam\u00edlia"},"content":{"rendered":"<p>Lembro-me do tio Orlando entrando na sala, quando os adultos pareciam consternados por algo que eu soube, por descuido de adultos, ap\u00f3s alguns anos. Tio Orlando era, na verdade, meu tio-av\u00f4, o ca\u00e7ula entre os irm\u00e3os da minha av\u00f3-materna, Iolanda.<\/p>\n<p>Tio Orlando sorriu aquela tranquilidade desconfortante, enquanto minha m\u00e3e, com brasas nos olhos, parecia querer esgan\u00e1-lo. Papai sorriu o sorriso amarelo de sempre, como tentando se desculpar por algo que lhe era alheio, mas que, de certo modo, acabaria por atingi-lo. Imbr\u00f3glios de fam\u00edlia, algu\u00e9m poderia dizer, como se isso fosse desculpa para que j\u00e1 dever\u00edamos, de antem\u00e3o, nos acostumarmos pelo pior.<\/p>\n<p>Pois l\u00e1 estava o Tio Orlando, que se comportava como se o caos n\u00e3o estivesse anunciado. Pior, completamente instalado, sufocando a todos. Entretanto, at\u00e9 hoje me surpreendo com o regozijo no rosto do irm\u00e3o de vov\u00f3 naquela ocasi\u00e3o, t\u00e3o pr\u00f3prio aos sociopatas. Aquela completa aus\u00eancia de empatia, o que fazia do sujeito, ao menos aos olhos dos que supunham conhec\u00ea-lo, o mais frio dos seres humanos. Humanos?<\/p>\n<p>Mam\u00e3e foi a primeira a confrontar tio Orlando, E a sua voz carregava uma autoridade, que nem mesmo vov\u00f3 foi capaz de colocar panos quentes na situa\u00e7\u00e3o.<\/p>\n<p>\u2014 Tio Orlando, o senhor ainda tem a desfa\u00e7atez de aparecer aqui depois do que fez?<\/p>\n<p>\u2014 Boa tarde, Laura! Voc\u00ea sabe que sempre foi a minha sobrinha favorita, n\u00e9?<\/p>\n<p>Como tio Orlando fazia aquilo, nunca consegui descobrir. Mam\u00e3e aceitou de bom grado o abra\u00e7o e o beijo afetuoso do parente. Pareceu at\u00e9 se envergonhar por se dirigir ao seu tio naquele tom rude. Tanto \u00e9 que, j\u00e1 no instante seguinte, adocicou a voz.<\/p>\n<p>\u2014 Tio Orlando, desse jeito o senhor coloca a todos n\u00f3s em situa\u00e7\u00e3o constrangedora.<\/p>\n<p>\u2014 Ah, minha querida Laura, deixa aqui com o seu tio, que vou resolver isso at\u00e9 o final desta semana. Pode ser?<\/p>\n<p>\u2014 O senhor promete?<\/p>\n<p>\u2014 Hum! Por acaso agora a minha palavra n\u00e3o vale nada?<\/p>\n<p>Mam\u00e3e, enla\u00e7ada por tio Orlando, pareceu se sentir aconchegada e, sorriu aqueles dentes longos e alvos e, quase emocionada, convidou a todos para desfrutar os bolinhos de chuva recheados com banana, uma das suas especialidades culin\u00e1rias.<\/p>\n<p>Tio Orlando nos deixou dois anos ap\u00f3s aquele dia. Pipa voada. Era assim que os parentes e amigos se referiam a ele. Sem dire\u00e7\u00e3o, vivendo de forma livre, leve e solta, como se n\u00e3o houvesse amanh\u00e3. Gastou o que tinha e o que n\u00e3o podia, deu alguns pequenos golpes na pra\u00e7a, inclusive o que fora motivo da disc\u00f3rdia daquela tarde na casa da minha av\u00f3. Obviamente que ele n\u00e3o resolveu a pendenga, restando aos parentes se cotizarem para pagar a d\u00edvida. E, apesar de tantos e tantos anos ap\u00f3s aquele evento, ainda hoje minha m\u00e3e se refere ao falecido com um misto de rancor e afeto,<\/p>\n<p>\u2014 Tio Orlando n\u00e3o valia nada, mas era um amor de pessoa. Ah, que saudade!<\/p>\n<p><strong>\u2026\u2026\u2026\u2026\u2026\u2026\u2026\u2026<\/strong><\/p>\n<p><strong>Eduardo Mart\u00ednez \u00e9 autor do livro \u201957 Contos e Cr\u00f4nicas por um Autor Muito Velho\u2019 (Vencedor do Pr\u00eamio Liter\u00e1rio Clarice Lispector \u2013 2025 na categoria livro de contos).<\/strong><\/p>\n<p><strong>Compre aqui<\/strong><\/p>\n<p><a href=\"https:\/\/www.joanineditora.com.br\/57-contos-e-cronicas-por-um-autor-muito-velho\"><strong>https:\/\/www.joanineditora.com.br\/57-contos-e-cronicas-por-um-autor-muito-velho<\/strong><\/a><\/p>\n","protected":false},"excerpt":{"rendered":"<p>Lembro-me do tio Orlando entrando na sala, quando os adultos pareciam consternados por algo que eu soube, por descuido de adultos, ap\u00f3s alguns anos. Tio Orlando era, na verdade, meu tio-av\u00f4, o ca\u00e7ula entre os irm\u00e3os da minha av\u00f3-materna, Iolanda. Tio Orlando sorriu aquela tranquilidade desconfortante, enquanto minha m\u00e3e, com brasas nos olhos, parecia querer [&hellip;]<\/p>\n","protected":false},"author":21,"featured_media":385834,"comment_status":"closed","ping_status":"closed","sticky":false,"template":"","format":"standard","meta":{"_acf_changed":false,"footnotes":""},"categories":[161],"tags":[],"class_list":["post-385833","post","type-post","status-publish","format-standard","has-post-thumbnail","hentry","category-quadradinho-em-foco"],"acf":[],"yoast_head":"<!-- This site is optimized with the Yoast SEO plugin v27.2 - https:\/\/yoast.com\/product\/yoast-seo-wordpress\/ -->\n<title>Tio Orlando, o sociopata da fam\u00edlia - Notibras<\/title>\n<meta name=\"robots\" content=\"index, follow, max-snippet:-1, max-image-preview:large, max-video-preview:-1\" \/>\n<link rel=\"canonical\" href=\"https:\/\/www.notibras.com\/site\/tio-orlando-o-sociopata-da-familia\/\" \/>\n<meta property=\"og:locale\" content=\"pt_BR\" \/>\n<meta property=\"og:type\" content=\"article\" \/>\n<meta property=\"og:title\" content=\"Tio Orlando, o sociopata da fam\u00edlia - Notibras\" \/>\n<meta property=\"og:description\" content=\"Lembro-me do tio Orlando entrando na sala, quando os adultos pareciam consternados por algo que eu soube, por descuido de adultos, ap\u00f3s alguns anos. Tio Orlando era, na verdade, meu tio-av\u00f4, o ca\u00e7ula entre os irm\u00e3os da minha av\u00f3-materna, Iolanda. Tio Orlando sorriu aquela tranquilidade desconfortante, enquanto minha m\u00e3e, com brasas nos olhos, parecia querer [&hellip;]\" \/>\n<meta property=\"og:url\" content=\"https:\/\/www.notibras.com\/site\/tio-orlando-o-sociopata-da-familia\/\" \/>\n<meta property=\"og:site_name\" content=\"Notibras\" \/>\n<meta property=\"article:publisher\" content=\"https:\/\/www.facebook.com\/notibras\/\" \/>\n<meta property=\"article:published_time\" content=\"2026-03-07T05:00:14+00:00\" \/>\n<meta property=\"og:image\" content=\"https:\/\/www.notibras.com\/site\/wp-content\/uploads\/2026\/03\/WhatsApp-Image-2026-03-06-at-13.53.20.jpeg\" \/>\n\t<meta property=\"og:image:width\" content=\"1024\" \/>\n\t<meta property=\"og:image:height\" content=\"559\" \/>\n\t<meta property=\"og:image:type\" content=\"image\/jpeg\" \/>\n<meta name=\"author\" content=\"Eduardo Mart\u00ednez\" \/>\n<meta name=\"twitter:card\" content=\"summary_large_image\" \/>\n<meta name=\"twitter:creator\" content=\"@Notibras\" \/>\n<meta name=\"twitter:site\" content=\"@Notibras\" \/>\n<meta name=\"twitter:label1\" content=\"Escrito por\" \/>\n\t<meta name=\"twitter:data1\" content=\"Eduardo Mart\u00ednez\" \/>\n\t<meta name=\"twitter:label2\" content=\"Est. tempo de leitura\" \/>\n\t<meta name=\"twitter:data2\" content=\"4 minutos\" \/>\n<script type=\"application\/ld+json\" class=\"yoast-schema-graph\">{\"@context\":\"https:\/\/schema.org\",\"@graph\":[{\"@type\":\"Article\",\"@id\":\"https:\/\/www.notibras.com\/site\/tio-orlando-o-sociopata-da-familia\/#article\",\"isPartOf\":{\"@id\":\"https:\/\/www.notibras.com\/site\/tio-orlando-o-sociopata-da-familia\/\"},\"author\":{\"name\":\"Eduardo Mart\u00ednez\",\"@id\":\"https:\/\/www.notibras.com\/site\/#\/schema\/person\/5b7fabf2aedc3ada2105f03b22b4d3dd\"},\"headline\":\"Tio Orlando, o sociopata da fam\u00edlia\",\"datePublished\":\"2026-03-07T05:00:14+00:00\",\"mainEntityOfPage\":{\"@id\":\"https:\/\/www.notibras.com\/site\/tio-orlando-o-sociopata-da-familia\/\"},\"wordCount\":553,\"publisher\":{\"@id\":\"https:\/\/www.notibras.com\/site\/#organization\"},\"image\":{\"@id\":\"https:\/\/www.notibras.com\/site\/tio-orlando-o-sociopata-da-familia\/#primaryimage\"},\"thumbnailUrl\":\"https:\/\/www.notibras.com\/site\/wp-content\/uploads\/2026\/03\/WhatsApp-Image-2026-03-06-at-13.53.20.jpeg\",\"articleSection\":[\"Quadradinho em Foco\"],\"inLanguage\":\"pt-BR\"},{\"@type\":\"WebPage\",\"@id\":\"https:\/\/www.notibras.com\/site\/tio-orlando-o-sociopata-da-familia\/\",\"url\":\"https:\/\/www.notibras.com\/site\/tio-orlando-o-sociopata-da-familia\/\",\"name\":\"Tio Orlando, o sociopata da fam\u00edlia - Notibras\",\"isPartOf\":{\"@id\":\"https:\/\/www.notibras.com\/site\/#website\"},\"primaryImageOfPage\":{\"@id\":\"https:\/\/www.notibras.com\/site\/tio-orlando-o-sociopata-da-familia\/#primaryimage\"},\"image\":{\"@id\":\"https:\/\/www.notibras.com\/site\/tio-orlando-o-sociopata-da-familia\/#primaryimage\"},\"thumbnailUrl\":\"https:\/\/www.notibras.com\/site\/wp-content\/uploads\/2026\/03\/WhatsApp-Image-2026-03-06-at-13.53.20.jpeg\",\"datePublished\":\"2026-03-07T05:00:14+00:00\",\"breadcrumb\":{\"@id\":\"https:\/\/www.notibras.com\/site\/tio-orlando-o-sociopata-da-familia\/#breadcrumb\"},\"inLanguage\":\"pt-BR\",\"potentialAction\":[{\"@type\":\"ReadAction\",\"target\":[\"https:\/\/www.notibras.com\/site\/tio-orlando-o-sociopata-da-familia\/\"]}]},{\"@type\":\"ImageObject\",\"inLanguage\":\"pt-BR\",\"@id\":\"https:\/\/www.notibras.com\/site\/tio-orlando-o-sociopata-da-familia\/#primaryimage\",\"url\":\"https:\/\/www.notibras.com\/site\/wp-content\/uploads\/2026\/03\/WhatsApp-Image-2026-03-06-at-13.53.20.jpeg\",\"contentUrl\":\"https:\/\/www.notibras.com\/site\/wp-content\/uploads\/2026\/03\/WhatsApp-Image-2026-03-06-at-13.53.20.jpeg\",\"width\":1024,\"height\":559},{\"@type\":\"BreadcrumbList\",\"@id\":\"https:\/\/www.notibras.com\/site\/tio-orlando-o-sociopata-da-familia\/#breadcrumb\",\"itemListElement\":[{\"@type\":\"ListItem\",\"position\":1,\"name\":\"In\u00edcio\",\"item\":\"https:\/\/www.notibras.com\/site\/\"},{\"@type\":\"ListItem\",\"position\":2,\"name\":\"Tio Orlando, o sociopata da fam\u00edlia\"}]},{\"@type\":\"WebSite\",\"@id\":\"https:\/\/www.notibras.com\/site\/#website\",\"url\":\"https:\/\/www.notibras.com\/site\/\",\"name\":\"Notibras\",\"description\":\"Not\u00edcias de Bras\u00edlia, do Brasil e do Mundo\",\"publisher\":{\"@id\":\"https:\/\/www.notibras.com\/site\/#organization\"},\"potentialAction\":[{\"@type\":\"SearchAction\",\"target\":{\"@type\":\"EntryPoint\",\"urlTemplate\":\"https:\/\/www.notibras.com\/site\/?s={search_term_string}\"},\"query-input\":{\"@type\":\"PropertyValueSpecification\",\"valueRequired\":true,\"valueName\":\"search_term_string\"}}],\"inLanguage\":\"pt-BR\"},{\"@type\":\"Organization\",\"@id\":\"https:\/\/www.notibras.com\/site\/#organization\",\"name\":\"Grupo Notibras de Comunica\u00e7\u00e3o\",\"url\":\"https:\/\/www.notibras.com\/site\/\",\"logo\":{\"@type\":\"ImageObject\",\"inLanguage\":\"pt-BR\",\"@id\":\"https:\/\/www.notibras.com\/site\/#\/schema\/logo\/image\/\",\"url\":\"https:\/\/www.notibras.com\/site\/wp-content\/uploads\/2023\/01\/notibras23.png\",\"contentUrl\":\"https:\/\/www.notibras.com\/site\/wp-content\/uploads\/2023\/01\/notibras23.png\",\"width\":350,\"height\":87,\"caption\":\"Grupo Notibras de Comunica\u00e7\u00e3o\"},\"image\":{\"@id\":\"https:\/\/www.notibras.com\/site\/#\/schema\/logo\/image\/\"},\"sameAs\":[\"https:\/\/www.facebook.com\/notibras\/\",\"https:\/\/x.com\/Notibras\",\"https:\/\/www.instagram.com\/notibras\/\"]},{\"@type\":\"Person\",\"@id\":\"https:\/\/www.notibras.com\/site\/#\/schema\/person\/5b7fabf2aedc3ada2105f03b22b4d3dd\",\"name\":\"Eduardo Mart\u00ednez\",\"image\":{\"@type\":\"ImageObject\",\"inLanguage\":\"pt-BR\",\"@id\":\"https:\/\/secure.gravatar.com\/avatar\/7902f906289926289cbcda644b5197c796b893c6ffd7b9a536a42d290f7704a0?s=96&d=mm&r=g\",\"url\":\"https:\/\/secure.gravatar.com\/avatar\/7902f906289926289cbcda644b5197c796b893c6ffd7b9a536a42d290f7704a0?s=96&d=mm&r=g\",\"contentUrl\":\"https:\/\/secure.gravatar.com\/avatar\/7902f906289926289cbcda644b5197c796b893c6ffd7b9a536a42d290f7704a0?s=96&d=mm&r=g\",\"caption\":\"Eduardo Mart\u00ednez\"}}]}<\/script>\n<!-- \/ Yoast SEO plugin. -->","yoast_head_json":{"title":"Tio Orlando, o sociopata da fam\u00edlia - Notibras","robots":{"index":"index","follow":"follow","max-snippet":"max-snippet:-1","max-image-preview":"max-image-preview:large","max-video-preview":"max-video-preview:-1"},"canonical":"https:\/\/www.notibras.com\/site\/tio-orlando-o-sociopata-da-familia\/","og_locale":"pt_BR","og_type":"article","og_title":"Tio Orlando, o sociopata da fam\u00edlia - Notibras","og_description":"Lembro-me do tio Orlando entrando na sala, quando os adultos pareciam consternados por algo que eu soube, por descuido de adultos, ap\u00f3s alguns anos. Tio Orlando era, na verdade, meu tio-av\u00f4, o ca\u00e7ula entre os irm\u00e3os da minha av\u00f3-materna, Iolanda. Tio Orlando sorriu aquela tranquilidade desconfortante, enquanto minha m\u00e3e, com brasas nos olhos, parecia querer [&hellip;]","og_url":"https:\/\/www.notibras.com\/site\/tio-orlando-o-sociopata-da-familia\/","og_site_name":"Notibras","article_publisher":"https:\/\/www.facebook.com\/notibras\/","article_published_time":"2026-03-07T05:00:14+00:00","og_image":[{"width":1024,"height":559,"url":"https:\/\/www.notibras.com\/site\/wp-content\/uploads\/2026\/03\/WhatsApp-Image-2026-03-06-at-13.53.20.jpeg","type":"image\/jpeg"}],"author":"Eduardo Mart\u00ednez","twitter_card":"summary_large_image","twitter_creator":"@Notibras","twitter_site":"@Notibras","twitter_misc":{"Escrito por":"Eduardo Mart\u00ednez","Est. tempo de leitura":"4 minutos"},"schema":{"@context":"https:\/\/schema.org","@graph":[{"@type":"Article","@id":"https:\/\/www.notibras.com\/site\/tio-orlando-o-sociopata-da-familia\/#article","isPartOf":{"@id":"https:\/\/www.notibras.com\/site\/tio-orlando-o-sociopata-da-familia\/"},"author":{"name":"Eduardo Mart\u00ednez","@id":"https:\/\/www.notibras.com\/site\/#\/schema\/person\/5b7fabf2aedc3ada2105f03b22b4d3dd"},"headline":"Tio Orlando, o sociopata da fam\u00edlia","datePublished":"2026-03-07T05:00:14+00:00","mainEntityOfPage":{"@id":"https:\/\/www.notibras.com\/site\/tio-orlando-o-sociopata-da-familia\/"},"wordCount":553,"publisher":{"@id":"https:\/\/www.notibras.com\/site\/#organization"},"image":{"@id":"https:\/\/www.notibras.com\/site\/tio-orlando-o-sociopata-da-familia\/#primaryimage"},"thumbnailUrl":"https:\/\/www.notibras.com\/site\/wp-content\/uploads\/2026\/03\/WhatsApp-Image-2026-03-06-at-13.53.20.jpeg","articleSection":["Quadradinho em Foco"],"inLanguage":"pt-BR"},{"@type":"WebPage","@id":"https:\/\/www.notibras.com\/site\/tio-orlando-o-sociopata-da-familia\/","url":"https:\/\/www.notibras.com\/site\/tio-orlando-o-sociopata-da-familia\/","name":"Tio Orlando, o sociopata da fam\u00edlia - Notibras","isPartOf":{"@id":"https:\/\/www.notibras.com\/site\/#website"},"primaryImageOfPage":{"@id":"https:\/\/www.notibras.com\/site\/tio-orlando-o-sociopata-da-familia\/#primaryimage"},"image":{"@id":"https:\/\/www.notibras.com\/site\/tio-orlando-o-sociopata-da-familia\/#primaryimage"},"thumbnailUrl":"https:\/\/www.notibras.com\/site\/wp-content\/uploads\/2026\/03\/WhatsApp-Image-2026-03-06-at-13.53.20.jpeg","datePublished":"2026-03-07T05:00:14+00:00","breadcrumb":{"@id":"https:\/\/www.notibras.com\/site\/tio-orlando-o-sociopata-da-familia\/#breadcrumb"},"inLanguage":"pt-BR","potentialAction":[{"@type":"ReadAction","target":["https:\/\/www.notibras.com\/site\/tio-orlando-o-sociopata-da-familia\/"]}]},{"@type":"ImageObject","inLanguage":"pt-BR","@id":"https:\/\/www.notibras.com\/site\/tio-orlando-o-sociopata-da-familia\/#primaryimage","url":"https:\/\/www.notibras.com\/site\/wp-content\/uploads\/2026\/03\/WhatsApp-Image-2026-03-06-at-13.53.20.jpeg","contentUrl":"https:\/\/www.notibras.com\/site\/wp-content\/uploads\/2026\/03\/WhatsApp-Image-2026-03-06-at-13.53.20.jpeg","width":1024,"height":559},{"@type":"BreadcrumbList","@id":"https:\/\/www.notibras.com\/site\/tio-orlando-o-sociopata-da-familia\/#breadcrumb","itemListElement":[{"@type":"ListItem","position":1,"name":"In\u00edcio","item":"https:\/\/www.notibras.com\/site\/"},{"@type":"ListItem","position":2,"name":"Tio Orlando, o sociopata da fam\u00edlia"}]},{"@type":"WebSite","@id":"https:\/\/www.notibras.com\/site\/#website","url":"https:\/\/www.notibras.com\/site\/","name":"Notibras","description":"Not\u00edcias de Bras\u00edlia, do Brasil e do Mundo","publisher":{"@id":"https:\/\/www.notibras.com\/site\/#organization"},"potentialAction":[{"@type":"SearchAction","target":{"@type":"EntryPoint","urlTemplate":"https:\/\/www.notibras.com\/site\/?s={search_term_string}"},"query-input":{"@type":"PropertyValueSpecification","valueRequired":true,"valueName":"search_term_string"}}],"inLanguage":"pt-BR"},{"@type":"Organization","@id":"https:\/\/www.notibras.com\/site\/#organization","name":"Grupo Notibras de Comunica\u00e7\u00e3o","url":"https:\/\/www.notibras.com\/site\/","logo":{"@type":"ImageObject","inLanguage":"pt-BR","@id":"https:\/\/www.notibras.com\/site\/#\/schema\/logo\/image\/","url":"https:\/\/www.notibras.com\/site\/wp-content\/uploads\/2023\/01\/notibras23.png","contentUrl":"https:\/\/www.notibras.com\/site\/wp-content\/uploads\/2023\/01\/notibras23.png","width":350,"height":87,"caption":"Grupo Notibras de Comunica\u00e7\u00e3o"},"image":{"@id":"https:\/\/www.notibras.com\/site\/#\/schema\/logo\/image\/"},"sameAs":["https:\/\/www.facebook.com\/notibras\/","https:\/\/x.com\/Notibras","https:\/\/www.instagram.com\/notibras\/"]},{"@type":"Person","@id":"https:\/\/www.notibras.com\/site\/#\/schema\/person\/5b7fabf2aedc3ada2105f03b22b4d3dd","name":"Eduardo Mart\u00ednez","image":{"@type":"ImageObject","inLanguage":"pt-BR","@id":"https:\/\/secure.gravatar.com\/avatar\/7902f906289926289cbcda644b5197c796b893c6ffd7b9a536a42d290f7704a0?s=96&d=mm&r=g","url":"https:\/\/secure.gravatar.com\/avatar\/7902f906289926289cbcda644b5197c796b893c6ffd7b9a536a42d290f7704a0?s=96&d=mm&r=g","contentUrl":"https:\/\/secure.gravatar.com\/avatar\/7902f906289926289cbcda644b5197c796b893c6ffd7b9a536a42d290f7704a0?s=96&d=mm&r=g","caption":"Eduardo Mart\u00ednez"}}]}},"amp_enabled":true,"_links":{"self":[{"href":"https:\/\/www.notibras.com\/site\/wp-json\/wp\/v2\/posts\/385833","targetHints":{"allow":["GET"]}}],"collection":[{"href":"https:\/\/www.notibras.com\/site\/wp-json\/wp\/v2\/posts"}],"about":[{"href":"https:\/\/www.notibras.com\/site\/wp-json\/wp\/v2\/types\/post"}],"author":[{"embeddable":true,"href":"https:\/\/www.notibras.com\/site\/wp-json\/wp\/v2\/users\/21"}],"replies":[{"embeddable":true,"href":"https:\/\/www.notibras.com\/site\/wp-json\/wp\/v2\/comments?post=385833"}],"version-history":[{"count":1,"href":"https:\/\/www.notibras.com\/site\/wp-json\/wp\/v2\/posts\/385833\/revisions"}],"predecessor-version":[{"id":385835,"href":"https:\/\/www.notibras.com\/site\/wp-json\/wp\/v2\/posts\/385833\/revisions\/385835"}],"wp:featuredmedia":[{"embeddable":true,"href":"https:\/\/www.notibras.com\/site\/wp-json\/wp\/v2\/media\/385834"}],"wp:attachment":[{"href":"https:\/\/www.notibras.com\/site\/wp-json\/wp\/v2\/media?parent=385833"}],"wp:term":[{"taxonomy":"category","embeddable":true,"href":"https:\/\/www.notibras.com\/site\/wp-json\/wp\/v2\/categories?post=385833"},{"taxonomy":"post_tag","embeddable":true,"href":"https:\/\/www.notibras.com\/site\/wp-json\/wp\/v2\/tags?post=385833"}],"curies":[{"name":"wp","href":"https:\/\/api.w.org\/{rel}","templated":true}]}}