{"id":385840,"date":"2026-03-06T15:08:18","date_gmt":"2026-03-06T18:08:18","guid":{"rendered":"https:\/\/www.notibras.com\/site\/?p=385840"},"modified":"2026-03-06T16:52:20","modified_gmt":"2026-03-06T19:52:20","slug":"toffoli-nega-ter-visto-conversas-tiradas-do-celular-de-vorcaro","status":"publish","type":"post","link":"https:\/\/www.notibras.com\/site\/toffoli-nega-ter-visto-conversas-tiradas-do-celular-de-vorcaro\/","title":{"rendered":"Toffoli nega ter visto conversas tiradas do celular de Vorcaro"},"content":{"rendered":"<p>O ministro Dias Toffoli, do Supremo Tribunal Federal (STF), informou nesta sexta-feira (6) que n\u00e3o teve acesso \u00e0s quebras de sigilo do celular do banqueiro Daniel Vorcaro no per\u00edodo em que foi relator do inqu\u00e9rito que investiga as fraudes no Banco Master.<\/p>\n<p>Por meio de seu gabinete, o ex-relator declarou que as quebras de sigilo chegaram ao Supremo ap\u00f3s 12 de fevereiro, data na qual o ministro Andr\u00e9 Mendon\u00e7a assumiu o processo.<\/p>\n<p>A manifesta\u00e7\u00e3o foi divulgada para rebater cr\u00edticas de que teriam ocorrido preju\u00edzos para a investiga\u00e7\u00e3o durante o per\u00edodo em que comandou o inqu\u00e9rito.<\/p>\n<p>Toffoli ainda ressaltou que autorizou todos os pedidos cautelares feitos pela Pol\u00edcia Federal (PF) e a Procuradoria-Geral da Rep\u00fablica (PGR) at\u00e9 deixar a relatoria, e as investiga\u00e7\u00f5es continuaram normalmente \u201csem preju\u00edzo da apura\u00e7\u00e3o dos fatos\u201d e nenhum pedido de nulidade deferido.<\/p>\n<p>No m\u00eas passado, Toffoli deixou a relatoria do caso ap\u00f3s a PF informar ao presidente do STF, Edson Fachin, que h\u00e1 men\u00e7\u00f5es a ele em mensagens encontradas no celular de Vorcaro. O banqueiro teve o aparelho apreendido durante a primeira fase da Opera\u00e7\u00e3o Compliance Zero, deflagrada no ano passado.<\/p>\n<p>Toffoli \u00e9 um dos s\u00f3cios do resort Tayay\u00e1, localizado no Paran\u00e1. O empreendimento foi comprado por um fundo de investimentos que \u00e9 ligado ao Master e investigado pela PF.<\/p>\n<p><strong>Pris\u00e3o<\/strong><br \/>\nNa pr\u00f3xima sexta-feira (13), a Segunda Turma do Supremo, colegiado de Toffoli, vai decidir se referenda a decis\u00e3o do ministro Andr\u00e9 Mendon\u00e7a que determinou a pris\u00e3o de Vorcaro, ocorrida na \u00faltima quarta-feira (4).<\/p>\n<p>Al\u00e9m de Toffoli, a turma \u00e9 composta pelos ministros Gilmar Mendes, Luiz Fux, Nunes Marques e Andr\u00e9 Mendon\u00e7a.<\/p>\n<p>Ainda n\u00e3o foi confirmado se Toffoli participar\u00e1 do julgamento.<\/p>\n<p><strong>Hist\u00f3rico<\/strong><br \/>\nDaniel Vorcaro foi preso novamente na quarta-feira de manh\u00e3 pela Pol\u00edcia Federal, na terceira fase da Opera\u00e7\u00e3o Compliance Zero.<\/p>\n<p>No ano passado, o empres\u00e1rio tamb\u00e9m foi alvo de um mandado de pris\u00e3o da opera\u00e7\u00e3o, mas ganhou direito \u00e0 liberdade provis\u00f3ria, mediante uso de tornozeleira eletr\u00f4nica.<\/p>\n<p>A nova pris\u00e3o foi fundamentada em mensagens encontradas no celular do banqueiro, apreendido na primeira fase da opera\u00e7\u00e3o. Nas mensagens, Vorcaro amea\u00e7a jornalistas e pessoas que teriam contrariado seus interesses.<\/p>\n<p>A Compliance Zero apura fraudes bilion\u00e1rias no Banco Master, que causaram um rombo de at\u00e9 R$ 47 bilh\u00f5es ao Fundo Garantidor de Cr\u00e9ditos para o ressarcimento a investidores.<\/p>\n","protected":false},"excerpt":{"rendered":"<p>O ministro Dias Toffoli, do Supremo Tribunal Federal (STF), informou nesta sexta-feira (6) que n\u00e3o teve acesso \u00e0s quebras de sigilo do celular do banqueiro Daniel Vorcaro no per\u00edodo em que foi relator do inqu\u00e9rito que investiga as fraudes no Banco Master. Por meio de seu gabinete, o ex-relator declarou que as quebras de sigilo [&hellip;]<\/p>\n","protected":false},"author":2,"featured_media":385841,"comment_status":"closed","ping_status":"closed","sticky":false,"template":"","format":"standard","meta":{"_acf_changed":false,"footnotes":""},"categories":[16],"tags":[],"class_list":["post-385840","post","type-post","status-publish","format-standard","has-post-thumbnail","hentry","category-brasil"],"acf":[],"yoast_head":"<!-- This site is optimized with the Yoast SEO plugin v27.2 - https:\/\/yoast.com\/product\/yoast-seo-wordpress\/ -->\n<title>Toffoli nega ter visto conversas tiradas do celular de Vorcaro - Notibras<\/title>\n<meta name=\"robots\" content=\"index, follow, max-snippet:-1, max-image-preview:large, max-video-preview:-1\" \/>\n<link rel=\"canonical\" href=\"https:\/\/www.notibras.com\/site\/toffoli-nega-ter-visto-conversas-tiradas-do-celular-de-vorcaro\/\" \/>\n<meta property=\"og:locale\" content=\"pt_BR\" \/>\n<meta property=\"og:type\" content=\"article\" \/>\n<meta property=\"og:title\" content=\"Toffoli nega ter visto conversas tiradas do celular de Vorcaro - Notibras\" \/>\n<meta property=\"og:description\" content=\"O ministro Dias Toffoli, do Supremo Tribunal Federal (STF), informou nesta sexta-feira (6) que n\u00e3o teve acesso \u00e0s quebras de sigilo do celular do banqueiro Daniel Vorcaro no per\u00edodo em que foi relator do inqu\u00e9rito que investiga as fraudes no Banco Master. Por meio de seu gabinete, o ex-relator declarou que as quebras de sigilo [&hellip;]\" \/>\n<meta property=\"og:url\" content=\"https:\/\/www.notibras.com\/site\/toffoli-nega-ter-visto-conversas-tiradas-do-celular-de-vorcaro\/\" \/>\n<meta property=\"og:site_name\" content=\"Notibras\" \/>\n<meta property=\"article:publisher\" content=\"https:\/\/www.facebook.com\/notibras\/\" \/>\n<meta property=\"article:published_time\" content=\"2026-03-06T18:08:18+00:00\" \/>\n<meta property=\"article:modified_time\" content=\"2026-03-06T19:52:20+00:00\" \/>\n<meta property=\"og:image\" content=\"https:\/\/www.notibras.com\/site\/wp-content\/uploads\/2026\/03\/54338363359_27ce5b3573_o-3.webp\" \/>\n\t<meta property=\"og:image:width\" content=\"1170\" \/>\n\t<meta property=\"og:image:height\" content=\"700\" \/>\n\t<meta property=\"og:image:type\" content=\"image\/webp\" \/>\n<meta name=\"author\" content=\"Reda\u00e7\u00e3o\" \/>\n<meta name=\"twitter:card\" content=\"summary_large_image\" \/>\n<meta name=\"twitter:creator\" content=\"@Notibras\" \/>\n<meta name=\"twitter:site\" content=\"@Notibras\" \/>\n<meta name=\"twitter:label1\" content=\"Escrito por\" \/>\n\t<meta name=\"twitter:data1\" content=\"Reda\u00e7\u00e3o\" \/>\n\t<meta name=\"twitter:label2\" content=\"Est. tempo de leitura\" \/>\n\t<meta name=\"twitter:data2\" content=\"3 minutos\" \/>\n<script type=\"application\/ld+json\" class=\"yoast-schema-graph\">{\"@context\":\"https:\/\/schema.org\",\"@graph\":[{\"@type\":\"Article\",\"@id\":\"https:\/\/www.notibras.com\/site\/toffoli-nega-ter-visto-conversas-tiradas-do-celular-de-vorcaro\/#article\",\"isPartOf\":{\"@id\":\"https:\/\/www.notibras.com\/site\/toffoli-nega-ter-visto-conversas-tiradas-do-celular-de-vorcaro\/\"},\"author\":{\"name\":\"Reda\u00e7\u00e3o\",\"@id\":\"https:\/\/www.notibras.com\/site\/#\/schema\/person\/36ab0979449956132d3e5b517ea76ac8\"},\"headline\":\"Toffoli nega ter visto conversas tiradas do celular de Vorcaro\",\"datePublished\":\"2026-03-06T18:08:18+00:00\",\"dateModified\":\"2026-03-06T19:52:20+00:00\",\"mainEntityOfPage\":{\"@id\":\"https:\/\/www.notibras.com\/site\/toffoli-nega-ter-visto-conversas-tiradas-do-celular-de-vorcaro\/\"},\"wordCount\":424,\"publisher\":{\"@id\":\"https:\/\/www.notibras.com\/site\/#organization\"},\"image\":{\"@id\":\"https:\/\/www.notibras.com\/site\/toffoli-nega-ter-visto-conversas-tiradas-do-celular-de-vorcaro\/#primaryimage\"},\"thumbnailUrl\":\"https:\/\/www.notibras.com\/site\/wp-content\/uploads\/2026\/03\/54338363359_27ce5b3573_o-3.webp\",\"articleSection\":[\"Brasil\"],\"inLanguage\":\"pt-BR\"},{\"@type\":\"WebPage\",\"@id\":\"https:\/\/www.notibras.com\/site\/toffoli-nega-ter-visto-conversas-tiradas-do-celular-de-vorcaro\/\",\"url\":\"https:\/\/www.notibras.com\/site\/toffoli-nega-ter-visto-conversas-tiradas-do-celular-de-vorcaro\/\",\"name\":\"Toffoli nega ter visto conversas tiradas do celular de Vorcaro - Notibras\",\"isPartOf\":{\"@id\":\"https:\/\/www.notibras.com\/site\/#website\"},\"primaryImageOfPage\":{\"@id\":\"https:\/\/www.notibras.com\/site\/toffoli-nega-ter-visto-conversas-tiradas-do-celular-de-vorcaro\/#primaryimage\"},\"image\":{\"@id\":\"https:\/\/www.notibras.com\/site\/toffoli-nega-ter-visto-conversas-tiradas-do-celular-de-vorcaro\/#primaryimage\"},\"thumbnailUrl\":\"https:\/\/www.notibras.com\/site\/wp-content\/uploads\/2026\/03\/54338363359_27ce5b3573_o-3.webp\",\"datePublished\":\"2026-03-06T18:08:18+00:00\",\"dateModified\":\"2026-03-06T19:52:20+00:00\",\"breadcrumb\":{\"@id\":\"https:\/\/www.notibras.com\/site\/toffoli-nega-ter-visto-conversas-tiradas-do-celular-de-vorcaro\/#breadcrumb\"},\"inLanguage\":\"pt-BR\",\"potentialAction\":[{\"@type\":\"ReadAction\",\"target\":[\"https:\/\/www.notibras.com\/site\/toffoli-nega-ter-visto-conversas-tiradas-do-celular-de-vorcaro\/\"]}]},{\"@type\":\"ImageObject\",\"inLanguage\":\"pt-BR\",\"@id\":\"https:\/\/www.notibras.com\/site\/toffoli-nega-ter-visto-conversas-tiradas-do-celular-de-vorcaro\/#primaryimage\",\"url\":\"https:\/\/www.notibras.com\/site\/wp-content\/uploads\/2026\/03\/54338363359_27ce5b3573_o-3.webp\",\"contentUrl\":\"https:\/\/www.notibras.com\/site\/wp-content\/uploads\/2026\/03\/54338363359_27ce5b3573_o-3.webp\",\"width\":1170,\"height\":700},{\"@type\":\"BreadcrumbList\",\"@id\":\"https:\/\/www.notibras.com\/site\/toffoli-nega-ter-visto-conversas-tiradas-do-celular-de-vorcaro\/#breadcrumb\",\"itemListElement\":[{\"@type\":\"ListItem\",\"position\":1,\"name\":\"In\u00edcio\",\"item\":\"https:\/\/www.notibras.com\/site\/\"},{\"@type\":\"ListItem\",\"position\":2,\"name\":\"Toffoli nega ter visto conversas tiradas do celular de Vorcaro\"}]},{\"@type\":\"WebSite\",\"@id\":\"https:\/\/www.notibras.com\/site\/#website\",\"url\":\"https:\/\/www.notibras.com\/site\/\",\"name\":\"Notibras\",\"description\":\"Not\u00edcias de Bras\u00edlia, do Brasil e do Mundo\",\"publisher\":{\"@id\":\"https:\/\/www.notibras.com\/site\/#organization\"},\"potentialAction\":[{\"@type\":\"SearchAction\",\"target\":{\"@type\":\"EntryPoint\",\"urlTemplate\":\"https:\/\/www.notibras.com\/site\/?s={search_term_string}\"},\"query-input\":{\"@type\":\"PropertyValueSpecification\",\"valueRequired\":true,\"valueName\":\"search_term_string\"}}],\"inLanguage\":\"pt-BR\"},{\"@type\":\"Organization\",\"@id\":\"https:\/\/www.notibras.com\/site\/#organization\",\"name\":\"Grupo Notibras de Comunica\u00e7\u00e3o\",\"url\":\"https:\/\/www.notibras.com\/site\/\",\"logo\":{\"@type\":\"ImageObject\",\"inLanguage\":\"pt-BR\",\"@id\":\"https:\/\/www.notibras.com\/site\/#\/schema\/logo\/image\/\",\"url\":\"https:\/\/www.notibras.com\/site\/wp-content\/uploads\/2023\/01\/notibras23.png\",\"contentUrl\":\"https:\/\/www.notibras.com\/site\/wp-content\/uploads\/2023\/01\/notibras23.png\",\"width\":350,\"height\":87,\"caption\":\"Grupo Notibras de Comunica\u00e7\u00e3o\"},\"image\":{\"@id\":\"https:\/\/www.notibras.com\/site\/#\/schema\/logo\/image\/\"},\"sameAs\":[\"https:\/\/www.facebook.com\/notibras\/\",\"https:\/\/x.com\/Notibras\",\"https:\/\/www.instagram.com\/notibras\/\"]},{\"@type\":\"Person\",\"@id\":\"https:\/\/www.notibras.com\/site\/#\/schema\/person\/36ab0979449956132d3e5b517ea76ac8\",\"name\":\"Reda\u00e7\u00e3o\",\"image\":{\"@type\":\"ImageObject\",\"inLanguage\":\"pt-BR\",\"@id\":\"https:\/\/secure.gravatar.com\/avatar\/e0a867bdedb85fd243eadf09663511f96fc81e0720a4a42581f334ad4303aa6b?s=96&d=mm&r=g\",\"url\":\"https:\/\/secure.gravatar.com\/avatar\/e0a867bdedb85fd243eadf09663511f96fc81e0720a4a42581f334ad4303aa6b?s=96&d=mm&r=g\",\"contentUrl\":\"https:\/\/secure.gravatar.com\/avatar\/e0a867bdedb85fd243eadf09663511f96fc81e0720a4a42581f334ad4303aa6b?s=96&d=mm&r=g\",\"caption\":\"Reda\u00e7\u00e3o\"}}]}<\/script>\n<!-- \/ Yoast SEO plugin. -->","yoast_head_json":{"title":"Toffoli nega ter visto conversas tiradas do celular de Vorcaro - Notibras","robots":{"index":"index","follow":"follow","max-snippet":"max-snippet:-1","max-image-preview":"max-image-preview:large","max-video-preview":"max-video-preview:-1"},"canonical":"https:\/\/www.notibras.com\/site\/toffoli-nega-ter-visto-conversas-tiradas-do-celular-de-vorcaro\/","og_locale":"pt_BR","og_type":"article","og_title":"Toffoli nega ter visto conversas tiradas do celular de Vorcaro - Notibras","og_description":"O ministro Dias Toffoli, do Supremo Tribunal Federal (STF), informou nesta sexta-feira (6) que n\u00e3o teve acesso \u00e0s quebras de sigilo do celular do banqueiro Daniel Vorcaro no per\u00edodo em que foi relator do inqu\u00e9rito que investiga as fraudes no Banco Master. Por meio de seu gabinete, o ex-relator declarou que as quebras de sigilo [&hellip;]","og_url":"https:\/\/www.notibras.com\/site\/toffoli-nega-ter-visto-conversas-tiradas-do-celular-de-vorcaro\/","og_site_name":"Notibras","article_publisher":"https:\/\/www.facebook.com\/notibras\/","article_published_time":"2026-03-06T18:08:18+00:00","article_modified_time":"2026-03-06T19:52:20+00:00","og_image":[{"width":1170,"height":700,"url":"https:\/\/www.notibras.com\/site\/wp-content\/uploads\/2026\/03\/54338363359_27ce5b3573_o-3.webp","type":"image\/webp"}],"author":"Reda\u00e7\u00e3o","twitter_card":"summary_large_image","twitter_creator":"@Notibras","twitter_site":"@Notibras","twitter_misc":{"Escrito por":"Reda\u00e7\u00e3o","Est. tempo de leitura":"3 minutos"},"schema":{"@context":"https:\/\/schema.org","@graph":[{"@type":"Article","@id":"https:\/\/www.notibras.com\/site\/toffoli-nega-ter-visto-conversas-tiradas-do-celular-de-vorcaro\/#article","isPartOf":{"@id":"https:\/\/www.notibras.com\/site\/toffoli-nega-ter-visto-conversas-tiradas-do-celular-de-vorcaro\/"},"author":{"name":"Reda\u00e7\u00e3o","@id":"https:\/\/www.notibras.com\/site\/#\/schema\/person\/36ab0979449956132d3e5b517ea76ac8"},"headline":"Toffoli nega ter visto conversas tiradas do celular de Vorcaro","datePublished":"2026-03-06T18:08:18+00:00","dateModified":"2026-03-06T19:52:20+00:00","mainEntityOfPage":{"@id":"https:\/\/www.notibras.com\/site\/toffoli-nega-ter-visto-conversas-tiradas-do-celular-de-vorcaro\/"},"wordCount":424,"publisher":{"@id":"https:\/\/www.notibras.com\/site\/#organization"},"image":{"@id":"https:\/\/www.notibras.com\/site\/toffoli-nega-ter-visto-conversas-tiradas-do-celular-de-vorcaro\/#primaryimage"},"thumbnailUrl":"https:\/\/www.notibras.com\/site\/wp-content\/uploads\/2026\/03\/54338363359_27ce5b3573_o-3.webp","articleSection":["Brasil"],"inLanguage":"pt-BR"},{"@type":"WebPage","@id":"https:\/\/www.notibras.com\/site\/toffoli-nega-ter-visto-conversas-tiradas-do-celular-de-vorcaro\/","url":"https:\/\/www.notibras.com\/site\/toffoli-nega-ter-visto-conversas-tiradas-do-celular-de-vorcaro\/","name":"Toffoli nega ter visto conversas tiradas do celular de Vorcaro - Notibras","isPartOf":{"@id":"https:\/\/www.notibras.com\/site\/#website"},"primaryImageOfPage":{"@id":"https:\/\/www.notibras.com\/site\/toffoli-nega-ter-visto-conversas-tiradas-do-celular-de-vorcaro\/#primaryimage"},"image":{"@id":"https:\/\/www.notibras.com\/site\/toffoli-nega-ter-visto-conversas-tiradas-do-celular-de-vorcaro\/#primaryimage"},"thumbnailUrl":"https:\/\/www.notibras.com\/site\/wp-content\/uploads\/2026\/03\/54338363359_27ce5b3573_o-3.webp","datePublished":"2026-03-06T18:08:18+00:00","dateModified":"2026-03-06T19:52:20+00:00","breadcrumb":{"@id":"https:\/\/www.notibras.com\/site\/toffoli-nega-ter-visto-conversas-tiradas-do-celular-de-vorcaro\/#breadcrumb"},"inLanguage":"pt-BR","potentialAction":[{"@type":"ReadAction","target":["https:\/\/www.notibras.com\/site\/toffoli-nega-ter-visto-conversas-tiradas-do-celular-de-vorcaro\/"]}]},{"@type":"ImageObject","inLanguage":"pt-BR","@id":"https:\/\/www.notibras.com\/site\/toffoli-nega-ter-visto-conversas-tiradas-do-celular-de-vorcaro\/#primaryimage","url":"https:\/\/www.notibras.com\/site\/wp-content\/uploads\/2026\/03\/54338363359_27ce5b3573_o-3.webp","contentUrl":"https:\/\/www.notibras.com\/site\/wp-content\/uploads\/2026\/03\/54338363359_27ce5b3573_o-3.webp","width":1170,"height":700},{"@type":"BreadcrumbList","@id":"https:\/\/www.notibras.com\/site\/toffoli-nega-ter-visto-conversas-tiradas-do-celular-de-vorcaro\/#breadcrumb","itemListElement":[{"@type":"ListItem","position":1,"name":"In\u00edcio","item":"https:\/\/www.notibras.com\/site\/"},{"@type":"ListItem","position":2,"name":"Toffoli nega ter visto conversas tiradas do celular de Vorcaro"}]},{"@type":"WebSite","@id":"https:\/\/www.notibras.com\/site\/#website","url":"https:\/\/www.notibras.com\/site\/","name":"Notibras","description":"Not\u00edcias de Bras\u00edlia, do Brasil e do Mundo","publisher":{"@id":"https:\/\/www.notibras.com\/site\/#organization"},"potentialAction":[{"@type":"SearchAction","target":{"@type":"EntryPoint","urlTemplate":"https:\/\/www.notibras.com\/site\/?s={search_term_string}"},"query-input":{"@type":"PropertyValueSpecification","valueRequired":true,"valueName":"search_term_string"}}],"inLanguage":"pt-BR"},{"@type":"Organization","@id":"https:\/\/www.notibras.com\/site\/#organization","name":"Grupo Notibras de Comunica\u00e7\u00e3o","url":"https:\/\/www.notibras.com\/site\/","logo":{"@type":"ImageObject","inLanguage":"pt-BR","@id":"https:\/\/www.notibras.com\/site\/#\/schema\/logo\/image\/","url":"https:\/\/www.notibras.com\/site\/wp-content\/uploads\/2023\/01\/notibras23.png","contentUrl":"https:\/\/www.notibras.com\/site\/wp-content\/uploads\/2023\/01\/notibras23.png","width":350,"height":87,"caption":"Grupo Notibras de Comunica\u00e7\u00e3o"},"image":{"@id":"https:\/\/www.notibras.com\/site\/#\/schema\/logo\/image\/"},"sameAs":["https:\/\/www.facebook.com\/notibras\/","https:\/\/x.com\/Notibras","https:\/\/www.instagram.com\/notibras\/"]},{"@type":"Person","@id":"https:\/\/www.notibras.com\/site\/#\/schema\/person\/36ab0979449956132d3e5b517ea76ac8","name":"Reda\u00e7\u00e3o","image":{"@type":"ImageObject","inLanguage":"pt-BR","@id":"https:\/\/secure.gravatar.com\/avatar\/e0a867bdedb85fd243eadf09663511f96fc81e0720a4a42581f334ad4303aa6b?s=96&d=mm&r=g","url":"https:\/\/secure.gravatar.com\/avatar\/e0a867bdedb85fd243eadf09663511f96fc81e0720a4a42581f334ad4303aa6b?s=96&d=mm&r=g","contentUrl":"https:\/\/secure.gravatar.com\/avatar\/e0a867bdedb85fd243eadf09663511f96fc81e0720a4a42581f334ad4303aa6b?s=96&d=mm&r=g","caption":"Reda\u00e7\u00e3o"}}]}},"amp_enabled":true,"_links":{"self":[{"href":"https:\/\/www.notibras.com\/site\/wp-json\/wp\/v2\/posts\/385840","targetHints":{"allow":["GET"]}}],"collection":[{"href":"https:\/\/www.notibras.com\/site\/wp-json\/wp\/v2\/posts"}],"about":[{"href":"https:\/\/www.notibras.com\/site\/wp-json\/wp\/v2\/types\/post"}],"author":[{"embeddable":true,"href":"https:\/\/www.notibras.com\/site\/wp-json\/wp\/v2\/users\/2"}],"replies":[{"embeddable":true,"href":"https:\/\/www.notibras.com\/site\/wp-json\/wp\/v2\/comments?post=385840"}],"version-history":[{"count":4,"href":"https:\/\/www.notibras.com\/site\/wp-json\/wp\/v2\/posts\/385840\/revisions"}],"predecessor-version":[{"id":385845,"href":"https:\/\/www.notibras.com\/site\/wp-json\/wp\/v2\/posts\/385840\/revisions\/385845"}],"wp:featuredmedia":[{"embeddable":true,"href":"https:\/\/www.notibras.com\/site\/wp-json\/wp\/v2\/media\/385841"}],"wp:attachment":[{"href":"https:\/\/www.notibras.com\/site\/wp-json\/wp\/v2\/media?parent=385840"}],"wp:term":[{"taxonomy":"category","embeddable":true,"href":"https:\/\/www.notibras.com\/site\/wp-json\/wp\/v2\/categories?post=385840"},{"taxonomy":"post_tag","embeddable":true,"href":"https:\/\/www.notibras.com\/site\/wp-json\/wp\/v2\/tags?post=385840"}],"curies":[{"name":"wp","href":"https:\/\/api.w.org\/{rel}","templated":true}]}}