{"id":385846,"date":"2026-03-07T00:15:17","date_gmt":"2026-03-07T03:15:17","guid":{"rendered":"https:\/\/www.notibras.com\/site\/?p=385846"},"modified":"2026-03-06T18:39:20","modified_gmt":"2026-03-06T21:39:20","slug":"rede-integrada-de-acolhimento-prevencao-e-resposta-rapida","status":"publish","type":"post","link":"https:\/\/www.notibras.com\/site\/rede-integrada-de-acolhimento-prevencao-e-resposta-rapida\/","title":{"rendered":"Rede integrada de acolhimento, preven\u00e7\u00e3o e resposta r\u00e1pida"},"content":{"rendered":"<p>A prote\u00e7\u00e3o das mulheres \u00e9 uma das pautas mais estrat\u00e9gicas e permanentes da Secretaria de Seguran\u00e7a P\u00fablica do Distrito Federal (SSP-DF). Neste m\u00eas de mar\u00e7o, dedicado \u00e0 valoriza\u00e7\u00e3o, \u00e0 visibilidade e aos direitos das mulheres, a pasta apresenta o conjunto de a\u00e7\u00f5es que v\u00eam sendo fortalecidas no \u00e2mbito do programa Seguran\u00e7a Integral, com foco na preven\u00e7\u00e3o, no acolhimento, na resposta r\u00e1pida \u00e0s situa\u00e7\u00f5es de risco e na valoriza\u00e7\u00e3o da presen\u00e7a feminina nas institui\u00e7\u00f5es que comp\u00f5em o sistema de seguran\u00e7a p\u00fablica.<\/p>\n<p>O secret\u00e1rio de Seguran\u00e7a P\u00fablica do DF, Sandro Avelar, destaca que a atua\u00e7\u00e3o \u00e9 ampla e integrada, \u201cvai desde o atendimento especializado nas delegacias, passando pelo policiamento orientado \u00e0 viol\u00eancia dom\u00e9stica, monitoramento em tempo real de v\u00edtimas e agressores, capacita\u00e7\u00e3o permanente das for\u00e7as de seguran\u00e7a, articula\u00e7\u00e3o com a sociedade civil e iniciativa privada, at\u00e9 pol\u00edticas internas voltadas \u00e0 amplia\u00e7\u00e3o da representatividade feminina nos espa\u00e7os de gest\u00e3o e decis\u00e3o\u201d.<\/p>\n<p>Para ele, o enfrentamento \u00e0 viol\u00eancia contra a mulher n\u00e3o \u00e9 uma a\u00e7\u00e3o isolada, mas uma diretriz central da pol\u00edtica p\u00fablica de seguran\u00e7a no Distrito Federal. \u201cA prote\u00e7\u00e3o das mulheres \u00e9 uma pauta priorit\u00e1ria da seguran\u00e7a p\u00fablica do Distrito Federal e uma responsabilidade que exige atua\u00e7\u00e3o cont\u00ednua, integrada e cada vez mais qualificada. Temos investido em tecnologia, acolhimento, preven\u00e7\u00e3o, capacita\u00e7\u00e3o e articula\u00e7\u00e3o institucional para garantir resposta r\u00e1pida, salvar vidas e romper ciclos de viol\u00eancia. Nosso compromisso \u00e9 fortalecer uma pol\u00edtica p\u00fablica moderna, humana e eficiente, para que nenhuma mulher esteja sozinha diante da viol\u00eancia.\u201d<\/p>\n<p>O trabalho de prote\u00e7\u00e3o e acolhimento se materializa em uma rede de prote\u00e7\u00e3o consolidada, com a\u00e7\u00f5es da pr\u00f3pria SSP-DF e re\u00fane as for\u00e7as de seguran\u00e7a \u2014 Pol\u00edcia Militar (PMDF), Pol\u00edcia Civil (PCDF) e Corpo de Bombeiros (CBMDF) \u2014, o Detran-DF, o sistema de Justi\u00e7a, as secretarias parceiras, as lideran\u00e7as comunit\u00e1rias, a iniciativa privada e a sociedade civil com o mesmo objetivo: prevenir a viol\u00eancia de g\u00eanero e ampliar a seguran\u00e7a das mulheres em todo o DF.<\/p>\n<p><strong>Monitoramento em tempo real<\/strong><\/p>\n<p>Entre os instrumentos mais estrat\u00e9gicos da pol\u00edtica de prote\u00e7\u00e3o da SSP-DF est\u00e3o o Dispositivo de Prote\u00e7\u00e3o \u00e0 Pessoa (DPP) e o aplicativo Viva Flor. No caso do DPP, a v\u00edtima recebe um dispositivo de alerta e o agressor passa a usar tornozeleira eletr\u00f4nica. Quando h\u00e1 viola\u00e7\u00e3o da \u00e1rea de exclus\u00e3o determinada judicialmente, o sistema emite alerta imediato e aciona as for\u00e7as de seguran\u00e7a. Atualmente, s\u00e3o monitorados pela diretoria 627 monitorados ativos, sendo 553 v\u00edtimas e 74 agressores.<\/p>\n<p>A sala de opera\u00e7\u00f5es do dispositivo, no Centro Integrado de Opera\u00e7\u00f5es de Bras\u00edlia (Ciob), ampliou a capacidade operacional do servi\u00e7o. O n\u00famero de servidores praticamente triplicou e o novo espa\u00e7o permitiu expandir as esta\u00e7\u00f5es de monitoramento e garantir maior agilidade na resposta \u00e0s ocorr\u00eancias. Outro avan\u00e7o foi a implementa\u00e7\u00e3o de um chat direto entre v\u00edtimas e a central, com envio de mensagens, \u00e1udios e fotos em tempo real.<\/p>\n<p><strong>Viva Flor<\/strong><\/p>\n<p>O Viva Flor permite que a mulher acione rapidamente a rede de prote\u00e7\u00e3o diante de qualquer situa\u00e7\u00e3o de amea\u00e7a ou risco.O dispositivo permite que a mulher acione rapidamente a rede de prote\u00e7\u00e3o diante de qualquer situa\u00e7\u00e3o de amea\u00e7a ou risco. Atualmente, o Viva Flor atende 1.734 mulheres em todo o Distrito Federal.<\/p>\n<p>Em agosto de 2025 o Programa Viva Flor passou a ser implementado tamb\u00e9m em delegacias circunscricionais. O projeto j\u00e1 funcionava em car\u00e1ter piloto nas delegacias especializadas de atendimento \u00e0 mulher (Deam) localizadas na Asa Sul e em Ceil\u00e2ndia, e passou a atender tamb\u00e9m nas delegacias do Parano\u00e1, Planaltina, Gama, Santa Maria e Brazl\u00e2ndia. A escolha das unidades levou em conta os dados de incid\u00eancia de viol\u00eancia dom\u00e9stica das regi\u00f5es e a necessidade de oferecer resposta r\u00e1pida \u00e0s v\u00edtimas.<\/p>\n<p>Em novembro de 2025, o Governo do Distrito Federal e o sistema de Justi\u00e7a renovaram o acordo de coopera\u00e7\u00e3o t\u00e9cnica do programa Viva Flor. A iniciativa consolidou avan\u00e7os importantes no aperfei\u00e7oamento dos fluxos de atendimento e na integra\u00e7\u00e3o operacional entre Justi\u00e7a e Seguran\u00e7a P\u00fablica por meio do Processo Judicial Eletr\u00f4nico (PJe). Com isso, houve ganho de celeridade na comunica\u00e7\u00e3o entre os \u00f3rg\u00e3os, na an\u00e1lise dos casos e no atendimento \u00e0s v\u00edtimas. O acordo tamb\u00e9m fortaleceu a integra\u00e7\u00e3o do Copom Mulher, da PMDF.<\/p>\n<p><strong>Transporte seguro<\/strong><\/p>\n<p>Outra iniciativa relevante foi a amplia\u00e7\u00e3o, em agosto de 2025, da parceria entre a SSP-DF e a Uber Brasil para atendimento de mulheres v\u00edtimas de viol\u00eancia dom\u00e9stica e familiar. O benef\u00edcio, antes restrito \u00e0s Deams I e II, passou a alcan\u00e7ar tamb\u00e9m os N\u00facleos Integrados de Atendimento \u00e0 Mulher (Nuiam) do Parano\u00e1, N\u00facleo Bandeirante, Riacho Fundo e Vicente Pires.<\/p>\n<p>O servi\u00e7o consiste em desconto de R$ 40 por corrida, fornecido por meio de c\u00f3digo promocional entregue ap\u00f3s o atendimento, permitindo que a v\u00edtima siga com mais seguran\u00e7a para casa, resid\u00eancia de familiares, hospital ou abrigo especializado. A a\u00e7\u00e3o refor\u00e7a a l\u00f3gica da integralidade: o acolhimento n\u00e3o termina no registro da ocorr\u00eancia, mas se estende ao deslocamento seguro da v\u00edtima, etapa decisiva para romper o ciclo da viol\u00eancia.<\/p>\n<p><strong>Forma\u00e7\u00e3o<\/strong><\/p>\n<p>A SSP-DF tamb\u00e9m vem investindo em a\u00e7\u00f5es formativas e preventivas que ampliam o alcance da rede de prote\u00e7\u00e3o para al\u00e9m das institui\u00e7\u00f5es. \u00c9 o caso da Alian\u00e7a Protetiva, nova configura\u00e7\u00e3o do antigo projeto Alian\u00e7a Distrital, voltada \u00e0 forma\u00e7\u00e3o de lideran\u00e7as religiosas e sociais como multiplicadoras no enfrentamento \u00e0 viol\u00eancia contra a mulher.<\/p>\n<p>A proposta prev\u00ea encontros nas regi\u00f5es administrativas, com foco em di\u00e1logo, escuta, articula\u00e7\u00e3o comunit\u00e1ria e dissemina\u00e7\u00e3o de informa\u00e7\u00f5es pr\u00e1ticas sobre preven\u00e7\u00e3o e prote\u00e7\u00e3o. A a\u00e7\u00e3o integra o programa Seguran\u00e7a Integral e fortalece o papel da comunidade como parceira da seguran\u00e7a p\u00fablica. Em 2025, 155 pessoas passaram pela forma\u00e7\u00e3o.<\/p>\n<p>Com foco na preven\u00e7\u00e3o \u00e0 viol\u00eancia contra a mulher, a SSP-DF abriu inscri\u00e7\u00f5es para o segundo ciclo do curso Mulher Segura Preven\u00e7\u00e3o da Viol\u00eancia e o Protocolo Por Todas Elas. O curso est\u00e1 em curso e poder\u00e1 ser finalizado at\u00e9 24 de mar\u00e7o, na modalidade EAD autoinstrucional, por meio da Escola Virtual da pasta.<\/p>\n<p>Esta \u00e9 a segunda edi\u00e7\u00e3o do curso. A iniciativa \u00e9 realizada de forma conjunta pela SSP-DF e pelas secretarias da Mulher (SMDF), de Justi\u00e7a e Cidadania (Sejus-DF) e de Desenvolvimento Social (Sedes-DF), al\u00e9m do Servi\u00e7o de Apoio \u00e0s Micro e Pequenas Empresas do Distrito Federal (Sebrae-DF), a partir de Acordo de Coopera\u00e7\u00e3o T\u00e9cnica (ACT) firmado em setembro de 2025, voltado ao desenvolvimento e \u00e0 execu\u00e7\u00e3o conjunta da forma\u00e7\u00e3o.<\/p>\n<p>O curso integra o projeto Parceiro da Seguran\u00e7a e \u00e9 direcionado a profissionais de hot\u00e9is, bares, restaurantes, shoppings, casas de show e grandes eventos, conforme previsto no Decreto n\u00ba 46.183\/2024, al\u00e9m de estar dispon\u00edvel para outros segmentos empresariais e cidad\u00e3os interessados.<\/p>\n<p>Um exemplo dessa parceria com o setor privado \u00e9 o acordo entre o GDF e o ParkShopping, voltado ao fortalecimento das pol\u00edticas de preven\u00e7\u00e3o e enfrentamento da viol\u00eancia contra meninas e mulheres.<\/p>\n<p>Na mesma linha, os Conselhos Comunit\u00e1rios de Seguran\u00e7a (Consegs) deram in\u00edcio ao ciclo de palestras com foco na prote\u00e7\u00e3o \u00e0 mulher, levando informa\u00e7\u00e3o acess\u00edvel, orienta\u00e7\u00e3o e fortalecimento das redes locais para diferentes territ\u00f3rios do DF. A iniciativa descentraliza o debate e amplia a capilaridade das a\u00e7\u00f5es preventivas. Mil e quinhentas pessoas participaram das forma\u00e7\u00f5es que ocorreram na Estrutural, Vicente Pires, Ceil\u00e2ndia, Gama e S\u00e3o Sebasti\u00e3o.<\/p>\n<p>Outro destaque \u00e9 o curso Ressignificar: Prote\u00e7\u00e3o Integral \u00e0s Mulheres, criado para forma\u00e7\u00e3o e aperfei\u00e7oamento das for\u00e7as de seguran\u00e7a p\u00fablica e de administra\u00e7\u00e3o penitenci\u00e1ria no enfrentamento \u00e0 viol\u00eancia contra a mulher. Desde o lan\u00e7amento da forma\u00e7\u00e3o, em abril de 2024, 37.581 certifica\u00e7\u00f5es foram entregues, sendo 19.528 apenas na primeira fase e 18.053 referentes \u00e0s duas fases do programa.<\/p>\n<p><strong>Valoriza\u00e7\u00e3o<\/strong><\/p>\n<p>A SSP-DF lan\u00e7ou, neste m\u00eas de mar\u00e7o, o Banco de Talentos Delas, iniciativa voltada a identificar, mapear e dar visibilidade \u00e0s compet\u00eancias femininas nas institui\u00e7\u00f5es do sistema de seguran\u00e7a p\u00fablica local. O cadastro \u00e9 destinado a servidoras em exerc\u00edcio na SSP-DF, PMDF, PCDF, CBMDF e Detran-DF interessadas em se candidatar a fun\u00e7\u00f5es de chefia e gest\u00e3o. A proposta subsidia a\u00e7\u00f5es como planejamento de desenvolvimento profissional, divulga\u00e7\u00e3o de oportunidades internas, aloca\u00e7\u00e3o de pessoal, dimensionamento da for\u00e7a de trabalho, gest\u00e3o de desempenho e fortalecimento do networking institucional.<\/p>\n<p>A pol\u00edtica se soma a outras medidas estruturantes, como a cria\u00e7\u00e3o do Conselho das Mulheres da Seguran\u00e7a P\u00fablica do Distrito Federal (CMSP), institu\u00eddo no \u00e2mbito da Pol\u00edtica das Mulheres na Seguran\u00e7a P\u00fablica, prevista no Decreto n\u00ba 45.414\/2024. O colegiado re\u00fane representantes das for\u00e7as de seguran\u00e7a e \u00f3rg\u00e3os do sistema para planejar a\u00e7\u00f5es voltadas \u00e0 igualdade de g\u00eanero, valoriza\u00e7\u00e3o profissional e enfrentamento \u00e0 discrimina\u00e7\u00e3o no ambiente institucional.<\/p>\n<p>Eleita presidente do conselho, a subsecret\u00e1ria de Preven\u00e7\u00e3o \u00e0 Criminalidade, Regilene Siqueira, destaca que proteger mulheres tamb\u00e9m significa garantir que as institui\u00e7\u00f5es sejam mais representativas, acolhedoras e preparadas para responder a essa agenda de forma qualificada. \u201cA prote\u00e7\u00e3o das mulheres precisa ser compreendida de forma ampla, articulando acolhimento, preven\u00e7\u00e3o, tecnologia, capacita\u00e7\u00e3o, escuta e fortalecimento de redes. No Distrito Federal, temos avan\u00e7ado em a\u00e7\u00f5es concretas tanto para as mulheres em situa\u00e7\u00e3o de viol\u00eancia quanto para as servidoras que atuam no sistema de seguran\u00e7a p\u00fablica. Valorizar compet\u00eancias femininas, ampliar a representatividade e fortalecer lideran\u00e7as tamb\u00e9m \u00e9 uma forma de transformar institui\u00e7\u00f5es e qualificar a resposta do Estado a uma pauta que \u00e9, sem d\u00favida, priorit\u00e1ria.\u201d<\/p>\n<p><strong>Reconhecimento de boas pr\u00e1ticas<\/strong><\/p>\n<p>Como parte desse esfor\u00e7o institucional, a SSP-DF tamb\u00e9m instituiu a Medalha Mulher Mais Segura, destinada a reconhecer a\u00e7\u00f5es e servi\u00e7os de excel\u00eancia no combate \u00e0 viol\u00eancia contra a mulher e \u00e0 viol\u00eancia dom\u00e9stica e familiar. A comenda refor\u00e7a o car\u00e1ter estrat\u00e9gico da pauta e busca incentivar pr\u00e1ticas cada vez mais qualificadas de prote\u00e7\u00e3o e defesa das mulheres no Distrito Federal e ser\u00e1 entregue na pr\u00f3xima ter\u00e7a-feira (10).<\/p>\n<p>\u201cRefor\u00e7ar e reconhecer a\u00e7\u00f5es e servi\u00e7os de excel\u00eancia no combate \u00e0 viol\u00eancia de g\u00eanero \u00e9 essencial para garantir a seguran\u00e7a e o bem-estar das mulheres, al\u00e9m de incentivar a implementa\u00e7\u00e3o de novas estrat\u00e9gias no enfrentamento desse tipo de crime\u201d, ressalta Avelar.<\/p>\n<p><strong>Educa\u00e7\u00e3o<\/strong><\/p>\n<p>A SSP-DF tamb\u00e9m tem investido de forma estrat\u00e9gica na preven\u00e7\u00e3o, com iniciativas educacionais voltadas \u00e0 forma\u00e7\u00e3o cidad\u00e3 e \u00e0 constru\u00e7\u00e3o de uma cultura de respeito desde as primeiras fases da vida. Entre as iniciativas est\u00e1 o Programa Formativo de Promotores de Seguran\u00e7a Cidad\u00e3, voltado a estudantes do ensino m\u00e9dio da rede p\u00fablica, que promove a aproxima\u00e7\u00e3o entre comunidade escolar e for\u00e7as de seguran\u00e7a por meio de palestras e atividades formativas sobre temas como media\u00e7\u00e3o de conflitos, cidadania digital e preven\u00e7\u00e3o \u00e0 viol\u00eancia contra meninas e mulheres. Em 2025, o programa realizou cinco edi\u00e7\u00f5es e alcan\u00e7ou cerca de 1.700 estudantes, com perspectiva de amplia\u00e7\u00e3o para sete novas edi\u00e7\u00f5es em 2026.<\/p>\n<p>J\u00e1 o Turminha Mais Segura utiliza linguagem l\u00fadica e apresenta\u00e7\u00f5es teatrais para dialogar com o p\u00fablico infantil, abordando de forma acess\u00edvel temas como respeito, empatia e preven\u00e7\u00e3o \u00e0s diferentes formas de viol\u00eancia, incluindo a viol\u00eancia de g\u00eanero. No \u00faltimo ano, a iniciativa impactou 3.264 crian\u00e7as em 20 apresenta\u00e7\u00f5es, com meta de dobrar esse alcance em 2026, quando est\u00e3o previstas pelo menos 40 novas apresenta\u00e7\u00f5es.<\/p>\n<p><strong>Atendimento especializado<\/strong><\/p>\n<p>No \u00e2mbito da Pol\u00edcia Militar do Distrito Federal, o Programa de Preven\u00e7\u00e3o Orientada \u00e0 Viol\u00eancia Dom\u00e9stica (Provid) \u00e9 um dos pilares do trabalho preventivo. A iniciativa atua no acompanhamento das mulheres em situa\u00e7\u00e3o de viol\u00eancia e na preven\u00e7\u00e3o da reincid\u00eancia, com a\u00e7\u00f5es voltadas a interromper o ciclo da agress\u00e3o e fortalecer a seguran\u00e7a da v\u00edtima.<\/p>\n<p>De janeiro de 2025 at\u00e9 agora, o Provid atendeu 2.625 pessoas, totalizando 27.733 visitas solid\u00e1rias realizadas. No mesmo per\u00edodo, foram 977 medidas protetivas monitoradas, refor\u00e7ando o acompanhamento cont\u00ednuo e a resposta r\u00e1pida aos casos.<\/p>\n<p>O DF conta com estrutura especializada para atendimento \u00e0s v\u00edtimas de viol\u00eancia, com a Delegacia Especial de Atendimento \u00e0 Mulher I (Deam I) e a Deam II, ambas com funcionamento 24 horas, al\u00e9m das se\u00e7\u00f5es de atendimento \u00e0 mulher em delegacias circunscricionais. A rede tamb\u00e9m disp\u00f5e da Maria da Penha Online, ferramenta pioneira no pa\u00eds, que ampliou o acesso das v\u00edtimas ao sistema de prote\u00e7\u00e3o.<\/p>\n<p>Por meio da plataforma, \u00e9 poss\u00edvel solicitar medidas protetivas de urg\u00eancia, preencher o question\u00e1rio de avalia\u00e7\u00e3o de risco, representar contra o autor da viol\u00eancia, solicitar acolhimento em Casa Abrigo, autorizar intima\u00e7\u00f5es por meios tecnol\u00f3gicos e anexar documentos, v\u00eddeos e imagens.<\/p>\n","protected":false},"excerpt":{"rendered":"<p>A prote\u00e7\u00e3o das mulheres \u00e9 uma das pautas mais estrat\u00e9gicas e permanentes da Secretaria de Seguran\u00e7a P\u00fablica do Distrito Federal (SSP-DF). Neste m\u00eas de mar\u00e7o, dedicado \u00e0 valoriza\u00e7\u00e3o, \u00e0 visibilidade e aos direitos das mulheres, a pasta apresenta o conjunto de a\u00e7\u00f5es que v\u00eam sendo fortalecidas no \u00e2mbito do programa Seguran\u00e7a Integral, com foco na [&hellip;]<\/p>\n","protected":false},"author":21,"featured_media":385847,"comment_status":"closed","ping_status":"closed","sticky":false,"template":"","format":"standard","meta":{"_acf_changed":false,"footnotes":""},"categories":[161],"tags":[],"class_list":["post-385846","post","type-post","status-publish","format-standard","has-post-thumbnail","hentry","category-quadradinho-em-foco"],"acf":[],"yoast_head":"<!-- This site is optimized with the Yoast SEO plugin v27.2 - https:\/\/yoast.com\/product\/yoast-seo-wordpress\/ -->\n<title>Rede integrada de acolhimento, preven\u00e7\u00e3o e resposta r\u00e1pida - Notibras<\/title>\n<meta name=\"robots\" content=\"index, follow, max-snippet:-1, max-image-preview:large, max-video-preview:-1\" \/>\n<link rel=\"canonical\" href=\"https:\/\/www.notibras.com\/site\/rede-integrada-de-acolhimento-prevencao-e-resposta-rapida\/\" \/>\n<meta property=\"og:locale\" content=\"pt_BR\" \/>\n<meta property=\"og:type\" content=\"article\" \/>\n<meta property=\"og:title\" content=\"Rede integrada de acolhimento, preven\u00e7\u00e3o e resposta r\u00e1pida - Notibras\" \/>\n<meta property=\"og:description\" content=\"A prote\u00e7\u00e3o das mulheres \u00e9 uma das pautas mais estrat\u00e9gicas e permanentes da Secretaria de Seguran\u00e7a P\u00fablica do Distrito Federal (SSP-DF). Neste m\u00eas de mar\u00e7o, dedicado \u00e0 valoriza\u00e7\u00e3o, \u00e0 visibilidade e aos direitos das mulheres, a pasta apresenta o conjunto de a\u00e7\u00f5es que v\u00eam sendo fortalecidas no \u00e2mbito do programa Seguran\u00e7a Integral, com foco na [&hellip;]\" \/>\n<meta property=\"og:url\" content=\"https:\/\/www.notibras.com\/site\/rede-integrada-de-acolhimento-prevencao-e-resposta-rapida\/\" \/>\n<meta property=\"og:site_name\" content=\"Notibras\" \/>\n<meta property=\"article:publisher\" content=\"https:\/\/www.facebook.com\/notibras\/\" \/>\n<meta property=\"article:published_time\" content=\"2026-03-07T03:15:17+00:00\" \/>\n<meta property=\"og:image\" content=\"https:\/\/www.notibras.com\/site\/wp-content\/uploads\/2026\/03\/WhatsApp-Image-2025-03-27-at-15.46.45-1.jpeg\" \/>\n\t<meta property=\"og:image:width\" content=\"1600\" \/>\n\t<meta property=\"og:image:height\" content=\"1066\" \/>\n\t<meta property=\"og:image:type\" content=\"image\/jpeg\" \/>\n<meta name=\"author\" content=\"Eduardo Mart\u00ednez\" \/>\n<meta name=\"twitter:card\" content=\"summary_large_image\" \/>\n<meta name=\"twitter:creator\" content=\"@Notibras\" \/>\n<meta name=\"twitter:site\" content=\"@Notibras\" \/>\n<meta name=\"twitter:label1\" content=\"Escrito por\" \/>\n\t<meta name=\"twitter:data1\" content=\"Eduardo Mart\u00ednez\" \/>\n\t<meta name=\"twitter:label2\" content=\"Est. tempo de leitura\" \/>\n\t<meta name=\"twitter:data2\" content=\"12 minutos\" \/>\n<script type=\"application\/ld+json\" class=\"yoast-schema-graph\">{\"@context\":\"https:\/\/schema.org\",\"@graph\":[{\"@type\":\"Article\",\"@id\":\"https:\/\/www.notibras.com\/site\/rede-integrada-de-acolhimento-prevencao-e-resposta-rapida\/#article\",\"isPartOf\":{\"@id\":\"https:\/\/www.notibras.com\/site\/rede-integrada-de-acolhimento-prevencao-e-resposta-rapida\/\"},\"author\":{\"name\":\"Eduardo Mart\u00ednez\",\"@id\":\"https:\/\/www.notibras.com\/site\/#\/schema\/person\/5b7fabf2aedc3ada2105f03b22b4d3dd\"},\"headline\":\"Rede integrada de acolhimento, preven\u00e7\u00e3o e resposta r\u00e1pida\",\"datePublished\":\"2026-03-07T03:15:17+00:00\",\"mainEntityOfPage\":{\"@id\":\"https:\/\/www.notibras.com\/site\/rede-integrada-de-acolhimento-prevencao-e-resposta-rapida\/\"},\"wordCount\":2275,\"publisher\":{\"@id\":\"https:\/\/www.notibras.com\/site\/#organization\"},\"image\":{\"@id\":\"https:\/\/www.notibras.com\/site\/rede-integrada-de-acolhimento-prevencao-e-resposta-rapida\/#primaryimage\"},\"thumbnailUrl\":\"https:\/\/www.notibras.com\/site\/wp-content\/uploads\/2026\/03\/WhatsApp-Image-2025-03-27-at-15.46.45-1.jpeg\",\"articleSection\":[\"Quadradinho em Foco\"],\"inLanguage\":\"pt-BR\"},{\"@type\":\"WebPage\",\"@id\":\"https:\/\/www.notibras.com\/site\/rede-integrada-de-acolhimento-prevencao-e-resposta-rapida\/\",\"url\":\"https:\/\/www.notibras.com\/site\/rede-integrada-de-acolhimento-prevencao-e-resposta-rapida\/\",\"name\":\"Rede integrada de acolhimento, preven\u00e7\u00e3o e resposta r\u00e1pida - Notibras\",\"isPartOf\":{\"@id\":\"https:\/\/www.notibras.com\/site\/#website\"},\"primaryImageOfPage\":{\"@id\":\"https:\/\/www.notibras.com\/site\/rede-integrada-de-acolhimento-prevencao-e-resposta-rapida\/#primaryimage\"},\"image\":{\"@id\":\"https:\/\/www.notibras.com\/site\/rede-integrada-de-acolhimento-prevencao-e-resposta-rapida\/#primaryimage\"},\"thumbnailUrl\":\"https:\/\/www.notibras.com\/site\/wp-content\/uploads\/2026\/03\/WhatsApp-Image-2025-03-27-at-15.46.45-1.jpeg\",\"datePublished\":\"2026-03-07T03:15:17+00:00\",\"breadcrumb\":{\"@id\":\"https:\/\/www.notibras.com\/site\/rede-integrada-de-acolhimento-prevencao-e-resposta-rapida\/#breadcrumb\"},\"inLanguage\":\"pt-BR\",\"potentialAction\":[{\"@type\":\"ReadAction\",\"target\":[\"https:\/\/www.notibras.com\/site\/rede-integrada-de-acolhimento-prevencao-e-resposta-rapida\/\"]}]},{\"@type\":\"ImageObject\",\"inLanguage\":\"pt-BR\",\"@id\":\"https:\/\/www.notibras.com\/site\/rede-integrada-de-acolhimento-prevencao-e-resposta-rapida\/#primaryimage\",\"url\":\"https:\/\/www.notibras.com\/site\/wp-content\/uploads\/2026\/03\/WhatsApp-Image-2025-03-27-at-15.46.45-1.jpeg\",\"contentUrl\":\"https:\/\/www.notibras.com\/site\/wp-content\/uploads\/2026\/03\/WhatsApp-Image-2025-03-27-at-15.46.45-1.jpeg\",\"width\":1600,\"height\":1066},{\"@type\":\"BreadcrumbList\",\"@id\":\"https:\/\/www.notibras.com\/site\/rede-integrada-de-acolhimento-prevencao-e-resposta-rapida\/#breadcrumb\",\"itemListElement\":[{\"@type\":\"ListItem\",\"position\":1,\"name\":\"In\u00edcio\",\"item\":\"https:\/\/www.notibras.com\/site\/\"},{\"@type\":\"ListItem\",\"position\":2,\"name\":\"Rede integrada de acolhimento, preven\u00e7\u00e3o e resposta r\u00e1pida\"}]},{\"@type\":\"WebSite\",\"@id\":\"https:\/\/www.notibras.com\/site\/#website\",\"url\":\"https:\/\/www.notibras.com\/site\/\",\"name\":\"Notibras\",\"description\":\"Not\u00edcias de Bras\u00edlia, do Brasil e do Mundo\",\"publisher\":{\"@id\":\"https:\/\/www.notibras.com\/site\/#organization\"},\"potentialAction\":[{\"@type\":\"SearchAction\",\"target\":{\"@type\":\"EntryPoint\",\"urlTemplate\":\"https:\/\/www.notibras.com\/site\/?s={search_term_string}\"},\"query-input\":{\"@type\":\"PropertyValueSpecification\",\"valueRequired\":true,\"valueName\":\"search_term_string\"}}],\"inLanguage\":\"pt-BR\"},{\"@type\":\"Organization\",\"@id\":\"https:\/\/www.notibras.com\/site\/#organization\",\"name\":\"Grupo Notibras de Comunica\u00e7\u00e3o\",\"url\":\"https:\/\/www.notibras.com\/site\/\",\"logo\":{\"@type\":\"ImageObject\",\"inLanguage\":\"pt-BR\",\"@id\":\"https:\/\/www.notibras.com\/site\/#\/schema\/logo\/image\/\",\"url\":\"https:\/\/www.notibras.com\/site\/wp-content\/uploads\/2023\/01\/notibras23.png\",\"contentUrl\":\"https:\/\/www.notibras.com\/site\/wp-content\/uploads\/2023\/01\/notibras23.png\",\"width\":350,\"height\":87,\"caption\":\"Grupo Notibras de Comunica\u00e7\u00e3o\"},\"image\":{\"@id\":\"https:\/\/www.notibras.com\/site\/#\/schema\/logo\/image\/\"},\"sameAs\":[\"https:\/\/www.facebook.com\/notibras\/\",\"https:\/\/x.com\/Notibras\",\"https:\/\/www.instagram.com\/notibras\/\"]},{\"@type\":\"Person\",\"@id\":\"https:\/\/www.notibras.com\/site\/#\/schema\/person\/5b7fabf2aedc3ada2105f03b22b4d3dd\",\"name\":\"Eduardo Mart\u00ednez\",\"image\":{\"@type\":\"ImageObject\",\"inLanguage\":\"pt-BR\",\"@id\":\"https:\/\/secure.gravatar.com\/avatar\/7902f906289926289cbcda644b5197c796b893c6ffd7b9a536a42d290f7704a0?s=96&d=mm&r=g\",\"url\":\"https:\/\/secure.gravatar.com\/avatar\/7902f906289926289cbcda644b5197c796b893c6ffd7b9a536a42d290f7704a0?s=96&d=mm&r=g\",\"contentUrl\":\"https:\/\/secure.gravatar.com\/avatar\/7902f906289926289cbcda644b5197c796b893c6ffd7b9a536a42d290f7704a0?s=96&d=mm&r=g\",\"caption\":\"Eduardo Mart\u00ednez\"}}]}<\/script>\n<!-- \/ Yoast SEO plugin. -->","yoast_head_json":{"title":"Rede integrada de acolhimento, preven\u00e7\u00e3o e resposta r\u00e1pida - Notibras","robots":{"index":"index","follow":"follow","max-snippet":"max-snippet:-1","max-image-preview":"max-image-preview:large","max-video-preview":"max-video-preview:-1"},"canonical":"https:\/\/www.notibras.com\/site\/rede-integrada-de-acolhimento-prevencao-e-resposta-rapida\/","og_locale":"pt_BR","og_type":"article","og_title":"Rede integrada de acolhimento, preven\u00e7\u00e3o e resposta r\u00e1pida - Notibras","og_description":"A prote\u00e7\u00e3o das mulheres \u00e9 uma das pautas mais estrat\u00e9gicas e permanentes da Secretaria de Seguran\u00e7a P\u00fablica do Distrito Federal (SSP-DF). Neste m\u00eas de mar\u00e7o, dedicado \u00e0 valoriza\u00e7\u00e3o, \u00e0 visibilidade e aos direitos das mulheres, a pasta apresenta o conjunto de a\u00e7\u00f5es que v\u00eam sendo fortalecidas no \u00e2mbito do programa Seguran\u00e7a Integral, com foco na [&hellip;]","og_url":"https:\/\/www.notibras.com\/site\/rede-integrada-de-acolhimento-prevencao-e-resposta-rapida\/","og_site_name":"Notibras","article_publisher":"https:\/\/www.facebook.com\/notibras\/","article_published_time":"2026-03-07T03:15:17+00:00","og_image":[{"width":1600,"height":1066,"url":"https:\/\/www.notibras.com\/site\/wp-content\/uploads\/2026\/03\/WhatsApp-Image-2025-03-27-at-15.46.45-1.jpeg","type":"image\/jpeg"}],"author":"Eduardo Mart\u00ednez","twitter_card":"summary_large_image","twitter_creator":"@Notibras","twitter_site":"@Notibras","twitter_misc":{"Escrito por":"Eduardo Mart\u00ednez","Est. tempo de leitura":"12 minutos"},"schema":{"@context":"https:\/\/schema.org","@graph":[{"@type":"Article","@id":"https:\/\/www.notibras.com\/site\/rede-integrada-de-acolhimento-prevencao-e-resposta-rapida\/#article","isPartOf":{"@id":"https:\/\/www.notibras.com\/site\/rede-integrada-de-acolhimento-prevencao-e-resposta-rapida\/"},"author":{"name":"Eduardo Mart\u00ednez","@id":"https:\/\/www.notibras.com\/site\/#\/schema\/person\/5b7fabf2aedc3ada2105f03b22b4d3dd"},"headline":"Rede integrada de acolhimento, preven\u00e7\u00e3o e resposta r\u00e1pida","datePublished":"2026-03-07T03:15:17+00:00","mainEntityOfPage":{"@id":"https:\/\/www.notibras.com\/site\/rede-integrada-de-acolhimento-prevencao-e-resposta-rapida\/"},"wordCount":2275,"publisher":{"@id":"https:\/\/www.notibras.com\/site\/#organization"},"image":{"@id":"https:\/\/www.notibras.com\/site\/rede-integrada-de-acolhimento-prevencao-e-resposta-rapida\/#primaryimage"},"thumbnailUrl":"https:\/\/www.notibras.com\/site\/wp-content\/uploads\/2026\/03\/WhatsApp-Image-2025-03-27-at-15.46.45-1.jpeg","articleSection":["Quadradinho em Foco"],"inLanguage":"pt-BR"},{"@type":"WebPage","@id":"https:\/\/www.notibras.com\/site\/rede-integrada-de-acolhimento-prevencao-e-resposta-rapida\/","url":"https:\/\/www.notibras.com\/site\/rede-integrada-de-acolhimento-prevencao-e-resposta-rapida\/","name":"Rede integrada de acolhimento, preven\u00e7\u00e3o e resposta r\u00e1pida - Notibras","isPartOf":{"@id":"https:\/\/www.notibras.com\/site\/#website"},"primaryImageOfPage":{"@id":"https:\/\/www.notibras.com\/site\/rede-integrada-de-acolhimento-prevencao-e-resposta-rapida\/#primaryimage"},"image":{"@id":"https:\/\/www.notibras.com\/site\/rede-integrada-de-acolhimento-prevencao-e-resposta-rapida\/#primaryimage"},"thumbnailUrl":"https:\/\/www.notibras.com\/site\/wp-content\/uploads\/2026\/03\/WhatsApp-Image-2025-03-27-at-15.46.45-1.jpeg","datePublished":"2026-03-07T03:15:17+00:00","breadcrumb":{"@id":"https:\/\/www.notibras.com\/site\/rede-integrada-de-acolhimento-prevencao-e-resposta-rapida\/#breadcrumb"},"inLanguage":"pt-BR","potentialAction":[{"@type":"ReadAction","target":["https:\/\/www.notibras.com\/site\/rede-integrada-de-acolhimento-prevencao-e-resposta-rapida\/"]}]},{"@type":"ImageObject","inLanguage":"pt-BR","@id":"https:\/\/www.notibras.com\/site\/rede-integrada-de-acolhimento-prevencao-e-resposta-rapida\/#primaryimage","url":"https:\/\/www.notibras.com\/site\/wp-content\/uploads\/2026\/03\/WhatsApp-Image-2025-03-27-at-15.46.45-1.jpeg","contentUrl":"https:\/\/www.notibras.com\/site\/wp-content\/uploads\/2026\/03\/WhatsApp-Image-2025-03-27-at-15.46.45-1.jpeg","width":1600,"height":1066},{"@type":"BreadcrumbList","@id":"https:\/\/www.notibras.com\/site\/rede-integrada-de-acolhimento-prevencao-e-resposta-rapida\/#breadcrumb","itemListElement":[{"@type":"ListItem","position":1,"name":"In\u00edcio","item":"https:\/\/www.notibras.com\/site\/"},{"@type":"ListItem","position":2,"name":"Rede integrada de acolhimento, preven\u00e7\u00e3o e resposta r\u00e1pida"}]},{"@type":"WebSite","@id":"https:\/\/www.notibras.com\/site\/#website","url":"https:\/\/www.notibras.com\/site\/","name":"Notibras","description":"Not\u00edcias de Bras\u00edlia, do Brasil e do Mundo","publisher":{"@id":"https:\/\/www.notibras.com\/site\/#organization"},"potentialAction":[{"@type":"SearchAction","target":{"@type":"EntryPoint","urlTemplate":"https:\/\/www.notibras.com\/site\/?s={search_term_string}"},"query-input":{"@type":"PropertyValueSpecification","valueRequired":true,"valueName":"search_term_string"}}],"inLanguage":"pt-BR"},{"@type":"Organization","@id":"https:\/\/www.notibras.com\/site\/#organization","name":"Grupo Notibras de Comunica\u00e7\u00e3o","url":"https:\/\/www.notibras.com\/site\/","logo":{"@type":"ImageObject","inLanguage":"pt-BR","@id":"https:\/\/www.notibras.com\/site\/#\/schema\/logo\/image\/","url":"https:\/\/www.notibras.com\/site\/wp-content\/uploads\/2023\/01\/notibras23.png","contentUrl":"https:\/\/www.notibras.com\/site\/wp-content\/uploads\/2023\/01\/notibras23.png","width":350,"height":87,"caption":"Grupo Notibras de Comunica\u00e7\u00e3o"},"image":{"@id":"https:\/\/www.notibras.com\/site\/#\/schema\/logo\/image\/"},"sameAs":["https:\/\/www.facebook.com\/notibras\/","https:\/\/x.com\/Notibras","https:\/\/www.instagram.com\/notibras\/"]},{"@type":"Person","@id":"https:\/\/www.notibras.com\/site\/#\/schema\/person\/5b7fabf2aedc3ada2105f03b22b4d3dd","name":"Eduardo Mart\u00ednez","image":{"@type":"ImageObject","inLanguage":"pt-BR","@id":"https:\/\/secure.gravatar.com\/avatar\/7902f906289926289cbcda644b5197c796b893c6ffd7b9a536a42d290f7704a0?s=96&d=mm&r=g","url":"https:\/\/secure.gravatar.com\/avatar\/7902f906289926289cbcda644b5197c796b893c6ffd7b9a536a42d290f7704a0?s=96&d=mm&r=g","contentUrl":"https:\/\/secure.gravatar.com\/avatar\/7902f906289926289cbcda644b5197c796b893c6ffd7b9a536a42d290f7704a0?s=96&d=mm&r=g","caption":"Eduardo Mart\u00ednez"}}]}},"amp_enabled":true,"_links":{"self":[{"href":"https:\/\/www.notibras.com\/site\/wp-json\/wp\/v2\/posts\/385846","targetHints":{"allow":["GET"]}}],"collection":[{"href":"https:\/\/www.notibras.com\/site\/wp-json\/wp\/v2\/posts"}],"about":[{"href":"https:\/\/www.notibras.com\/site\/wp-json\/wp\/v2\/types\/post"}],"author":[{"embeddable":true,"href":"https:\/\/www.notibras.com\/site\/wp-json\/wp\/v2\/users\/21"}],"replies":[{"embeddable":true,"href":"https:\/\/www.notibras.com\/site\/wp-json\/wp\/v2\/comments?post=385846"}],"version-history":[{"count":4,"href":"https:\/\/www.notibras.com\/site\/wp-json\/wp\/v2\/posts\/385846\/revisions"}],"predecessor-version":[{"id":385851,"href":"https:\/\/www.notibras.com\/site\/wp-json\/wp\/v2\/posts\/385846\/revisions\/385851"}],"wp:featuredmedia":[{"embeddable":true,"href":"https:\/\/www.notibras.com\/site\/wp-json\/wp\/v2\/media\/385847"}],"wp:attachment":[{"href":"https:\/\/www.notibras.com\/site\/wp-json\/wp\/v2\/media?parent=385846"}],"wp:term":[{"taxonomy":"category","embeddable":true,"href":"https:\/\/www.notibras.com\/site\/wp-json\/wp\/v2\/categories?post=385846"},{"taxonomy":"post_tag","embeddable":true,"href":"https:\/\/www.notibras.com\/site\/wp-json\/wp\/v2\/tags?post=385846"}],"curies":[{"name":"wp","href":"https:\/\/api.w.org\/{rel}","templated":true}]}}