{"id":385857,"date":"2026-03-07T00:45:06","date_gmt":"2026-03-07T03:45:06","guid":{"rendered":"https:\/\/www.notibras.com\/site\/?p=385857"},"modified":"2026-03-06T19:04:05","modified_gmt":"2026-03-06T22:04:05","slug":"carro-da-vacina-passa-por-area-rural-neste-sabado-7","status":"publish","type":"post","link":"https:\/\/www.notibras.com\/site\/carro-da-vacina-passa-por-area-rural-neste-sabado-7\/","title":{"rendered":"Carro da Vacina passa por \u00e1rea rural neste s\u00e1bado (7)"},"content":{"rendered":"<p>S\u00e1bado (7) \u00e9 dia de ampliar a prote\u00e7\u00e3o da popula\u00e7\u00e3o do Distrito Federal contra doen\u00e7as que podem ser evitadas com vacinas. Haver\u00e1 atendimento a pessoas de todas as faixas et\u00e1rias em 49 unidades b\u00e1sicas de sa\u00fade (UBSs), enquanto o Carro da Vacina percorrer\u00e1 o N\u00facleo Rural Boa Esperan\u00e7a, em Ceil\u00e2ndia. A lista completa com endere\u00e7os e hor\u00e1rios est\u00e1 dispon\u00edvel no <a href=\"https:\/\/www.saude.df.gov.br\/pt\/locais-de-vacinacao\">site da Secretaria de Sa\u00fade<\/a>.<\/p>\n<p>Estar\u00e3o dispon\u00edveis vacinas contra doen\u00e7as como febre amarela, p\u00f3lio, meningite, covid-19, sarampo, t\u00e9tano, difteria e hepatite. A aplica\u00e7\u00e3o ocorre conforme o <a href=\"https:\/\/www.saude.df.gov.br\/documents\/d\/saude\/calendario-rotina_site-pdf\">Calend\u00e1rio de Vacina\u00e7\u00e3o<\/a>, de acordo com a faixa et\u00e1ria de cada pessoa.<\/p>\n<p>A orienta\u00e7\u00e3o da Secretaria de Sa\u00fade (SES-DF) \u00e9 levar um documento de identifica\u00e7\u00e3o e, se dispon\u00edvel, a caderneta de vacina\u00e7\u00e3o. Em cada local, as equipes est\u00e3o preparadas para avaliar a situa\u00e7\u00e3o vacinal e indicar a aplica\u00e7\u00e3o dos imunizantes. Se necess\u00e1rio, mais de uma vacina pode ser aplicada na mesma visita.<\/p>\n<p>N\u00e3o haver\u00e1 vacina\u00e7\u00e3o no domingo (8). J\u00e1 na segunda-feira (9), mais de cem salas abrem para atendimento a partir das 7h.<\/p>\n","protected":false},"excerpt":{"rendered":"<p>S\u00e1bado (7) \u00e9 dia de ampliar a prote\u00e7\u00e3o da popula\u00e7\u00e3o do Distrito Federal contra doen\u00e7as que podem ser evitadas com vacinas. Haver\u00e1 atendimento a pessoas de todas as faixas et\u00e1rias em 49 unidades b\u00e1sicas de sa\u00fade (UBSs), enquanto o Carro da Vacina percorrer\u00e1 o N\u00facleo Rural Boa Esperan\u00e7a, em Ceil\u00e2ndia. A lista completa com endere\u00e7os [&hellip;]<\/p>\n","protected":false},"author":21,"featured_media":385858,"comment_status":"closed","ping_status":"closed","sticky":false,"template":"","format":"standard","meta":{"_acf_changed":false,"footnotes":""},"categories":[161],"tags":[],"class_list":["post-385857","post","type-post","status-publish","format-standard","has-post-thumbnail","hentry","category-quadradinho-em-foco"],"acf":[],"yoast_head":"<!-- This site is optimized with the Yoast SEO plugin v27.2 - https:\/\/yoast.com\/product\/yoast-seo-wordpress\/ -->\n<title>Carro da Vacina passa por \u00e1rea rural neste s\u00e1bado (7) - Notibras<\/title>\n<meta name=\"robots\" content=\"index, follow, max-snippet:-1, max-image-preview:large, max-video-preview:-1\" \/>\n<link rel=\"canonical\" href=\"https:\/\/www.notibras.com\/site\/carro-da-vacina-passa-por-area-rural-neste-sabado-7\/\" \/>\n<meta property=\"og:locale\" content=\"pt_BR\" \/>\n<meta property=\"og:type\" content=\"article\" \/>\n<meta property=\"og:title\" content=\"Carro da Vacina passa por \u00e1rea rural neste s\u00e1bado (7) - Notibras\" \/>\n<meta property=\"og:description\" content=\"S\u00e1bado (7) \u00e9 dia de ampliar a prote\u00e7\u00e3o da popula\u00e7\u00e3o do Distrito Federal contra doen\u00e7as que podem ser evitadas com vacinas. Haver\u00e1 atendimento a pessoas de todas as faixas et\u00e1rias em 49 unidades b\u00e1sicas de sa\u00fade (UBSs), enquanto o Carro da Vacina percorrer\u00e1 o N\u00facleo Rural Boa Esperan\u00e7a, em Ceil\u00e2ndia. A lista completa com endere\u00e7os [&hellip;]\" \/>\n<meta property=\"og:url\" content=\"https:\/\/www.notibras.com\/site\/carro-da-vacina-passa-por-area-rural-neste-sabado-7\/\" \/>\n<meta property=\"og:site_name\" content=\"Notibras\" \/>\n<meta property=\"article:publisher\" content=\"https:\/\/www.facebook.com\/notibras\/\" \/>\n<meta property=\"article:published_time\" content=\"2026-03-07T03:45:06+00:00\" \/>\n<meta property=\"og:image\" content=\"https:\/\/www.notibras.com\/site\/wp-content\/uploads\/2026\/03\/Carro-da-Vacina.-Foto-Jhonatan-Cantarelle-Agencia-Saude-DF.jpg\" \/>\n\t<meta property=\"og:image:width\" content=\"2048\" \/>\n\t<meta property=\"og:image:height\" content=\"1365\" \/>\n\t<meta property=\"og:image:type\" content=\"image\/jpeg\" \/>\n<meta name=\"author\" content=\"Eduardo Mart\u00ednez\" \/>\n<meta name=\"twitter:card\" content=\"summary_large_image\" \/>\n<meta name=\"twitter:creator\" content=\"@Notibras\" \/>\n<meta name=\"twitter:site\" content=\"@Notibras\" \/>\n<meta name=\"twitter:label1\" content=\"Escrito por\" \/>\n\t<meta name=\"twitter:data1\" content=\"Eduardo Mart\u00ednez\" \/>\n\t<meta name=\"twitter:label2\" content=\"Est. tempo de leitura\" \/>\n\t<meta name=\"twitter:data2\" content=\"2 minutos\" \/>\n<script type=\"application\/ld+json\" class=\"yoast-schema-graph\">{\"@context\":\"https:\/\/schema.org\",\"@graph\":[{\"@type\":\"Article\",\"@id\":\"https:\/\/www.notibras.com\/site\/carro-da-vacina-passa-por-area-rural-neste-sabado-7\/#article\",\"isPartOf\":{\"@id\":\"https:\/\/www.notibras.com\/site\/carro-da-vacina-passa-por-area-rural-neste-sabado-7\/\"},\"author\":{\"name\":\"Eduardo Mart\u00ednez\",\"@id\":\"https:\/\/www.notibras.com\/site\/#\/schema\/person\/5b7fabf2aedc3ada2105f03b22b4d3dd\"},\"headline\":\"Carro da Vacina passa por \u00e1rea rural neste s\u00e1bado (7)\",\"datePublished\":\"2026-03-07T03:45:06+00:00\",\"mainEntityOfPage\":{\"@id\":\"https:\/\/www.notibras.com\/site\/carro-da-vacina-passa-por-area-rural-neste-sabado-7\/\"},\"wordCount\":207,\"publisher\":{\"@id\":\"https:\/\/www.notibras.com\/site\/#organization\"},\"image\":{\"@id\":\"https:\/\/www.notibras.com\/site\/carro-da-vacina-passa-por-area-rural-neste-sabado-7\/#primaryimage\"},\"thumbnailUrl\":\"https:\/\/www.notibras.com\/site\/wp-content\/uploads\/2026\/03\/Carro-da-Vacina.-Foto-Jhonatan-Cantarelle-Agencia-Saude-DF.jpg\",\"articleSection\":[\"Quadradinho em Foco\"],\"inLanguage\":\"pt-BR\"},{\"@type\":\"WebPage\",\"@id\":\"https:\/\/www.notibras.com\/site\/carro-da-vacina-passa-por-area-rural-neste-sabado-7\/\",\"url\":\"https:\/\/www.notibras.com\/site\/carro-da-vacina-passa-por-area-rural-neste-sabado-7\/\",\"name\":\"Carro da Vacina passa por \u00e1rea rural neste s\u00e1bado (7) - Notibras\",\"isPartOf\":{\"@id\":\"https:\/\/www.notibras.com\/site\/#website\"},\"primaryImageOfPage\":{\"@id\":\"https:\/\/www.notibras.com\/site\/carro-da-vacina-passa-por-area-rural-neste-sabado-7\/#primaryimage\"},\"image\":{\"@id\":\"https:\/\/www.notibras.com\/site\/carro-da-vacina-passa-por-area-rural-neste-sabado-7\/#primaryimage\"},\"thumbnailUrl\":\"https:\/\/www.notibras.com\/site\/wp-content\/uploads\/2026\/03\/Carro-da-Vacina.-Foto-Jhonatan-Cantarelle-Agencia-Saude-DF.jpg\",\"datePublished\":\"2026-03-07T03:45:06+00:00\",\"breadcrumb\":{\"@id\":\"https:\/\/www.notibras.com\/site\/carro-da-vacina-passa-por-area-rural-neste-sabado-7\/#breadcrumb\"},\"inLanguage\":\"pt-BR\",\"potentialAction\":[{\"@type\":\"ReadAction\",\"target\":[\"https:\/\/www.notibras.com\/site\/carro-da-vacina-passa-por-area-rural-neste-sabado-7\/\"]}]},{\"@type\":\"ImageObject\",\"inLanguage\":\"pt-BR\",\"@id\":\"https:\/\/www.notibras.com\/site\/carro-da-vacina-passa-por-area-rural-neste-sabado-7\/#primaryimage\",\"url\":\"https:\/\/www.notibras.com\/site\/wp-content\/uploads\/2026\/03\/Carro-da-Vacina.-Foto-Jhonatan-Cantarelle-Agencia-Saude-DF.jpg\",\"contentUrl\":\"https:\/\/www.notibras.com\/site\/wp-content\/uploads\/2026\/03\/Carro-da-Vacina.-Foto-Jhonatan-Cantarelle-Agencia-Saude-DF.jpg\",\"width\":2048,\"height\":1365},{\"@type\":\"BreadcrumbList\",\"@id\":\"https:\/\/www.notibras.com\/site\/carro-da-vacina-passa-por-area-rural-neste-sabado-7\/#breadcrumb\",\"itemListElement\":[{\"@type\":\"ListItem\",\"position\":1,\"name\":\"In\u00edcio\",\"item\":\"https:\/\/www.notibras.com\/site\/\"},{\"@type\":\"ListItem\",\"position\":2,\"name\":\"Carro da Vacina passa por \u00e1rea rural neste s\u00e1bado (7)\"}]},{\"@type\":\"WebSite\",\"@id\":\"https:\/\/www.notibras.com\/site\/#website\",\"url\":\"https:\/\/www.notibras.com\/site\/\",\"name\":\"Notibras\",\"description\":\"Not\u00edcias de Bras\u00edlia, do Brasil e do Mundo\",\"publisher\":{\"@id\":\"https:\/\/www.notibras.com\/site\/#organization\"},\"potentialAction\":[{\"@type\":\"SearchAction\",\"target\":{\"@type\":\"EntryPoint\",\"urlTemplate\":\"https:\/\/www.notibras.com\/site\/?s={search_term_string}\"},\"query-input\":{\"@type\":\"PropertyValueSpecification\",\"valueRequired\":true,\"valueName\":\"search_term_string\"}}],\"inLanguage\":\"pt-BR\"},{\"@type\":\"Organization\",\"@id\":\"https:\/\/www.notibras.com\/site\/#organization\",\"name\":\"Grupo Notibras de Comunica\u00e7\u00e3o\",\"url\":\"https:\/\/www.notibras.com\/site\/\",\"logo\":{\"@type\":\"ImageObject\",\"inLanguage\":\"pt-BR\",\"@id\":\"https:\/\/www.notibras.com\/site\/#\/schema\/logo\/image\/\",\"url\":\"https:\/\/www.notibras.com\/site\/wp-content\/uploads\/2023\/01\/notibras23.png\",\"contentUrl\":\"https:\/\/www.notibras.com\/site\/wp-content\/uploads\/2023\/01\/notibras23.png\",\"width\":350,\"height\":87,\"caption\":\"Grupo Notibras de Comunica\u00e7\u00e3o\"},\"image\":{\"@id\":\"https:\/\/www.notibras.com\/site\/#\/schema\/logo\/image\/\"},\"sameAs\":[\"https:\/\/www.facebook.com\/notibras\/\",\"https:\/\/x.com\/Notibras\",\"https:\/\/www.instagram.com\/notibras\/\"]},{\"@type\":\"Person\",\"@id\":\"https:\/\/www.notibras.com\/site\/#\/schema\/person\/5b7fabf2aedc3ada2105f03b22b4d3dd\",\"name\":\"Eduardo Mart\u00ednez\",\"image\":{\"@type\":\"ImageObject\",\"inLanguage\":\"pt-BR\",\"@id\":\"https:\/\/secure.gravatar.com\/avatar\/7902f906289926289cbcda644b5197c796b893c6ffd7b9a536a42d290f7704a0?s=96&d=mm&r=g\",\"url\":\"https:\/\/secure.gravatar.com\/avatar\/7902f906289926289cbcda644b5197c796b893c6ffd7b9a536a42d290f7704a0?s=96&d=mm&r=g\",\"contentUrl\":\"https:\/\/secure.gravatar.com\/avatar\/7902f906289926289cbcda644b5197c796b893c6ffd7b9a536a42d290f7704a0?s=96&d=mm&r=g\",\"caption\":\"Eduardo Mart\u00ednez\"}}]}<\/script>\n<!-- \/ Yoast SEO plugin. -->","yoast_head_json":{"title":"Carro da Vacina passa por \u00e1rea rural neste s\u00e1bado (7) - Notibras","robots":{"index":"index","follow":"follow","max-snippet":"max-snippet:-1","max-image-preview":"max-image-preview:large","max-video-preview":"max-video-preview:-1"},"canonical":"https:\/\/www.notibras.com\/site\/carro-da-vacina-passa-por-area-rural-neste-sabado-7\/","og_locale":"pt_BR","og_type":"article","og_title":"Carro da Vacina passa por \u00e1rea rural neste s\u00e1bado (7) - Notibras","og_description":"S\u00e1bado (7) \u00e9 dia de ampliar a prote\u00e7\u00e3o da popula\u00e7\u00e3o do Distrito Federal contra doen\u00e7as que podem ser evitadas com vacinas. Haver\u00e1 atendimento a pessoas de todas as faixas et\u00e1rias em 49 unidades b\u00e1sicas de sa\u00fade (UBSs), enquanto o Carro da Vacina percorrer\u00e1 o N\u00facleo Rural Boa Esperan\u00e7a, em Ceil\u00e2ndia. A lista completa com endere\u00e7os [&hellip;]","og_url":"https:\/\/www.notibras.com\/site\/carro-da-vacina-passa-por-area-rural-neste-sabado-7\/","og_site_name":"Notibras","article_publisher":"https:\/\/www.facebook.com\/notibras\/","article_published_time":"2026-03-07T03:45:06+00:00","og_image":[{"width":2048,"height":1365,"url":"https:\/\/www.notibras.com\/site\/wp-content\/uploads\/2026\/03\/Carro-da-Vacina.-Foto-Jhonatan-Cantarelle-Agencia-Saude-DF.jpg","type":"image\/jpeg"}],"author":"Eduardo Mart\u00ednez","twitter_card":"summary_large_image","twitter_creator":"@Notibras","twitter_site":"@Notibras","twitter_misc":{"Escrito por":"Eduardo Mart\u00ednez","Est. tempo de leitura":"2 minutos"},"schema":{"@context":"https:\/\/schema.org","@graph":[{"@type":"Article","@id":"https:\/\/www.notibras.com\/site\/carro-da-vacina-passa-por-area-rural-neste-sabado-7\/#article","isPartOf":{"@id":"https:\/\/www.notibras.com\/site\/carro-da-vacina-passa-por-area-rural-neste-sabado-7\/"},"author":{"name":"Eduardo Mart\u00ednez","@id":"https:\/\/www.notibras.com\/site\/#\/schema\/person\/5b7fabf2aedc3ada2105f03b22b4d3dd"},"headline":"Carro da Vacina passa por \u00e1rea rural neste s\u00e1bado (7)","datePublished":"2026-03-07T03:45:06+00:00","mainEntityOfPage":{"@id":"https:\/\/www.notibras.com\/site\/carro-da-vacina-passa-por-area-rural-neste-sabado-7\/"},"wordCount":207,"publisher":{"@id":"https:\/\/www.notibras.com\/site\/#organization"},"image":{"@id":"https:\/\/www.notibras.com\/site\/carro-da-vacina-passa-por-area-rural-neste-sabado-7\/#primaryimage"},"thumbnailUrl":"https:\/\/www.notibras.com\/site\/wp-content\/uploads\/2026\/03\/Carro-da-Vacina.-Foto-Jhonatan-Cantarelle-Agencia-Saude-DF.jpg","articleSection":["Quadradinho em Foco"],"inLanguage":"pt-BR"},{"@type":"WebPage","@id":"https:\/\/www.notibras.com\/site\/carro-da-vacina-passa-por-area-rural-neste-sabado-7\/","url":"https:\/\/www.notibras.com\/site\/carro-da-vacina-passa-por-area-rural-neste-sabado-7\/","name":"Carro da Vacina passa por \u00e1rea rural neste s\u00e1bado (7) - Notibras","isPartOf":{"@id":"https:\/\/www.notibras.com\/site\/#website"},"primaryImageOfPage":{"@id":"https:\/\/www.notibras.com\/site\/carro-da-vacina-passa-por-area-rural-neste-sabado-7\/#primaryimage"},"image":{"@id":"https:\/\/www.notibras.com\/site\/carro-da-vacina-passa-por-area-rural-neste-sabado-7\/#primaryimage"},"thumbnailUrl":"https:\/\/www.notibras.com\/site\/wp-content\/uploads\/2026\/03\/Carro-da-Vacina.-Foto-Jhonatan-Cantarelle-Agencia-Saude-DF.jpg","datePublished":"2026-03-07T03:45:06+00:00","breadcrumb":{"@id":"https:\/\/www.notibras.com\/site\/carro-da-vacina-passa-por-area-rural-neste-sabado-7\/#breadcrumb"},"inLanguage":"pt-BR","potentialAction":[{"@type":"ReadAction","target":["https:\/\/www.notibras.com\/site\/carro-da-vacina-passa-por-area-rural-neste-sabado-7\/"]}]},{"@type":"ImageObject","inLanguage":"pt-BR","@id":"https:\/\/www.notibras.com\/site\/carro-da-vacina-passa-por-area-rural-neste-sabado-7\/#primaryimage","url":"https:\/\/www.notibras.com\/site\/wp-content\/uploads\/2026\/03\/Carro-da-Vacina.-Foto-Jhonatan-Cantarelle-Agencia-Saude-DF.jpg","contentUrl":"https:\/\/www.notibras.com\/site\/wp-content\/uploads\/2026\/03\/Carro-da-Vacina.-Foto-Jhonatan-Cantarelle-Agencia-Saude-DF.jpg","width":2048,"height":1365},{"@type":"BreadcrumbList","@id":"https:\/\/www.notibras.com\/site\/carro-da-vacina-passa-por-area-rural-neste-sabado-7\/#breadcrumb","itemListElement":[{"@type":"ListItem","position":1,"name":"In\u00edcio","item":"https:\/\/www.notibras.com\/site\/"},{"@type":"ListItem","position":2,"name":"Carro da Vacina passa por \u00e1rea rural neste s\u00e1bado (7)"}]},{"@type":"WebSite","@id":"https:\/\/www.notibras.com\/site\/#website","url":"https:\/\/www.notibras.com\/site\/","name":"Notibras","description":"Not\u00edcias de Bras\u00edlia, do Brasil e do Mundo","publisher":{"@id":"https:\/\/www.notibras.com\/site\/#organization"},"potentialAction":[{"@type":"SearchAction","target":{"@type":"EntryPoint","urlTemplate":"https:\/\/www.notibras.com\/site\/?s={search_term_string}"},"query-input":{"@type":"PropertyValueSpecification","valueRequired":true,"valueName":"search_term_string"}}],"inLanguage":"pt-BR"},{"@type":"Organization","@id":"https:\/\/www.notibras.com\/site\/#organization","name":"Grupo Notibras de Comunica\u00e7\u00e3o","url":"https:\/\/www.notibras.com\/site\/","logo":{"@type":"ImageObject","inLanguage":"pt-BR","@id":"https:\/\/www.notibras.com\/site\/#\/schema\/logo\/image\/","url":"https:\/\/www.notibras.com\/site\/wp-content\/uploads\/2023\/01\/notibras23.png","contentUrl":"https:\/\/www.notibras.com\/site\/wp-content\/uploads\/2023\/01\/notibras23.png","width":350,"height":87,"caption":"Grupo Notibras de Comunica\u00e7\u00e3o"},"image":{"@id":"https:\/\/www.notibras.com\/site\/#\/schema\/logo\/image\/"},"sameAs":["https:\/\/www.facebook.com\/notibras\/","https:\/\/x.com\/Notibras","https:\/\/www.instagram.com\/notibras\/"]},{"@type":"Person","@id":"https:\/\/www.notibras.com\/site\/#\/schema\/person\/5b7fabf2aedc3ada2105f03b22b4d3dd","name":"Eduardo Mart\u00ednez","image":{"@type":"ImageObject","inLanguage":"pt-BR","@id":"https:\/\/secure.gravatar.com\/avatar\/7902f906289926289cbcda644b5197c796b893c6ffd7b9a536a42d290f7704a0?s=96&d=mm&r=g","url":"https:\/\/secure.gravatar.com\/avatar\/7902f906289926289cbcda644b5197c796b893c6ffd7b9a536a42d290f7704a0?s=96&d=mm&r=g","contentUrl":"https:\/\/secure.gravatar.com\/avatar\/7902f906289926289cbcda644b5197c796b893c6ffd7b9a536a42d290f7704a0?s=96&d=mm&r=g","caption":"Eduardo Mart\u00ednez"}}]}},"amp_enabled":true,"_links":{"self":[{"href":"https:\/\/www.notibras.com\/site\/wp-json\/wp\/v2\/posts\/385857","targetHints":{"allow":["GET"]}}],"collection":[{"href":"https:\/\/www.notibras.com\/site\/wp-json\/wp\/v2\/posts"}],"about":[{"href":"https:\/\/www.notibras.com\/site\/wp-json\/wp\/v2\/types\/post"}],"author":[{"embeddable":true,"href":"https:\/\/www.notibras.com\/site\/wp-json\/wp\/v2\/users\/21"}],"replies":[{"embeddable":true,"href":"https:\/\/www.notibras.com\/site\/wp-json\/wp\/v2\/comments?post=385857"}],"version-history":[{"count":1,"href":"https:\/\/www.notibras.com\/site\/wp-json\/wp\/v2\/posts\/385857\/revisions"}],"predecessor-version":[{"id":385859,"href":"https:\/\/www.notibras.com\/site\/wp-json\/wp\/v2\/posts\/385857\/revisions\/385859"}],"wp:featuredmedia":[{"embeddable":true,"href":"https:\/\/www.notibras.com\/site\/wp-json\/wp\/v2\/media\/385858"}],"wp:attachment":[{"href":"https:\/\/www.notibras.com\/site\/wp-json\/wp\/v2\/media?parent=385857"}],"wp:term":[{"taxonomy":"category","embeddable":true,"href":"https:\/\/www.notibras.com\/site\/wp-json\/wp\/v2\/categories?post=385857"},{"taxonomy":"post_tag","embeddable":true,"href":"https:\/\/www.notibras.com\/site\/wp-json\/wp\/v2\/tags?post=385857"}],"curies":[{"name":"wp","href":"https:\/\/api.w.org\/{rel}","templated":true}]}}