{"id":385866,"date":"2026-03-07T00:00:03","date_gmt":"2026-03-07T03:00:03","guid":{"rendered":"https:\/\/www.notibras.com\/site\/?p=385866"},"modified":"2026-03-06T19:31:43","modified_gmt":"2026-03-06T22:31:43","slug":"um-conto-e-um-miniconto-da-pandemia","status":"publish","type":"post","link":"https:\/\/www.notibras.com\/site\/um-conto-e-um-miniconto-da-pandemia\/","title":{"rendered":"Um conto e um miniconto da pandemia"},"content":{"rendered":"<p>Os dois eram amigos do Facebook.<\/p>\n<p>Ela postou um conto er\u00f3tico. Ele gostou e fez o mesmo. Ela respondeu com um segundo conto, ainda mais picante. Ele buscou o empate e soltou a franga \u2013 mas nada compar\u00e1vel ao terceiro texto dela. Ambos recebiam cr\u00edticas e elogios, mas sabiam que s\u00f3 uma opini\u00e3o importava \u2013 a do(a) colega de contos er\u00f3ticos.<\/p>\n<p>A essa altura, j\u00e1 haviam trocado e-mails e continuaram o di\u00e1logo em privado, realmente o Facebook n\u00e3o era espa\u00e7o para textos t\u00e3o obscenos \u2013 um jogo de sedu\u00e7\u00e3o das partes baixas.<\/p>\n<p>Foi ent\u00e3o que decidiram enfrentar o v\u00edrus, romper a quarentena (por sorte, estavam em cidades pr\u00f3ximas do mesmo estado) e ver qual era a do(a) colega. Ele sabia que, com o cabelo e a barba sem cortar h\u00e1 tr\u00eas meses, estava feio pra ded\u00e9u, se neandertalizava a passos largos, mas tamb\u00e9m tinha consci\u00eancia de que as afinidades entre os dois eram fortes. E tinham uma vantagem, os textos sacaninhas haviam deixado expl\u00edcito do que ele e ela mais gostavam. \u201cMeu reino por um sexo oral!\u201d, escrevia ele. \u201cCom linguadas no capricho!\u201d, ela acrescentava. \u201cDane-se o v\u00edrus!\u201d era a palavra de ordem comum, vers\u00e3o contempor\u00e2nea do Deus vult (Deus assim quer) da Primeira Cruzada.<\/p>\n<p>Assim, certo dia, ao cair da noite, os dois se encontraram pela primeira vez. Seguiram para o apartamento dele \u2013 a neta foi sumariamente despejada, com ordens para dormir na casa da m\u00e3e \u2013 e treparam como quarentemados no cio. Foram plenamente atendidas as reivindica\u00e7\u00f5es expressas nas palavras de ordem sexuais. E muito mais, que a imagina\u00e7\u00e3o dos dois contistas er\u00f3ticos corria solta.<\/p>\n<p>No dia seguinte, ela voltou para seu isolamento. Dias depois, trocando e-mails, os dois admitiram que haviam se contaminado com o Covid-19.<\/p>\n<p>Foram internados em hospitais diferentes \u2013 ele do SUS, ela de uma rede particular. Morreram no mesmo dia, praticamente na mesma hora. Nos \u00faltimos momentos, descartaram as mem\u00f3rias um do outro para evocar docemente velhos amores.<\/p>\n<p><strong>Fama<\/strong><\/p>\n<p>Ela queria ser famosa. Vestiu um shortinho e um busti\u00ea e foi pra uma fila de shopping. Gritava sem parar \u201cAbaixo a Covid-19!\u201d e passou a beijar todo mundo, no rosto ou na boca. Um amigo que a acompanhava gravou os beijos e as rea\u00e7\u00f5es espantadas, escandalizadas ou divertidas das v\u00edtimas do ass\u00e9dio. Depois, postou e esperou.<\/p>\n<p>Viralizou com tudo. Quando alcan\u00e7ou meio milh\u00e3o de seguidores, deu entrada no hospital. Ao morrer, tinha mais de dois milh\u00f5es de likes em sua p\u00e1gina.<\/p>\n","protected":false},"excerpt":{"rendered":"<p>Os dois eram amigos do Facebook. Ela postou um conto er\u00f3tico. Ele gostou e fez o mesmo. Ela respondeu com um segundo conto, ainda mais picante. Ele buscou o empate e soltou a franga \u2013 mas nada compar\u00e1vel ao terceiro texto dela. Ambos recebiam cr\u00edticas e elogios, mas sabiam que s\u00f3 uma opini\u00e3o importava \u2013 [&hellip;]<\/p>\n","protected":false},"author":21,"featured_media":385867,"comment_status":"closed","ping_status":"closed","sticky":false,"template":"","format":"standard","meta":{"_acf_changed":false,"footnotes":""},"categories":[234],"tags":[],"class_list":["post-385866","post","type-post","status-publish","format-standard","has-post-thumbnail","hentry","category-cafe-literario"],"acf":[],"yoast_head":"<!-- This site is optimized with the Yoast SEO plugin v27.2 - https:\/\/yoast.com\/product\/yoast-seo-wordpress\/ -->\n<title>Um conto e um miniconto da pandemia - Notibras<\/title>\n<meta name=\"robots\" content=\"index, follow, max-snippet:-1, max-image-preview:large, max-video-preview:-1\" \/>\n<link rel=\"canonical\" href=\"https:\/\/www.notibras.com\/site\/um-conto-e-um-miniconto-da-pandemia\/\" \/>\n<meta property=\"og:locale\" content=\"pt_BR\" \/>\n<meta property=\"og:type\" content=\"article\" \/>\n<meta property=\"og:title\" content=\"Um conto e um miniconto da pandemia - Notibras\" \/>\n<meta property=\"og:description\" content=\"Os dois eram amigos do Facebook. Ela postou um conto er\u00f3tico. Ele gostou e fez o mesmo. Ela respondeu com um segundo conto, ainda mais picante. Ele buscou o empate e soltou a franga \u2013 mas nada compar\u00e1vel ao terceiro texto dela. Ambos recebiam cr\u00edticas e elogios, mas sabiam que s\u00f3 uma opini\u00e3o importava \u2013 [&hellip;]\" \/>\n<meta property=\"og:url\" content=\"https:\/\/www.notibras.com\/site\/um-conto-e-um-miniconto-da-pandemia\/\" \/>\n<meta property=\"og:site_name\" content=\"Notibras\" \/>\n<meta property=\"article:publisher\" content=\"https:\/\/www.facebook.com\/notibras\/\" \/>\n<meta property=\"article:published_time\" content=\"2026-03-07T03:00:03+00:00\" \/>\n<meta property=\"og:image\" content=\"https:\/\/www.notibras.com\/site\/wp-content\/uploads\/2026\/03\/WhatsApp-Image-2026-03-06-at-19.26.54.jpeg\" \/>\n\t<meta property=\"og:image:width\" content=\"1024\" \/>\n\t<meta property=\"og:image:height\" content=\"559\" \/>\n\t<meta property=\"og:image:type\" content=\"image\/jpeg\" \/>\n<meta name=\"author\" content=\"Eduardo Mart\u00ednez\" \/>\n<meta name=\"twitter:card\" content=\"summary_large_image\" \/>\n<meta name=\"twitter:creator\" content=\"@Notibras\" \/>\n<meta name=\"twitter:site\" content=\"@Notibras\" \/>\n<meta name=\"twitter:label1\" content=\"Escrito por\" \/>\n\t<meta name=\"twitter:data1\" content=\"Eduardo Mart\u00ednez\" \/>\n\t<meta name=\"twitter:label2\" content=\"Est. tempo de leitura\" \/>\n\t<meta name=\"twitter:data2\" content=\"3 minutos\" \/>\n<script type=\"application\/ld+json\" class=\"yoast-schema-graph\">{\"@context\":\"https:\/\/schema.org\",\"@graph\":[{\"@type\":\"Article\",\"@id\":\"https:\/\/www.notibras.com\/site\/um-conto-e-um-miniconto-da-pandemia\/#article\",\"isPartOf\":{\"@id\":\"https:\/\/www.notibras.com\/site\/um-conto-e-um-miniconto-da-pandemia\/\"},\"author\":{\"name\":\"Eduardo Mart\u00ednez\",\"@id\":\"https:\/\/www.notibras.com\/site\/#\/schema\/person\/5b7fabf2aedc3ada2105f03b22b4d3dd\"},\"headline\":\"Um conto e um miniconto da pandemia\",\"datePublished\":\"2026-03-07T03:00:03+00:00\",\"mainEntityOfPage\":{\"@id\":\"https:\/\/www.notibras.com\/site\/um-conto-e-um-miniconto-da-pandemia\/\"},\"wordCount\":445,\"publisher\":{\"@id\":\"https:\/\/www.notibras.com\/site\/#organization\"},\"image\":{\"@id\":\"https:\/\/www.notibras.com\/site\/um-conto-e-um-miniconto-da-pandemia\/#primaryimage\"},\"thumbnailUrl\":\"https:\/\/www.notibras.com\/site\/wp-content\/uploads\/2026\/03\/WhatsApp-Image-2026-03-06-at-19.26.54.jpeg\",\"articleSection\":[\"Caf\u00e9 Liter\u00e1rio\"],\"inLanguage\":\"pt-BR\"},{\"@type\":\"WebPage\",\"@id\":\"https:\/\/www.notibras.com\/site\/um-conto-e-um-miniconto-da-pandemia\/\",\"url\":\"https:\/\/www.notibras.com\/site\/um-conto-e-um-miniconto-da-pandemia\/\",\"name\":\"Um conto e um miniconto da pandemia - Notibras\",\"isPartOf\":{\"@id\":\"https:\/\/www.notibras.com\/site\/#website\"},\"primaryImageOfPage\":{\"@id\":\"https:\/\/www.notibras.com\/site\/um-conto-e-um-miniconto-da-pandemia\/#primaryimage\"},\"image\":{\"@id\":\"https:\/\/www.notibras.com\/site\/um-conto-e-um-miniconto-da-pandemia\/#primaryimage\"},\"thumbnailUrl\":\"https:\/\/www.notibras.com\/site\/wp-content\/uploads\/2026\/03\/WhatsApp-Image-2026-03-06-at-19.26.54.jpeg\",\"datePublished\":\"2026-03-07T03:00:03+00:00\",\"breadcrumb\":{\"@id\":\"https:\/\/www.notibras.com\/site\/um-conto-e-um-miniconto-da-pandemia\/#breadcrumb\"},\"inLanguage\":\"pt-BR\",\"potentialAction\":[{\"@type\":\"ReadAction\",\"target\":[\"https:\/\/www.notibras.com\/site\/um-conto-e-um-miniconto-da-pandemia\/\"]}]},{\"@type\":\"ImageObject\",\"inLanguage\":\"pt-BR\",\"@id\":\"https:\/\/www.notibras.com\/site\/um-conto-e-um-miniconto-da-pandemia\/#primaryimage\",\"url\":\"https:\/\/www.notibras.com\/site\/wp-content\/uploads\/2026\/03\/WhatsApp-Image-2026-03-06-at-19.26.54.jpeg\",\"contentUrl\":\"https:\/\/www.notibras.com\/site\/wp-content\/uploads\/2026\/03\/WhatsApp-Image-2026-03-06-at-19.26.54.jpeg\",\"width\":1024,\"height\":559},{\"@type\":\"BreadcrumbList\",\"@id\":\"https:\/\/www.notibras.com\/site\/um-conto-e-um-miniconto-da-pandemia\/#breadcrumb\",\"itemListElement\":[{\"@type\":\"ListItem\",\"position\":1,\"name\":\"In\u00edcio\",\"item\":\"https:\/\/www.notibras.com\/site\/\"},{\"@type\":\"ListItem\",\"position\":2,\"name\":\"Um conto e um miniconto da pandemia\"}]},{\"@type\":\"WebSite\",\"@id\":\"https:\/\/www.notibras.com\/site\/#website\",\"url\":\"https:\/\/www.notibras.com\/site\/\",\"name\":\"Notibras\",\"description\":\"Not\u00edcias de Bras\u00edlia, do Brasil e do Mundo\",\"publisher\":{\"@id\":\"https:\/\/www.notibras.com\/site\/#organization\"},\"potentialAction\":[{\"@type\":\"SearchAction\",\"target\":{\"@type\":\"EntryPoint\",\"urlTemplate\":\"https:\/\/www.notibras.com\/site\/?s={search_term_string}\"},\"query-input\":{\"@type\":\"PropertyValueSpecification\",\"valueRequired\":true,\"valueName\":\"search_term_string\"}}],\"inLanguage\":\"pt-BR\"},{\"@type\":\"Organization\",\"@id\":\"https:\/\/www.notibras.com\/site\/#organization\",\"name\":\"Grupo Notibras de Comunica\u00e7\u00e3o\",\"url\":\"https:\/\/www.notibras.com\/site\/\",\"logo\":{\"@type\":\"ImageObject\",\"inLanguage\":\"pt-BR\",\"@id\":\"https:\/\/www.notibras.com\/site\/#\/schema\/logo\/image\/\",\"url\":\"https:\/\/www.notibras.com\/site\/wp-content\/uploads\/2023\/01\/notibras23.png\",\"contentUrl\":\"https:\/\/www.notibras.com\/site\/wp-content\/uploads\/2023\/01\/notibras23.png\",\"width\":350,\"height\":87,\"caption\":\"Grupo Notibras de Comunica\u00e7\u00e3o\"},\"image\":{\"@id\":\"https:\/\/www.notibras.com\/site\/#\/schema\/logo\/image\/\"},\"sameAs\":[\"https:\/\/www.facebook.com\/notibras\/\",\"https:\/\/x.com\/Notibras\",\"https:\/\/www.instagram.com\/notibras\/\"]},{\"@type\":\"Person\",\"@id\":\"https:\/\/www.notibras.com\/site\/#\/schema\/person\/5b7fabf2aedc3ada2105f03b22b4d3dd\",\"name\":\"Eduardo Mart\u00ednez\",\"image\":{\"@type\":\"ImageObject\",\"inLanguage\":\"pt-BR\",\"@id\":\"https:\/\/secure.gravatar.com\/avatar\/7902f906289926289cbcda644b5197c796b893c6ffd7b9a536a42d290f7704a0?s=96&d=mm&r=g\",\"url\":\"https:\/\/secure.gravatar.com\/avatar\/7902f906289926289cbcda644b5197c796b893c6ffd7b9a536a42d290f7704a0?s=96&d=mm&r=g\",\"contentUrl\":\"https:\/\/secure.gravatar.com\/avatar\/7902f906289926289cbcda644b5197c796b893c6ffd7b9a536a42d290f7704a0?s=96&d=mm&r=g\",\"caption\":\"Eduardo Mart\u00ednez\"}}]}<\/script>\n<!-- \/ Yoast SEO plugin. -->","yoast_head_json":{"title":"Um conto e um miniconto da pandemia - Notibras","robots":{"index":"index","follow":"follow","max-snippet":"max-snippet:-1","max-image-preview":"max-image-preview:large","max-video-preview":"max-video-preview:-1"},"canonical":"https:\/\/www.notibras.com\/site\/um-conto-e-um-miniconto-da-pandemia\/","og_locale":"pt_BR","og_type":"article","og_title":"Um conto e um miniconto da pandemia - Notibras","og_description":"Os dois eram amigos do Facebook. Ela postou um conto er\u00f3tico. Ele gostou e fez o mesmo. Ela respondeu com um segundo conto, ainda mais picante. Ele buscou o empate e soltou a franga \u2013 mas nada compar\u00e1vel ao terceiro texto dela. Ambos recebiam cr\u00edticas e elogios, mas sabiam que s\u00f3 uma opini\u00e3o importava \u2013 [&hellip;]","og_url":"https:\/\/www.notibras.com\/site\/um-conto-e-um-miniconto-da-pandemia\/","og_site_name":"Notibras","article_publisher":"https:\/\/www.facebook.com\/notibras\/","article_published_time":"2026-03-07T03:00:03+00:00","og_image":[{"width":1024,"height":559,"url":"https:\/\/www.notibras.com\/site\/wp-content\/uploads\/2026\/03\/WhatsApp-Image-2026-03-06-at-19.26.54.jpeg","type":"image\/jpeg"}],"author":"Eduardo Mart\u00ednez","twitter_card":"summary_large_image","twitter_creator":"@Notibras","twitter_site":"@Notibras","twitter_misc":{"Escrito por":"Eduardo Mart\u00ednez","Est. tempo de leitura":"3 minutos"},"schema":{"@context":"https:\/\/schema.org","@graph":[{"@type":"Article","@id":"https:\/\/www.notibras.com\/site\/um-conto-e-um-miniconto-da-pandemia\/#article","isPartOf":{"@id":"https:\/\/www.notibras.com\/site\/um-conto-e-um-miniconto-da-pandemia\/"},"author":{"name":"Eduardo Mart\u00ednez","@id":"https:\/\/www.notibras.com\/site\/#\/schema\/person\/5b7fabf2aedc3ada2105f03b22b4d3dd"},"headline":"Um conto e um miniconto da pandemia","datePublished":"2026-03-07T03:00:03+00:00","mainEntityOfPage":{"@id":"https:\/\/www.notibras.com\/site\/um-conto-e-um-miniconto-da-pandemia\/"},"wordCount":445,"publisher":{"@id":"https:\/\/www.notibras.com\/site\/#organization"},"image":{"@id":"https:\/\/www.notibras.com\/site\/um-conto-e-um-miniconto-da-pandemia\/#primaryimage"},"thumbnailUrl":"https:\/\/www.notibras.com\/site\/wp-content\/uploads\/2026\/03\/WhatsApp-Image-2026-03-06-at-19.26.54.jpeg","articleSection":["Caf\u00e9 Liter\u00e1rio"],"inLanguage":"pt-BR"},{"@type":"WebPage","@id":"https:\/\/www.notibras.com\/site\/um-conto-e-um-miniconto-da-pandemia\/","url":"https:\/\/www.notibras.com\/site\/um-conto-e-um-miniconto-da-pandemia\/","name":"Um conto e um miniconto da pandemia - Notibras","isPartOf":{"@id":"https:\/\/www.notibras.com\/site\/#website"},"primaryImageOfPage":{"@id":"https:\/\/www.notibras.com\/site\/um-conto-e-um-miniconto-da-pandemia\/#primaryimage"},"image":{"@id":"https:\/\/www.notibras.com\/site\/um-conto-e-um-miniconto-da-pandemia\/#primaryimage"},"thumbnailUrl":"https:\/\/www.notibras.com\/site\/wp-content\/uploads\/2026\/03\/WhatsApp-Image-2026-03-06-at-19.26.54.jpeg","datePublished":"2026-03-07T03:00:03+00:00","breadcrumb":{"@id":"https:\/\/www.notibras.com\/site\/um-conto-e-um-miniconto-da-pandemia\/#breadcrumb"},"inLanguage":"pt-BR","potentialAction":[{"@type":"ReadAction","target":["https:\/\/www.notibras.com\/site\/um-conto-e-um-miniconto-da-pandemia\/"]}]},{"@type":"ImageObject","inLanguage":"pt-BR","@id":"https:\/\/www.notibras.com\/site\/um-conto-e-um-miniconto-da-pandemia\/#primaryimage","url":"https:\/\/www.notibras.com\/site\/wp-content\/uploads\/2026\/03\/WhatsApp-Image-2026-03-06-at-19.26.54.jpeg","contentUrl":"https:\/\/www.notibras.com\/site\/wp-content\/uploads\/2026\/03\/WhatsApp-Image-2026-03-06-at-19.26.54.jpeg","width":1024,"height":559},{"@type":"BreadcrumbList","@id":"https:\/\/www.notibras.com\/site\/um-conto-e-um-miniconto-da-pandemia\/#breadcrumb","itemListElement":[{"@type":"ListItem","position":1,"name":"In\u00edcio","item":"https:\/\/www.notibras.com\/site\/"},{"@type":"ListItem","position":2,"name":"Um conto e um miniconto da pandemia"}]},{"@type":"WebSite","@id":"https:\/\/www.notibras.com\/site\/#website","url":"https:\/\/www.notibras.com\/site\/","name":"Notibras","description":"Not\u00edcias de Bras\u00edlia, do Brasil e do Mundo","publisher":{"@id":"https:\/\/www.notibras.com\/site\/#organization"},"potentialAction":[{"@type":"SearchAction","target":{"@type":"EntryPoint","urlTemplate":"https:\/\/www.notibras.com\/site\/?s={search_term_string}"},"query-input":{"@type":"PropertyValueSpecification","valueRequired":true,"valueName":"search_term_string"}}],"inLanguage":"pt-BR"},{"@type":"Organization","@id":"https:\/\/www.notibras.com\/site\/#organization","name":"Grupo Notibras de Comunica\u00e7\u00e3o","url":"https:\/\/www.notibras.com\/site\/","logo":{"@type":"ImageObject","inLanguage":"pt-BR","@id":"https:\/\/www.notibras.com\/site\/#\/schema\/logo\/image\/","url":"https:\/\/www.notibras.com\/site\/wp-content\/uploads\/2023\/01\/notibras23.png","contentUrl":"https:\/\/www.notibras.com\/site\/wp-content\/uploads\/2023\/01\/notibras23.png","width":350,"height":87,"caption":"Grupo Notibras de Comunica\u00e7\u00e3o"},"image":{"@id":"https:\/\/www.notibras.com\/site\/#\/schema\/logo\/image\/"},"sameAs":["https:\/\/www.facebook.com\/notibras\/","https:\/\/x.com\/Notibras","https:\/\/www.instagram.com\/notibras\/"]},{"@type":"Person","@id":"https:\/\/www.notibras.com\/site\/#\/schema\/person\/5b7fabf2aedc3ada2105f03b22b4d3dd","name":"Eduardo Mart\u00ednez","image":{"@type":"ImageObject","inLanguage":"pt-BR","@id":"https:\/\/secure.gravatar.com\/avatar\/7902f906289926289cbcda644b5197c796b893c6ffd7b9a536a42d290f7704a0?s=96&d=mm&r=g","url":"https:\/\/secure.gravatar.com\/avatar\/7902f906289926289cbcda644b5197c796b893c6ffd7b9a536a42d290f7704a0?s=96&d=mm&r=g","contentUrl":"https:\/\/secure.gravatar.com\/avatar\/7902f906289926289cbcda644b5197c796b893c6ffd7b9a536a42d290f7704a0?s=96&d=mm&r=g","caption":"Eduardo Mart\u00ednez"}}]}},"amp_enabled":true,"_links":{"self":[{"href":"https:\/\/www.notibras.com\/site\/wp-json\/wp\/v2\/posts\/385866","targetHints":{"allow":["GET"]}}],"collection":[{"href":"https:\/\/www.notibras.com\/site\/wp-json\/wp\/v2\/posts"}],"about":[{"href":"https:\/\/www.notibras.com\/site\/wp-json\/wp\/v2\/types\/post"}],"author":[{"embeddable":true,"href":"https:\/\/www.notibras.com\/site\/wp-json\/wp\/v2\/users\/21"}],"replies":[{"embeddable":true,"href":"https:\/\/www.notibras.com\/site\/wp-json\/wp\/v2\/comments?post=385866"}],"version-history":[{"count":2,"href":"https:\/\/www.notibras.com\/site\/wp-json\/wp\/v2\/posts\/385866\/revisions"}],"predecessor-version":[{"id":385869,"href":"https:\/\/www.notibras.com\/site\/wp-json\/wp\/v2\/posts\/385866\/revisions\/385869"}],"wp:featuredmedia":[{"embeddable":true,"href":"https:\/\/www.notibras.com\/site\/wp-json\/wp\/v2\/media\/385867"}],"wp:attachment":[{"href":"https:\/\/www.notibras.com\/site\/wp-json\/wp\/v2\/media?parent=385866"}],"wp:term":[{"taxonomy":"category","embeddable":true,"href":"https:\/\/www.notibras.com\/site\/wp-json\/wp\/v2\/categories?post=385866"},{"taxonomy":"post_tag","embeddable":true,"href":"https:\/\/www.notibras.com\/site\/wp-json\/wp\/v2\/tags?post=385866"}],"curies":[{"name":"wp","href":"https:\/\/api.w.org\/{rel}","templated":true}]}}