{"id":385870,"date":"2026-03-07T01:00:40","date_gmt":"2026-03-07T04:00:40","guid":{"rendered":"https:\/\/www.notibras.com\/site\/?p=385870"},"modified":"2026-03-07T10:10:55","modified_gmt":"2026-03-07T13:10:55","slug":"forca-tarefa-aplica-25-toneladas-de-asfalto-e-remove-64-toneladas-de-entulho","status":"publish","type":"post","link":"https:\/\/www.notibras.com\/site\/forca-tarefa-aplica-25-toneladas-de-asfalto-e-remove-64-toneladas-de-entulho\/","title":{"rendered":"For\u00e7a-tarefa aplica 25 toneladas de asfalto e remove 64 toneladas de entulho"},"content":{"rendered":"<p>Uma for\u00e7a-tarefa de manuten\u00e7\u00e3o urbana realizada ao longo da semana em Ceil\u00e2ndia resultou na aplica\u00e7\u00e3o de mais de 25 toneladas de massa asf\u00e1ltica e na retirada de 64 toneladas de entulho descartado irregularmente em diferentes pontos da cidade. As a\u00e7\u00f5es ocorreram entre segunda (2) e sexta-feira (6), uma parceria entre a Administra\u00e7\u00e3o Regional de Ceil\u00e2ndia, Novacap e o Servi\u00e7o de Limpeza Urbana (SLU) que teve como objetivo refor\u00e7ar a infraestrutura e manter a cidade organizada.<\/p>\n<p>Os servi\u00e7os de recupera\u00e7\u00e3o asf\u00e1ltica foram executados em diversas vias, entre elas QNN 27; QNN 37; QNM 23, Conjunto A; Via N3 Norte; Via O4; Via Leste, parte sul; Via P3 Sul; lateral da QNN 9 e na via de acesso aos conjuntos da QNN 4. As interven\u00e7\u00f5es visam melhorar as condi\u00e7\u00f5es de tr\u00e1fego e aumentar a seguran\u00e7a de motoristas e pedestres.<\/p>\n<p>Na \u00e1rea de limpeza urbana, as equipes retiraram res\u00edduos e entulho descartados irregularmente em locais como QNM 30, Via M-3 Sul, QNN 14 e ADE do P Sul. A remo\u00e7\u00e3o desses materiais tamb\u00e9m ajuda a evitar o entupimento da rede de drenagem e a reduzir riscos de alagamentos durante o per\u00edodo chuvoso.<\/p>\n<p>A semana tamb\u00e9m contou com servi\u00e7os de manuten\u00e7\u00e3o da rede de drenagem pluvial, incluindo desobstru\u00e7\u00e3o de tubula\u00e7\u00f5es com hidrojato e reposi\u00e7\u00e3o de tampas de bocas de lobo em vias importantes, como as avenidas H\u00e9lio Prates e Elmo Serejo.<\/p>\n<p>Outras melhorias inclu\u00edram a implanta\u00e7\u00e3o de estacionamento na QNM 10, a constru\u00e7\u00e3o de cal\u00e7ada na Via M-2 Sul, e a recupera\u00e7\u00e3o de \u00e1reas com assoreamento no Setor P Sul e na EQNP 06\/10, ao lado do Centro de Ensino M\u00e9dio 02, em Ceil\u00e2ndia Norte. Al\u00e9m disso, foi feita poda de \u00e1rvores, ro\u00e7agem, limpeza de pra\u00e7as e manuten\u00e7\u00e3o no Est\u00e1dio Regional de Ceil\u00e2ndia (Abadi\u00e3o).<\/p>\n<p>Segundo o administrador regional de Ceil\u00e2ndia, Dilson Resende, o trabalho conjunto entre os \u00f3rg\u00e3os permite ampliar o atendimento das demandas da cidade. \u201cEstamos atuando diariamente em v\u00e1rias frentes para melhorar a infraestrutura de Ceil\u00e2ndia. A parceria com a Novacap e o SLU fortalece esse trabalho e garante mais qualidade de vida para a popula\u00e7\u00e3o\u201d, destacou.<\/p>\n<p>A Administra\u00e7\u00e3o Regional tamb\u00e9m refor\u00e7a o pedido para que a popula\u00e7\u00e3o evite o descarte irregular de lixo e entulho em \u00e1reas p\u00fablicas, pr\u00e1tica que pode provocar entupimento da rede de drenagem e alagamentos.<\/p>\n","protected":false},"excerpt":{"rendered":"<p>Uma for\u00e7a-tarefa de manuten\u00e7\u00e3o urbana realizada ao longo da semana em Ceil\u00e2ndia resultou na aplica\u00e7\u00e3o de mais de 25 toneladas de massa asf\u00e1ltica e na retirada de 64 toneladas de entulho descartado irregularmente em diferentes pontos da cidade. As a\u00e7\u00f5es ocorreram entre segunda (2) e sexta-feira (6), uma parceria entre a Administra\u00e7\u00e3o Regional de Ceil\u00e2ndia, [&hellip;]<\/p>\n","protected":false},"author":21,"featured_media":385871,"comment_status":"closed","ping_status":"closed","sticky":false,"template":"","format":"standard","meta":{"_acf_changed":false,"footnotes":""},"categories":[161],"tags":[],"class_list":["post-385870","post","type-post","status-publish","format-standard","has-post-thumbnail","hentry","category-quadradinho-em-foco"],"acf":[],"yoast_head":"<!-- This site is optimized with the Yoast SEO plugin v27.2 - https:\/\/yoast.com\/product\/yoast-seo-wordpress\/ -->\n<title>For\u00e7a-tarefa aplica 25 toneladas de asfalto e remove 64 toneladas de entulho - Notibras<\/title>\n<meta name=\"robots\" content=\"index, follow, max-snippet:-1, max-image-preview:large, max-video-preview:-1\" \/>\n<link rel=\"canonical\" href=\"https:\/\/www.notibras.com\/site\/forca-tarefa-aplica-25-toneladas-de-asfalto-e-remove-64-toneladas-de-entulho\/\" \/>\n<meta property=\"og:locale\" content=\"pt_BR\" \/>\n<meta property=\"og:type\" content=\"article\" \/>\n<meta property=\"og:title\" content=\"For\u00e7a-tarefa aplica 25 toneladas de asfalto e remove 64 toneladas de entulho - Notibras\" \/>\n<meta property=\"og:description\" content=\"Uma for\u00e7a-tarefa de manuten\u00e7\u00e3o urbana realizada ao longo da semana em Ceil\u00e2ndia resultou na aplica\u00e7\u00e3o de mais de 25 toneladas de massa asf\u00e1ltica e na retirada de 64 toneladas de entulho descartado irregularmente em diferentes pontos da cidade. As a\u00e7\u00f5es ocorreram entre segunda (2) e sexta-feira (6), uma parceria entre a Administra\u00e7\u00e3o Regional de Ceil\u00e2ndia, [&hellip;]\" \/>\n<meta property=\"og:url\" content=\"https:\/\/www.notibras.com\/site\/forca-tarefa-aplica-25-toneladas-de-asfalto-e-remove-64-toneladas-de-entulho\/\" \/>\n<meta property=\"og:site_name\" content=\"Notibras\" \/>\n<meta property=\"article:publisher\" content=\"https:\/\/www.facebook.com\/notibras\/\" \/>\n<meta property=\"article:published_time\" content=\"2026-03-07T04:00:40+00:00\" \/>\n<meta property=\"article:modified_time\" content=\"2026-03-07T13:10:55+00:00\" \/>\n<meta property=\"og:image\" content=\"https:\/\/www.notibras.com\/site\/wp-content\/uploads\/2026\/03\/WhatsApp-Image-2026-03-02-at-18.29.05-1.png\" \/>\n\t<meta property=\"og:image:width\" content=\"1085\" \/>\n\t<meta property=\"og:image:height\" content=\"702\" \/>\n\t<meta property=\"og:image:type\" content=\"image\/png\" \/>\n<meta name=\"author\" content=\"Eduardo Mart\u00ednez\" \/>\n<meta name=\"twitter:card\" content=\"summary_large_image\" \/>\n<meta name=\"twitter:creator\" content=\"@Notibras\" \/>\n<meta name=\"twitter:site\" content=\"@Notibras\" \/>\n<meta name=\"twitter:label1\" content=\"Escrito por\" \/>\n\t<meta name=\"twitter:data1\" content=\"Eduardo Mart\u00ednez\" \/>\n\t<meta name=\"twitter:label2\" content=\"Est. tempo de leitura\" \/>\n\t<meta name=\"twitter:data2\" content=\"3 minutos\" \/>\n<script type=\"application\/ld+json\" class=\"yoast-schema-graph\">{\"@context\":\"https:\/\/schema.org\",\"@graph\":[{\"@type\":\"Article\",\"@id\":\"https:\/\/www.notibras.com\/site\/forca-tarefa-aplica-25-toneladas-de-asfalto-e-remove-64-toneladas-de-entulho\/#article\",\"isPartOf\":{\"@id\":\"https:\/\/www.notibras.com\/site\/forca-tarefa-aplica-25-toneladas-de-asfalto-e-remove-64-toneladas-de-entulho\/\"},\"author\":{\"name\":\"Eduardo Mart\u00ednez\",\"@id\":\"https:\/\/www.notibras.com\/site\/#\/schema\/person\/5b7fabf2aedc3ada2105f03b22b4d3dd\"},\"headline\":\"For\u00e7a-tarefa aplica 25 toneladas de asfalto e remove 64 toneladas de entulho\",\"datePublished\":\"2026-03-07T04:00:40+00:00\",\"dateModified\":\"2026-03-07T13:10:55+00:00\",\"mainEntityOfPage\":{\"@id\":\"https:\/\/www.notibras.com\/site\/forca-tarefa-aplica-25-toneladas-de-asfalto-e-remove-64-toneladas-de-entulho\/\"},\"wordCount\":428,\"publisher\":{\"@id\":\"https:\/\/www.notibras.com\/site\/#organization\"},\"image\":{\"@id\":\"https:\/\/www.notibras.com\/site\/forca-tarefa-aplica-25-toneladas-de-asfalto-e-remove-64-toneladas-de-entulho\/#primaryimage\"},\"thumbnailUrl\":\"https:\/\/www.notibras.com\/site\/wp-content\/uploads\/2026\/03\/WhatsApp-Image-2026-03-02-at-18.29.05-1.png\",\"articleSection\":[\"Quadradinho em Foco\"],\"inLanguage\":\"pt-BR\"},{\"@type\":\"WebPage\",\"@id\":\"https:\/\/www.notibras.com\/site\/forca-tarefa-aplica-25-toneladas-de-asfalto-e-remove-64-toneladas-de-entulho\/\",\"url\":\"https:\/\/www.notibras.com\/site\/forca-tarefa-aplica-25-toneladas-de-asfalto-e-remove-64-toneladas-de-entulho\/\",\"name\":\"For\u00e7a-tarefa aplica 25 toneladas de asfalto e remove 64 toneladas de entulho - Notibras\",\"isPartOf\":{\"@id\":\"https:\/\/www.notibras.com\/site\/#website\"},\"primaryImageOfPage\":{\"@id\":\"https:\/\/www.notibras.com\/site\/forca-tarefa-aplica-25-toneladas-de-asfalto-e-remove-64-toneladas-de-entulho\/#primaryimage\"},\"image\":{\"@id\":\"https:\/\/www.notibras.com\/site\/forca-tarefa-aplica-25-toneladas-de-asfalto-e-remove-64-toneladas-de-entulho\/#primaryimage\"},\"thumbnailUrl\":\"https:\/\/www.notibras.com\/site\/wp-content\/uploads\/2026\/03\/WhatsApp-Image-2026-03-02-at-18.29.05-1.png\",\"datePublished\":\"2026-03-07T04:00:40+00:00\",\"dateModified\":\"2026-03-07T13:10:55+00:00\",\"breadcrumb\":{\"@id\":\"https:\/\/www.notibras.com\/site\/forca-tarefa-aplica-25-toneladas-de-asfalto-e-remove-64-toneladas-de-entulho\/#breadcrumb\"},\"inLanguage\":\"pt-BR\",\"potentialAction\":[{\"@type\":\"ReadAction\",\"target\":[\"https:\/\/www.notibras.com\/site\/forca-tarefa-aplica-25-toneladas-de-asfalto-e-remove-64-toneladas-de-entulho\/\"]}]},{\"@type\":\"ImageObject\",\"inLanguage\":\"pt-BR\",\"@id\":\"https:\/\/www.notibras.com\/site\/forca-tarefa-aplica-25-toneladas-de-asfalto-e-remove-64-toneladas-de-entulho\/#primaryimage\",\"url\":\"https:\/\/www.notibras.com\/site\/wp-content\/uploads\/2026\/03\/WhatsApp-Image-2026-03-02-at-18.29.05-1.png\",\"contentUrl\":\"https:\/\/www.notibras.com\/site\/wp-content\/uploads\/2026\/03\/WhatsApp-Image-2026-03-02-at-18.29.05-1.png\",\"width\":1085,\"height\":702},{\"@type\":\"BreadcrumbList\",\"@id\":\"https:\/\/www.notibras.com\/site\/forca-tarefa-aplica-25-toneladas-de-asfalto-e-remove-64-toneladas-de-entulho\/#breadcrumb\",\"itemListElement\":[{\"@type\":\"ListItem\",\"position\":1,\"name\":\"In\u00edcio\",\"item\":\"https:\/\/www.notibras.com\/site\/\"},{\"@type\":\"ListItem\",\"position\":2,\"name\":\"For\u00e7a-tarefa aplica 25 toneladas de asfalto e remove 64 toneladas de entulho\"}]},{\"@type\":\"WebSite\",\"@id\":\"https:\/\/www.notibras.com\/site\/#website\",\"url\":\"https:\/\/www.notibras.com\/site\/\",\"name\":\"Notibras\",\"description\":\"Not\u00edcias de Bras\u00edlia, do Brasil e do Mundo\",\"publisher\":{\"@id\":\"https:\/\/www.notibras.com\/site\/#organization\"},\"potentialAction\":[{\"@type\":\"SearchAction\",\"target\":{\"@type\":\"EntryPoint\",\"urlTemplate\":\"https:\/\/www.notibras.com\/site\/?s={search_term_string}\"},\"query-input\":{\"@type\":\"PropertyValueSpecification\",\"valueRequired\":true,\"valueName\":\"search_term_string\"}}],\"inLanguage\":\"pt-BR\"},{\"@type\":\"Organization\",\"@id\":\"https:\/\/www.notibras.com\/site\/#organization\",\"name\":\"Grupo Notibras de Comunica\u00e7\u00e3o\",\"url\":\"https:\/\/www.notibras.com\/site\/\",\"logo\":{\"@type\":\"ImageObject\",\"inLanguage\":\"pt-BR\",\"@id\":\"https:\/\/www.notibras.com\/site\/#\/schema\/logo\/image\/\",\"url\":\"https:\/\/www.notibras.com\/site\/wp-content\/uploads\/2023\/01\/notibras23.png\",\"contentUrl\":\"https:\/\/www.notibras.com\/site\/wp-content\/uploads\/2023\/01\/notibras23.png\",\"width\":350,\"height\":87,\"caption\":\"Grupo Notibras de Comunica\u00e7\u00e3o\"},\"image\":{\"@id\":\"https:\/\/www.notibras.com\/site\/#\/schema\/logo\/image\/\"},\"sameAs\":[\"https:\/\/www.facebook.com\/notibras\/\",\"https:\/\/x.com\/Notibras\",\"https:\/\/www.instagram.com\/notibras\/\"]},{\"@type\":\"Person\",\"@id\":\"https:\/\/www.notibras.com\/site\/#\/schema\/person\/5b7fabf2aedc3ada2105f03b22b4d3dd\",\"name\":\"Eduardo Mart\u00ednez\",\"image\":{\"@type\":\"ImageObject\",\"inLanguage\":\"pt-BR\",\"@id\":\"https:\/\/secure.gravatar.com\/avatar\/7902f906289926289cbcda644b5197c796b893c6ffd7b9a536a42d290f7704a0?s=96&d=mm&r=g\",\"url\":\"https:\/\/secure.gravatar.com\/avatar\/7902f906289926289cbcda644b5197c796b893c6ffd7b9a536a42d290f7704a0?s=96&d=mm&r=g\",\"contentUrl\":\"https:\/\/secure.gravatar.com\/avatar\/7902f906289926289cbcda644b5197c796b893c6ffd7b9a536a42d290f7704a0?s=96&d=mm&r=g\",\"caption\":\"Eduardo Mart\u00ednez\"}}]}<\/script>\n<!-- \/ Yoast SEO plugin. -->","yoast_head_json":{"title":"For\u00e7a-tarefa aplica 25 toneladas de asfalto e remove 64 toneladas de entulho - Notibras","robots":{"index":"index","follow":"follow","max-snippet":"max-snippet:-1","max-image-preview":"max-image-preview:large","max-video-preview":"max-video-preview:-1"},"canonical":"https:\/\/www.notibras.com\/site\/forca-tarefa-aplica-25-toneladas-de-asfalto-e-remove-64-toneladas-de-entulho\/","og_locale":"pt_BR","og_type":"article","og_title":"For\u00e7a-tarefa aplica 25 toneladas de asfalto e remove 64 toneladas de entulho - Notibras","og_description":"Uma for\u00e7a-tarefa de manuten\u00e7\u00e3o urbana realizada ao longo da semana em Ceil\u00e2ndia resultou na aplica\u00e7\u00e3o de mais de 25 toneladas de massa asf\u00e1ltica e na retirada de 64 toneladas de entulho descartado irregularmente em diferentes pontos da cidade. As a\u00e7\u00f5es ocorreram entre segunda (2) e sexta-feira (6), uma parceria entre a Administra\u00e7\u00e3o Regional de Ceil\u00e2ndia, [&hellip;]","og_url":"https:\/\/www.notibras.com\/site\/forca-tarefa-aplica-25-toneladas-de-asfalto-e-remove-64-toneladas-de-entulho\/","og_site_name":"Notibras","article_publisher":"https:\/\/www.facebook.com\/notibras\/","article_published_time":"2026-03-07T04:00:40+00:00","article_modified_time":"2026-03-07T13:10:55+00:00","og_image":[{"width":1085,"height":702,"url":"https:\/\/www.notibras.com\/site\/wp-content\/uploads\/2026\/03\/WhatsApp-Image-2026-03-02-at-18.29.05-1.png","type":"image\/png"}],"author":"Eduardo Mart\u00ednez","twitter_card":"summary_large_image","twitter_creator":"@Notibras","twitter_site":"@Notibras","twitter_misc":{"Escrito por":"Eduardo Mart\u00ednez","Est. tempo de leitura":"3 minutos"},"schema":{"@context":"https:\/\/schema.org","@graph":[{"@type":"Article","@id":"https:\/\/www.notibras.com\/site\/forca-tarefa-aplica-25-toneladas-de-asfalto-e-remove-64-toneladas-de-entulho\/#article","isPartOf":{"@id":"https:\/\/www.notibras.com\/site\/forca-tarefa-aplica-25-toneladas-de-asfalto-e-remove-64-toneladas-de-entulho\/"},"author":{"name":"Eduardo Mart\u00ednez","@id":"https:\/\/www.notibras.com\/site\/#\/schema\/person\/5b7fabf2aedc3ada2105f03b22b4d3dd"},"headline":"For\u00e7a-tarefa aplica 25 toneladas de asfalto e remove 64 toneladas de entulho","datePublished":"2026-03-07T04:00:40+00:00","dateModified":"2026-03-07T13:10:55+00:00","mainEntityOfPage":{"@id":"https:\/\/www.notibras.com\/site\/forca-tarefa-aplica-25-toneladas-de-asfalto-e-remove-64-toneladas-de-entulho\/"},"wordCount":428,"publisher":{"@id":"https:\/\/www.notibras.com\/site\/#organization"},"image":{"@id":"https:\/\/www.notibras.com\/site\/forca-tarefa-aplica-25-toneladas-de-asfalto-e-remove-64-toneladas-de-entulho\/#primaryimage"},"thumbnailUrl":"https:\/\/www.notibras.com\/site\/wp-content\/uploads\/2026\/03\/WhatsApp-Image-2026-03-02-at-18.29.05-1.png","articleSection":["Quadradinho em Foco"],"inLanguage":"pt-BR"},{"@type":"WebPage","@id":"https:\/\/www.notibras.com\/site\/forca-tarefa-aplica-25-toneladas-de-asfalto-e-remove-64-toneladas-de-entulho\/","url":"https:\/\/www.notibras.com\/site\/forca-tarefa-aplica-25-toneladas-de-asfalto-e-remove-64-toneladas-de-entulho\/","name":"For\u00e7a-tarefa aplica 25 toneladas de asfalto e remove 64 toneladas de entulho - Notibras","isPartOf":{"@id":"https:\/\/www.notibras.com\/site\/#website"},"primaryImageOfPage":{"@id":"https:\/\/www.notibras.com\/site\/forca-tarefa-aplica-25-toneladas-de-asfalto-e-remove-64-toneladas-de-entulho\/#primaryimage"},"image":{"@id":"https:\/\/www.notibras.com\/site\/forca-tarefa-aplica-25-toneladas-de-asfalto-e-remove-64-toneladas-de-entulho\/#primaryimage"},"thumbnailUrl":"https:\/\/www.notibras.com\/site\/wp-content\/uploads\/2026\/03\/WhatsApp-Image-2026-03-02-at-18.29.05-1.png","datePublished":"2026-03-07T04:00:40+00:00","dateModified":"2026-03-07T13:10:55+00:00","breadcrumb":{"@id":"https:\/\/www.notibras.com\/site\/forca-tarefa-aplica-25-toneladas-de-asfalto-e-remove-64-toneladas-de-entulho\/#breadcrumb"},"inLanguage":"pt-BR","potentialAction":[{"@type":"ReadAction","target":["https:\/\/www.notibras.com\/site\/forca-tarefa-aplica-25-toneladas-de-asfalto-e-remove-64-toneladas-de-entulho\/"]}]},{"@type":"ImageObject","inLanguage":"pt-BR","@id":"https:\/\/www.notibras.com\/site\/forca-tarefa-aplica-25-toneladas-de-asfalto-e-remove-64-toneladas-de-entulho\/#primaryimage","url":"https:\/\/www.notibras.com\/site\/wp-content\/uploads\/2026\/03\/WhatsApp-Image-2026-03-02-at-18.29.05-1.png","contentUrl":"https:\/\/www.notibras.com\/site\/wp-content\/uploads\/2026\/03\/WhatsApp-Image-2026-03-02-at-18.29.05-1.png","width":1085,"height":702},{"@type":"BreadcrumbList","@id":"https:\/\/www.notibras.com\/site\/forca-tarefa-aplica-25-toneladas-de-asfalto-e-remove-64-toneladas-de-entulho\/#breadcrumb","itemListElement":[{"@type":"ListItem","position":1,"name":"In\u00edcio","item":"https:\/\/www.notibras.com\/site\/"},{"@type":"ListItem","position":2,"name":"For\u00e7a-tarefa aplica 25 toneladas de asfalto e remove 64 toneladas de entulho"}]},{"@type":"WebSite","@id":"https:\/\/www.notibras.com\/site\/#website","url":"https:\/\/www.notibras.com\/site\/","name":"Notibras","description":"Not\u00edcias de Bras\u00edlia, do Brasil e do Mundo","publisher":{"@id":"https:\/\/www.notibras.com\/site\/#organization"},"potentialAction":[{"@type":"SearchAction","target":{"@type":"EntryPoint","urlTemplate":"https:\/\/www.notibras.com\/site\/?s={search_term_string}"},"query-input":{"@type":"PropertyValueSpecification","valueRequired":true,"valueName":"search_term_string"}}],"inLanguage":"pt-BR"},{"@type":"Organization","@id":"https:\/\/www.notibras.com\/site\/#organization","name":"Grupo Notibras de Comunica\u00e7\u00e3o","url":"https:\/\/www.notibras.com\/site\/","logo":{"@type":"ImageObject","inLanguage":"pt-BR","@id":"https:\/\/www.notibras.com\/site\/#\/schema\/logo\/image\/","url":"https:\/\/www.notibras.com\/site\/wp-content\/uploads\/2023\/01\/notibras23.png","contentUrl":"https:\/\/www.notibras.com\/site\/wp-content\/uploads\/2023\/01\/notibras23.png","width":350,"height":87,"caption":"Grupo Notibras de Comunica\u00e7\u00e3o"},"image":{"@id":"https:\/\/www.notibras.com\/site\/#\/schema\/logo\/image\/"},"sameAs":["https:\/\/www.facebook.com\/notibras\/","https:\/\/x.com\/Notibras","https:\/\/www.instagram.com\/notibras\/"]},{"@type":"Person","@id":"https:\/\/www.notibras.com\/site\/#\/schema\/person\/5b7fabf2aedc3ada2105f03b22b4d3dd","name":"Eduardo Mart\u00ednez","image":{"@type":"ImageObject","inLanguage":"pt-BR","@id":"https:\/\/secure.gravatar.com\/avatar\/7902f906289926289cbcda644b5197c796b893c6ffd7b9a536a42d290f7704a0?s=96&d=mm&r=g","url":"https:\/\/secure.gravatar.com\/avatar\/7902f906289926289cbcda644b5197c796b893c6ffd7b9a536a42d290f7704a0?s=96&d=mm&r=g","contentUrl":"https:\/\/secure.gravatar.com\/avatar\/7902f906289926289cbcda644b5197c796b893c6ffd7b9a536a42d290f7704a0?s=96&d=mm&r=g","caption":"Eduardo Mart\u00ednez"}}]}},"amp_enabled":true,"_links":{"self":[{"href":"https:\/\/www.notibras.com\/site\/wp-json\/wp\/v2\/posts\/385870","targetHints":{"allow":["GET"]}}],"collection":[{"href":"https:\/\/www.notibras.com\/site\/wp-json\/wp\/v2\/posts"}],"about":[{"href":"https:\/\/www.notibras.com\/site\/wp-json\/wp\/v2\/types\/post"}],"author":[{"embeddable":true,"href":"https:\/\/www.notibras.com\/site\/wp-json\/wp\/v2\/users\/21"}],"replies":[{"embeddable":true,"href":"https:\/\/www.notibras.com\/site\/wp-json\/wp\/v2\/comments?post=385870"}],"version-history":[{"count":3,"href":"https:\/\/www.notibras.com\/site\/wp-json\/wp\/v2\/posts\/385870\/revisions"}],"predecessor-version":[{"id":385874,"href":"https:\/\/www.notibras.com\/site\/wp-json\/wp\/v2\/posts\/385870\/revisions\/385874"}],"wp:featuredmedia":[{"embeddable":true,"href":"https:\/\/www.notibras.com\/site\/wp-json\/wp\/v2\/media\/385871"}],"wp:attachment":[{"href":"https:\/\/www.notibras.com\/site\/wp-json\/wp\/v2\/media?parent=385870"}],"wp:term":[{"taxonomy":"category","embeddable":true,"href":"https:\/\/www.notibras.com\/site\/wp-json\/wp\/v2\/categories?post=385870"},{"taxonomy":"post_tag","embeddable":true,"href":"https:\/\/www.notibras.com\/site\/wp-json\/wp\/v2\/tags?post=385870"}],"curies":[{"name":"wp","href":"https:\/\/api.w.org\/{rel}","templated":true}]}}