{"id":385875,"date":"2026-03-07T01:15:08","date_gmt":"2026-03-07T04:15:08","guid":{"rendered":"https:\/\/www.notibras.com\/site\/?p=385875"},"modified":"2026-03-06T19:58:10","modified_gmt":"2026-03-06T22:58:10","slug":"mulher-de-ex-piloto-e-indiciada-por-ameacar-adolescente-que-o-denunciou","status":"publish","type":"post","link":"https:\/\/www.notibras.com\/site\/mulher-de-ex-piloto-e-indiciada-por-ameacar-adolescente-que-o-denunciou\/","title":{"rendered":"Mulher de ex-piloto \u00e9 indiciada por amea\u00e7ar adolescente que o denunciou"},"content":{"rendered":"<p>A Pol\u00edcia Civil do Distrito Federal indiciou Lauanny Faria Braier Borges, de 18 anos, pelo crime de coa\u00e7\u00e3o no curso do processo. Companheira do ex-piloto Pedro Turra, a jovem \u00e9 acusada de amea\u00e7ar uma adolescente que denunciou Turra por graves agress\u00f5es f\u00edsicas. O caso agora segue para an\u00e1lise do Poder Judici\u00e1rio.<\/p>\n<p>Segundo as investiga\u00e7\u00f5es, Lauanny teria enviado mensagens \u00e0 v\u00edtima com o objetivo de for\u00e7\u00e1-la a retirar a queixa contra o ex-piloto. O teor das amea\u00e7as envolvia a exposi\u00e7\u00e3o p\u00fablica de v\u00eddeos \u00edntimos e pessoais da adolescente, caso ela mantivesse as acusa\u00e7\u00f5es sobre os epis\u00f3dios de viol\u00eancia sofridos anteriormente.<\/p>\n<p>A v\u00edtima, que tinha 17 anos na \u00e9poca dos fatos narrados, relatou \u00e0s autoridades um cen\u00e1rio de horror envolvendo Pedro Turra. Em depoimento, ela afirmou ter sido torturada e agredida pelo ex-piloto, culminando em um epis\u00f3dio no qual teria sido empurrada de uma lancha em pleno movimento no Lago Parano\u00e1, em Bras\u00edlia.<\/p>\n<p>Com a conclus\u00e3o do inqu\u00e9rito policial, o relat\u00f3rio foi devidamente encaminhado ao Tribunal de Justi\u00e7a do Distrito Federal e dos Territ\u00f3rios (TJDFT). Cabe agora ao Minist\u00e9rio P\u00fablico avaliar as provas colhidas para decidir se oferecer\u00e1 uma den\u00fancia formal contra Lauanny, o que pode dar in\u00edcio a uma nova a\u00e7\u00e3o penal.<\/p>\n<p>Al\u00e9m da acusa\u00e7\u00e3o de coa\u00e7\u00e3o, a conduta de Lauanny \u00e9 alvo de outras frentes investigativas. Ela responde por suspeitas de difama\u00e7\u00e3o, omiss\u00e3o de socorro e falso testemunho. Esses desdobramentos est\u00e3o vinculados \u00e0s investiga\u00e7\u00f5es sobre a morte de Rodrigo Castanheira, caso que tamb\u00e9m envolve o c\u00edrculo de conviv\u00eancia do casal.<\/p>\n<p>Enquanto isso, Pedro Turra, de 19 anos, permanece detido no Complexo Penitenci\u00e1rio da Papuda. O ex-piloto responde por homic\u00eddio doloso qualificado por motivo f\u00fatil, enquanto a Pol\u00edcia Civil continua apurando outras den\u00fancias de viol\u00eancia que surgiram contra ele durante o curso das investiga\u00e7\u00f5es.<\/p>\n","protected":false},"excerpt":{"rendered":"<p>A Pol\u00edcia Civil do Distrito Federal indiciou Lauanny Faria Braier Borges, de 18 anos, pelo crime de coa\u00e7\u00e3o no curso do processo. Companheira do ex-piloto Pedro Turra, a jovem \u00e9 acusada de amea\u00e7ar uma adolescente que denunciou Turra por graves agress\u00f5es f\u00edsicas. O caso agora segue para an\u00e1lise do Poder Judici\u00e1rio. Segundo as investiga\u00e7\u00f5es, Lauanny [&hellip;]<\/p>\n","protected":false},"author":21,"featured_media":385876,"comment_status":"closed","ping_status":"closed","sticky":false,"template":"","format":"standard","meta":{"_acf_changed":false,"footnotes":""},"categories":[161],"tags":[],"class_list":["post-385875","post","type-post","status-publish","format-standard","has-post-thumbnail","hentry","category-quadradinho-em-foco"],"acf":[],"yoast_head":"<!-- This site is optimized with the Yoast SEO plugin v27.2 - https:\/\/yoast.com\/product\/yoast-seo-wordpress\/ -->\n<title>Mulher de ex-piloto \u00e9 indiciada por amea\u00e7ar adolescente que o denunciou - Notibras<\/title>\n<meta name=\"robots\" content=\"index, follow, max-snippet:-1, max-image-preview:large, max-video-preview:-1\" \/>\n<link rel=\"canonical\" href=\"https:\/\/www.notibras.com\/site\/mulher-de-ex-piloto-e-indiciada-por-ameacar-adolescente-que-o-denunciou\/\" \/>\n<meta property=\"og:locale\" content=\"pt_BR\" \/>\n<meta property=\"og:type\" content=\"article\" \/>\n<meta property=\"og:title\" content=\"Mulher de ex-piloto \u00e9 indiciada por amea\u00e7ar adolescente que o denunciou - Notibras\" \/>\n<meta property=\"og:description\" content=\"A Pol\u00edcia Civil do Distrito Federal indiciou Lauanny Faria Braier Borges, de 18 anos, pelo crime de coa\u00e7\u00e3o no curso do processo. Companheira do ex-piloto Pedro Turra, a jovem \u00e9 acusada de amea\u00e7ar uma adolescente que denunciou Turra por graves agress\u00f5es f\u00edsicas. O caso agora segue para an\u00e1lise do Poder Judici\u00e1rio. Segundo as investiga\u00e7\u00f5es, Lauanny [&hellip;]\" \/>\n<meta property=\"og:url\" content=\"https:\/\/www.notibras.com\/site\/mulher-de-ex-piloto-e-indiciada-por-ameacar-adolescente-que-o-denunciou\/\" \/>\n<meta property=\"og:site_name\" content=\"Notibras\" \/>\n<meta property=\"article:publisher\" content=\"https:\/\/www.facebook.com\/notibras\/\" \/>\n<meta property=\"article:published_time\" content=\"2026-03-07T04:15:08+00:00\" \/>\n<meta property=\"og:image\" content=\"https:\/\/www.notibras.com\/site\/wp-content\/uploads\/2026\/03\/pedro-turra-1.webp\" \/>\n\t<meta property=\"og:image:width\" content=\"900\" \/>\n\t<meta property=\"og:image:height\" content=\"579\" \/>\n\t<meta property=\"og:image:type\" content=\"image\/webp\" \/>\n<meta name=\"author\" content=\"Eduardo Mart\u00ednez\" \/>\n<meta name=\"twitter:card\" content=\"summary_large_image\" \/>\n<meta name=\"twitter:creator\" content=\"@Notibras\" \/>\n<meta name=\"twitter:site\" content=\"@Notibras\" \/>\n<meta name=\"twitter:label1\" content=\"Escrito por\" \/>\n\t<meta name=\"twitter:data1\" content=\"Eduardo Mart\u00ednez\" \/>\n\t<meta name=\"twitter:label2\" content=\"Est. tempo de leitura\" \/>\n\t<meta name=\"twitter:data2\" content=\"2 minutos\" \/>\n<script type=\"application\/ld+json\" class=\"yoast-schema-graph\">{\"@context\":\"https:\/\/schema.org\",\"@graph\":[{\"@type\":\"Article\",\"@id\":\"https:\/\/www.notibras.com\/site\/mulher-de-ex-piloto-e-indiciada-por-ameacar-adolescente-que-o-denunciou\/#article\",\"isPartOf\":{\"@id\":\"https:\/\/www.notibras.com\/site\/mulher-de-ex-piloto-e-indiciada-por-ameacar-adolescente-que-o-denunciou\/\"},\"author\":{\"name\":\"Eduardo Mart\u00ednez\",\"@id\":\"https:\/\/www.notibras.com\/site\/#\/schema\/person\/5b7fabf2aedc3ada2105f03b22b4d3dd\"},\"headline\":\"Mulher de ex-piloto \u00e9 indiciada por amea\u00e7ar adolescente que o denunciou\",\"datePublished\":\"2026-03-07T04:15:08+00:00\",\"mainEntityOfPage\":{\"@id\":\"https:\/\/www.notibras.com\/site\/mulher-de-ex-piloto-e-indiciada-por-ameacar-adolescente-que-o-denunciou\/\"},\"wordCount\":346,\"publisher\":{\"@id\":\"https:\/\/www.notibras.com\/site\/#organization\"},\"image\":{\"@id\":\"https:\/\/www.notibras.com\/site\/mulher-de-ex-piloto-e-indiciada-por-ameacar-adolescente-que-o-denunciou\/#primaryimage\"},\"thumbnailUrl\":\"https:\/\/www.notibras.com\/site\/wp-content\/uploads\/2026\/03\/pedro-turra-1.webp\",\"articleSection\":[\"Quadradinho em Foco\"],\"inLanguage\":\"pt-BR\"},{\"@type\":\"WebPage\",\"@id\":\"https:\/\/www.notibras.com\/site\/mulher-de-ex-piloto-e-indiciada-por-ameacar-adolescente-que-o-denunciou\/\",\"url\":\"https:\/\/www.notibras.com\/site\/mulher-de-ex-piloto-e-indiciada-por-ameacar-adolescente-que-o-denunciou\/\",\"name\":\"Mulher de ex-piloto \u00e9 indiciada por amea\u00e7ar adolescente que o denunciou - Notibras\",\"isPartOf\":{\"@id\":\"https:\/\/www.notibras.com\/site\/#website\"},\"primaryImageOfPage\":{\"@id\":\"https:\/\/www.notibras.com\/site\/mulher-de-ex-piloto-e-indiciada-por-ameacar-adolescente-que-o-denunciou\/#primaryimage\"},\"image\":{\"@id\":\"https:\/\/www.notibras.com\/site\/mulher-de-ex-piloto-e-indiciada-por-ameacar-adolescente-que-o-denunciou\/#primaryimage\"},\"thumbnailUrl\":\"https:\/\/www.notibras.com\/site\/wp-content\/uploads\/2026\/03\/pedro-turra-1.webp\",\"datePublished\":\"2026-03-07T04:15:08+00:00\",\"breadcrumb\":{\"@id\":\"https:\/\/www.notibras.com\/site\/mulher-de-ex-piloto-e-indiciada-por-ameacar-adolescente-que-o-denunciou\/#breadcrumb\"},\"inLanguage\":\"pt-BR\",\"potentialAction\":[{\"@type\":\"ReadAction\",\"target\":[\"https:\/\/www.notibras.com\/site\/mulher-de-ex-piloto-e-indiciada-por-ameacar-adolescente-que-o-denunciou\/\"]}]},{\"@type\":\"ImageObject\",\"inLanguage\":\"pt-BR\",\"@id\":\"https:\/\/www.notibras.com\/site\/mulher-de-ex-piloto-e-indiciada-por-ameacar-adolescente-que-o-denunciou\/#primaryimage\",\"url\":\"https:\/\/www.notibras.com\/site\/wp-content\/uploads\/2026\/03\/pedro-turra-1.webp\",\"contentUrl\":\"https:\/\/www.notibras.com\/site\/wp-content\/uploads\/2026\/03\/pedro-turra-1.webp\",\"width\":900,\"height\":579},{\"@type\":\"BreadcrumbList\",\"@id\":\"https:\/\/www.notibras.com\/site\/mulher-de-ex-piloto-e-indiciada-por-ameacar-adolescente-que-o-denunciou\/#breadcrumb\",\"itemListElement\":[{\"@type\":\"ListItem\",\"position\":1,\"name\":\"In\u00edcio\",\"item\":\"https:\/\/www.notibras.com\/site\/\"},{\"@type\":\"ListItem\",\"position\":2,\"name\":\"Mulher de ex-piloto \u00e9 indiciada por amea\u00e7ar adolescente que o denunciou\"}]},{\"@type\":\"WebSite\",\"@id\":\"https:\/\/www.notibras.com\/site\/#website\",\"url\":\"https:\/\/www.notibras.com\/site\/\",\"name\":\"Notibras\",\"description\":\"Not\u00edcias de Bras\u00edlia, do Brasil e do Mundo\",\"publisher\":{\"@id\":\"https:\/\/www.notibras.com\/site\/#organization\"},\"potentialAction\":[{\"@type\":\"SearchAction\",\"target\":{\"@type\":\"EntryPoint\",\"urlTemplate\":\"https:\/\/www.notibras.com\/site\/?s={search_term_string}\"},\"query-input\":{\"@type\":\"PropertyValueSpecification\",\"valueRequired\":true,\"valueName\":\"search_term_string\"}}],\"inLanguage\":\"pt-BR\"},{\"@type\":\"Organization\",\"@id\":\"https:\/\/www.notibras.com\/site\/#organization\",\"name\":\"Grupo Notibras de Comunica\u00e7\u00e3o\",\"url\":\"https:\/\/www.notibras.com\/site\/\",\"logo\":{\"@type\":\"ImageObject\",\"inLanguage\":\"pt-BR\",\"@id\":\"https:\/\/www.notibras.com\/site\/#\/schema\/logo\/image\/\",\"url\":\"https:\/\/www.notibras.com\/site\/wp-content\/uploads\/2023\/01\/notibras23.png\",\"contentUrl\":\"https:\/\/www.notibras.com\/site\/wp-content\/uploads\/2023\/01\/notibras23.png\",\"width\":350,\"height\":87,\"caption\":\"Grupo Notibras de Comunica\u00e7\u00e3o\"},\"image\":{\"@id\":\"https:\/\/www.notibras.com\/site\/#\/schema\/logo\/image\/\"},\"sameAs\":[\"https:\/\/www.facebook.com\/notibras\/\",\"https:\/\/x.com\/Notibras\",\"https:\/\/www.instagram.com\/notibras\/\"]},{\"@type\":\"Person\",\"@id\":\"https:\/\/www.notibras.com\/site\/#\/schema\/person\/5b7fabf2aedc3ada2105f03b22b4d3dd\",\"name\":\"Eduardo Mart\u00ednez\",\"image\":{\"@type\":\"ImageObject\",\"inLanguage\":\"pt-BR\",\"@id\":\"https:\/\/secure.gravatar.com\/avatar\/7902f906289926289cbcda644b5197c796b893c6ffd7b9a536a42d290f7704a0?s=96&d=mm&r=g\",\"url\":\"https:\/\/secure.gravatar.com\/avatar\/7902f906289926289cbcda644b5197c796b893c6ffd7b9a536a42d290f7704a0?s=96&d=mm&r=g\",\"contentUrl\":\"https:\/\/secure.gravatar.com\/avatar\/7902f906289926289cbcda644b5197c796b893c6ffd7b9a536a42d290f7704a0?s=96&d=mm&r=g\",\"caption\":\"Eduardo Mart\u00ednez\"}}]}<\/script>\n<!-- \/ Yoast SEO plugin. -->","yoast_head_json":{"title":"Mulher de ex-piloto \u00e9 indiciada por amea\u00e7ar adolescente que o denunciou - Notibras","robots":{"index":"index","follow":"follow","max-snippet":"max-snippet:-1","max-image-preview":"max-image-preview:large","max-video-preview":"max-video-preview:-1"},"canonical":"https:\/\/www.notibras.com\/site\/mulher-de-ex-piloto-e-indiciada-por-ameacar-adolescente-que-o-denunciou\/","og_locale":"pt_BR","og_type":"article","og_title":"Mulher de ex-piloto \u00e9 indiciada por amea\u00e7ar adolescente que o denunciou - Notibras","og_description":"A Pol\u00edcia Civil do Distrito Federal indiciou Lauanny Faria Braier Borges, de 18 anos, pelo crime de coa\u00e7\u00e3o no curso do processo. Companheira do ex-piloto Pedro Turra, a jovem \u00e9 acusada de amea\u00e7ar uma adolescente que denunciou Turra por graves agress\u00f5es f\u00edsicas. O caso agora segue para an\u00e1lise do Poder Judici\u00e1rio. Segundo as investiga\u00e7\u00f5es, Lauanny [&hellip;]","og_url":"https:\/\/www.notibras.com\/site\/mulher-de-ex-piloto-e-indiciada-por-ameacar-adolescente-que-o-denunciou\/","og_site_name":"Notibras","article_publisher":"https:\/\/www.facebook.com\/notibras\/","article_published_time":"2026-03-07T04:15:08+00:00","og_image":[{"width":900,"height":579,"url":"https:\/\/www.notibras.com\/site\/wp-content\/uploads\/2026\/03\/pedro-turra-1.webp","type":"image\/webp"}],"author":"Eduardo Mart\u00ednez","twitter_card":"summary_large_image","twitter_creator":"@Notibras","twitter_site":"@Notibras","twitter_misc":{"Escrito por":"Eduardo Mart\u00ednez","Est. tempo de leitura":"2 minutos"},"schema":{"@context":"https:\/\/schema.org","@graph":[{"@type":"Article","@id":"https:\/\/www.notibras.com\/site\/mulher-de-ex-piloto-e-indiciada-por-ameacar-adolescente-que-o-denunciou\/#article","isPartOf":{"@id":"https:\/\/www.notibras.com\/site\/mulher-de-ex-piloto-e-indiciada-por-ameacar-adolescente-que-o-denunciou\/"},"author":{"name":"Eduardo Mart\u00ednez","@id":"https:\/\/www.notibras.com\/site\/#\/schema\/person\/5b7fabf2aedc3ada2105f03b22b4d3dd"},"headline":"Mulher de ex-piloto \u00e9 indiciada por amea\u00e7ar adolescente que o denunciou","datePublished":"2026-03-07T04:15:08+00:00","mainEntityOfPage":{"@id":"https:\/\/www.notibras.com\/site\/mulher-de-ex-piloto-e-indiciada-por-ameacar-adolescente-que-o-denunciou\/"},"wordCount":346,"publisher":{"@id":"https:\/\/www.notibras.com\/site\/#organization"},"image":{"@id":"https:\/\/www.notibras.com\/site\/mulher-de-ex-piloto-e-indiciada-por-ameacar-adolescente-que-o-denunciou\/#primaryimage"},"thumbnailUrl":"https:\/\/www.notibras.com\/site\/wp-content\/uploads\/2026\/03\/pedro-turra-1.webp","articleSection":["Quadradinho em Foco"],"inLanguage":"pt-BR"},{"@type":"WebPage","@id":"https:\/\/www.notibras.com\/site\/mulher-de-ex-piloto-e-indiciada-por-ameacar-adolescente-que-o-denunciou\/","url":"https:\/\/www.notibras.com\/site\/mulher-de-ex-piloto-e-indiciada-por-ameacar-adolescente-que-o-denunciou\/","name":"Mulher de ex-piloto \u00e9 indiciada por amea\u00e7ar adolescente que o denunciou - Notibras","isPartOf":{"@id":"https:\/\/www.notibras.com\/site\/#website"},"primaryImageOfPage":{"@id":"https:\/\/www.notibras.com\/site\/mulher-de-ex-piloto-e-indiciada-por-ameacar-adolescente-que-o-denunciou\/#primaryimage"},"image":{"@id":"https:\/\/www.notibras.com\/site\/mulher-de-ex-piloto-e-indiciada-por-ameacar-adolescente-que-o-denunciou\/#primaryimage"},"thumbnailUrl":"https:\/\/www.notibras.com\/site\/wp-content\/uploads\/2026\/03\/pedro-turra-1.webp","datePublished":"2026-03-07T04:15:08+00:00","breadcrumb":{"@id":"https:\/\/www.notibras.com\/site\/mulher-de-ex-piloto-e-indiciada-por-ameacar-adolescente-que-o-denunciou\/#breadcrumb"},"inLanguage":"pt-BR","potentialAction":[{"@type":"ReadAction","target":["https:\/\/www.notibras.com\/site\/mulher-de-ex-piloto-e-indiciada-por-ameacar-adolescente-que-o-denunciou\/"]}]},{"@type":"ImageObject","inLanguage":"pt-BR","@id":"https:\/\/www.notibras.com\/site\/mulher-de-ex-piloto-e-indiciada-por-ameacar-adolescente-que-o-denunciou\/#primaryimage","url":"https:\/\/www.notibras.com\/site\/wp-content\/uploads\/2026\/03\/pedro-turra-1.webp","contentUrl":"https:\/\/www.notibras.com\/site\/wp-content\/uploads\/2026\/03\/pedro-turra-1.webp","width":900,"height":579},{"@type":"BreadcrumbList","@id":"https:\/\/www.notibras.com\/site\/mulher-de-ex-piloto-e-indiciada-por-ameacar-adolescente-que-o-denunciou\/#breadcrumb","itemListElement":[{"@type":"ListItem","position":1,"name":"In\u00edcio","item":"https:\/\/www.notibras.com\/site\/"},{"@type":"ListItem","position":2,"name":"Mulher de ex-piloto \u00e9 indiciada por amea\u00e7ar adolescente que o denunciou"}]},{"@type":"WebSite","@id":"https:\/\/www.notibras.com\/site\/#website","url":"https:\/\/www.notibras.com\/site\/","name":"Notibras","description":"Not\u00edcias de Bras\u00edlia, do Brasil e do Mundo","publisher":{"@id":"https:\/\/www.notibras.com\/site\/#organization"},"potentialAction":[{"@type":"SearchAction","target":{"@type":"EntryPoint","urlTemplate":"https:\/\/www.notibras.com\/site\/?s={search_term_string}"},"query-input":{"@type":"PropertyValueSpecification","valueRequired":true,"valueName":"search_term_string"}}],"inLanguage":"pt-BR"},{"@type":"Organization","@id":"https:\/\/www.notibras.com\/site\/#organization","name":"Grupo Notibras de Comunica\u00e7\u00e3o","url":"https:\/\/www.notibras.com\/site\/","logo":{"@type":"ImageObject","inLanguage":"pt-BR","@id":"https:\/\/www.notibras.com\/site\/#\/schema\/logo\/image\/","url":"https:\/\/www.notibras.com\/site\/wp-content\/uploads\/2023\/01\/notibras23.png","contentUrl":"https:\/\/www.notibras.com\/site\/wp-content\/uploads\/2023\/01\/notibras23.png","width":350,"height":87,"caption":"Grupo Notibras de Comunica\u00e7\u00e3o"},"image":{"@id":"https:\/\/www.notibras.com\/site\/#\/schema\/logo\/image\/"},"sameAs":["https:\/\/www.facebook.com\/notibras\/","https:\/\/x.com\/Notibras","https:\/\/www.instagram.com\/notibras\/"]},{"@type":"Person","@id":"https:\/\/www.notibras.com\/site\/#\/schema\/person\/5b7fabf2aedc3ada2105f03b22b4d3dd","name":"Eduardo Mart\u00ednez","image":{"@type":"ImageObject","inLanguage":"pt-BR","@id":"https:\/\/secure.gravatar.com\/avatar\/7902f906289926289cbcda644b5197c796b893c6ffd7b9a536a42d290f7704a0?s=96&d=mm&r=g","url":"https:\/\/secure.gravatar.com\/avatar\/7902f906289926289cbcda644b5197c796b893c6ffd7b9a536a42d290f7704a0?s=96&d=mm&r=g","contentUrl":"https:\/\/secure.gravatar.com\/avatar\/7902f906289926289cbcda644b5197c796b893c6ffd7b9a536a42d290f7704a0?s=96&d=mm&r=g","caption":"Eduardo Mart\u00ednez"}}]}},"amp_enabled":true,"_links":{"self":[{"href":"https:\/\/www.notibras.com\/site\/wp-json\/wp\/v2\/posts\/385875","targetHints":{"allow":["GET"]}}],"collection":[{"href":"https:\/\/www.notibras.com\/site\/wp-json\/wp\/v2\/posts"}],"about":[{"href":"https:\/\/www.notibras.com\/site\/wp-json\/wp\/v2\/types\/post"}],"author":[{"embeddable":true,"href":"https:\/\/www.notibras.com\/site\/wp-json\/wp\/v2\/users\/21"}],"replies":[{"embeddable":true,"href":"https:\/\/www.notibras.com\/site\/wp-json\/wp\/v2\/comments?post=385875"}],"version-history":[{"count":4,"href":"https:\/\/www.notibras.com\/site\/wp-json\/wp\/v2\/posts\/385875\/revisions"}],"predecessor-version":[{"id":385880,"href":"https:\/\/www.notibras.com\/site\/wp-json\/wp\/v2\/posts\/385875\/revisions\/385880"}],"wp:featuredmedia":[{"embeddable":true,"href":"https:\/\/www.notibras.com\/site\/wp-json\/wp\/v2\/media\/385876"}],"wp:attachment":[{"href":"https:\/\/www.notibras.com\/site\/wp-json\/wp\/v2\/media?parent=385875"}],"wp:term":[{"taxonomy":"category","embeddable":true,"href":"https:\/\/www.notibras.com\/site\/wp-json\/wp\/v2\/categories?post=385875"},{"taxonomy":"post_tag","embeddable":true,"href":"https:\/\/www.notibras.com\/site\/wp-json\/wp\/v2\/tags?post=385875"}],"curies":[{"name":"wp","href":"https:\/\/api.w.org\/{rel}","templated":true}]}}