{"id":385898,"date":"2026-03-07T02:15:46","date_gmt":"2026-03-07T05:15:46","guid":{"rendered":"https:\/\/www.notibras.com\/site\/?p=385898"},"modified":"2026-03-07T07:03:04","modified_gmt":"2026-03-07T10:03:04","slug":"postagem-de-leite-azeda-uniao-da-centro-direita","status":"publish","type":"post","link":"https:\/\/www.notibras.com\/site\/postagem-de-leite-azeda-uniao-da-centro-direita\/","title":{"rendered":"Postagem de Leite azeda uni\u00e3o da centro-direita"},"content":{"rendered":"<p>A manifesta\u00e7\u00e3o do governador do Rio Grande do Sul, Eduardo Leite, nas redes sociais, oficializando sua inten\u00e7\u00e3o de disputar a Presid\u00eancia da Rep\u00fablica, movimentou os bastidores do PSD e acendeu alertas dentro do pr\u00f3prio partido. Embora a legenda venha buscando se posicionar como um polo relevante no cen\u00e1rio nacional, o gesto de Leite foi interpretado por muitos como uma antecipa\u00e7\u00e3o de protagonismo dentro de uma disputa que ainda estava, ao menos formalmente, em aberto.<\/p>\n<p>Nos bastidores, a publica\u00e7\u00e3o gerou inc\u00f4modo entre outros nomes que tamb\u00e9m s\u00e3o apontados como presidenci\u00e1veis dentro do campo de centro-direita ligado ao PSD e a aliados do partido. Entre eles est\u00e3o os governadores Ronaldo Caiado, de Goi\u00e1s, e Ratinho Jr., do Paran\u00e1, que tamb\u00e9m trabalham para se consolidar nacionalmente como alternativas para 2026. A sinaliza\u00e7\u00e3o p\u00fablica de Eduardo Leite acabou sendo vista como uma tentativa de ocupar espa\u00e7o antes mesmo de qualquer constru\u00e7\u00e3o coletiva.<\/p>\n<p>Esse tipo de movimento revela como a disputa pela lideran\u00e7a desse campo pol\u00edtico j\u00e1 come\u00e7ou muito antes da campanha oficial. Em um cen\u00e1rio fragmentado, cada gesto, declara\u00e7\u00e3o ou postagem ganha peso estrat\u00e9gico. Ao colocar seu nome na mesa desde j\u00e1, Eduardo Leite tenta se posicionar como op\u00e7\u00e3o vi\u00e1vel para o pa\u00eds, mas tamb\u00e9m inevitavelmente desperta rivalidades internas e a disputa por protagonismo entre aqueles que tamb\u00e9m sonham com o Planalto.<\/p>\n","protected":false},"excerpt":{"rendered":"<p>A manifesta\u00e7\u00e3o do governador do Rio Grande do Sul, Eduardo Leite, nas redes sociais, oficializando sua inten\u00e7\u00e3o de disputar a Presid\u00eancia da Rep\u00fablica, movimentou os bastidores do PSD e acendeu alertas dentro do pr\u00f3prio partido. Embora a legenda venha buscando se posicionar como um polo relevante no cen\u00e1rio nacional, o gesto de Leite foi interpretado [&hellip;]<\/p>\n","protected":false},"author":21,"featured_media":385899,"comment_status":"closed","ping_status":"closed","sticky":false,"template":"","format":"standard","meta":{"_acf_changed":false,"footnotes":""},"categories":[235],"tags":[],"class_list":["post-385898","post","type-post","status-publish","format-standard","has-post-thumbnail","hentry","category-dona-irene"],"acf":[],"yoast_head":"<!-- This site is optimized with the Yoast SEO plugin v27.2 - https:\/\/yoast.com\/product\/yoast-seo-wordpress\/ -->\n<title>Postagem de Leite azeda uni\u00e3o da centro-direita - Notibras<\/title>\n<meta name=\"robots\" content=\"index, follow, max-snippet:-1, max-image-preview:large, max-video-preview:-1\" \/>\n<link rel=\"canonical\" href=\"https:\/\/www.notibras.com\/site\/postagem-de-leite-azeda-uniao-da-centro-direita\/\" \/>\n<meta property=\"og:locale\" content=\"pt_BR\" \/>\n<meta property=\"og:type\" content=\"article\" \/>\n<meta property=\"og:title\" content=\"Postagem de Leite azeda uni\u00e3o da centro-direita - Notibras\" \/>\n<meta property=\"og:description\" content=\"A manifesta\u00e7\u00e3o do governador do Rio Grande do Sul, Eduardo Leite, nas redes sociais, oficializando sua inten\u00e7\u00e3o de disputar a Presid\u00eancia da Rep\u00fablica, movimentou os bastidores do PSD e acendeu alertas dentro do pr\u00f3prio partido. Embora a legenda venha buscando se posicionar como um polo relevante no cen\u00e1rio nacional, o gesto de Leite foi interpretado [&hellip;]\" \/>\n<meta property=\"og:url\" content=\"https:\/\/www.notibras.com\/site\/postagem-de-leite-azeda-uniao-da-centro-direita\/\" \/>\n<meta property=\"og:site_name\" content=\"Notibras\" \/>\n<meta property=\"article:publisher\" content=\"https:\/\/www.facebook.com\/notibras\/\" \/>\n<meta property=\"article:published_time\" content=\"2026-03-07T05:15:46+00:00\" \/>\n<meta property=\"article:modified_time\" content=\"2026-03-07T10:03:04+00:00\" \/>\n<meta property=\"og:image\" content=\"https:\/\/www.notibras.com\/site\/wp-content\/uploads\/2026\/03\/48135007173_fbe2252b95_k_Adriano-Machado-CRUSOE-1024x774-1.jpg\" \/>\n\t<meta property=\"og:image:width\" content=\"1024\" \/>\n\t<meta property=\"og:image:height\" content=\"774\" \/>\n\t<meta property=\"og:image:type\" content=\"image\/jpeg\" \/>\n<meta name=\"author\" content=\"Eduardo Mart\u00ednez\" \/>\n<meta name=\"twitter:card\" content=\"summary_large_image\" \/>\n<meta name=\"twitter:creator\" content=\"@Notibras\" \/>\n<meta name=\"twitter:site\" content=\"@Notibras\" \/>\n<meta name=\"twitter:label1\" content=\"Escrito por\" \/>\n\t<meta name=\"twitter:data1\" content=\"Eduardo Mart\u00ednez\" \/>\n\t<meta name=\"twitter:label2\" content=\"Est. tempo de leitura\" \/>\n\t<meta name=\"twitter:data2\" content=\"2 minutos\" \/>\n<script type=\"application\/ld+json\" class=\"yoast-schema-graph\">{\"@context\":\"https:\/\/schema.org\",\"@graph\":[{\"@type\":\"Article\",\"@id\":\"https:\/\/www.notibras.com\/site\/postagem-de-leite-azeda-uniao-da-centro-direita\/#article\",\"isPartOf\":{\"@id\":\"https:\/\/www.notibras.com\/site\/postagem-de-leite-azeda-uniao-da-centro-direita\/\"},\"author\":{\"name\":\"Eduardo Mart\u00ednez\",\"@id\":\"https:\/\/www.notibras.com\/site\/#\/schema\/person\/5b7fabf2aedc3ada2105f03b22b4d3dd\"},\"headline\":\"Postagem de Leite azeda uni\u00e3o da centro-direita\",\"datePublished\":\"2026-03-07T05:15:46+00:00\",\"dateModified\":\"2026-03-07T10:03:04+00:00\",\"mainEntityOfPage\":{\"@id\":\"https:\/\/www.notibras.com\/site\/postagem-de-leite-azeda-uniao-da-centro-direita\/\"},\"wordCount\":255,\"publisher\":{\"@id\":\"https:\/\/www.notibras.com\/site\/#organization\"},\"image\":{\"@id\":\"https:\/\/www.notibras.com\/site\/postagem-de-leite-azeda-uniao-da-centro-direita\/#primaryimage\"},\"thumbnailUrl\":\"https:\/\/www.notibras.com\/site\/wp-content\/uploads\/2026\/03\/48135007173_fbe2252b95_k_Adriano-Machado-CRUSOE-1024x774-1.jpg\",\"articleSection\":[\"Dona Irene\"],\"inLanguage\":\"pt-BR\"},{\"@type\":\"WebPage\",\"@id\":\"https:\/\/www.notibras.com\/site\/postagem-de-leite-azeda-uniao-da-centro-direita\/\",\"url\":\"https:\/\/www.notibras.com\/site\/postagem-de-leite-azeda-uniao-da-centro-direita\/\",\"name\":\"Postagem de Leite azeda uni\u00e3o da centro-direita - Notibras\",\"isPartOf\":{\"@id\":\"https:\/\/www.notibras.com\/site\/#website\"},\"primaryImageOfPage\":{\"@id\":\"https:\/\/www.notibras.com\/site\/postagem-de-leite-azeda-uniao-da-centro-direita\/#primaryimage\"},\"image\":{\"@id\":\"https:\/\/www.notibras.com\/site\/postagem-de-leite-azeda-uniao-da-centro-direita\/#primaryimage\"},\"thumbnailUrl\":\"https:\/\/www.notibras.com\/site\/wp-content\/uploads\/2026\/03\/48135007173_fbe2252b95_k_Adriano-Machado-CRUSOE-1024x774-1.jpg\",\"datePublished\":\"2026-03-07T05:15:46+00:00\",\"dateModified\":\"2026-03-07T10:03:04+00:00\",\"breadcrumb\":{\"@id\":\"https:\/\/www.notibras.com\/site\/postagem-de-leite-azeda-uniao-da-centro-direita\/#breadcrumb\"},\"inLanguage\":\"pt-BR\",\"potentialAction\":[{\"@type\":\"ReadAction\",\"target\":[\"https:\/\/www.notibras.com\/site\/postagem-de-leite-azeda-uniao-da-centro-direita\/\"]}]},{\"@type\":\"ImageObject\",\"inLanguage\":\"pt-BR\",\"@id\":\"https:\/\/www.notibras.com\/site\/postagem-de-leite-azeda-uniao-da-centro-direita\/#primaryimage\",\"url\":\"https:\/\/www.notibras.com\/site\/wp-content\/uploads\/2026\/03\/48135007173_fbe2252b95_k_Adriano-Machado-CRUSOE-1024x774-1.jpg\",\"contentUrl\":\"https:\/\/www.notibras.com\/site\/wp-content\/uploads\/2026\/03\/48135007173_fbe2252b95_k_Adriano-Machado-CRUSOE-1024x774-1.jpg\",\"width\":1024,\"height\":774},{\"@type\":\"BreadcrumbList\",\"@id\":\"https:\/\/www.notibras.com\/site\/postagem-de-leite-azeda-uniao-da-centro-direita\/#breadcrumb\",\"itemListElement\":[{\"@type\":\"ListItem\",\"position\":1,\"name\":\"In\u00edcio\",\"item\":\"https:\/\/www.notibras.com\/site\/\"},{\"@type\":\"ListItem\",\"position\":2,\"name\":\"Postagem de Leite azeda uni\u00e3o da centro-direita\"}]},{\"@type\":\"WebSite\",\"@id\":\"https:\/\/www.notibras.com\/site\/#website\",\"url\":\"https:\/\/www.notibras.com\/site\/\",\"name\":\"Notibras\",\"description\":\"Not\u00edcias de Bras\u00edlia, do Brasil e do Mundo\",\"publisher\":{\"@id\":\"https:\/\/www.notibras.com\/site\/#organization\"},\"potentialAction\":[{\"@type\":\"SearchAction\",\"target\":{\"@type\":\"EntryPoint\",\"urlTemplate\":\"https:\/\/www.notibras.com\/site\/?s={search_term_string}\"},\"query-input\":{\"@type\":\"PropertyValueSpecification\",\"valueRequired\":true,\"valueName\":\"search_term_string\"}}],\"inLanguage\":\"pt-BR\"},{\"@type\":\"Organization\",\"@id\":\"https:\/\/www.notibras.com\/site\/#organization\",\"name\":\"Grupo Notibras de Comunica\u00e7\u00e3o\",\"url\":\"https:\/\/www.notibras.com\/site\/\",\"logo\":{\"@type\":\"ImageObject\",\"inLanguage\":\"pt-BR\",\"@id\":\"https:\/\/www.notibras.com\/site\/#\/schema\/logo\/image\/\",\"url\":\"https:\/\/www.notibras.com\/site\/wp-content\/uploads\/2023\/01\/notibras23.png\",\"contentUrl\":\"https:\/\/www.notibras.com\/site\/wp-content\/uploads\/2023\/01\/notibras23.png\",\"width\":350,\"height\":87,\"caption\":\"Grupo Notibras de Comunica\u00e7\u00e3o\"},\"image\":{\"@id\":\"https:\/\/www.notibras.com\/site\/#\/schema\/logo\/image\/\"},\"sameAs\":[\"https:\/\/www.facebook.com\/notibras\/\",\"https:\/\/x.com\/Notibras\",\"https:\/\/www.instagram.com\/notibras\/\"]},{\"@type\":\"Person\",\"@id\":\"https:\/\/www.notibras.com\/site\/#\/schema\/person\/5b7fabf2aedc3ada2105f03b22b4d3dd\",\"name\":\"Eduardo Mart\u00ednez\",\"image\":{\"@type\":\"ImageObject\",\"inLanguage\":\"pt-BR\",\"@id\":\"https:\/\/secure.gravatar.com\/avatar\/7902f906289926289cbcda644b5197c796b893c6ffd7b9a536a42d290f7704a0?s=96&d=mm&r=g\",\"url\":\"https:\/\/secure.gravatar.com\/avatar\/7902f906289926289cbcda644b5197c796b893c6ffd7b9a536a42d290f7704a0?s=96&d=mm&r=g\",\"contentUrl\":\"https:\/\/secure.gravatar.com\/avatar\/7902f906289926289cbcda644b5197c796b893c6ffd7b9a536a42d290f7704a0?s=96&d=mm&r=g\",\"caption\":\"Eduardo Mart\u00ednez\"}}]}<\/script>\n<!-- \/ Yoast SEO plugin. -->","yoast_head_json":{"title":"Postagem de Leite azeda uni\u00e3o da centro-direita - Notibras","robots":{"index":"index","follow":"follow","max-snippet":"max-snippet:-1","max-image-preview":"max-image-preview:large","max-video-preview":"max-video-preview:-1"},"canonical":"https:\/\/www.notibras.com\/site\/postagem-de-leite-azeda-uniao-da-centro-direita\/","og_locale":"pt_BR","og_type":"article","og_title":"Postagem de Leite azeda uni\u00e3o da centro-direita - Notibras","og_description":"A manifesta\u00e7\u00e3o do governador do Rio Grande do Sul, Eduardo Leite, nas redes sociais, oficializando sua inten\u00e7\u00e3o de disputar a Presid\u00eancia da Rep\u00fablica, movimentou os bastidores do PSD e acendeu alertas dentro do pr\u00f3prio partido. Embora a legenda venha buscando se posicionar como um polo relevante no cen\u00e1rio nacional, o gesto de Leite foi interpretado [&hellip;]","og_url":"https:\/\/www.notibras.com\/site\/postagem-de-leite-azeda-uniao-da-centro-direita\/","og_site_name":"Notibras","article_publisher":"https:\/\/www.facebook.com\/notibras\/","article_published_time":"2026-03-07T05:15:46+00:00","article_modified_time":"2026-03-07T10:03:04+00:00","og_image":[{"width":1024,"height":774,"url":"https:\/\/www.notibras.com\/site\/wp-content\/uploads\/2026\/03\/48135007173_fbe2252b95_k_Adriano-Machado-CRUSOE-1024x774-1.jpg","type":"image\/jpeg"}],"author":"Eduardo Mart\u00ednez","twitter_card":"summary_large_image","twitter_creator":"@Notibras","twitter_site":"@Notibras","twitter_misc":{"Escrito por":"Eduardo Mart\u00ednez","Est. tempo de leitura":"2 minutos"},"schema":{"@context":"https:\/\/schema.org","@graph":[{"@type":"Article","@id":"https:\/\/www.notibras.com\/site\/postagem-de-leite-azeda-uniao-da-centro-direita\/#article","isPartOf":{"@id":"https:\/\/www.notibras.com\/site\/postagem-de-leite-azeda-uniao-da-centro-direita\/"},"author":{"name":"Eduardo Mart\u00ednez","@id":"https:\/\/www.notibras.com\/site\/#\/schema\/person\/5b7fabf2aedc3ada2105f03b22b4d3dd"},"headline":"Postagem de Leite azeda uni\u00e3o da centro-direita","datePublished":"2026-03-07T05:15:46+00:00","dateModified":"2026-03-07T10:03:04+00:00","mainEntityOfPage":{"@id":"https:\/\/www.notibras.com\/site\/postagem-de-leite-azeda-uniao-da-centro-direita\/"},"wordCount":255,"publisher":{"@id":"https:\/\/www.notibras.com\/site\/#organization"},"image":{"@id":"https:\/\/www.notibras.com\/site\/postagem-de-leite-azeda-uniao-da-centro-direita\/#primaryimage"},"thumbnailUrl":"https:\/\/www.notibras.com\/site\/wp-content\/uploads\/2026\/03\/48135007173_fbe2252b95_k_Adriano-Machado-CRUSOE-1024x774-1.jpg","articleSection":["Dona Irene"],"inLanguage":"pt-BR"},{"@type":"WebPage","@id":"https:\/\/www.notibras.com\/site\/postagem-de-leite-azeda-uniao-da-centro-direita\/","url":"https:\/\/www.notibras.com\/site\/postagem-de-leite-azeda-uniao-da-centro-direita\/","name":"Postagem de Leite azeda uni\u00e3o da centro-direita - Notibras","isPartOf":{"@id":"https:\/\/www.notibras.com\/site\/#website"},"primaryImageOfPage":{"@id":"https:\/\/www.notibras.com\/site\/postagem-de-leite-azeda-uniao-da-centro-direita\/#primaryimage"},"image":{"@id":"https:\/\/www.notibras.com\/site\/postagem-de-leite-azeda-uniao-da-centro-direita\/#primaryimage"},"thumbnailUrl":"https:\/\/www.notibras.com\/site\/wp-content\/uploads\/2026\/03\/48135007173_fbe2252b95_k_Adriano-Machado-CRUSOE-1024x774-1.jpg","datePublished":"2026-03-07T05:15:46+00:00","dateModified":"2026-03-07T10:03:04+00:00","breadcrumb":{"@id":"https:\/\/www.notibras.com\/site\/postagem-de-leite-azeda-uniao-da-centro-direita\/#breadcrumb"},"inLanguage":"pt-BR","potentialAction":[{"@type":"ReadAction","target":["https:\/\/www.notibras.com\/site\/postagem-de-leite-azeda-uniao-da-centro-direita\/"]}]},{"@type":"ImageObject","inLanguage":"pt-BR","@id":"https:\/\/www.notibras.com\/site\/postagem-de-leite-azeda-uniao-da-centro-direita\/#primaryimage","url":"https:\/\/www.notibras.com\/site\/wp-content\/uploads\/2026\/03\/48135007173_fbe2252b95_k_Adriano-Machado-CRUSOE-1024x774-1.jpg","contentUrl":"https:\/\/www.notibras.com\/site\/wp-content\/uploads\/2026\/03\/48135007173_fbe2252b95_k_Adriano-Machado-CRUSOE-1024x774-1.jpg","width":1024,"height":774},{"@type":"BreadcrumbList","@id":"https:\/\/www.notibras.com\/site\/postagem-de-leite-azeda-uniao-da-centro-direita\/#breadcrumb","itemListElement":[{"@type":"ListItem","position":1,"name":"In\u00edcio","item":"https:\/\/www.notibras.com\/site\/"},{"@type":"ListItem","position":2,"name":"Postagem de Leite azeda uni\u00e3o da centro-direita"}]},{"@type":"WebSite","@id":"https:\/\/www.notibras.com\/site\/#website","url":"https:\/\/www.notibras.com\/site\/","name":"Notibras","description":"Not\u00edcias de Bras\u00edlia, do Brasil e do Mundo","publisher":{"@id":"https:\/\/www.notibras.com\/site\/#organization"},"potentialAction":[{"@type":"SearchAction","target":{"@type":"EntryPoint","urlTemplate":"https:\/\/www.notibras.com\/site\/?s={search_term_string}"},"query-input":{"@type":"PropertyValueSpecification","valueRequired":true,"valueName":"search_term_string"}}],"inLanguage":"pt-BR"},{"@type":"Organization","@id":"https:\/\/www.notibras.com\/site\/#organization","name":"Grupo Notibras de Comunica\u00e7\u00e3o","url":"https:\/\/www.notibras.com\/site\/","logo":{"@type":"ImageObject","inLanguage":"pt-BR","@id":"https:\/\/www.notibras.com\/site\/#\/schema\/logo\/image\/","url":"https:\/\/www.notibras.com\/site\/wp-content\/uploads\/2023\/01\/notibras23.png","contentUrl":"https:\/\/www.notibras.com\/site\/wp-content\/uploads\/2023\/01\/notibras23.png","width":350,"height":87,"caption":"Grupo Notibras de Comunica\u00e7\u00e3o"},"image":{"@id":"https:\/\/www.notibras.com\/site\/#\/schema\/logo\/image\/"},"sameAs":["https:\/\/www.facebook.com\/notibras\/","https:\/\/x.com\/Notibras","https:\/\/www.instagram.com\/notibras\/"]},{"@type":"Person","@id":"https:\/\/www.notibras.com\/site\/#\/schema\/person\/5b7fabf2aedc3ada2105f03b22b4d3dd","name":"Eduardo Mart\u00ednez","image":{"@type":"ImageObject","inLanguage":"pt-BR","@id":"https:\/\/secure.gravatar.com\/avatar\/7902f906289926289cbcda644b5197c796b893c6ffd7b9a536a42d290f7704a0?s=96&d=mm&r=g","url":"https:\/\/secure.gravatar.com\/avatar\/7902f906289926289cbcda644b5197c796b893c6ffd7b9a536a42d290f7704a0?s=96&d=mm&r=g","contentUrl":"https:\/\/secure.gravatar.com\/avatar\/7902f906289926289cbcda644b5197c796b893c6ffd7b9a536a42d290f7704a0?s=96&d=mm&r=g","caption":"Eduardo Mart\u00ednez"}}]}},"amp_enabled":true,"_links":{"self":[{"href":"https:\/\/www.notibras.com\/site\/wp-json\/wp\/v2\/posts\/385898","targetHints":{"allow":["GET"]}}],"collection":[{"href":"https:\/\/www.notibras.com\/site\/wp-json\/wp\/v2\/posts"}],"about":[{"href":"https:\/\/www.notibras.com\/site\/wp-json\/wp\/v2\/types\/post"}],"author":[{"embeddable":true,"href":"https:\/\/www.notibras.com\/site\/wp-json\/wp\/v2\/users\/21"}],"replies":[{"embeddable":true,"href":"https:\/\/www.notibras.com\/site\/wp-json\/wp\/v2\/comments?post=385898"}],"version-history":[{"count":3,"href":"https:\/\/www.notibras.com\/site\/wp-json\/wp\/v2\/posts\/385898\/revisions"}],"predecessor-version":[{"id":385942,"href":"https:\/\/www.notibras.com\/site\/wp-json\/wp\/v2\/posts\/385898\/revisions\/385942"}],"wp:featuredmedia":[{"embeddable":true,"href":"https:\/\/www.notibras.com\/site\/wp-json\/wp\/v2\/media\/385899"}],"wp:attachment":[{"href":"https:\/\/www.notibras.com\/site\/wp-json\/wp\/v2\/media?parent=385898"}],"wp:term":[{"taxonomy":"category","embeddable":true,"href":"https:\/\/www.notibras.com\/site\/wp-json\/wp\/v2\/categories?post=385898"},{"taxonomy":"post_tag","embeddable":true,"href":"https:\/\/www.notibras.com\/site\/wp-json\/wp\/v2\/tags?post=385898"}],"curies":[{"name":"wp","href":"https:\/\/api.w.org\/{rel}","templated":true}]}}