{"id":385906,"date":"2026-03-07T02:00:50","date_gmt":"2026-03-07T05:00:50","guid":{"rendered":"https:\/\/www.notibras.com\/site\/?p=385906"},"modified":"2026-03-07T01:02:05","modified_gmt":"2026-03-07T04:02:05","slug":"quando-a-geopolitica-ignora-a-infancia","status":"publish","type":"post","link":"https:\/\/www.notibras.com\/site\/quando-a-geopolitica-ignora-a-infancia\/","title":{"rendered":"Quando a geopol\u00edtica ignora a inf\u00e2ncia"},"content":{"rendered":"<p>H\u00e1 uma imagem recorrente nas guerras contempor\u00e2neas: meninas correndo entre escombros. N\u00e3o aparecem nos discursos oficiais, raramente entram nas estat\u00edsticas que mobilizam indigna\u00e7\u00e3o internacional, mas s\u00e3o parte silenciosa daquilo que chamamos de \u201cdanos colaterais\u201d. O termo \u00e9 t\u00e9cnico, burocr\u00e1tico. A realidade \u00e9 brutal.<\/p>\n<p>Durante opera\u00e7\u00f5es militares autorizadas pelo governo de Donald Trump, ataques a\u00e9reos em regi\u00f5es do Oriente M\u00e9dio e da \u00c1sia Central produziram aquilo que sempre produzem: civis mortos. Entre eles, meninas. Crian\u00e7as cujas vidas estavam distantes das decis\u00f5es geopol\u00edticas que redefiniram seus destinos.<\/p>\n<p>A guerra, historicamente, foi pensada como assunto de homens: generais, presidentes, estrategistas. Mas quem paga o pre\u00e7o cotidiano da viol\u00eancia armada s\u00e3o, majoritariamente, civis e entre eles, mulheres e crian\u00e7as. A literatura feminista sobre seguran\u00e7a internacional h\u00e1 d\u00e9cadas denuncia esse apagamento. A cientista pol\u00edtica Cynthia Enloe j\u00e1 demonstrava que a guerra reorganiza profundamente a vida das mulheres, ainda que raramente elas apare\u00e7am nos relatos oficiais do conflito.<\/p>\n<p>Quando meninas morrem sob bombardeios, a narrativa dominante tende a dissolver suas hist\u00f3rias individuais dentro da abstra\u00e7\u00e3o estrat\u00e9gica. Fala-se em \u201calvos\u201d, \u201copera\u00e7\u00f5es\u201d, \u201cneutraliza\u00e7\u00f5es\u201d. A linguagem militar transforma vidas em coordenadas.<\/p>\n<p>Mar\u00e7o, marcado pelo Dia Internacional da Mulher, costuma nos lembrar das conquistas femininas. No entanto, ele tamb\u00e9m deveria nos lembrar das vidas femininas que sequer tiveram tempo de reivindicar direitos. Meninas que n\u00e3o chegaram \u00e0 idade adulta, n\u00e3o escolheram profiss\u00e3o, n\u00e3o escreveram seus pr\u00f3prios destinos.<\/p>\n<p>Quando a pol\u00edtica internacional aceita a morte de crian\u00e7as como custo inevit\u00e1vel da estrat\u00e9gia militar, revela-se um problema \u00e9tico profundo. A pergunta n\u00e3o deveria ser apenas quem venceu ou perdeu uma guerra, mas quem nunca teve chance de viver.<\/p>\n<p>Entre as ru\u00ednas das cidades bombardeadas, restam mochilas escolares, brinquedos e roupas pequenas demais para caber nas estat\u00edsticas da geopol\u00edtica. Cada uma dessas meninas carregava um futuro poss\u00edvel. Um futuro interrompido antes de come\u00e7ar.<\/p>\n<p>E talvez a pergunta mais inc\u00f4moda seja esta: quantas mortes s\u00e3o necess\u00e1rias para que o mundo reconhe\u00e7a que nenhuma guerra \u00e9 realmente distante quando suas v\u00edtimas s\u00e3o crian\u00e7as?<\/p>\n","protected":false},"excerpt":{"rendered":"<p>H\u00e1 uma imagem recorrente nas guerras contempor\u00e2neas: meninas correndo entre escombros. N\u00e3o aparecem nos discursos oficiais, raramente entram nas estat\u00edsticas que mobilizam indigna\u00e7\u00e3o internacional, mas s\u00e3o parte silenciosa daquilo que chamamos de \u201cdanos colaterais\u201d. O termo \u00e9 t\u00e9cnico, burocr\u00e1tico. A realidade \u00e9 brutal. Durante opera\u00e7\u00f5es militares autorizadas pelo governo de Donald Trump, ataques a\u00e9reos em [&hellip;]<\/p>\n","protected":false},"author":21,"featured_media":385907,"comment_status":"closed","ping_status":"closed","sticky":false,"template":"","format":"standard","meta":{"_acf_changed":false,"footnotes":""},"categories":[236],"tags":[],"class_list":["post-385906","post","type-post","status-publish","format-standard","has-post-thumbnail","hentry","category-ponto-de-vista"],"acf":[],"yoast_head":"<!-- This site is optimized with the Yoast SEO plugin v27.2 - https:\/\/yoast.com\/product\/yoast-seo-wordpress\/ -->\n<title>Quando a geopol\u00edtica ignora a inf\u00e2ncia - Notibras<\/title>\n<meta name=\"robots\" content=\"index, follow, max-snippet:-1, max-image-preview:large, max-video-preview:-1\" \/>\n<link rel=\"canonical\" href=\"https:\/\/www.notibras.com\/site\/quando-a-geopolitica-ignora-a-infancia\/\" \/>\n<meta property=\"og:locale\" content=\"pt_BR\" \/>\n<meta property=\"og:type\" content=\"article\" \/>\n<meta property=\"og:title\" content=\"Quando a geopol\u00edtica ignora a inf\u00e2ncia - Notibras\" \/>\n<meta property=\"og:description\" content=\"H\u00e1 uma imagem recorrente nas guerras contempor\u00e2neas: meninas correndo entre escombros. N\u00e3o aparecem nos discursos oficiais, raramente entram nas estat\u00edsticas que mobilizam indigna\u00e7\u00e3o internacional, mas s\u00e3o parte silenciosa daquilo que chamamos de \u201cdanos colaterais\u201d. O termo \u00e9 t\u00e9cnico, burocr\u00e1tico. A realidade \u00e9 brutal. Durante opera\u00e7\u00f5es militares autorizadas pelo governo de Donald Trump, ataques a\u00e9reos em [&hellip;]\" \/>\n<meta property=\"og:url\" content=\"https:\/\/www.notibras.com\/site\/quando-a-geopolitica-ignora-a-infancia\/\" \/>\n<meta property=\"og:site_name\" content=\"Notibras\" \/>\n<meta property=\"article:publisher\" content=\"https:\/\/www.facebook.com\/notibras\/\" \/>\n<meta property=\"article:published_time\" content=\"2026-03-07T05:00:50+00:00\" \/>\n<meta property=\"og:image\" content=\"https:\/\/www.notibras.com\/site\/wp-content\/uploads\/2026\/03\/b5f90af0-173c-11f1-95f3-4f8508781bec.jpg.webp\" \/>\n\t<meta property=\"og:image:width\" content=\"640\" \/>\n\t<meta property=\"og:image:height\" content=\"359\" \/>\n\t<meta property=\"og:image:type\" content=\"image\/webp\" \/>\n<meta name=\"author\" content=\"Eduardo Mart\u00ednez\" \/>\n<meta name=\"twitter:card\" content=\"summary_large_image\" \/>\n<meta name=\"twitter:creator\" content=\"@Notibras\" \/>\n<meta name=\"twitter:site\" content=\"@Notibras\" \/>\n<meta name=\"twitter:label1\" content=\"Escrito por\" \/>\n\t<meta name=\"twitter:data1\" content=\"Eduardo Mart\u00ednez\" \/>\n\t<meta name=\"twitter:label2\" content=\"Est. tempo de leitura\" \/>\n\t<meta name=\"twitter:data2\" content=\"3 minutos\" \/>\n<script type=\"application\/ld+json\" class=\"yoast-schema-graph\">{\"@context\":\"https:\/\/schema.org\",\"@graph\":[{\"@type\":\"Article\",\"@id\":\"https:\/\/www.notibras.com\/site\/quando-a-geopolitica-ignora-a-infancia\/#article\",\"isPartOf\":{\"@id\":\"https:\/\/www.notibras.com\/site\/quando-a-geopolitica-ignora-a-infancia\/\"},\"author\":{\"name\":\"Eduardo Mart\u00ednez\",\"@id\":\"https:\/\/www.notibras.com\/site\/#\/schema\/person\/5b7fabf2aedc3ada2105f03b22b4d3dd\"},\"headline\":\"Quando a geopol\u00edtica ignora a inf\u00e2ncia\",\"datePublished\":\"2026-03-07T05:00:50+00:00\",\"mainEntityOfPage\":{\"@id\":\"https:\/\/www.notibras.com\/site\/quando-a-geopolitica-ignora-a-infancia\/\"},\"wordCount\":383,\"publisher\":{\"@id\":\"https:\/\/www.notibras.com\/site\/#organization\"},\"image\":{\"@id\":\"https:\/\/www.notibras.com\/site\/quando-a-geopolitica-ignora-a-infancia\/#primaryimage\"},\"thumbnailUrl\":\"https:\/\/www.notibras.com\/site\/wp-content\/uploads\/2026\/03\/b5f90af0-173c-11f1-95f3-4f8508781bec.jpg.webp\",\"articleSection\":[\"Ponto de Vista\"],\"inLanguage\":\"pt-BR\"},{\"@type\":\"WebPage\",\"@id\":\"https:\/\/www.notibras.com\/site\/quando-a-geopolitica-ignora-a-infancia\/\",\"url\":\"https:\/\/www.notibras.com\/site\/quando-a-geopolitica-ignora-a-infancia\/\",\"name\":\"Quando a geopol\u00edtica ignora a inf\u00e2ncia - Notibras\",\"isPartOf\":{\"@id\":\"https:\/\/www.notibras.com\/site\/#website\"},\"primaryImageOfPage\":{\"@id\":\"https:\/\/www.notibras.com\/site\/quando-a-geopolitica-ignora-a-infancia\/#primaryimage\"},\"image\":{\"@id\":\"https:\/\/www.notibras.com\/site\/quando-a-geopolitica-ignora-a-infancia\/#primaryimage\"},\"thumbnailUrl\":\"https:\/\/www.notibras.com\/site\/wp-content\/uploads\/2026\/03\/b5f90af0-173c-11f1-95f3-4f8508781bec.jpg.webp\",\"datePublished\":\"2026-03-07T05:00:50+00:00\",\"breadcrumb\":{\"@id\":\"https:\/\/www.notibras.com\/site\/quando-a-geopolitica-ignora-a-infancia\/#breadcrumb\"},\"inLanguage\":\"pt-BR\",\"potentialAction\":[{\"@type\":\"ReadAction\",\"target\":[\"https:\/\/www.notibras.com\/site\/quando-a-geopolitica-ignora-a-infancia\/\"]}]},{\"@type\":\"ImageObject\",\"inLanguage\":\"pt-BR\",\"@id\":\"https:\/\/www.notibras.com\/site\/quando-a-geopolitica-ignora-a-infancia\/#primaryimage\",\"url\":\"https:\/\/www.notibras.com\/site\/wp-content\/uploads\/2026\/03\/b5f90af0-173c-11f1-95f3-4f8508781bec.jpg.webp\",\"contentUrl\":\"https:\/\/www.notibras.com\/site\/wp-content\/uploads\/2026\/03\/b5f90af0-173c-11f1-95f3-4f8508781bec.jpg.webp\",\"width\":640,\"height\":359},{\"@type\":\"BreadcrumbList\",\"@id\":\"https:\/\/www.notibras.com\/site\/quando-a-geopolitica-ignora-a-infancia\/#breadcrumb\",\"itemListElement\":[{\"@type\":\"ListItem\",\"position\":1,\"name\":\"In\u00edcio\",\"item\":\"https:\/\/www.notibras.com\/site\/\"},{\"@type\":\"ListItem\",\"position\":2,\"name\":\"Quando a geopol\u00edtica ignora a inf\u00e2ncia\"}]},{\"@type\":\"WebSite\",\"@id\":\"https:\/\/www.notibras.com\/site\/#website\",\"url\":\"https:\/\/www.notibras.com\/site\/\",\"name\":\"Notibras\",\"description\":\"Not\u00edcias de Bras\u00edlia, do Brasil e do Mundo\",\"publisher\":{\"@id\":\"https:\/\/www.notibras.com\/site\/#organization\"},\"potentialAction\":[{\"@type\":\"SearchAction\",\"target\":{\"@type\":\"EntryPoint\",\"urlTemplate\":\"https:\/\/www.notibras.com\/site\/?s={search_term_string}\"},\"query-input\":{\"@type\":\"PropertyValueSpecification\",\"valueRequired\":true,\"valueName\":\"search_term_string\"}}],\"inLanguage\":\"pt-BR\"},{\"@type\":\"Organization\",\"@id\":\"https:\/\/www.notibras.com\/site\/#organization\",\"name\":\"Grupo Notibras de Comunica\u00e7\u00e3o\",\"url\":\"https:\/\/www.notibras.com\/site\/\",\"logo\":{\"@type\":\"ImageObject\",\"inLanguage\":\"pt-BR\",\"@id\":\"https:\/\/www.notibras.com\/site\/#\/schema\/logo\/image\/\",\"url\":\"https:\/\/www.notibras.com\/site\/wp-content\/uploads\/2023\/01\/notibras23.png\",\"contentUrl\":\"https:\/\/www.notibras.com\/site\/wp-content\/uploads\/2023\/01\/notibras23.png\",\"width\":350,\"height\":87,\"caption\":\"Grupo Notibras de Comunica\u00e7\u00e3o\"},\"image\":{\"@id\":\"https:\/\/www.notibras.com\/site\/#\/schema\/logo\/image\/\"},\"sameAs\":[\"https:\/\/www.facebook.com\/notibras\/\",\"https:\/\/x.com\/Notibras\",\"https:\/\/www.instagram.com\/notibras\/\"]},{\"@type\":\"Person\",\"@id\":\"https:\/\/www.notibras.com\/site\/#\/schema\/person\/5b7fabf2aedc3ada2105f03b22b4d3dd\",\"name\":\"Eduardo Mart\u00ednez\",\"image\":{\"@type\":\"ImageObject\",\"inLanguage\":\"pt-BR\",\"@id\":\"https:\/\/secure.gravatar.com\/avatar\/7902f906289926289cbcda644b5197c796b893c6ffd7b9a536a42d290f7704a0?s=96&d=mm&r=g\",\"url\":\"https:\/\/secure.gravatar.com\/avatar\/7902f906289926289cbcda644b5197c796b893c6ffd7b9a536a42d290f7704a0?s=96&d=mm&r=g\",\"contentUrl\":\"https:\/\/secure.gravatar.com\/avatar\/7902f906289926289cbcda644b5197c796b893c6ffd7b9a536a42d290f7704a0?s=96&d=mm&r=g\",\"caption\":\"Eduardo Mart\u00ednez\"}}]}<\/script>\n<!-- \/ Yoast SEO plugin. -->","yoast_head_json":{"title":"Quando a geopol\u00edtica ignora a inf\u00e2ncia - Notibras","robots":{"index":"index","follow":"follow","max-snippet":"max-snippet:-1","max-image-preview":"max-image-preview:large","max-video-preview":"max-video-preview:-1"},"canonical":"https:\/\/www.notibras.com\/site\/quando-a-geopolitica-ignora-a-infancia\/","og_locale":"pt_BR","og_type":"article","og_title":"Quando a geopol\u00edtica ignora a inf\u00e2ncia - Notibras","og_description":"H\u00e1 uma imagem recorrente nas guerras contempor\u00e2neas: meninas correndo entre escombros. N\u00e3o aparecem nos discursos oficiais, raramente entram nas estat\u00edsticas que mobilizam indigna\u00e7\u00e3o internacional, mas s\u00e3o parte silenciosa daquilo que chamamos de \u201cdanos colaterais\u201d. O termo \u00e9 t\u00e9cnico, burocr\u00e1tico. A realidade \u00e9 brutal. Durante opera\u00e7\u00f5es militares autorizadas pelo governo de Donald Trump, ataques a\u00e9reos em [&hellip;]","og_url":"https:\/\/www.notibras.com\/site\/quando-a-geopolitica-ignora-a-infancia\/","og_site_name":"Notibras","article_publisher":"https:\/\/www.facebook.com\/notibras\/","article_published_time":"2026-03-07T05:00:50+00:00","og_image":[{"width":640,"height":359,"url":"https:\/\/www.notibras.com\/site\/wp-content\/uploads\/2026\/03\/b5f90af0-173c-11f1-95f3-4f8508781bec.jpg.webp","type":"image\/webp"}],"author":"Eduardo Mart\u00ednez","twitter_card":"summary_large_image","twitter_creator":"@Notibras","twitter_site":"@Notibras","twitter_misc":{"Escrito por":"Eduardo Mart\u00ednez","Est. tempo de leitura":"3 minutos"},"schema":{"@context":"https:\/\/schema.org","@graph":[{"@type":"Article","@id":"https:\/\/www.notibras.com\/site\/quando-a-geopolitica-ignora-a-infancia\/#article","isPartOf":{"@id":"https:\/\/www.notibras.com\/site\/quando-a-geopolitica-ignora-a-infancia\/"},"author":{"name":"Eduardo Mart\u00ednez","@id":"https:\/\/www.notibras.com\/site\/#\/schema\/person\/5b7fabf2aedc3ada2105f03b22b4d3dd"},"headline":"Quando a geopol\u00edtica ignora a inf\u00e2ncia","datePublished":"2026-03-07T05:00:50+00:00","mainEntityOfPage":{"@id":"https:\/\/www.notibras.com\/site\/quando-a-geopolitica-ignora-a-infancia\/"},"wordCount":383,"publisher":{"@id":"https:\/\/www.notibras.com\/site\/#organization"},"image":{"@id":"https:\/\/www.notibras.com\/site\/quando-a-geopolitica-ignora-a-infancia\/#primaryimage"},"thumbnailUrl":"https:\/\/www.notibras.com\/site\/wp-content\/uploads\/2026\/03\/b5f90af0-173c-11f1-95f3-4f8508781bec.jpg.webp","articleSection":["Ponto de Vista"],"inLanguage":"pt-BR"},{"@type":"WebPage","@id":"https:\/\/www.notibras.com\/site\/quando-a-geopolitica-ignora-a-infancia\/","url":"https:\/\/www.notibras.com\/site\/quando-a-geopolitica-ignora-a-infancia\/","name":"Quando a geopol\u00edtica ignora a inf\u00e2ncia - Notibras","isPartOf":{"@id":"https:\/\/www.notibras.com\/site\/#website"},"primaryImageOfPage":{"@id":"https:\/\/www.notibras.com\/site\/quando-a-geopolitica-ignora-a-infancia\/#primaryimage"},"image":{"@id":"https:\/\/www.notibras.com\/site\/quando-a-geopolitica-ignora-a-infancia\/#primaryimage"},"thumbnailUrl":"https:\/\/www.notibras.com\/site\/wp-content\/uploads\/2026\/03\/b5f90af0-173c-11f1-95f3-4f8508781bec.jpg.webp","datePublished":"2026-03-07T05:00:50+00:00","breadcrumb":{"@id":"https:\/\/www.notibras.com\/site\/quando-a-geopolitica-ignora-a-infancia\/#breadcrumb"},"inLanguage":"pt-BR","potentialAction":[{"@type":"ReadAction","target":["https:\/\/www.notibras.com\/site\/quando-a-geopolitica-ignora-a-infancia\/"]}]},{"@type":"ImageObject","inLanguage":"pt-BR","@id":"https:\/\/www.notibras.com\/site\/quando-a-geopolitica-ignora-a-infancia\/#primaryimage","url":"https:\/\/www.notibras.com\/site\/wp-content\/uploads\/2026\/03\/b5f90af0-173c-11f1-95f3-4f8508781bec.jpg.webp","contentUrl":"https:\/\/www.notibras.com\/site\/wp-content\/uploads\/2026\/03\/b5f90af0-173c-11f1-95f3-4f8508781bec.jpg.webp","width":640,"height":359},{"@type":"BreadcrumbList","@id":"https:\/\/www.notibras.com\/site\/quando-a-geopolitica-ignora-a-infancia\/#breadcrumb","itemListElement":[{"@type":"ListItem","position":1,"name":"In\u00edcio","item":"https:\/\/www.notibras.com\/site\/"},{"@type":"ListItem","position":2,"name":"Quando a geopol\u00edtica ignora a inf\u00e2ncia"}]},{"@type":"WebSite","@id":"https:\/\/www.notibras.com\/site\/#website","url":"https:\/\/www.notibras.com\/site\/","name":"Notibras","description":"Not\u00edcias de Bras\u00edlia, do Brasil e do Mundo","publisher":{"@id":"https:\/\/www.notibras.com\/site\/#organization"},"potentialAction":[{"@type":"SearchAction","target":{"@type":"EntryPoint","urlTemplate":"https:\/\/www.notibras.com\/site\/?s={search_term_string}"},"query-input":{"@type":"PropertyValueSpecification","valueRequired":true,"valueName":"search_term_string"}}],"inLanguage":"pt-BR"},{"@type":"Organization","@id":"https:\/\/www.notibras.com\/site\/#organization","name":"Grupo Notibras de Comunica\u00e7\u00e3o","url":"https:\/\/www.notibras.com\/site\/","logo":{"@type":"ImageObject","inLanguage":"pt-BR","@id":"https:\/\/www.notibras.com\/site\/#\/schema\/logo\/image\/","url":"https:\/\/www.notibras.com\/site\/wp-content\/uploads\/2023\/01\/notibras23.png","contentUrl":"https:\/\/www.notibras.com\/site\/wp-content\/uploads\/2023\/01\/notibras23.png","width":350,"height":87,"caption":"Grupo Notibras de Comunica\u00e7\u00e3o"},"image":{"@id":"https:\/\/www.notibras.com\/site\/#\/schema\/logo\/image\/"},"sameAs":["https:\/\/www.facebook.com\/notibras\/","https:\/\/x.com\/Notibras","https:\/\/www.instagram.com\/notibras\/"]},{"@type":"Person","@id":"https:\/\/www.notibras.com\/site\/#\/schema\/person\/5b7fabf2aedc3ada2105f03b22b4d3dd","name":"Eduardo Mart\u00ednez","image":{"@type":"ImageObject","inLanguage":"pt-BR","@id":"https:\/\/secure.gravatar.com\/avatar\/7902f906289926289cbcda644b5197c796b893c6ffd7b9a536a42d290f7704a0?s=96&d=mm&r=g","url":"https:\/\/secure.gravatar.com\/avatar\/7902f906289926289cbcda644b5197c796b893c6ffd7b9a536a42d290f7704a0?s=96&d=mm&r=g","contentUrl":"https:\/\/secure.gravatar.com\/avatar\/7902f906289926289cbcda644b5197c796b893c6ffd7b9a536a42d290f7704a0?s=96&d=mm&r=g","caption":"Eduardo Mart\u00ednez"}}]}},"amp_enabled":true,"_links":{"self":[{"href":"https:\/\/www.notibras.com\/site\/wp-json\/wp\/v2\/posts\/385906","targetHints":{"allow":["GET"]}}],"collection":[{"href":"https:\/\/www.notibras.com\/site\/wp-json\/wp\/v2\/posts"}],"about":[{"href":"https:\/\/www.notibras.com\/site\/wp-json\/wp\/v2\/types\/post"}],"author":[{"embeddable":true,"href":"https:\/\/www.notibras.com\/site\/wp-json\/wp\/v2\/users\/21"}],"replies":[{"embeddable":true,"href":"https:\/\/www.notibras.com\/site\/wp-json\/wp\/v2\/comments?post=385906"}],"version-history":[{"count":2,"href":"https:\/\/www.notibras.com\/site\/wp-json\/wp\/v2\/posts\/385906\/revisions"}],"predecessor-version":[{"id":385909,"href":"https:\/\/www.notibras.com\/site\/wp-json\/wp\/v2\/posts\/385906\/revisions\/385909"}],"wp:featuredmedia":[{"embeddable":true,"href":"https:\/\/www.notibras.com\/site\/wp-json\/wp\/v2\/media\/385907"}],"wp:attachment":[{"href":"https:\/\/www.notibras.com\/site\/wp-json\/wp\/v2\/media?parent=385906"}],"wp:term":[{"taxonomy":"category","embeddable":true,"href":"https:\/\/www.notibras.com\/site\/wp-json\/wp\/v2\/categories?post=385906"},{"taxonomy":"post_tag","embeddable":true,"href":"https:\/\/www.notibras.com\/site\/wp-json\/wp\/v2\/tags?post=385906"}],"curies":[{"name":"wp","href":"https:\/\/api.w.org\/{rel}","templated":true}]}}