{"id":385910,"date":"2026-03-08T02:15:09","date_gmt":"2026-03-08T05:15:09","guid":{"rendered":"https:\/\/www.notibras.com\/site\/?p=385910"},"modified":"2026-03-07T01:06:39","modified_gmt":"2026-03-07T04:06:39","slug":"nem-todas-as-mulheres-me-agradam-mas-todas-merecem-ser-livres","status":"publish","type":"post","link":"https:\/\/www.notibras.com\/site\/nem-todas-as-mulheres-me-agradam-mas-todas-merecem-ser-livres\/","title":{"rendered":"Nem todas as mulheres me agradam, mas todas merecem ser livres"},"content":{"rendered":"<p>Existe uma expectativa silenciosa imposta \u00e0s mulheres: devemos gostar umas das outras. Como se o simples fato de compartilharmos uma condi\u00e7\u00e3o social fosse suficiente para produzir afinidade autom\u00e1tica. N\u00e3o \u00e9 assim que a vida funciona.<\/p>\n<p>A verdade \u00e9 simples e, ao mesmo tempo, pouco admitida: h\u00e1 mulheres de quem eu n\u00e3o gosto. Mulheres com quem n\u00e3o compartilho valores, vis\u00f5es pol\u00edticas ou modos de vida. Mulheres que prefiro manter \u00e0 dist\u00e2ncia. E isso n\u00e3o deveria ser esc\u00e2ndalo algum.<\/p>\n<p>O equ\u00edvoco surge quando se confunde afinidade pessoal com compromisso pol\u00edtico.<\/p>\n<p>A luta feminista nunca exigiu que mulheres fossem iguais ou que se tornassem amigas. O que ela exige \u00e9 algo muito mais profundo: o reconhecimento de que nenhuma mulher deve ter sua liberdade negada. Mesmo aquelas com quem discordamos. Mesmo aquelas de quem preferimos nos afastar.<\/p>\n<p>A fil\u00f3sofa Simone de Beauvoir escreveu que a opress\u00e3o feminina se sustenta justamente na fragmenta\u00e7\u00e3o entre as pr\u00f3prias mulheres. Quando n\u00e3o conseguimos nos perceber como grupo pol\u00edtico, o patriarcado permanece intacto. Ele se beneficia da nossa divis\u00e3o.<\/p>\n<p>Mas reconhecer essa dimens\u00e3o coletiva n\u00e3o significa negar diferen\u00e7as reais. Mulheres pensam diferente, vivem de formas distintas, ocupam posi\u00e7\u00f5es sociais diversas. Algumas reproduzem estruturas conservadoras; outras lutam para transform\u00e1-las. O campo feminino n\u00e3o \u00e9 homog\u00eaneo.<\/p>\n<p>A maturidade pol\u00edtica talvez esteja exatamente nesse ponto: compreender que a defesa da liberdade feminina n\u00e3o depende de simpatia pessoal.<\/p>\n<p>Eu posso n\u00e3o querer sua amizade. Posso n\u00e3o concordar com suas escolhas. Posso inclusive preferir o sil\u00eancio e a dist\u00e2ncia. Mas nunca desejarei que voc\u00ea seja menos livre.<\/p>\n<p>Num mundo onde mulheres ainda s\u00e3o assassinadas por parceiros, silenciadas em ambientes profissionais e julgadas por suas escolhas, defender a liberdade feminina n\u00e3o pode ser um gesto seletivo.<\/p>\n<p>O feminismo n\u00e3o \u00e9 um clube de afinidades. \u00c9 um compromisso \u00e9tico com a possibilidade de que todas as mulheres vivam sem medo.<\/p>\n<p>Mesmo aquelas que n\u00e3o cabem no nosso c\u00edrculo de afetos.<\/p>\n","protected":false},"excerpt":{"rendered":"<p>Existe uma expectativa silenciosa imposta \u00e0s mulheres: devemos gostar umas das outras. Como se o simples fato de compartilharmos uma condi\u00e7\u00e3o social fosse suficiente para produzir afinidade autom\u00e1tica. N\u00e3o \u00e9 assim que a vida funciona. A verdade \u00e9 simples e, ao mesmo tempo, pouco admitida: h\u00e1 mulheres de quem eu n\u00e3o gosto. Mulheres com quem [&hellip;]<\/p>\n","protected":false},"author":21,"featured_media":385911,"comment_status":"closed","ping_status":"closed","sticky":false,"template":"","format":"standard","meta":{"_acf_changed":false,"footnotes":""},"categories":[236],"tags":[],"class_list":["post-385910","post","type-post","status-publish","format-standard","has-post-thumbnail","hentry","category-ponto-de-vista"],"acf":[],"yoast_head":"<!-- This site is optimized with the Yoast SEO plugin v27.2 - https:\/\/yoast.com\/product\/yoast-seo-wordpress\/ -->\n<title>Nem todas as mulheres me agradam, mas todas merecem ser livres - Notibras<\/title>\n<meta name=\"robots\" content=\"index, follow, max-snippet:-1, max-image-preview:large, max-video-preview:-1\" \/>\n<link rel=\"canonical\" href=\"https:\/\/www.notibras.com\/site\/nem-todas-as-mulheres-me-agradam-mas-todas-merecem-ser-livres\/\" \/>\n<meta property=\"og:locale\" content=\"pt_BR\" \/>\n<meta property=\"og:type\" content=\"article\" \/>\n<meta property=\"og:title\" content=\"Nem todas as mulheres me agradam, mas todas merecem ser livres - Notibras\" \/>\n<meta property=\"og:description\" content=\"Existe uma expectativa silenciosa imposta \u00e0s mulheres: devemos gostar umas das outras. Como se o simples fato de compartilharmos uma condi\u00e7\u00e3o social fosse suficiente para produzir afinidade autom\u00e1tica. N\u00e3o \u00e9 assim que a vida funciona. A verdade \u00e9 simples e, ao mesmo tempo, pouco admitida: h\u00e1 mulheres de quem eu n\u00e3o gosto. Mulheres com quem [&hellip;]\" \/>\n<meta property=\"og:url\" content=\"https:\/\/www.notibras.com\/site\/nem-todas-as-mulheres-me-agradam-mas-todas-merecem-ser-livres\/\" \/>\n<meta property=\"og:site_name\" content=\"Notibras\" \/>\n<meta property=\"article:publisher\" content=\"https:\/\/www.facebook.com\/notibras\/\" \/>\n<meta property=\"article:published_time\" content=\"2026-03-08T05:15:09+00:00\" \/>\n<meta property=\"og:image\" content=\"https:\/\/www.notibras.com\/site\/wp-content\/uploads\/2026\/03\/WhatsApp-Image-2026-03-07-at-01.04.53.jpeg\" \/>\n\t<meta property=\"og:image:width\" content=\"810\" \/>\n\t<meta property=\"og:image:height\" content=\"1440\" \/>\n\t<meta property=\"og:image:type\" content=\"image\/jpeg\" \/>\n<meta name=\"author\" content=\"Eduardo Mart\u00ednez\" \/>\n<meta name=\"twitter:card\" content=\"summary_large_image\" \/>\n<meta name=\"twitter:creator\" content=\"@Notibras\" \/>\n<meta name=\"twitter:site\" content=\"@Notibras\" \/>\n<meta name=\"twitter:label1\" content=\"Escrito por\" \/>\n\t<meta name=\"twitter:data1\" content=\"Eduardo Mart\u00ednez\" \/>\n\t<meta name=\"twitter:label2\" content=\"Est. tempo de leitura\" \/>\n\t<meta name=\"twitter:data2\" content=\"2 minutos\" \/>\n<script type=\"application\/ld+json\" class=\"yoast-schema-graph\">{\"@context\":\"https:\/\/schema.org\",\"@graph\":[{\"@type\":\"Article\",\"@id\":\"https:\/\/www.notibras.com\/site\/nem-todas-as-mulheres-me-agradam-mas-todas-merecem-ser-livres\/#article\",\"isPartOf\":{\"@id\":\"https:\/\/www.notibras.com\/site\/nem-todas-as-mulheres-me-agradam-mas-todas-merecem-ser-livres\/\"},\"author\":{\"name\":\"Eduardo Mart\u00ednez\",\"@id\":\"https:\/\/www.notibras.com\/site\/#\/schema\/person\/5b7fabf2aedc3ada2105f03b22b4d3dd\"},\"headline\":\"Nem todas as mulheres me agradam, mas todas merecem ser livres\",\"datePublished\":\"2026-03-08T05:15:09+00:00\",\"mainEntityOfPage\":{\"@id\":\"https:\/\/www.notibras.com\/site\/nem-todas-as-mulheres-me-agradam-mas-todas-merecem-ser-livres\/\"},\"wordCount\":356,\"publisher\":{\"@id\":\"https:\/\/www.notibras.com\/site\/#organization\"},\"image\":{\"@id\":\"https:\/\/www.notibras.com\/site\/nem-todas-as-mulheres-me-agradam-mas-todas-merecem-ser-livres\/#primaryimage\"},\"thumbnailUrl\":\"https:\/\/www.notibras.com\/site\/wp-content\/uploads\/2026\/03\/WhatsApp-Image-2026-03-07-at-01.04.53.jpeg\",\"articleSection\":[\"Ponto de Vista\"],\"inLanguage\":\"pt-BR\"},{\"@type\":\"WebPage\",\"@id\":\"https:\/\/www.notibras.com\/site\/nem-todas-as-mulheres-me-agradam-mas-todas-merecem-ser-livres\/\",\"url\":\"https:\/\/www.notibras.com\/site\/nem-todas-as-mulheres-me-agradam-mas-todas-merecem-ser-livres\/\",\"name\":\"Nem todas as mulheres me agradam, mas todas merecem ser livres - Notibras\",\"isPartOf\":{\"@id\":\"https:\/\/www.notibras.com\/site\/#website\"},\"primaryImageOfPage\":{\"@id\":\"https:\/\/www.notibras.com\/site\/nem-todas-as-mulheres-me-agradam-mas-todas-merecem-ser-livres\/#primaryimage\"},\"image\":{\"@id\":\"https:\/\/www.notibras.com\/site\/nem-todas-as-mulheres-me-agradam-mas-todas-merecem-ser-livres\/#primaryimage\"},\"thumbnailUrl\":\"https:\/\/www.notibras.com\/site\/wp-content\/uploads\/2026\/03\/WhatsApp-Image-2026-03-07-at-01.04.53.jpeg\",\"datePublished\":\"2026-03-08T05:15:09+00:00\",\"breadcrumb\":{\"@id\":\"https:\/\/www.notibras.com\/site\/nem-todas-as-mulheres-me-agradam-mas-todas-merecem-ser-livres\/#breadcrumb\"},\"inLanguage\":\"pt-BR\",\"potentialAction\":[{\"@type\":\"ReadAction\",\"target\":[\"https:\/\/www.notibras.com\/site\/nem-todas-as-mulheres-me-agradam-mas-todas-merecem-ser-livres\/\"]}]},{\"@type\":\"ImageObject\",\"inLanguage\":\"pt-BR\",\"@id\":\"https:\/\/www.notibras.com\/site\/nem-todas-as-mulheres-me-agradam-mas-todas-merecem-ser-livres\/#primaryimage\",\"url\":\"https:\/\/www.notibras.com\/site\/wp-content\/uploads\/2026\/03\/WhatsApp-Image-2026-03-07-at-01.04.53.jpeg\",\"contentUrl\":\"https:\/\/www.notibras.com\/site\/wp-content\/uploads\/2026\/03\/WhatsApp-Image-2026-03-07-at-01.04.53.jpeg\",\"width\":810,\"height\":1440},{\"@type\":\"BreadcrumbList\",\"@id\":\"https:\/\/www.notibras.com\/site\/nem-todas-as-mulheres-me-agradam-mas-todas-merecem-ser-livres\/#breadcrumb\",\"itemListElement\":[{\"@type\":\"ListItem\",\"position\":1,\"name\":\"In\u00edcio\",\"item\":\"https:\/\/www.notibras.com\/site\/\"},{\"@type\":\"ListItem\",\"position\":2,\"name\":\"Nem todas as mulheres me agradam, mas todas merecem ser livres\"}]},{\"@type\":\"WebSite\",\"@id\":\"https:\/\/www.notibras.com\/site\/#website\",\"url\":\"https:\/\/www.notibras.com\/site\/\",\"name\":\"Notibras\",\"description\":\"Not\u00edcias de Bras\u00edlia, do Brasil e do Mundo\",\"publisher\":{\"@id\":\"https:\/\/www.notibras.com\/site\/#organization\"},\"potentialAction\":[{\"@type\":\"SearchAction\",\"target\":{\"@type\":\"EntryPoint\",\"urlTemplate\":\"https:\/\/www.notibras.com\/site\/?s={search_term_string}\"},\"query-input\":{\"@type\":\"PropertyValueSpecification\",\"valueRequired\":true,\"valueName\":\"search_term_string\"}}],\"inLanguage\":\"pt-BR\"},{\"@type\":\"Organization\",\"@id\":\"https:\/\/www.notibras.com\/site\/#organization\",\"name\":\"Grupo Notibras de Comunica\u00e7\u00e3o\",\"url\":\"https:\/\/www.notibras.com\/site\/\",\"logo\":{\"@type\":\"ImageObject\",\"inLanguage\":\"pt-BR\",\"@id\":\"https:\/\/www.notibras.com\/site\/#\/schema\/logo\/image\/\",\"url\":\"https:\/\/www.notibras.com\/site\/wp-content\/uploads\/2023\/01\/notibras23.png\",\"contentUrl\":\"https:\/\/www.notibras.com\/site\/wp-content\/uploads\/2023\/01\/notibras23.png\",\"width\":350,\"height\":87,\"caption\":\"Grupo Notibras de Comunica\u00e7\u00e3o\"},\"image\":{\"@id\":\"https:\/\/www.notibras.com\/site\/#\/schema\/logo\/image\/\"},\"sameAs\":[\"https:\/\/www.facebook.com\/notibras\/\",\"https:\/\/x.com\/Notibras\",\"https:\/\/www.instagram.com\/notibras\/\"]},{\"@type\":\"Person\",\"@id\":\"https:\/\/www.notibras.com\/site\/#\/schema\/person\/5b7fabf2aedc3ada2105f03b22b4d3dd\",\"name\":\"Eduardo Mart\u00ednez\",\"image\":{\"@type\":\"ImageObject\",\"inLanguage\":\"pt-BR\",\"@id\":\"https:\/\/secure.gravatar.com\/avatar\/7902f906289926289cbcda644b5197c796b893c6ffd7b9a536a42d290f7704a0?s=96&d=mm&r=g\",\"url\":\"https:\/\/secure.gravatar.com\/avatar\/7902f906289926289cbcda644b5197c796b893c6ffd7b9a536a42d290f7704a0?s=96&d=mm&r=g\",\"contentUrl\":\"https:\/\/secure.gravatar.com\/avatar\/7902f906289926289cbcda644b5197c796b893c6ffd7b9a536a42d290f7704a0?s=96&d=mm&r=g\",\"caption\":\"Eduardo Mart\u00ednez\"}}]}<\/script>\n<!-- \/ Yoast SEO plugin. -->","yoast_head_json":{"title":"Nem todas as mulheres me agradam, mas todas merecem ser livres - Notibras","robots":{"index":"index","follow":"follow","max-snippet":"max-snippet:-1","max-image-preview":"max-image-preview:large","max-video-preview":"max-video-preview:-1"},"canonical":"https:\/\/www.notibras.com\/site\/nem-todas-as-mulheres-me-agradam-mas-todas-merecem-ser-livres\/","og_locale":"pt_BR","og_type":"article","og_title":"Nem todas as mulheres me agradam, mas todas merecem ser livres - Notibras","og_description":"Existe uma expectativa silenciosa imposta \u00e0s mulheres: devemos gostar umas das outras. Como se o simples fato de compartilharmos uma condi\u00e7\u00e3o social fosse suficiente para produzir afinidade autom\u00e1tica. N\u00e3o \u00e9 assim que a vida funciona. A verdade \u00e9 simples e, ao mesmo tempo, pouco admitida: h\u00e1 mulheres de quem eu n\u00e3o gosto. Mulheres com quem [&hellip;]","og_url":"https:\/\/www.notibras.com\/site\/nem-todas-as-mulheres-me-agradam-mas-todas-merecem-ser-livres\/","og_site_name":"Notibras","article_publisher":"https:\/\/www.facebook.com\/notibras\/","article_published_time":"2026-03-08T05:15:09+00:00","og_image":[{"width":810,"height":1440,"url":"https:\/\/www.notibras.com\/site\/wp-content\/uploads\/2026\/03\/WhatsApp-Image-2026-03-07-at-01.04.53.jpeg","type":"image\/jpeg"}],"author":"Eduardo Mart\u00ednez","twitter_card":"summary_large_image","twitter_creator":"@Notibras","twitter_site":"@Notibras","twitter_misc":{"Escrito por":"Eduardo Mart\u00ednez","Est. tempo de leitura":"2 minutos"},"schema":{"@context":"https:\/\/schema.org","@graph":[{"@type":"Article","@id":"https:\/\/www.notibras.com\/site\/nem-todas-as-mulheres-me-agradam-mas-todas-merecem-ser-livres\/#article","isPartOf":{"@id":"https:\/\/www.notibras.com\/site\/nem-todas-as-mulheres-me-agradam-mas-todas-merecem-ser-livres\/"},"author":{"name":"Eduardo Mart\u00ednez","@id":"https:\/\/www.notibras.com\/site\/#\/schema\/person\/5b7fabf2aedc3ada2105f03b22b4d3dd"},"headline":"Nem todas as mulheres me agradam, mas todas merecem ser livres","datePublished":"2026-03-08T05:15:09+00:00","mainEntityOfPage":{"@id":"https:\/\/www.notibras.com\/site\/nem-todas-as-mulheres-me-agradam-mas-todas-merecem-ser-livres\/"},"wordCount":356,"publisher":{"@id":"https:\/\/www.notibras.com\/site\/#organization"},"image":{"@id":"https:\/\/www.notibras.com\/site\/nem-todas-as-mulheres-me-agradam-mas-todas-merecem-ser-livres\/#primaryimage"},"thumbnailUrl":"https:\/\/www.notibras.com\/site\/wp-content\/uploads\/2026\/03\/WhatsApp-Image-2026-03-07-at-01.04.53.jpeg","articleSection":["Ponto de Vista"],"inLanguage":"pt-BR"},{"@type":"WebPage","@id":"https:\/\/www.notibras.com\/site\/nem-todas-as-mulheres-me-agradam-mas-todas-merecem-ser-livres\/","url":"https:\/\/www.notibras.com\/site\/nem-todas-as-mulheres-me-agradam-mas-todas-merecem-ser-livres\/","name":"Nem todas as mulheres me agradam, mas todas merecem ser livres - Notibras","isPartOf":{"@id":"https:\/\/www.notibras.com\/site\/#website"},"primaryImageOfPage":{"@id":"https:\/\/www.notibras.com\/site\/nem-todas-as-mulheres-me-agradam-mas-todas-merecem-ser-livres\/#primaryimage"},"image":{"@id":"https:\/\/www.notibras.com\/site\/nem-todas-as-mulheres-me-agradam-mas-todas-merecem-ser-livres\/#primaryimage"},"thumbnailUrl":"https:\/\/www.notibras.com\/site\/wp-content\/uploads\/2026\/03\/WhatsApp-Image-2026-03-07-at-01.04.53.jpeg","datePublished":"2026-03-08T05:15:09+00:00","breadcrumb":{"@id":"https:\/\/www.notibras.com\/site\/nem-todas-as-mulheres-me-agradam-mas-todas-merecem-ser-livres\/#breadcrumb"},"inLanguage":"pt-BR","potentialAction":[{"@type":"ReadAction","target":["https:\/\/www.notibras.com\/site\/nem-todas-as-mulheres-me-agradam-mas-todas-merecem-ser-livres\/"]}]},{"@type":"ImageObject","inLanguage":"pt-BR","@id":"https:\/\/www.notibras.com\/site\/nem-todas-as-mulheres-me-agradam-mas-todas-merecem-ser-livres\/#primaryimage","url":"https:\/\/www.notibras.com\/site\/wp-content\/uploads\/2026\/03\/WhatsApp-Image-2026-03-07-at-01.04.53.jpeg","contentUrl":"https:\/\/www.notibras.com\/site\/wp-content\/uploads\/2026\/03\/WhatsApp-Image-2026-03-07-at-01.04.53.jpeg","width":810,"height":1440},{"@type":"BreadcrumbList","@id":"https:\/\/www.notibras.com\/site\/nem-todas-as-mulheres-me-agradam-mas-todas-merecem-ser-livres\/#breadcrumb","itemListElement":[{"@type":"ListItem","position":1,"name":"In\u00edcio","item":"https:\/\/www.notibras.com\/site\/"},{"@type":"ListItem","position":2,"name":"Nem todas as mulheres me agradam, mas todas merecem ser livres"}]},{"@type":"WebSite","@id":"https:\/\/www.notibras.com\/site\/#website","url":"https:\/\/www.notibras.com\/site\/","name":"Notibras","description":"Not\u00edcias de Bras\u00edlia, do Brasil e do Mundo","publisher":{"@id":"https:\/\/www.notibras.com\/site\/#organization"},"potentialAction":[{"@type":"SearchAction","target":{"@type":"EntryPoint","urlTemplate":"https:\/\/www.notibras.com\/site\/?s={search_term_string}"},"query-input":{"@type":"PropertyValueSpecification","valueRequired":true,"valueName":"search_term_string"}}],"inLanguage":"pt-BR"},{"@type":"Organization","@id":"https:\/\/www.notibras.com\/site\/#organization","name":"Grupo Notibras de Comunica\u00e7\u00e3o","url":"https:\/\/www.notibras.com\/site\/","logo":{"@type":"ImageObject","inLanguage":"pt-BR","@id":"https:\/\/www.notibras.com\/site\/#\/schema\/logo\/image\/","url":"https:\/\/www.notibras.com\/site\/wp-content\/uploads\/2023\/01\/notibras23.png","contentUrl":"https:\/\/www.notibras.com\/site\/wp-content\/uploads\/2023\/01\/notibras23.png","width":350,"height":87,"caption":"Grupo Notibras de Comunica\u00e7\u00e3o"},"image":{"@id":"https:\/\/www.notibras.com\/site\/#\/schema\/logo\/image\/"},"sameAs":["https:\/\/www.facebook.com\/notibras\/","https:\/\/x.com\/Notibras","https:\/\/www.instagram.com\/notibras\/"]},{"@type":"Person","@id":"https:\/\/www.notibras.com\/site\/#\/schema\/person\/5b7fabf2aedc3ada2105f03b22b4d3dd","name":"Eduardo Mart\u00ednez","image":{"@type":"ImageObject","inLanguage":"pt-BR","@id":"https:\/\/secure.gravatar.com\/avatar\/7902f906289926289cbcda644b5197c796b893c6ffd7b9a536a42d290f7704a0?s=96&d=mm&r=g","url":"https:\/\/secure.gravatar.com\/avatar\/7902f906289926289cbcda644b5197c796b893c6ffd7b9a536a42d290f7704a0?s=96&d=mm&r=g","contentUrl":"https:\/\/secure.gravatar.com\/avatar\/7902f906289926289cbcda644b5197c796b893c6ffd7b9a536a42d290f7704a0?s=96&d=mm&r=g","caption":"Eduardo Mart\u00ednez"}}]}},"amp_enabled":true,"_links":{"self":[{"href":"https:\/\/www.notibras.com\/site\/wp-json\/wp\/v2\/posts\/385910","targetHints":{"allow":["GET"]}}],"collection":[{"href":"https:\/\/www.notibras.com\/site\/wp-json\/wp\/v2\/posts"}],"about":[{"href":"https:\/\/www.notibras.com\/site\/wp-json\/wp\/v2\/types\/post"}],"author":[{"embeddable":true,"href":"https:\/\/www.notibras.com\/site\/wp-json\/wp\/v2\/users\/21"}],"replies":[{"embeddable":true,"href":"https:\/\/www.notibras.com\/site\/wp-json\/wp\/v2\/comments?post=385910"}],"version-history":[{"count":1,"href":"https:\/\/www.notibras.com\/site\/wp-json\/wp\/v2\/posts\/385910\/revisions"}],"predecessor-version":[{"id":385912,"href":"https:\/\/www.notibras.com\/site\/wp-json\/wp\/v2\/posts\/385910\/revisions\/385912"}],"wp:featuredmedia":[{"embeddable":true,"href":"https:\/\/www.notibras.com\/site\/wp-json\/wp\/v2\/media\/385911"}],"wp:attachment":[{"href":"https:\/\/www.notibras.com\/site\/wp-json\/wp\/v2\/media?parent=385910"}],"wp:term":[{"taxonomy":"category","embeddable":true,"href":"https:\/\/www.notibras.com\/site\/wp-json\/wp\/v2\/categories?post=385910"},{"taxonomy":"post_tag","embeddable":true,"href":"https:\/\/www.notibras.com\/site\/wp-json\/wp\/v2\/tags?post=385910"}],"curies":[{"name":"wp","href":"https:\/\/api.w.org\/{rel}","templated":true}]}}