{"id":385914,"date":"2026-03-09T02:00:59","date_gmt":"2026-03-09T05:00:59","guid":{"rendered":"https:\/\/www.notibras.com\/site\/?p=385914"},"modified":"2026-03-07T01:13:17","modified_gmt":"2026-03-07T04:13:17","slug":"a-alegria-de-ser-mulher-mas-sem-a-violencia-que-nos-impoem","status":"publish","type":"post","link":"https:\/\/www.notibras.com\/site\/a-alegria-de-ser-mulher-mas-sem-a-violencia-que-nos-impoem\/","title":{"rendered":"A alegria de ser mulher, mas sem a viol\u00eancia que nos impoem"},"content":{"rendered":"<p>Ser mulher \u00e9 uma experi\u00eancia complexa. Carrega dores, press\u00f5es e expectativas. Mas tamb\u00e9m carrega uma pot\u00eancia imensa de cria\u00e7\u00e3o, intelig\u00eancia e resist\u00eancia. H\u00e1 algo profundamente vibrante em existir como mulher no mundo, mesmo quando o mundo insiste em dificultar essa exist\u00eancia.<\/p>\n<p>Queremos ocupar espa\u00e7os de lideran\u00e7a. Queremos dirigir empresas, coordenar pesquisas, governar cidades, transformar institui\u00e7\u00f5es. Queremos o direito de experimentar o cansa\u00e7o de quem trabalha demais, de quem lidera projetos, de quem carrega responsabilidades.<\/p>\n<p>Queremos at\u00e9 mesmo as dores do poder.<\/p>\n<p>Queremos saber como \u00e9 chegar tarde em casa depois de uma reuni\u00e3o importante. Queremos sentir a exaust\u00e3o de quem administra equipes, cria filhos, escreve livros, constr\u00f3i carreiras. Queremos a sobrecarga que nasce da escolha e da ambi\u00e7\u00e3o.<\/p>\n<p>O que n\u00e3o queremos \u00e9 outra coisa: viol\u00eancia.<\/p>\n<p>N\u00e3o queremos que nossos corpos sejam avaliados antes de nossas compet\u00eancias. N\u00e3o queremos caminhar pelas ruas calculando rotas seguras. N\u00e3o queremos que o medo fa\u00e7a parte da rotina feminina.<\/p>\n<p>O patriarcado sempre tentou transformar a experi\u00eancia de ser mulher em sin\u00f4nimo de vulnerabilidade. Como se o destino feminino fosse inevitavelmente atravessado por ass\u00e9dio, estupro ou morte. Essa narrativa precisa ser desmontada.<\/p>\n<p>A fil\u00f3sofa Judith Butler argumenta que a sociedade define quais vidas s\u00e3o consideradas plenamente viv\u00edveis. O desafio pol\u00edtico do feminismo \u00e9 justamente ampliar as condi\u00e7\u00f5es para que a vida das mulheres seja vivida com dignidade e liberdade.<\/p>\n<p>Queremos o direito ao erro profissional, \u00e0 ambi\u00e7\u00e3o, ao fracasso e ao sucesso. Queremos poder trabalhar demais, reclamar do excesso de responsabilidades e discutir sal\u00e1rios como qualquer pessoa inserida no mundo p\u00fablico.<\/p>\n<p>O que recusamos \u00e9 a viol\u00eancia como parte inevit\u00e1vel dessa trajet\u00f3ria.<\/p>\n<p>N\u00e3o queremos prote\u00e7\u00e3o paternalista. Queremos transforma\u00e7\u00e3o estrutural.<\/p>\n<p>Se houver dores na experi\u00eancia de ser mulher e inevitavelmente haver\u00e1 que sejam as dores da autonomia, da responsabilidade e da liberdade. Nunca as dores da viol\u00eancia.<\/p>\n<p>Porque ser mulher pode ser dif\u00edcil. Mas nunca deveria ser perigoso.<\/p>\n","protected":false},"excerpt":{"rendered":"<p>Ser mulher \u00e9 uma experi\u00eancia complexa. Carrega dores, press\u00f5es e expectativas. Mas tamb\u00e9m carrega uma pot\u00eancia imensa de cria\u00e7\u00e3o, intelig\u00eancia e resist\u00eancia. H\u00e1 algo profundamente vibrante em existir como mulher no mundo, mesmo quando o mundo insiste em dificultar essa exist\u00eancia. Queremos ocupar espa\u00e7os de lideran\u00e7a. Queremos dirigir empresas, coordenar pesquisas, governar cidades, transformar institui\u00e7\u00f5es. [&hellip;]<\/p>\n","protected":false},"author":21,"featured_media":385915,"comment_status":"closed","ping_status":"closed","sticky":false,"template":"","format":"standard","meta":{"_acf_changed":false,"footnotes":""},"categories":[236],"tags":[],"class_list":["post-385914","post","type-post","status-publish","format-standard","has-post-thumbnail","hentry","category-ponto-de-vista"],"acf":[],"yoast_head":"<!-- This site is optimized with the Yoast SEO plugin v27.2 - https:\/\/yoast.com\/product\/yoast-seo-wordpress\/ -->\n<title>A alegria de ser mulher, mas sem a viol\u00eancia que nos impoem - Notibras<\/title>\n<meta name=\"robots\" content=\"index, follow, max-snippet:-1, max-image-preview:large, max-video-preview:-1\" \/>\n<link rel=\"canonical\" href=\"https:\/\/www.notibras.com\/site\/a-alegria-de-ser-mulher-mas-sem-a-violencia-que-nos-impoem\/\" \/>\n<meta property=\"og:locale\" content=\"pt_BR\" \/>\n<meta property=\"og:type\" content=\"article\" \/>\n<meta property=\"og:title\" content=\"A alegria de ser mulher, mas sem a viol\u00eancia que nos impoem - Notibras\" \/>\n<meta property=\"og:description\" content=\"Ser mulher \u00e9 uma experi\u00eancia complexa. Carrega dores, press\u00f5es e expectativas. Mas tamb\u00e9m carrega uma pot\u00eancia imensa de cria\u00e7\u00e3o, intelig\u00eancia e resist\u00eancia. H\u00e1 algo profundamente vibrante em existir como mulher no mundo, mesmo quando o mundo insiste em dificultar essa exist\u00eancia. Queremos ocupar espa\u00e7os de lideran\u00e7a. Queremos dirigir empresas, coordenar pesquisas, governar cidades, transformar institui\u00e7\u00f5es. [&hellip;]\" \/>\n<meta property=\"og:url\" content=\"https:\/\/www.notibras.com\/site\/a-alegria-de-ser-mulher-mas-sem-a-violencia-que-nos-impoem\/\" \/>\n<meta property=\"og:site_name\" content=\"Notibras\" \/>\n<meta property=\"article:publisher\" content=\"https:\/\/www.facebook.com\/notibras\/\" \/>\n<meta property=\"article:published_time\" content=\"2026-03-09T05:00:59+00:00\" \/>\n<meta property=\"og:image\" content=\"https:\/\/www.notibras.com\/site\/wp-content\/uploads\/2026\/03\/WhatsApp-Image-2026-03-07-at-01.12.12.jpeg\" \/>\n\t<meta property=\"og:image:width\" content=\"1024\" \/>\n\t<meta property=\"og:image:height\" content=\"559\" \/>\n\t<meta property=\"og:image:type\" content=\"image\/jpeg\" \/>\n<meta name=\"author\" content=\"Eduardo Mart\u00ednez\" \/>\n<meta name=\"twitter:card\" content=\"summary_large_image\" \/>\n<meta name=\"twitter:creator\" content=\"@Notibras\" \/>\n<meta name=\"twitter:site\" content=\"@Notibras\" \/>\n<meta name=\"twitter:label1\" content=\"Escrito por\" \/>\n\t<meta name=\"twitter:data1\" content=\"Eduardo Mart\u00ednez\" \/>\n\t<meta name=\"twitter:label2\" content=\"Est. tempo de leitura\" \/>\n\t<meta name=\"twitter:data2\" content=\"2 minutos\" \/>\n<script type=\"application\/ld+json\" class=\"yoast-schema-graph\">{\"@context\":\"https:\/\/schema.org\",\"@graph\":[{\"@type\":\"Article\",\"@id\":\"https:\/\/www.notibras.com\/site\/a-alegria-de-ser-mulher-mas-sem-a-violencia-que-nos-impoem\/#article\",\"isPartOf\":{\"@id\":\"https:\/\/www.notibras.com\/site\/a-alegria-de-ser-mulher-mas-sem-a-violencia-que-nos-impoem\/\"},\"author\":{\"name\":\"Eduardo Mart\u00ednez\",\"@id\":\"https:\/\/www.notibras.com\/site\/#\/schema\/person\/5b7fabf2aedc3ada2105f03b22b4d3dd\"},\"headline\":\"A alegria de ser mulher, mas sem a viol\u00eancia que nos impoem\",\"datePublished\":\"2026-03-09T05:00:59+00:00\",\"mainEntityOfPage\":{\"@id\":\"https:\/\/www.notibras.com\/site\/a-alegria-de-ser-mulher-mas-sem-a-violencia-que-nos-impoem\/\"},\"wordCount\":362,\"publisher\":{\"@id\":\"https:\/\/www.notibras.com\/site\/#organization\"},\"image\":{\"@id\":\"https:\/\/www.notibras.com\/site\/a-alegria-de-ser-mulher-mas-sem-a-violencia-que-nos-impoem\/#primaryimage\"},\"thumbnailUrl\":\"https:\/\/www.notibras.com\/site\/wp-content\/uploads\/2026\/03\/WhatsApp-Image-2026-03-07-at-01.12.12.jpeg\",\"articleSection\":[\"Ponto de Vista\"],\"inLanguage\":\"pt-BR\"},{\"@type\":\"WebPage\",\"@id\":\"https:\/\/www.notibras.com\/site\/a-alegria-de-ser-mulher-mas-sem-a-violencia-que-nos-impoem\/\",\"url\":\"https:\/\/www.notibras.com\/site\/a-alegria-de-ser-mulher-mas-sem-a-violencia-que-nos-impoem\/\",\"name\":\"A alegria de ser mulher, mas sem a viol\u00eancia que nos impoem - Notibras\",\"isPartOf\":{\"@id\":\"https:\/\/www.notibras.com\/site\/#website\"},\"primaryImageOfPage\":{\"@id\":\"https:\/\/www.notibras.com\/site\/a-alegria-de-ser-mulher-mas-sem-a-violencia-que-nos-impoem\/#primaryimage\"},\"image\":{\"@id\":\"https:\/\/www.notibras.com\/site\/a-alegria-de-ser-mulher-mas-sem-a-violencia-que-nos-impoem\/#primaryimage\"},\"thumbnailUrl\":\"https:\/\/www.notibras.com\/site\/wp-content\/uploads\/2026\/03\/WhatsApp-Image-2026-03-07-at-01.12.12.jpeg\",\"datePublished\":\"2026-03-09T05:00:59+00:00\",\"breadcrumb\":{\"@id\":\"https:\/\/www.notibras.com\/site\/a-alegria-de-ser-mulher-mas-sem-a-violencia-que-nos-impoem\/#breadcrumb\"},\"inLanguage\":\"pt-BR\",\"potentialAction\":[{\"@type\":\"ReadAction\",\"target\":[\"https:\/\/www.notibras.com\/site\/a-alegria-de-ser-mulher-mas-sem-a-violencia-que-nos-impoem\/\"]}]},{\"@type\":\"ImageObject\",\"inLanguage\":\"pt-BR\",\"@id\":\"https:\/\/www.notibras.com\/site\/a-alegria-de-ser-mulher-mas-sem-a-violencia-que-nos-impoem\/#primaryimage\",\"url\":\"https:\/\/www.notibras.com\/site\/wp-content\/uploads\/2026\/03\/WhatsApp-Image-2026-03-07-at-01.12.12.jpeg\",\"contentUrl\":\"https:\/\/www.notibras.com\/site\/wp-content\/uploads\/2026\/03\/WhatsApp-Image-2026-03-07-at-01.12.12.jpeg\",\"width\":1024,\"height\":559},{\"@type\":\"BreadcrumbList\",\"@id\":\"https:\/\/www.notibras.com\/site\/a-alegria-de-ser-mulher-mas-sem-a-violencia-que-nos-impoem\/#breadcrumb\",\"itemListElement\":[{\"@type\":\"ListItem\",\"position\":1,\"name\":\"In\u00edcio\",\"item\":\"https:\/\/www.notibras.com\/site\/\"},{\"@type\":\"ListItem\",\"position\":2,\"name\":\"A alegria de ser mulher, mas sem a viol\u00eancia que nos impoem\"}]},{\"@type\":\"WebSite\",\"@id\":\"https:\/\/www.notibras.com\/site\/#website\",\"url\":\"https:\/\/www.notibras.com\/site\/\",\"name\":\"Notibras\",\"description\":\"Not\u00edcias de Bras\u00edlia, do Brasil e do Mundo\",\"publisher\":{\"@id\":\"https:\/\/www.notibras.com\/site\/#organization\"},\"potentialAction\":[{\"@type\":\"SearchAction\",\"target\":{\"@type\":\"EntryPoint\",\"urlTemplate\":\"https:\/\/www.notibras.com\/site\/?s={search_term_string}\"},\"query-input\":{\"@type\":\"PropertyValueSpecification\",\"valueRequired\":true,\"valueName\":\"search_term_string\"}}],\"inLanguage\":\"pt-BR\"},{\"@type\":\"Organization\",\"@id\":\"https:\/\/www.notibras.com\/site\/#organization\",\"name\":\"Grupo Notibras de Comunica\u00e7\u00e3o\",\"url\":\"https:\/\/www.notibras.com\/site\/\",\"logo\":{\"@type\":\"ImageObject\",\"inLanguage\":\"pt-BR\",\"@id\":\"https:\/\/www.notibras.com\/site\/#\/schema\/logo\/image\/\",\"url\":\"https:\/\/www.notibras.com\/site\/wp-content\/uploads\/2023\/01\/notibras23.png\",\"contentUrl\":\"https:\/\/www.notibras.com\/site\/wp-content\/uploads\/2023\/01\/notibras23.png\",\"width\":350,\"height\":87,\"caption\":\"Grupo Notibras de Comunica\u00e7\u00e3o\"},\"image\":{\"@id\":\"https:\/\/www.notibras.com\/site\/#\/schema\/logo\/image\/\"},\"sameAs\":[\"https:\/\/www.facebook.com\/notibras\/\",\"https:\/\/x.com\/Notibras\",\"https:\/\/www.instagram.com\/notibras\/\"]},{\"@type\":\"Person\",\"@id\":\"https:\/\/www.notibras.com\/site\/#\/schema\/person\/5b7fabf2aedc3ada2105f03b22b4d3dd\",\"name\":\"Eduardo Mart\u00ednez\",\"image\":{\"@type\":\"ImageObject\",\"inLanguage\":\"pt-BR\",\"@id\":\"https:\/\/secure.gravatar.com\/avatar\/7902f906289926289cbcda644b5197c796b893c6ffd7b9a536a42d290f7704a0?s=96&d=mm&r=g\",\"url\":\"https:\/\/secure.gravatar.com\/avatar\/7902f906289926289cbcda644b5197c796b893c6ffd7b9a536a42d290f7704a0?s=96&d=mm&r=g\",\"contentUrl\":\"https:\/\/secure.gravatar.com\/avatar\/7902f906289926289cbcda644b5197c796b893c6ffd7b9a536a42d290f7704a0?s=96&d=mm&r=g\",\"caption\":\"Eduardo Mart\u00ednez\"}}]}<\/script>\n<!-- \/ Yoast SEO plugin. -->","yoast_head_json":{"title":"A alegria de ser mulher, mas sem a viol\u00eancia que nos impoem - Notibras","robots":{"index":"index","follow":"follow","max-snippet":"max-snippet:-1","max-image-preview":"max-image-preview:large","max-video-preview":"max-video-preview:-1"},"canonical":"https:\/\/www.notibras.com\/site\/a-alegria-de-ser-mulher-mas-sem-a-violencia-que-nos-impoem\/","og_locale":"pt_BR","og_type":"article","og_title":"A alegria de ser mulher, mas sem a viol\u00eancia que nos impoem - Notibras","og_description":"Ser mulher \u00e9 uma experi\u00eancia complexa. Carrega dores, press\u00f5es e expectativas. Mas tamb\u00e9m carrega uma pot\u00eancia imensa de cria\u00e7\u00e3o, intelig\u00eancia e resist\u00eancia. H\u00e1 algo profundamente vibrante em existir como mulher no mundo, mesmo quando o mundo insiste em dificultar essa exist\u00eancia. Queremos ocupar espa\u00e7os de lideran\u00e7a. Queremos dirigir empresas, coordenar pesquisas, governar cidades, transformar institui\u00e7\u00f5es. [&hellip;]","og_url":"https:\/\/www.notibras.com\/site\/a-alegria-de-ser-mulher-mas-sem-a-violencia-que-nos-impoem\/","og_site_name":"Notibras","article_publisher":"https:\/\/www.facebook.com\/notibras\/","article_published_time":"2026-03-09T05:00:59+00:00","og_image":[{"width":1024,"height":559,"url":"https:\/\/www.notibras.com\/site\/wp-content\/uploads\/2026\/03\/WhatsApp-Image-2026-03-07-at-01.12.12.jpeg","type":"image\/jpeg"}],"author":"Eduardo Mart\u00ednez","twitter_card":"summary_large_image","twitter_creator":"@Notibras","twitter_site":"@Notibras","twitter_misc":{"Escrito por":"Eduardo Mart\u00ednez","Est. tempo de leitura":"2 minutos"},"schema":{"@context":"https:\/\/schema.org","@graph":[{"@type":"Article","@id":"https:\/\/www.notibras.com\/site\/a-alegria-de-ser-mulher-mas-sem-a-violencia-que-nos-impoem\/#article","isPartOf":{"@id":"https:\/\/www.notibras.com\/site\/a-alegria-de-ser-mulher-mas-sem-a-violencia-que-nos-impoem\/"},"author":{"name":"Eduardo Mart\u00ednez","@id":"https:\/\/www.notibras.com\/site\/#\/schema\/person\/5b7fabf2aedc3ada2105f03b22b4d3dd"},"headline":"A alegria de ser mulher, mas sem a viol\u00eancia que nos impoem","datePublished":"2026-03-09T05:00:59+00:00","mainEntityOfPage":{"@id":"https:\/\/www.notibras.com\/site\/a-alegria-de-ser-mulher-mas-sem-a-violencia-que-nos-impoem\/"},"wordCount":362,"publisher":{"@id":"https:\/\/www.notibras.com\/site\/#organization"},"image":{"@id":"https:\/\/www.notibras.com\/site\/a-alegria-de-ser-mulher-mas-sem-a-violencia-que-nos-impoem\/#primaryimage"},"thumbnailUrl":"https:\/\/www.notibras.com\/site\/wp-content\/uploads\/2026\/03\/WhatsApp-Image-2026-03-07-at-01.12.12.jpeg","articleSection":["Ponto de Vista"],"inLanguage":"pt-BR"},{"@type":"WebPage","@id":"https:\/\/www.notibras.com\/site\/a-alegria-de-ser-mulher-mas-sem-a-violencia-que-nos-impoem\/","url":"https:\/\/www.notibras.com\/site\/a-alegria-de-ser-mulher-mas-sem-a-violencia-que-nos-impoem\/","name":"A alegria de ser mulher, mas sem a viol\u00eancia que nos impoem - Notibras","isPartOf":{"@id":"https:\/\/www.notibras.com\/site\/#website"},"primaryImageOfPage":{"@id":"https:\/\/www.notibras.com\/site\/a-alegria-de-ser-mulher-mas-sem-a-violencia-que-nos-impoem\/#primaryimage"},"image":{"@id":"https:\/\/www.notibras.com\/site\/a-alegria-de-ser-mulher-mas-sem-a-violencia-que-nos-impoem\/#primaryimage"},"thumbnailUrl":"https:\/\/www.notibras.com\/site\/wp-content\/uploads\/2026\/03\/WhatsApp-Image-2026-03-07-at-01.12.12.jpeg","datePublished":"2026-03-09T05:00:59+00:00","breadcrumb":{"@id":"https:\/\/www.notibras.com\/site\/a-alegria-de-ser-mulher-mas-sem-a-violencia-que-nos-impoem\/#breadcrumb"},"inLanguage":"pt-BR","potentialAction":[{"@type":"ReadAction","target":["https:\/\/www.notibras.com\/site\/a-alegria-de-ser-mulher-mas-sem-a-violencia-que-nos-impoem\/"]}]},{"@type":"ImageObject","inLanguage":"pt-BR","@id":"https:\/\/www.notibras.com\/site\/a-alegria-de-ser-mulher-mas-sem-a-violencia-que-nos-impoem\/#primaryimage","url":"https:\/\/www.notibras.com\/site\/wp-content\/uploads\/2026\/03\/WhatsApp-Image-2026-03-07-at-01.12.12.jpeg","contentUrl":"https:\/\/www.notibras.com\/site\/wp-content\/uploads\/2026\/03\/WhatsApp-Image-2026-03-07-at-01.12.12.jpeg","width":1024,"height":559},{"@type":"BreadcrumbList","@id":"https:\/\/www.notibras.com\/site\/a-alegria-de-ser-mulher-mas-sem-a-violencia-que-nos-impoem\/#breadcrumb","itemListElement":[{"@type":"ListItem","position":1,"name":"In\u00edcio","item":"https:\/\/www.notibras.com\/site\/"},{"@type":"ListItem","position":2,"name":"A alegria de ser mulher, mas sem a viol\u00eancia que nos impoem"}]},{"@type":"WebSite","@id":"https:\/\/www.notibras.com\/site\/#website","url":"https:\/\/www.notibras.com\/site\/","name":"Notibras","description":"Not\u00edcias de Bras\u00edlia, do Brasil e do Mundo","publisher":{"@id":"https:\/\/www.notibras.com\/site\/#organization"},"potentialAction":[{"@type":"SearchAction","target":{"@type":"EntryPoint","urlTemplate":"https:\/\/www.notibras.com\/site\/?s={search_term_string}"},"query-input":{"@type":"PropertyValueSpecification","valueRequired":true,"valueName":"search_term_string"}}],"inLanguage":"pt-BR"},{"@type":"Organization","@id":"https:\/\/www.notibras.com\/site\/#organization","name":"Grupo Notibras de Comunica\u00e7\u00e3o","url":"https:\/\/www.notibras.com\/site\/","logo":{"@type":"ImageObject","inLanguage":"pt-BR","@id":"https:\/\/www.notibras.com\/site\/#\/schema\/logo\/image\/","url":"https:\/\/www.notibras.com\/site\/wp-content\/uploads\/2023\/01\/notibras23.png","contentUrl":"https:\/\/www.notibras.com\/site\/wp-content\/uploads\/2023\/01\/notibras23.png","width":350,"height":87,"caption":"Grupo Notibras de Comunica\u00e7\u00e3o"},"image":{"@id":"https:\/\/www.notibras.com\/site\/#\/schema\/logo\/image\/"},"sameAs":["https:\/\/www.facebook.com\/notibras\/","https:\/\/x.com\/Notibras","https:\/\/www.instagram.com\/notibras\/"]},{"@type":"Person","@id":"https:\/\/www.notibras.com\/site\/#\/schema\/person\/5b7fabf2aedc3ada2105f03b22b4d3dd","name":"Eduardo Mart\u00ednez","image":{"@type":"ImageObject","inLanguage":"pt-BR","@id":"https:\/\/secure.gravatar.com\/avatar\/7902f906289926289cbcda644b5197c796b893c6ffd7b9a536a42d290f7704a0?s=96&d=mm&r=g","url":"https:\/\/secure.gravatar.com\/avatar\/7902f906289926289cbcda644b5197c796b893c6ffd7b9a536a42d290f7704a0?s=96&d=mm&r=g","contentUrl":"https:\/\/secure.gravatar.com\/avatar\/7902f906289926289cbcda644b5197c796b893c6ffd7b9a536a42d290f7704a0?s=96&d=mm&r=g","caption":"Eduardo Mart\u00ednez"}}]}},"amp_enabled":true,"_links":{"self":[{"href":"https:\/\/www.notibras.com\/site\/wp-json\/wp\/v2\/posts\/385914","targetHints":{"allow":["GET"]}}],"collection":[{"href":"https:\/\/www.notibras.com\/site\/wp-json\/wp\/v2\/posts"}],"about":[{"href":"https:\/\/www.notibras.com\/site\/wp-json\/wp\/v2\/types\/post"}],"author":[{"embeddable":true,"href":"https:\/\/www.notibras.com\/site\/wp-json\/wp\/v2\/users\/21"}],"replies":[{"embeddable":true,"href":"https:\/\/www.notibras.com\/site\/wp-json\/wp\/v2\/comments?post=385914"}],"version-history":[{"count":2,"href":"https:\/\/www.notibras.com\/site\/wp-json\/wp\/v2\/posts\/385914\/revisions"}],"predecessor-version":[{"id":385917,"href":"https:\/\/www.notibras.com\/site\/wp-json\/wp\/v2\/posts\/385914\/revisions\/385917"}],"wp:featuredmedia":[{"embeddable":true,"href":"https:\/\/www.notibras.com\/site\/wp-json\/wp\/v2\/media\/385915"}],"wp:attachment":[{"href":"https:\/\/www.notibras.com\/site\/wp-json\/wp\/v2\/media?parent=385914"}],"wp:term":[{"taxonomy":"category","embeddable":true,"href":"https:\/\/www.notibras.com\/site\/wp-json\/wp\/v2\/categories?post=385914"},{"taxonomy":"post_tag","embeddable":true,"href":"https:\/\/www.notibras.com\/site\/wp-json\/wp\/v2\/tags?post=385914"}],"curies":[{"name":"wp","href":"https:\/\/api.w.org\/{rel}","templated":true}]}}