{"id":385922,"date":"2026-03-08T00:20:18","date_gmt":"2026-03-08T03:20:18","guid":{"rendered":"https:\/\/www.notibras.com\/site\/?p=385922"},"modified":"2026-03-07T05:45:50","modified_gmt":"2026-03-07T08:45:50","slug":"triade-poetica-por-amor-a-todas-as-mulheres","status":"publish","type":"post","link":"https:\/\/www.notibras.com\/site\/triade-poetica-por-amor-a-todas-as-mulheres\/","title":{"rendered":"Tr\u00edade po\u00e9tica por amor a todas as mulheres."},"content":{"rendered":"<p><strong>A MENINA E AS MULHERES\u00a0<\/strong><\/p>\n<p style=\"text-align: right;\"><em>a uma mo\u00e7a que acaba de nascer<\/em><\/p>\n<p>&nbsp;<\/p>\n<p>&nbsp;<\/p>\n<p>Chega, parida de sangue<\/p>\n<p>e larga de berro na partida.<\/p>\n<p>Como bicho ferido, lateja.<\/p>\n<p>Ah, nossa m\u00e3e! Ela vem tarde ou cedo?<\/p>\n<p>Todas n\u00f3s, fora do tempo.<\/p>\n<p>Ah, nossa av\u00f3! Como est\u00e3o Marias dos testamentos?<\/p>\n<p>Onde Cec\u00edlia? Entre o planeta e o sem fim, a asa de uma borboleta.<\/p>\n<p>Onde Clarice? Eu tinha medo, mas era um medo vital e necess\u00e1rio\u2026<\/p>\n<p>Onde Cora? Pap\u00e9is de circunst\u00e2ncias eram todos aqueles pap\u00e9is que pertenciam a ela.<\/p>\n<p>Como?<\/p>\n<p>E Carolina? Onde? Est\u00e1 chovendo.<\/p>\n<p>Ah, minha filha, todas, todas dentro da gente.<\/p>\n<p>Menina, vieste ao mundo,<\/p>\n<p>chamo-te minha irm\u00e3.<\/p>\n<p>&nbsp;<\/p>\n<p>&nbsp;<\/p>\n<p style=\"text-align: center;\"><strong>NOT\u00cdCIA DE AGOSTO<\/strong><\/p>\n<p>&nbsp;<\/p>\n<p style=\"text-align: center;\">um<\/p>\n<p style=\"text-align: center;\">dois<\/p>\n<p style=\"text-align: center;\">tr\u00eas<\/p>\n<p style=\"text-align: center;\">quatro<\/p>\n<p style=\"text-align: center;\">cinco<\/p>\n<p style=\"text-align: center;\">seis<\/p>\n<p style=\"text-align: center;\">sete<\/p>\n<p style=\"text-align: center;\">oito<\/p>\n<p style=\"text-align: center;\">nove<\/p>\n<p style=\"text-align: center;\">dez<\/p>\n<p style=\"text-align: center;\">dez homens estupraram uma menina de treze anos.<\/p>\n<p style=\"text-align: center;\">um corpo inerte v \u00e1 c u o<\/p>\n<p style=\"text-align: center;\">o c o.<\/p>\n<p style=\"text-align: center;\">praia grande, s\u00e3o paulo<\/p>\n<p style=\"text-align: center;\">livramento<\/p>\n<p style=\"text-align: center;\">morro do bar\u00e3o<\/p>\n<p style=\"text-align: center;\">rio de janeiro<\/p>\n<p style=\"text-align: center;\">juiz de fora<\/p>\n<p style=\"text-align: center;\">rua ou esquina qualquer<\/p>\n<p style=\"text-align: center;\">a carne avassalada estampada no jornal.<\/p>\n<p style=\"text-align: center;\">das letras, escorrem grossas gotas de sangue e l\u00e1grima.<\/p>\n<p style=\"text-align: center;\">e os eloquentes bradam nas ruas:<\/p>\n<p style=\"text-align: center;\">a culpa foi da mo\u00e7a que usava saia curta<\/p>\n<p style=\"text-align: center;\">pobre monstra est\u00fapida<\/p>\n<p style=\"text-align: center;\">calada<\/p>\n<p style=\"text-align: center;\">talhada em carne, sangue e l\u00e1grima<\/p>\n<p style=\"text-align: center;\">no jornal.<\/p>\n<p style=\"text-align: center;\">renascer\u00e1? talvez mude de nome.<\/p>\n<p>&nbsp;<\/p>\n<p>&nbsp;<\/p>\n<p><strong>TAQUARA RACHADA<\/strong><\/p>\n<p>&nbsp;<\/p>\n<p>Voz de taquara rachada<\/p>\n<p>era voz de menina que corria feliz<\/p>\n<p>e acordava a casa da fazenda.<\/p>\n<p>V\u00f3 constrangia menina:<\/p>\n<p>\u2014 Taquara rachada!<\/p>\n<p>Tentava,<\/p>\n<p>menina n\u00e3o ligava.<\/p>\n<p>Gostava mesmo de levantar cedo<\/p>\n<p>e correr para o curral,<\/p>\n<p>tomar leite morno<\/p>\n<p>que esguichava na caneca<\/p>\n<p>e a espuma explodia na boca.<\/p>\n<p>\u2014 Como n\u00e3o cantar?<\/p>\n<p>Pena que v\u00f3 n\u00e3o ouvia sereia<\/p>\n<p>ou alegria<\/p>\n<p>ou inf\u00e2ncia<\/p>\n<p>ou festa<\/p>\n<p>ou sol nascendo<\/p>\n<p>ou flor se abrindo.<\/p>\n<p>S\u00f3 ouvia taquara rachada.<\/p>\n<p>Ah\u2026 coitada de v\u00f3.<\/p>\n<p><strong>&#8230;&#8230;&#8230;&#8230;&#8230;<\/strong><\/p>\n<p><strong>Marcela Hallack \u00e9 servidora p\u00fablica e poeta, autora de \u201cVersos de Liberdade: um col\u00f3quio contempor\u00e2neo\u201d<\/strong><\/p>\n","protected":false},"excerpt":{"rendered":"<p>A MENINA E AS MULHERES\u00a0 a uma mo\u00e7a que acaba de nascer &nbsp; &nbsp; Chega, parida de sangue e larga de berro na partida. Como bicho ferido, lateja. Ah, nossa m\u00e3e! Ela vem tarde ou cedo? Todas n\u00f3s, fora do tempo. Ah, nossa av\u00f3! Como est\u00e3o Marias dos testamentos? Onde Cec\u00edlia? Entre o planeta e [&hellip;]<\/p>\n","protected":false},"author":21,"featured_media":385926,"comment_status":"closed","ping_status":"closed","sticky":false,"template":"","format":"standard","meta":{"_acf_changed":false,"footnotes":""},"categories":[234],"tags":[],"class_list":["post-385922","post","type-post","status-publish","format-standard","has-post-thumbnail","hentry","category-cafe-literario"],"acf":[],"yoast_head":"<!-- This site is optimized with the Yoast SEO plugin v27.2 - https:\/\/yoast.com\/product\/yoast-seo-wordpress\/ -->\n<title>Tr\u00edade po\u00e9tica por amor a todas as mulheres. - Notibras<\/title>\n<meta name=\"robots\" content=\"index, follow, max-snippet:-1, max-image-preview:large, max-video-preview:-1\" \/>\n<link rel=\"canonical\" href=\"https:\/\/www.notibras.com\/site\/triade-poetica-por-amor-a-todas-as-mulheres\/\" \/>\n<meta property=\"og:locale\" content=\"pt_BR\" \/>\n<meta property=\"og:type\" content=\"article\" \/>\n<meta property=\"og:title\" content=\"Tr\u00edade po\u00e9tica por amor a todas as mulheres. - Notibras\" \/>\n<meta property=\"og:description\" content=\"A MENINA E AS MULHERES\u00a0 a uma mo\u00e7a que acaba de nascer &nbsp; &nbsp; Chega, parida de sangue e larga de berro na partida. Como bicho ferido, lateja. Ah, nossa m\u00e3e! Ela vem tarde ou cedo? Todas n\u00f3s, fora do tempo. Ah, nossa av\u00f3! Como est\u00e3o Marias dos testamentos? Onde Cec\u00edlia? Entre o planeta e [&hellip;]\" \/>\n<meta property=\"og:url\" content=\"https:\/\/www.notibras.com\/site\/triade-poetica-por-amor-a-todas-as-mulheres\/\" \/>\n<meta property=\"og:site_name\" content=\"Notibras\" \/>\n<meta property=\"article:publisher\" content=\"https:\/\/www.facebook.com\/notibras\/\" \/>\n<meta property=\"article:published_time\" content=\"2026-03-08T03:20:18+00:00\" \/>\n<meta property=\"og:image\" content=\"https:\/\/www.notibras.com\/site\/wp-content\/uploads\/2026\/03\/WhatsApp-Image-2026-03-06-at-19.30.45.jpeg\" \/>\n\t<meta property=\"og:image:width\" content=\"1134\" \/>\n\t<meta property=\"og:image:height\" content=\"1512\" \/>\n\t<meta property=\"og:image:type\" content=\"image\/jpeg\" \/>\n<meta name=\"author\" content=\"Eduardo Mart\u00ednez\" \/>\n<meta name=\"twitter:card\" content=\"summary_large_image\" \/>\n<meta name=\"twitter:creator\" content=\"@Notibras\" \/>\n<meta name=\"twitter:site\" content=\"@Notibras\" \/>\n<meta name=\"twitter:label1\" content=\"Escrito por\" \/>\n\t<meta name=\"twitter:data1\" content=\"Eduardo Mart\u00ednez\" \/>\n\t<meta name=\"twitter:label2\" content=\"Est. tempo de leitura\" \/>\n\t<meta name=\"twitter:data2\" content=\"2 minutos\" \/>\n<script type=\"application\/ld+json\" class=\"yoast-schema-graph\">{\"@context\":\"https:\/\/schema.org\",\"@graph\":[{\"@type\":\"Article\",\"@id\":\"https:\/\/www.notibras.com\/site\/triade-poetica-por-amor-a-todas-as-mulheres\/#article\",\"isPartOf\":{\"@id\":\"https:\/\/www.notibras.com\/site\/triade-poetica-por-amor-a-todas-as-mulheres\/\"},\"author\":{\"name\":\"Eduardo Mart\u00ednez\",\"@id\":\"https:\/\/www.notibras.com\/site\/#\/schema\/person\/5b7fabf2aedc3ada2105f03b22b4d3dd\"},\"headline\":\"Tr\u00edade po\u00e9tica por amor a todas as mulheres.\",\"datePublished\":\"2026-03-08T03:20:18+00:00\",\"mainEntityOfPage\":{\"@id\":\"https:\/\/www.notibras.com\/site\/triade-poetica-por-amor-a-todas-as-mulheres\/\"},\"wordCount\":340,\"publisher\":{\"@id\":\"https:\/\/www.notibras.com\/site\/#organization\"},\"image\":{\"@id\":\"https:\/\/www.notibras.com\/site\/triade-poetica-por-amor-a-todas-as-mulheres\/#primaryimage\"},\"thumbnailUrl\":\"https:\/\/www.notibras.com\/site\/wp-content\/uploads\/2026\/03\/WhatsApp-Image-2026-03-06-at-19.30.45.jpeg\",\"articleSection\":[\"Caf\u00e9 Liter\u00e1rio\"],\"inLanguage\":\"pt-BR\"},{\"@type\":\"WebPage\",\"@id\":\"https:\/\/www.notibras.com\/site\/triade-poetica-por-amor-a-todas-as-mulheres\/\",\"url\":\"https:\/\/www.notibras.com\/site\/triade-poetica-por-amor-a-todas-as-mulheres\/\",\"name\":\"Tr\u00edade po\u00e9tica por amor a todas as mulheres. - Notibras\",\"isPartOf\":{\"@id\":\"https:\/\/www.notibras.com\/site\/#website\"},\"primaryImageOfPage\":{\"@id\":\"https:\/\/www.notibras.com\/site\/triade-poetica-por-amor-a-todas-as-mulheres\/#primaryimage\"},\"image\":{\"@id\":\"https:\/\/www.notibras.com\/site\/triade-poetica-por-amor-a-todas-as-mulheres\/#primaryimage\"},\"thumbnailUrl\":\"https:\/\/www.notibras.com\/site\/wp-content\/uploads\/2026\/03\/WhatsApp-Image-2026-03-06-at-19.30.45.jpeg\",\"datePublished\":\"2026-03-08T03:20:18+00:00\",\"breadcrumb\":{\"@id\":\"https:\/\/www.notibras.com\/site\/triade-poetica-por-amor-a-todas-as-mulheres\/#breadcrumb\"},\"inLanguage\":\"pt-BR\",\"potentialAction\":[{\"@type\":\"ReadAction\",\"target\":[\"https:\/\/www.notibras.com\/site\/triade-poetica-por-amor-a-todas-as-mulheres\/\"]}]},{\"@type\":\"ImageObject\",\"inLanguage\":\"pt-BR\",\"@id\":\"https:\/\/www.notibras.com\/site\/triade-poetica-por-amor-a-todas-as-mulheres\/#primaryimage\",\"url\":\"https:\/\/www.notibras.com\/site\/wp-content\/uploads\/2026\/03\/WhatsApp-Image-2026-03-06-at-19.30.45.jpeg\",\"contentUrl\":\"https:\/\/www.notibras.com\/site\/wp-content\/uploads\/2026\/03\/WhatsApp-Image-2026-03-06-at-19.30.45.jpeg\",\"width\":1134,\"height\":1512},{\"@type\":\"BreadcrumbList\",\"@id\":\"https:\/\/www.notibras.com\/site\/triade-poetica-por-amor-a-todas-as-mulheres\/#breadcrumb\",\"itemListElement\":[{\"@type\":\"ListItem\",\"position\":1,\"name\":\"In\u00edcio\",\"item\":\"https:\/\/www.notibras.com\/site\/\"},{\"@type\":\"ListItem\",\"position\":2,\"name\":\"Tr\u00edade po\u00e9tica por amor a todas as mulheres.\"}]},{\"@type\":\"WebSite\",\"@id\":\"https:\/\/www.notibras.com\/site\/#website\",\"url\":\"https:\/\/www.notibras.com\/site\/\",\"name\":\"Notibras\",\"description\":\"Not\u00edcias de Bras\u00edlia, do Brasil e do Mundo\",\"publisher\":{\"@id\":\"https:\/\/www.notibras.com\/site\/#organization\"},\"potentialAction\":[{\"@type\":\"SearchAction\",\"target\":{\"@type\":\"EntryPoint\",\"urlTemplate\":\"https:\/\/www.notibras.com\/site\/?s={search_term_string}\"},\"query-input\":{\"@type\":\"PropertyValueSpecification\",\"valueRequired\":true,\"valueName\":\"search_term_string\"}}],\"inLanguage\":\"pt-BR\"},{\"@type\":\"Organization\",\"@id\":\"https:\/\/www.notibras.com\/site\/#organization\",\"name\":\"Grupo Notibras de Comunica\u00e7\u00e3o\",\"url\":\"https:\/\/www.notibras.com\/site\/\",\"logo\":{\"@type\":\"ImageObject\",\"inLanguage\":\"pt-BR\",\"@id\":\"https:\/\/www.notibras.com\/site\/#\/schema\/logo\/image\/\",\"url\":\"https:\/\/www.notibras.com\/site\/wp-content\/uploads\/2023\/01\/notibras23.png\",\"contentUrl\":\"https:\/\/www.notibras.com\/site\/wp-content\/uploads\/2023\/01\/notibras23.png\",\"width\":350,\"height\":87,\"caption\":\"Grupo Notibras de Comunica\u00e7\u00e3o\"},\"image\":{\"@id\":\"https:\/\/www.notibras.com\/site\/#\/schema\/logo\/image\/\"},\"sameAs\":[\"https:\/\/www.facebook.com\/notibras\/\",\"https:\/\/x.com\/Notibras\",\"https:\/\/www.instagram.com\/notibras\/\"]},{\"@type\":\"Person\",\"@id\":\"https:\/\/www.notibras.com\/site\/#\/schema\/person\/5b7fabf2aedc3ada2105f03b22b4d3dd\",\"name\":\"Eduardo Mart\u00ednez\",\"image\":{\"@type\":\"ImageObject\",\"inLanguage\":\"pt-BR\",\"@id\":\"https:\/\/secure.gravatar.com\/avatar\/7902f906289926289cbcda644b5197c796b893c6ffd7b9a536a42d290f7704a0?s=96&d=mm&r=g\",\"url\":\"https:\/\/secure.gravatar.com\/avatar\/7902f906289926289cbcda644b5197c796b893c6ffd7b9a536a42d290f7704a0?s=96&d=mm&r=g\",\"contentUrl\":\"https:\/\/secure.gravatar.com\/avatar\/7902f906289926289cbcda644b5197c796b893c6ffd7b9a536a42d290f7704a0?s=96&d=mm&r=g\",\"caption\":\"Eduardo Mart\u00ednez\"}}]}<\/script>\n<!-- \/ Yoast SEO plugin. -->","yoast_head_json":{"title":"Tr\u00edade po\u00e9tica por amor a todas as mulheres. - Notibras","robots":{"index":"index","follow":"follow","max-snippet":"max-snippet:-1","max-image-preview":"max-image-preview:large","max-video-preview":"max-video-preview:-1"},"canonical":"https:\/\/www.notibras.com\/site\/triade-poetica-por-amor-a-todas-as-mulheres\/","og_locale":"pt_BR","og_type":"article","og_title":"Tr\u00edade po\u00e9tica por amor a todas as mulheres. - Notibras","og_description":"A MENINA E AS MULHERES\u00a0 a uma mo\u00e7a que acaba de nascer &nbsp; &nbsp; Chega, parida de sangue e larga de berro na partida. Como bicho ferido, lateja. Ah, nossa m\u00e3e! Ela vem tarde ou cedo? Todas n\u00f3s, fora do tempo. Ah, nossa av\u00f3! Como est\u00e3o Marias dos testamentos? Onde Cec\u00edlia? Entre o planeta e [&hellip;]","og_url":"https:\/\/www.notibras.com\/site\/triade-poetica-por-amor-a-todas-as-mulheres\/","og_site_name":"Notibras","article_publisher":"https:\/\/www.facebook.com\/notibras\/","article_published_time":"2026-03-08T03:20:18+00:00","og_image":[{"width":1134,"height":1512,"url":"https:\/\/www.notibras.com\/site\/wp-content\/uploads\/2026\/03\/WhatsApp-Image-2026-03-06-at-19.30.45.jpeg","type":"image\/jpeg"}],"author":"Eduardo Mart\u00ednez","twitter_card":"summary_large_image","twitter_creator":"@Notibras","twitter_site":"@Notibras","twitter_misc":{"Escrito por":"Eduardo Mart\u00ednez","Est. tempo de leitura":"2 minutos"},"schema":{"@context":"https:\/\/schema.org","@graph":[{"@type":"Article","@id":"https:\/\/www.notibras.com\/site\/triade-poetica-por-amor-a-todas-as-mulheres\/#article","isPartOf":{"@id":"https:\/\/www.notibras.com\/site\/triade-poetica-por-amor-a-todas-as-mulheres\/"},"author":{"name":"Eduardo Mart\u00ednez","@id":"https:\/\/www.notibras.com\/site\/#\/schema\/person\/5b7fabf2aedc3ada2105f03b22b4d3dd"},"headline":"Tr\u00edade po\u00e9tica por amor a todas as mulheres.","datePublished":"2026-03-08T03:20:18+00:00","mainEntityOfPage":{"@id":"https:\/\/www.notibras.com\/site\/triade-poetica-por-amor-a-todas-as-mulheres\/"},"wordCount":340,"publisher":{"@id":"https:\/\/www.notibras.com\/site\/#organization"},"image":{"@id":"https:\/\/www.notibras.com\/site\/triade-poetica-por-amor-a-todas-as-mulheres\/#primaryimage"},"thumbnailUrl":"https:\/\/www.notibras.com\/site\/wp-content\/uploads\/2026\/03\/WhatsApp-Image-2026-03-06-at-19.30.45.jpeg","articleSection":["Caf\u00e9 Liter\u00e1rio"],"inLanguage":"pt-BR"},{"@type":"WebPage","@id":"https:\/\/www.notibras.com\/site\/triade-poetica-por-amor-a-todas-as-mulheres\/","url":"https:\/\/www.notibras.com\/site\/triade-poetica-por-amor-a-todas-as-mulheres\/","name":"Tr\u00edade po\u00e9tica por amor a todas as mulheres. - Notibras","isPartOf":{"@id":"https:\/\/www.notibras.com\/site\/#website"},"primaryImageOfPage":{"@id":"https:\/\/www.notibras.com\/site\/triade-poetica-por-amor-a-todas-as-mulheres\/#primaryimage"},"image":{"@id":"https:\/\/www.notibras.com\/site\/triade-poetica-por-amor-a-todas-as-mulheres\/#primaryimage"},"thumbnailUrl":"https:\/\/www.notibras.com\/site\/wp-content\/uploads\/2026\/03\/WhatsApp-Image-2026-03-06-at-19.30.45.jpeg","datePublished":"2026-03-08T03:20:18+00:00","breadcrumb":{"@id":"https:\/\/www.notibras.com\/site\/triade-poetica-por-amor-a-todas-as-mulheres\/#breadcrumb"},"inLanguage":"pt-BR","potentialAction":[{"@type":"ReadAction","target":["https:\/\/www.notibras.com\/site\/triade-poetica-por-amor-a-todas-as-mulheres\/"]}]},{"@type":"ImageObject","inLanguage":"pt-BR","@id":"https:\/\/www.notibras.com\/site\/triade-poetica-por-amor-a-todas-as-mulheres\/#primaryimage","url":"https:\/\/www.notibras.com\/site\/wp-content\/uploads\/2026\/03\/WhatsApp-Image-2026-03-06-at-19.30.45.jpeg","contentUrl":"https:\/\/www.notibras.com\/site\/wp-content\/uploads\/2026\/03\/WhatsApp-Image-2026-03-06-at-19.30.45.jpeg","width":1134,"height":1512},{"@type":"BreadcrumbList","@id":"https:\/\/www.notibras.com\/site\/triade-poetica-por-amor-a-todas-as-mulheres\/#breadcrumb","itemListElement":[{"@type":"ListItem","position":1,"name":"In\u00edcio","item":"https:\/\/www.notibras.com\/site\/"},{"@type":"ListItem","position":2,"name":"Tr\u00edade po\u00e9tica por amor a todas as mulheres."}]},{"@type":"WebSite","@id":"https:\/\/www.notibras.com\/site\/#website","url":"https:\/\/www.notibras.com\/site\/","name":"Notibras","description":"Not\u00edcias de Bras\u00edlia, do Brasil e do Mundo","publisher":{"@id":"https:\/\/www.notibras.com\/site\/#organization"},"potentialAction":[{"@type":"SearchAction","target":{"@type":"EntryPoint","urlTemplate":"https:\/\/www.notibras.com\/site\/?s={search_term_string}"},"query-input":{"@type":"PropertyValueSpecification","valueRequired":true,"valueName":"search_term_string"}}],"inLanguage":"pt-BR"},{"@type":"Organization","@id":"https:\/\/www.notibras.com\/site\/#organization","name":"Grupo Notibras de Comunica\u00e7\u00e3o","url":"https:\/\/www.notibras.com\/site\/","logo":{"@type":"ImageObject","inLanguage":"pt-BR","@id":"https:\/\/www.notibras.com\/site\/#\/schema\/logo\/image\/","url":"https:\/\/www.notibras.com\/site\/wp-content\/uploads\/2023\/01\/notibras23.png","contentUrl":"https:\/\/www.notibras.com\/site\/wp-content\/uploads\/2023\/01\/notibras23.png","width":350,"height":87,"caption":"Grupo Notibras de Comunica\u00e7\u00e3o"},"image":{"@id":"https:\/\/www.notibras.com\/site\/#\/schema\/logo\/image\/"},"sameAs":["https:\/\/www.facebook.com\/notibras\/","https:\/\/x.com\/Notibras","https:\/\/www.instagram.com\/notibras\/"]},{"@type":"Person","@id":"https:\/\/www.notibras.com\/site\/#\/schema\/person\/5b7fabf2aedc3ada2105f03b22b4d3dd","name":"Eduardo Mart\u00ednez","image":{"@type":"ImageObject","inLanguage":"pt-BR","@id":"https:\/\/secure.gravatar.com\/avatar\/7902f906289926289cbcda644b5197c796b893c6ffd7b9a536a42d290f7704a0?s=96&d=mm&r=g","url":"https:\/\/secure.gravatar.com\/avatar\/7902f906289926289cbcda644b5197c796b893c6ffd7b9a536a42d290f7704a0?s=96&d=mm&r=g","contentUrl":"https:\/\/secure.gravatar.com\/avatar\/7902f906289926289cbcda644b5197c796b893c6ffd7b9a536a42d290f7704a0?s=96&d=mm&r=g","caption":"Eduardo Mart\u00ednez"}}]}},"amp_enabled":true,"_links":{"self":[{"href":"https:\/\/www.notibras.com\/site\/wp-json\/wp\/v2\/posts\/385922","targetHints":{"allow":["GET"]}}],"collection":[{"href":"https:\/\/www.notibras.com\/site\/wp-json\/wp\/v2\/posts"}],"about":[{"href":"https:\/\/www.notibras.com\/site\/wp-json\/wp\/v2\/types\/post"}],"author":[{"embeddable":true,"href":"https:\/\/www.notibras.com\/site\/wp-json\/wp\/v2\/users\/21"}],"replies":[{"embeddable":true,"href":"https:\/\/www.notibras.com\/site\/wp-json\/wp\/v2\/comments?post=385922"}],"version-history":[{"count":6,"href":"https:\/\/www.notibras.com\/site\/wp-json\/wp\/v2\/posts\/385922\/revisions"}],"predecessor-version":[{"id":385932,"href":"https:\/\/www.notibras.com\/site\/wp-json\/wp\/v2\/posts\/385922\/revisions\/385932"}],"wp:featuredmedia":[{"embeddable":true,"href":"https:\/\/www.notibras.com\/site\/wp-json\/wp\/v2\/media\/385926"}],"wp:attachment":[{"href":"https:\/\/www.notibras.com\/site\/wp-json\/wp\/v2\/media?parent=385922"}],"wp:term":[{"taxonomy":"category","embeddable":true,"href":"https:\/\/www.notibras.com\/site\/wp-json\/wp\/v2\/categories?post=385922"},{"taxonomy":"post_tag","embeddable":true,"href":"https:\/\/www.notibras.com\/site\/wp-json\/wp\/v2\/tags?post=385922"}],"curies":[{"name":"wp","href":"https:\/\/api.w.org\/{rel}","templated":true}]}}