{"id":385934,"date":"2026-03-08T00:00:04","date_gmt":"2026-03-08T03:00:04","guid":{"rendered":"https:\/\/www.notibras.com\/site\/?p=385934"},"modified":"2026-03-07T06:05:54","modified_gmt":"2026-03-07T09:05:54","slug":"resiliencia-bate-em-meu-peito","status":"publish","type":"post","link":"https:\/\/www.notibras.com\/site\/resiliencia-bate-em-meu-peito\/","title":{"rendered":"Resili\u00eancia: bate em meu peito."},"content":{"rendered":"<p>Um cora\u00e7\u00e3o triste<\/p>\n<p>2017: um vice-presidente golpista assume o governo fazendo apologia da mulher recatada e do lar.<\/p>\n<p>2020: enquanto brasileiros choram mais de 700 mil mortos um presidente faz uma fala racista e gordof\u00f3bica contra mulheres.<\/p>\n<p>2026: o presidente estadunidense, em cons\u00f3rcio com Israel, ataca uma escola de meninas no Ir\u00e3.<\/p>\n<p>No Brasil, o fundamentalismo religioso, incorporado na voz dos neopentecostais, imp\u00f5e o dom\u00ednio do homem sobre a mulher. Cria a fal\u00e1cia de que a riqueza \u00e9 reservada aos homens escolhidos por Deus.<\/p>\n<p>O aumento do feminic\u00eddio salta aos olhos de todos.<\/p>\n<p>Nas assembl\u00e9ias legislativas, constatamos um pequeno n\u00famero de mulheres. E raras presen\u00e7as de mulheres pretas.<\/p>\n<p>Dentre as mulheres brancas no legislativo, choro a presen\u00e7a da deputada por SC que se apresenta fantasiada com uma teara nazista.<\/p>\n<p>Um cora\u00e7\u00e3o alegre<\/p>\n<p>2026: o Brasil fala ao mundo, n\u00e3o s\u00f3 pela voz de seu presidente democrata, mas pela voz daqueles que se rebelam contra desigualdades sociais.<\/p>\n<p>Dentre as lutas pelo reconhecimento da igualdade ressaltam-se as das mulheres que trilharam caminhos que no passado s\u00f3 podiam ser percorridos por homens.<\/p>\n<p>No campo da literatura brasileira contempor\u00e2nea, celebramos o aumento expressivo do g\u00eanero feminino. Concei\u00e7\u00e3o Evaristo, escritora mineira nascida em 1946, comparece, entre<br \/>\noutras, como corol\u00e1rio desse cen\u00e1rio promissor.<\/p>\n<p>Lembramos que, num passado recente, alguns espa\u00e7os liter\u00e1rios foram conquistados por mulheres a exemplo de Clarice Lispector (1920- 1977) e Carolina Maria de Jesus ( 1914- 1977).<\/p>\n<p>Quanto \u00e0s iniciativas cidad\u00e3s de apoio \u00e0s lutas femininas, parabenizamos o Caf\u00e9 Liter\u00e1rio por publicar, nesta data, exclusivamente textos assinados por mulheres.<\/p>\n<p>No Dia Internacional da Mulher, bate, em meu peito, um cora\u00e7\u00e3o alegre e triste, mas esperan\u00e7oso e grato.<\/p>\n<p><strong>&#8230;&#8230;&#8230;&#8230;&#8230;..<\/strong><\/p>\n<p><strong>Edna Domenica \u00e9 autora de \u201cO Set\u00eanio\u201d (T\u00e3o livros, 2024) e co-autora de \u201cRaps\u00f3dia da Rua da Mooca\u201d (T\u00e3o livros, no prelo).<\/strong><\/p>\n","protected":false},"excerpt":{"rendered":"<p>Um cora\u00e7\u00e3o triste 2017: um vice-presidente golpista assume o governo fazendo apologia da mulher recatada e do lar. 2020: enquanto brasileiros choram mais de 700 mil mortos um presidente faz uma fala racista e gordof\u00f3bica contra mulheres. 2026: o presidente estadunidense, em cons\u00f3rcio com Israel, ataca uma escola de meninas no Ir\u00e3. No Brasil, o [&hellip;]<\/p>\n","protected":false},"author":21,"featured_media":385935,"comment_status":"closed","ping_status":"closed","sticky":false,"template":"","format":"standard","meta":{"_acf_changed":false,"footnotes":""},"categories":[234],"tags":[],"class_list":["post-385934","post","type-post","status-publish","format-standard","has-post-thumbnail","hentry","category-cafe-literario"],"acf":[],"yoast_head":"<!-- This site is optimized with the Yoast SEO plugin v27.2 - https:\/\/yoast.com\/product\/yoast-seo-wordpress\/ -->\n<title>Resili\u00eancia: bate em meu peito. - Notibras<\/title>\n<meta name=\"robots\" content=\"index, follow, max-snippet:-1, max-image-preview:large, max-video-preview:-1\" \/>\n<link rel=\"canonical\" href=\"https:\/\/www.notibras.com\/site\/resiliencia-bate-em-meu-peito\/\" \/>\n<meta property=\"og:locale\" content=\"pt_BR\" \/>\n<meta property=\"og:type\" content=\"article\" \/>\n<meta property=\"og:title\" content=\"Resili\u00eancia: bate em meu peito. - Notibras\" \/>\n<meta property=\"og:description\" content=\"Um cora\u00e7\u00e3o triste 2017: um vice-presidente golpista assume o governo fazendo apologia da mulher recatada e do lar. 2020: enquanto brasileiros choram mais de 700 mil mortos um presidente faz uma fala racista e gordof\u00f3bica contra mulheres. 2026: o presidente estadunidense, em cons\u00f3rcio com Israel, ataca uma escola de meninas no Ir\u00e3. No Brasil, o [&hellip;]\" \/>\n<meta property=\"og:url\" content=\"https:\/\/www.notibras.com\/site\/resiliencia-bate-em-meu-peito\/\" \/>\n<meta property=\"og:site_name\" content=\"Notibras\" \/>\n<meta property=\"article:publisher\" content=\"https:\/\/www.facebook.com\/notibras\/\" \/>\n<meta property=\"article:published_time\" content=\"2026-03-08T03:00:04+00:00\" \/>\n<meta property=\"og:image\" content=\"https:\/\/www.notibras.com\/site\/wp-content\/uploads\/2026\/03\/WhatsApp-Image-2026-03-05-at-21.54.47.jpeg\" \/>\n\t<meta property=\"og:image:width\" content=\"1040\" \/>\n\t<meta property=\"og:image:height\" content=\"780\" \/>\n\t<meta property=\"og:image:type\" content=\"image\/jpeg\" \/>\n<meta name=\"author\" content=\"Eduardo Mart\u00ednez\" \/>\n<meta name=\"twitter:card\" content=\"summary_large_image\" \/>\n<meta name=\"twitter:creator\" content=\"@Notibras\" \/>\n<meta name=\"twitter:site\" content=\"@Notibras\" \/>\n<meta name=\"twitter:label1\" content=\"Escrito por\" \/>\n\t<meta name=\"twitter:data1\" content=\"Eduardo Mart\u00ednez\" \/>\n\t<meta name=\"twitter:label2\" content=\"Est. tempo de leitura\" \/>\n\t<meta name=\"twitter:data2\" content=\"2 minutos\" \/>\n<script type=\"application\/ld+json\" class=\"yoast-schema-graph\">{\"@context\":\"https:\/\/schema.org\",\"@graph\":[{\"@type\":\"Article\",\"@id\":\"https:\/\/www.notibras.com\/site\/resiliencia-bate-em-meu-peito\/#article\",\"isPartOf\":{\"@id\":\"https:\/\/www.notibras.com\/site\/resiliencia-bate-em-meu-peito\/\"},\"author\":{\"name\":\"Eduardo Mart\u00ednez\",\"@id\":\"https:\/\/www.notibras.com\/site\/#\/schema\/person\/5b7fabf2aedc3ada2105f03b22b4d3dd\"},\"headline\":\"Resili\u00eancia: bate em meu peito.\",\"datePublished\":\"2026-03-08T03:00:04+00:00\",\"mainEntityOfPage\":{\"@id\":\"https:\/\/www.notibras.com\/site\/resiliencia-bate-em-meu-peito\/\"},\"wordCount\":318,\"publisher\":{\"@id\":\"https:\/\/www.notibras.com\/site\/#organization\"},\"image\":{\"@id\":\"https:\/\/www.notibras.com\/site\/resiliencia-bate-em-meu-peito\/#primaryimage\"},\"thumbnailUrl\":\"https:\/\/www.notibras.com\/site\/wp-content\/uploads\/2026\/03\/WhatsApp-Image-2026-03-05-at-21.54.47.jpeg\",\"articleSection\":[\"Caf\u00e9 Liter\u00e1rio\"],\"inLanguage\":\"pt-BR\"},{\"@type\":\"WebPage\",\"@id\":\"https:\/\/www.notibras.com\/site\/resiliencia-bate-em-meu-peito\/\",\"url\":\"https:\/\/www.notibras.com\/site\/resiliencia-bate-em-meu-peito\/\",\"name\":\"Resili\u00eancia: bate em meu peito. - Notibras\",\"isPartOf\":{\"@id\":\"https:\/\/www.notibras.com\/site\/#website\"},\"primaryImageOfPage\":{\"@id\":\"https:\/\/www.notibras.com\/site\/resiliencia-bate-em-meu-peito\/#primaryimage\"},\"image\":{\"@id\":\"https:\/\/www.notibras.com\/site\/resiliencia-bate-em-meu-peito\/#primaryimage\"},\"thumbnailUrl\":\"https:\/\/www.notibras.com\/site\/wp-content\/uploads\/2026\/03\/WhatsApp-Image-2026-03-05-at-21.54.47.jpeg\",\"datePublished\":\"2026-03-08T03:00:04+00:00\",\"breadcrumb\":{\"@id\":\"https:\/\/www.notibras.com\/site\/resiliencia-bate-em-meu-peito\/#breadcrumb\"},\"inLanguage\":\"pt-BR\",\"potentialAction\":[{\"@type\":\"ReadAction\",\"target\":[\"https:\/\/www.notibras.com\/site\/resiliencia-bate-em-meu-peito\/\"]}]},{\"@type\":\"ImageObject\",\"inLanguage\":\"pt-BR\",\"@id\":\"https:\/\/www.notibras.com\/site\/resiliencia-bate-em-meu-peito\/#primaryimage\",\"url\":\"https:\/\/www.notibras.com\/site\/wp-content\/uploads\/2026\/03\/WhatsApp-Image-2026-03-05-at-21.54.47.jpeg\",\"contentUrl\":\"https:\/\/www.notibras.com\/site\/wp-content\/uploads\/2026\/03\/WhatsApp-Image-2026-03-05-at-21.54.47.jpeg\",\"width\":1040,\"height\":780},{\"@type\":\"BreadcrumbList\",\"@id\":\"https:\/\/www.notibras.com\/site\/resiliencia-bate-em-meu-peito\/#breadcrumb\",\"itemListElement\":[{\"@type\":\"ListItem\",\"position\":1,\"name\":\"In\u00edcio\",\"item\":\"https:\/\/www.notibras.com\/site\/\"},{\"@type\":\"ListItem\",\"position\":2,\"name\":\"Resili\u00eancia: bate em meu peito.\"}]},{\"@type\":\"WebSite\",\"@id\":\"https:\/\/www.notibras.com\/site\/#website\",\"url\":\"https:\/\/www.notibras.com\/site\/\",\"name\":\"Notibras\",\"description\":\"Not\u00edcias de Bras\u00edlia, do Brasil e do Mundo\",\"publisher\":{\"@id\":\"https:\/\/www.notibras.com\/site\/#organization\"},\"potentialAction\":[{\"@type\":\"SearchAction\",\"target\":{\"@type\":\"EntryPoint\",\"urlTemplate\":\"https:\/\/www.notibras.com\/site\/?s={search_term_string}\"},\"query-input\":{\"@type\":\"PropertyValueSpecification\",\"valueRequired\":true,\"valueName\":\"search_term_string\"}}],\"inLanguage\":\"pt-BR\"},{\"@type\":\"Organization\",\"@id\":\"https:\/\/www.notibras.com\/site\/#organization\",\"name\":\"Grupo Notibras de Comunica\u00e7\u00e3o\",\"url\":\"https:\/\/www.notibras.com\/site\/\",\"logo\":{\"@type\":\"ImageObject\",\"inLanguage\":\"pt-BR\",\"@id\":\"https:\/\/www.notibras.com\/site\/#\/schema\/logo\/image\/\",\"url\":\"https:\/\/www.notibras.com\/site\/wp-content\/uploads\/2023\/01\/notibras23.png\",\"contentUrl\":\"https:\/\/www.notibras.com\/site\/wp-content\/uploads\/2023\/01\/notibras23.png\",\"width\":350,\"height\":87,\"caption\":\"Grupo Notibras de Comunica\u00e7\u00e3o\"},\"image\":{\"@id\":\"https:\/\/www.notibras.com\/site\/#\/schema\/logo\/image\/\"},\"sameAs\":[\"https:\/\/www.facebook.com\/notibras\/\",\"https:\/\/x.com\/Notibras\",\"https:\/\/www.instagram.com\/notibras\/\"]},{\"@type\":\"Person\",\"@id\":\"https:\/\/www.notibras.com\/site\/#\/schema\/person\/5b7fabf2aedc3ada2105f03b22b4d3dd\",\"name\":\"Eduardo Mart\u00ednez\",\"image\":{\"@type\":\"ImageObject\",\"inLanguage\":\"pt-BR\",\"@id\":\"https:\/\/secure.gravatar.com\/avatar\/7902f906289926289cbcda644b5197c796b893c6ffd7b9a536a42d290f7704a0?s=96&d=mm&r=g\",\"url\":\"https:\/\/secure.gravatar.com\/avatar\/7902f906289926289cbcda644b5197c796b893c6ffd7b9a536a42d290f7704a0?s=96&d=mm&r=g\",\"contentUrl\":\"https:\/\/secure.gravatar.com\/avatar\/7902f906289926289cbcda644b5197c796b893c6ffd7b9a536a42d290f7704a0?s=96&d=mm&r=g\",\"caption\":\"Eduardo Mart\u00ednez\"}}]}<\/script>\n<!-- \/ Yoast SEO plugin. -->","yoast_head_json":{"title":"Resili\u00eancia: bate em meu peito. - Notibras","robots":{"index":"index","follow":"follow","max-snippet":"max-snippet:-1","max-image-preview":"max-image-preview:large","max-video-preview":"max-video-preview:-1"},"canonical":"https:\/\/www.notibras.com\/site\/resiliencia-bate-em-meu-peito\/","og_locale":"pt_BR","og_type":"article","og_title":"Resili\u00eancia: bate em meu peito. - Notibras","og_description":"Um cora\u00e7\u00e3o triste 2017: um vice-presidente golpista assume o governo fazendo apologia da mulher recatada e do lar. 2020: enquanto brasileiros choram mais de 700 mil mortos um presidente faz uma fala racista e gordof\u00f3bica contra mulheres. 2026: o presidente estadunidense, em cons\u00f3rcio com Israel, ataca uma escola de meninas no Ir\u00e3. No Brasil, o [&hellip;]","og_url":"https:\/\/www.notibras.com\/site\/resiliencia-bate-em-meu-peito\/","og_site_name":"Notibras","article_publisher":"https:\/\/www.facebook.com\/notibras\/","article_published_time":"2026-03-08T03:00:04+00:00","og_image":[{"width":1040,"height":780,"url":"https:\/\/www.notibras.com\/site\/wp-content\/uploads\/2026\/03\/WhatsApp-Image-2026-03-05-at-21.54.47.jpeg","type":"image\/jpeg"}],"author":"Eduardo Mart\u00ednez","twitter_card":"summary_large_image","twitter_creator":"@Notibras","twitter_site":"@Notibras","twitter_misc":{"Escrito por":"Eduardo Mart\u00ednez","Est. tempo de leitura":"2 minutos"},"schema":{"@context":"https:\/\/schema.org","@graph":[{"@type":"Article","@id":"https:\/\/www.notibras.com\/site\/resiliencia-bate-em-meu-peito\/#article","isPartOf":{"@id":"https:\/\/www.notibras.com\/site\/resiliencia-bate-em-meu-peito\/"},"author":{"name":"Eduardo Mart\u00ednez","@id":"https:\/\/www.notibras.com\/site\/#\/schema\/person\/5b7fabf2aedc3ada2105f03b22b4d3dd"},"headline":"Resili\u00eancia: bate em meu peito.","datePublished":"2026-03-08T03:00:04+00:00","mainEntityOfPage":{"@id":"https:\/\/www.notibras.com\/site\/resiliencia-bate-em-meu-peito\/"},"wordCount":318,"publisher":{"@id":"https:\/\/www.notibras.com\/site\/#organization"},"image":{"@id":"https:\/\/www.notibras.com\/site\/resiliencia-bate-em-meu-peito\/#primaryimage"},"thumbnailUrl":"https:\/\/www.notibras.com\/site\/wp-content\/uploads\/2026\/03\/WhatsApp-Image-2026-03-05-at-21.54.47.jpeg","articleSection":["Caf\u00e9 Liter\u00e1rio"],"inLanguage":"pt-BR"},{"@type":"WebPage","@id":"https:\/\/www.notibras.com\/site\/resiliencia-bate-em-meu-peito\/","url":"https:\/\/www.notibras.com\/site\/resiliencia-bate-em-meu-peito\/","name":"Resili\u00eancia: bate em meu peito. - Notibras","isPartOf":{"@id":"https:\/\/www.notibras.com\/site\/#website"},"primaryImageOfPage":{"@id":"https:\/\/www.notibras.com\/site\/resiliencia-bate-em-meu-peito\/#primaryimage"},"image":{"@id":"https:\/\/www.notibras.com\/site\/resiliencia-bate-em-meu-peito\/#primaryimage"},"thumbnailUrl":"https:\/\/www.notibras.com\/site\/wp-content\/uploads\/2026\/03\/WhatsApp-Image-2026-03-05-at-21.54.47.jpeg","datePublished":"2026-03-08T03:00:04+00:00","breadcrumb":{"@id":"https:\/\/www.notibras.com\/site\/resiliencia-bate-em-meu-peito\/#breadcrumb"},"inLanguage":"pt-BR","potentialAction":[{"@type":"ReadAction","target":["https:\/\/www.notibras.com\/site\/resiliencia-bate-em-meu-peito\/"]}]},{"@type":"ImageObject","inLanguage":"pt-BR","@id":"https:\/\/www.notibras.com\/site\/resiliencia-bate-em-meu-peito\/#primaryimage","url":"https:\/\/www.notibras.com\/site\/wp-content\/uploads\/2026\/03\/WhatsApp-Image-2026-03-05-at-21.54.47.jpeg","contentUrl":"https:\/\/www.notibras.com\/site\/wp-content\/uploads\/2026\/03\/WhatsApp-Image-2026-03-05-at-21.54.47.jpeg","width":1040,"height":780},{"@type":"BreadcrumbList","@id":"https:\/\/www.notibras.com\/site\/resiliencia-bate-em-meu-peito\/#breadcrumb","itemListElement":[{"@type":"ListItem","position":1,"name":"In\u00edcio","item":"https:\/\/www.notibras.com\/site\/"},{"@type":"ListItem","position":2,"name":"Resili\u00eancia: bate em meu peito."}]},{"@type":"WebSite","@id":"https:\/\/www.notibras.com\/site\/#website","url":"https:\/\/www.notibras.com\/site\/","name":"Notibras","description":"Not\u00edcias de Bras\u00edlia, do Brasil e do Mundo","publisher":{"@id":"https:\/\/www.notibras.com\/site\/#organization"},"potentialAction":[{"@type":"SearchAction","target":{"@type":"EntryPoint","urlTemplate":"https:\/\/www.notibras.com\/site\/?s={search_term_string}"},"query-input":{"@type":"PropertyValueSpecification","valueRequired":true,"valueName":"search_term_string"}}],"inLanguage":"pt-BR"},{"@type":"Organization","@id":"https:\/\/www.notibras.com\/site\/#organization","name":"Grupo Notibras de Comunica\u00e7\u00e3o","url":"https:\/\/www.notibras.com\/site\/","logo":{"@type":"ImageObject","inLanguage":"pt-BR","@id":"https:\/\/www.notibras.com\/site\/#\/schema\/logo\/image\/","url":"https:\/\/www.notibras.com\/site\/wp-content\/uploads\/2023\/01\/notibras23.png","contentUrl":"https:\/\/www.notibras.com\/site\/wp-content\/uploads\/2023\/01\/notibras23.png","width":350,"height":87,"caption":"Grupo Notibras de Comunica\u00e7\u00e3o"},"image":{"@id":"https:\/\/www.notibras.com\/site\/#\/schema\/logo\/image\/"},"sameAs":["https:\/\/www.facebook.com\/notibras\/","https:\/\/x.com\/Notibras","https:\/\/www.instagram.com\/notibras\/"]},{"@type":"Person","@id":"https:\/\/www.notibras.com\/site\/#\/schema\/person\/5b7fabf2aedc3ada2105f03b22b4d3dd","name":"Eduardo Mart\u00ednez","image":{"@type":"ImageObject","inLanguage":"pt-BR","@id":"https:\/\/secure.gravatar.com\/avatar\/7902f906289926289cbcda644b5197c796b893c6ffd7b9a536a42d290f7704a0?s=96&d=mm&r=g","url":"https:\/\/secure.gravatar.com\/avatar\/7902f906289926289cbcda644b5197c796b893c6ffd7b9a536a42d290f7704a0?s=96&d=mm&r=g","contentUrl":"https:\/\/secure.gravatar.com\/avatar\/7902f906289926289cbcda644b5197c796b893c6ffd7b9a536a42d290f7704a0?s=96&d=mm&r=g","caption":"Eduardo Mart\u00ednez"}}]}},"amp_enabled":true,"_links":{"self":[{"href":"https:\/\/www.notibras.com\/site\/wp-json\/wp\/v2\/posts\/385934","targetHints":{"allow":["GET"]}}],"collection":[{"href":"https:\/\/www.notibras.com\/site\/wp-json\/wp\/v2\/posts"}],"about":[{"href":"https:\/\/www.notibras.com\/site\/wp-json\/wp\/v2\/types\/post"}],"author":[{"embeddable":true,"href":"https:\/\/www.notibras.com\/site\/wp-json\/wp\/v2\/users\/21"}],"replies":[{"embeddable":true,"href":"https:\/\/www.notibras.com\/site\/wp-json\/wp\/v2\/comments?post=385934"}],"version-history":[{"count":2,"href":"https:\/\/www.notibras.com\/site\/wp-json\/wp\/v2\/posts\/385934\/revisions"}],"predecessor-version":[{"id":385938,"href":"https:\/\/www.notibras.com\/site\/wp-json\/wp\/v2\/posts\/385934\/revisions\/385938"}],"wp:featuredmedia":[{"embeddable":true,"href":"https:\/\/www.notibras.com\/site\/wp-json\/wp\/v2\/media\/385935"}],"wp:attachment":[{"href":"https:\/\/www.notibras.com\/site\/wp-json\/wp\/v2\/media?parent=385934"}],"wp:term":[{"taxonomy":"category","embeddable":true,"href":"https:\/\/www.notibras.com\/site\/wp-json\/wp\/v2\/categories?post=385934"},{"taxonomy":"post_tag","embeddable":true,"href":"https:\/\/www.notibras.com\/site\/wp-json\/wp\/v2\/tags?post=385934"}],"curies":[{"name":"wp","href":"https:\/\/api.w.org\/{rel}","templated":true}]}}