{"id":385939,"date":"2026-03-07T02:58:03","date_gmt":"2026-03-07T05:58:03","guid":{"rendered":"https:\/\/www.notibras.com\/site\/?p=385939"},"modified":"2026-03-07T07:00:35","modified_gmt":"2026-03-07T10:00:35","slug":"mercedes-faz-dobradinha-para-abertura-da-f1-2026","status":"publish","type":"post","link":"https:\/\/www.notibras.com\/site\/mercedes-faz-dobradinha-para-abertura-da-f1-2026\/","title":{"rendered":"Mercedes faz dobradinha para abertura da F1 2026"},"content":{"rendered":"<p data-start=\"458\" data-end=\"841\">A temporada 2026 da F\u00f3rmula 1 come\u00e7ou sob o brilho prateado da Mercedes. Na madrugada deste s\u00e1bado, em Melbourne, George Russell conquistou a primeira pole position do ano ao registrar 1min19s507 na classifica\u00e7\u00e3o do Grande Pr\u00eamio da Austr\u00e1lia, garantindo a largada na frente no circuito de Albert Park e comandando uma dobradinha da equipe alem\u00e3 com Andrea Kimi Antonelli logo atr\u00e1s.<\/p>\n<p data-start=\"843\" data-end=\"1177\">O desempenho da Mercedes surpreendeu pelo grau de superioridade demonstrado justamente depois de treinos livres em que McLaren e Ferrari haviam aparecido com mais for\u00e7a. No momento decisivo, por\u00e9m, Russell encontrou a volta perfeita, enquanto Antonelli confirmou o excelente in\u00edcio de temporada ao assegurar a segunda posi\u00e7\u00e3o do grid.<\/p>\n<p data-start=\"1179\" data-end=\"1452\">A terceira coloca\u00e7\u00e3o ficou com Isack Hadjar, estreando pela Red Bull em desempenho acima das expectativas. O jovem franc\u00eas salvou o s\u00e1bado da equipe austr\u00edaca depois de um duro rev\u00e9s envolvendo Max Verstappen, que sofreu acidente ainda no Q1 e largar\u00e1 das \u00faltimas posi\u00e7\u00f5es.<\/p>\n<p data-start=\"1454\" data-end=\"1974\">Entre os destaques da sess\u00e3o esteve o brasileiro Gabriel Bortoleto, que voltou a chamar aten\u00e7\u00e3o em sua estreia representando a Audi entre os dez melhores. No Q1, o brasileiro chegou a liderar momentaneamente a tabela de tempos, avan\u00e7ando com autoridade \u00e0 frente de Nico H\u00fclkenberg. No Q2, repetiu a consist\u00eancia e garantiu a d\u00e9cima coloca\u00e7\u00e3o geral, mas acabou impedido de tentar vaga no Q3 ap\u00f3s uma quebra no retorno aos boxes: seu carro parou na entrada do pit lane e precisou ser empurrado pelos fiscais at\u00e9 a garagem.<\/p>\n<p data-start=\"1976\" data-end=\"2127\">Mesmo com o contratempo, Bortoleto terminou como \u00fanico representante da Audi no top 10, refor\u00e7ando o bom impacto inicial da equipe no novo regulamento.<\/p>\n<p data-start=\"2129\" data-end=\"2357\">Na Ferrari, Charles Leclerc e Lewis Hamilton adotaram estrat\u00e9gia alternativa ao iniciarem a classifica\u00e7\u00e3o com pneus m\u00e9dios, suficiente para avan\u00e7ar ao Q2, mas sem for\u00e7a para amea\u00e7ar a hegemonia da Mercedes no desfecho da sess\u00e3o.<\/p>\n<p data-start=\"2359\" data-end=\"2637\">Para Russell, a pole em Melbourne tem peso especial: trata-se da oitava da carreira e encerra um intervalo de seis GPs sem largar na frente, desde Singapura no ano passado. Apesar de j\u00e1 somar dois p\u00f3dios na Austr\u00e1lia, o brit\u00e2nico ainda busca sua primeira vit\u00f3ria em Albert Park.<\/p>\n<p data-start=\"2639\" data-end=\"2959\">Al\u00e9m do acidente de Verstappen, a classifica\u00e7\u00e3o teve outros incidentes: dificuldades mec\u00e2nicas atingiram carros da Williams e Aston Martin, enquanto a pr\u00f3pria Mercedes viveu momento de tens\u00e3o ao liberar Antonelli dos boxes com uma pe\u00e7a ainda presa no carro \u2014 erro rapidamente corrigido sem comprometer o resultado final.<\/p>\n<p data-start=\"2961\" data-end=\"3216\">A corrida deste domingo abre oficialmente uma temporada cercada de expectativa t\u00e9cnica, novos protagonistas e mudan\u00e7as profundas no equil\u00edbrio de for\u00e7as do grid \u2014 e, pelo que mostrou Melbourne, a Mercedes larga como primeira refer\u00eancia do campeonato.<\/p>\n","protected":false},"excerpt":{"rendered":"<p>A temporada 2026 da F\u00f3rmula 1 come\u00e7ou sob o brilho prateado da Mercedes. Na madrugada deste s\u00e1bado, em Melbourne, George Russell conquistou a primeira pole position do ano ao registrar 1min19s507 na classifica\u00e7\u00e3o do Grande Pr\u00eamio da Austr\u00e1lia, garantindo a largada na frente no circuito de Albert Park e comandando uma dobradinha da equipe alem\u00e3 [&hellip;]<\/p>\n","protected":false},"author":2,"featured_media":385940,"comment_status":"closed","ping_status":"closed","sticky":false,"template":"","format":"standard","meta":{"_acf_changed":false,"footnotes":""},"categories":[155],"tags":[95],"class_list":["post-385939","post","type-post","status-publish","format-standard","has-post-thumbnail","hentry","category-leitura-vip","tag-capa"],"acf":[],"yoast_head":"<!-- This site is optimized with the Yoast SEO plugin v27.2 - https:\/\/yoast.com\/product\/yoast-seo-wordpress\/ -->\n<title>Mercedes faz dobradinha para abertura da F1 2026 - Notibras<\/title>\n<meta name=\"robots\" content=\"index, follow, max-snippet:-1, max-image-preview:large, max-video-preview:-1\" \/>\n<link rel=\"canonical\" href=\"https:\/\/www.notibras.com\/site\/mercedes-faz-dobradinha-para-abertura-da-f1-2026\/\" \/>\n<meta property=\"og:locale\" content=\"pt_BR\" \/>\n<meta property=\"og:type\" content=\"article\" \/>\n<meta property=\"og:title\" content=\"Mercedes faz dobradinha para abertura da F1 2026 - Notibras\" \/>\n<meta property=\"og:description\" content=\"A temporada 2026 da F\u00f3rmula 1 come\u00e7ou sob o brilho prateado da Mercedes. Na madrugada deste s\u00e1bado, em Melbourne, George Russell conquistou a primeira pole position do ano ao registrar 1min19s507 na classifica\u00e7\u00e3o do Grande Pr\u00eamio da Austr\u00e1lia, garantindo a largada na frente no circuito de Albert Park e comandando uma dobradinha da equipe alem\u00e3 [&hellip;]\" \/>\n<meta property=\"og:url\" content=\"https:\/\/www.notibras.com\/site\/mercedes-faz-dobradinha-para-abertura-da-f1-2026\/\" \/>\n<meta property=\"og:site_name\" content=\"Notibras\" \/>\n<meta property=\"article:publisher\" content=\"https:\/\/www.facebook.com\/notibras\/\" \/>\n<meta property=\"article:published_time\" content=\"2026-03-07T05:58:03+00:00\" \/>\n<meta property=\"article:modified_time\" content=\"2026-03-07T10:00:35+00:00\" \/>\n<meta name=\"author\" content=\"Reda\u00e7\u00e3o\" \/>\n<meta name=\"twitter:card\" content=\"summary_large_image\" \/>\n<meta name=\"twitter:creator\" content=\"@Notibras\" \/>\n<meta name=\"twitter:site\" content=\"@Notibras\" \/>\n<meta name=\"twitter:label1\" content=\"Escrito por\" \/>\n\t<meta name=\"twitter:data1\" content=\"Reda\u00e7\u00e3o\" \/>\n\t<meta name=\"twitter:label2\" content=\"Est. tempo de leitura\" \/>\n\t<meta name=\"twitter:data2\" content=\"3 minutos\" \/>\n<script type=\"application\/ld+json\" class=\"yoast-schema-graph\">{\"@context\":\"https:\/\/schema.org\",\"@graph\":[{\"@type\":\"Article\",\"@id\":\"https:\/\/www.notibras.com\/site\/mercedes-faz-dobradinha-para-abertura-da-f1-2026\/#article\",\"isPartOf\":{\"@id\":\"https:\/\/www.notibras.com\/site\/mercedes-faz-dobradinha-para-abertura-da-f1-2026\/\"},\"author\":{\"name\":\"Reda\u00e7\u00e3o\",\"@id\":\"https:\/\/www.notibras.com\/site\/#\/schema\/person\/36ab0979449956132d3e5b517ea76ac8\"},\"headline\":\"Mercedes faz dobradinha para abertura da F1 2026\",\"datePublished\":\"2026-03-07T05:58:03+00:00\",\"dateModified\":\"2026-03-07T10:00:35+00:00\",\"mainEntityOfPage\":{\"@id\":\"https:\/\/www.notibras.com\/site\/mercedes-faz-dobradinha-para-abertura-da-f1-2026\/\"},\"wordCount\":484,\"publisher\":{\"@id\":\"https:\/\/www.notibras.com\/site\/#organization\"},\"image\":{\"@id\":\"https:\/\/www.notibras.com\/site\/mercedes-faz-dobradinha-para-abertura-da-f1-2026\/#primaryimage\"},\"thumbnailUrl\":\"https:\/\/www.notibras.com\/site\/wp-content\/uploads\/2026\/03\/vers.bate_.aus_.avif\",\"keywords\":[\"capa\"],\"articleSection\":[\"Leitura Vip\"],\"inLanguage\":\"pt-BR\"},{\"@type\":\"WebPage\",\"@id\":\"https:\/\/www.notibras.com\/site\/mercedes-faz-dobradinha-para-abertura-da-f1-2026\/\",\"url\":\"https:\/\/www.notibras.com\/site\/mercedes-faz-dobradinha-para-abertura-da-f1-2026\/\",\"name\":\"Mercedes faz dobradinha para abertura da F1 2026 - Notibras\",\"isPartOf\":{\"@id\":\"https:\/\/www.notibras.com\/site\/#website\"},\"primaryImageOfPage\":{\"@id\":\"https:\/\/www.notibras.com\/site\/mercedes-faz-dobradinha-para-abertura-da-f1-2026\/#primaryimage\"},\"image\":{\"@id\":\"https:\/\/www.notibras.com\/site\/mercedes-faz-dobradinha-para-abertura-da-f1-2026\/#primaryimage\"},\"thumbnailUrl\":\"https:\/\/www.notibras.com\/site\/wp-content\/uploads\/2026\/03\/vers.bate_.aus_.avif\",\"datePublished\":\"2026-03-07T05:58:03+00:00\",\"dateModified\":\"2026-03-07T10:00:35+00:00\",\"breadcrumb\":{\"@id\":\"https:\/\/www.notibras.com\/site\/mercedes-faz-dobradinha-para-abertura-da-f1-2026\/#breadcrumb\"},\"inLanguage\":\"pt-BR\",\"potentialAction\":[{\"@type\":\"ReadAction\",\"target\":[\"https:\/\/www.notibras.com\/site\/mercedes-faz-dobradinha-para-abertura-da-f1-2026\/\"]}]},{\"@type\":\"ImageObject\",\"inLanguage\":\"pt-BR\",\"@id\":\"https:\/\/www.notibras.com\/site\/mercedes-faz-dobradinha-para-abertura-da-f1-2026\/#primaryimage\",\"url\":\"https:\/\/www.notibras.com\/site\/wp-content\/uploads\/2026\/03\/vers.bate_.aus_.avif\",\"contentUrl\":\"https:\/\/www.notibras.com\/site\/wp-content\/uploads\/2026\/03\/vers.bate_.aus_.avif\",\"width\":984,\"height\":656},{\"@type\":\"BreadcrumbList\",\"@id\":\"https:\/\/www.notibras.com\/site\/mercedes-faz-dobradinha-para-abertura-da-f1-2026\/#breadcrumb\",\"itemListElement\":[{\"@type\":\"ListItem\",\"position\":1,\"name\":\"In\u00edcio\",\"item\":\"https:\/\/www.notibras.com\/site\/\"},{\"@type\":\"ListItem\",\"position\":2,\"name\":\"Mercedes faz dobradinha para abertura da F1 2026\"}]},{\"@type\":\"WebSite\",\"@id\":\"https:\/\/www.notibras.com\/site\/#website\",\"url\":\"https:\/\/www.notibras.com\/site\/\",\"name\":\"Notibras\",\"description\":\"Not\u00edcias de Bras\u00edlia, do Brasil e do Mundo\",\"publisher\":{\"@id\":\"https:\/\/www.notibras.com\/site\/#organization\"},\"potentialAction\":[{\"@type\":\"SearchAction\",\"target\":{\"@type\":\"EntryPoint\",\"urlTemplate\":\"https:\/\/www.notibras.com\/site\/?s={search_term_string}\"},\"query-input\":{\"@type\":\"PropertyValueSpecification\",\"valueRequired\":true,\"valueName\":\"search_term_string\"}}],\"inLanguage\":\"pt-BR\"},{\"@type\":\"Organization\",\"@id\":\"https:\/\/www.notibras.com\/site\/#organization\",\"name\":\"Grupo Notibras de Comunica\u00e7\u00e3o\",\"url\":\"https:\/\/www.notibras.com\/site\/\",\"logo\":{\"@type\":\"ImageObject\",\"inLanguage\":\"pt-BR\",\"@id\":\"https:\/\/www.notibras.com\/site\/#\/schema\/logo\/image\/\",\"url\":\"https:\/\/www.notibras.com\/site\/wp-content\/uploads\/2023\/01\/notibras23.png\",\"contentUrl\":\"https:\/\/www.notibras.com\/site\/wp-content\/uploads\/2023\/01\/notibras23.png\",\"width\":350,\"height\":87,\"caption\":\"Grupo Notibras de Comunica\u00e7\u00e3o\"},\"image\":{\"@id\":\"https:\/\/www.notibras.com\/site\/#\/schema\/logo\/image\/\"},\"sameAs\":[\"https:\/\/www.facebook.com\/notibras\/\",\"https:\/\/x.com\/Notibras\",\"https:\/\/www.instagram.com\/notibras\/\"]},{\"@type\":\"Person\",\"@id\":\"https:\/\/www.notibras.com\/site\/#\/schema\/person\/36ab0979449956132d3e5b517ea76ac8\",\"name\":\"Reda\u00e7\u00e3o\",\"image\":{\"@type\":\"ImageObject\",\"inLanguage\":\"pt-BR\",\"@id\":\"https:\/\/secure.gravatar.com\/avatar\/e0a867bdedb85fd243eadf09663511f96fc81e0720a4a42581f334ad4303aa6b?s=96&d=mm&r=g\",\"url\":\"https:\/\/secure.gravatar.com\/avatar\/e0a867bdedb85fd243eadf09663511f96fc81e0720a4a42581f334ad4303aa6b?s=96&d=mm&r=g\",\"contentUrl\":\"https:\/\/secure.gravatar.com\/avatar\/e0a867bdedb85fd243eadf09663511f96fc81e0720a4a42581f334ad4303aa6b?s=96&d=mm&r=g\",\"caption\":\"Reda\u00e7\u00e3o\"}}]}<\/script>\n<!-- \/ Yoast SEO plugin. -->","yoast_head_json":{"title":"Mercedes faz dobradinha para abertura da F1 2026 - Notibras","robots":{"index":"index","follow":"follow","max-snippet":"max-snippet:-1","max-image-preview":"max-image-preview:large","max-video-preview":"max-video-preview:-1"},"canonical":"https:\/\/www.notibras.com\/site\/mercedes-faz-dobradinha-para-abertura-da-f1-2026\/","og_locale":"pt_BR","og_type":"article","og_title":"Mercedes faz dobradinha para abertura da F1 2026 - Notibras","og_description":"A temporada 2026 da F\u00f3rmula 1 come\u00e7ou sob o brilho prateado da Mercedes. Na madrugada deste s\u00e1bado, em Melbourne, George Russell conquistou a primeira pole position do ano ao registrar 1min19s507 na classifica\u00e7\u00e3o do Grande Pr\u00eamio da Austr\u00e1lia, garantindo a largada na frente no circuito de Albert Park e comandando uma dobradinha da equipe alem\u00e3 [&hellip;]","og_url":"https:\/\/www.notibras.com\/site\/mercedes-faz-dobradinha-para-abertura-da-f1-2026\/","og_site_name":"Notibras","article_publisher":"https:\/\/www.facebook.com\/notibras\/","article_published_time":"2026-03-07T05:58:03+00:00","article_modified_time":"2026-03-07T10:00:35+00:00","author":"Reda\u00e7\u00e3o","twitter_card":"summary_large_image","twitter_creator":"@Notibras","twitter_site":"@Notibras","twitter_misc":{"Escrito por":"Reda\u00e7\u00e3o","Est. tempo de leitura":"3 minutos"},"schema":{"@context":"https:\/\/schema.org","@graph":[{"@type":"Article","@id":"https:\/\/www.notibras.com\/site\/mercedes-faz-dobradinha-para-abertura-da-f1-2026\/#article","isPartOf":{"@id":"https:\/\/www.notibras.com\/site\/mercedes-faz-dobradinha-para-abertura-da-f1-2026\/"},"author":{"name":"Reda\u00e7\u00e3o","@id":"https:\/\/www.notibras.com\/site\/#\/schema\/person\/36ab0979449956132d3e5b517ea76ac8"},"headline":"Mercedes faz dobradinha para abertura da F1 2026","datePublished":"2026-03-07T05:58:03+00:00","dateModified":"2026-03-07T10:00:35+00:00","mainEntityOfPage":{"@id":"https:\/\/www.notibras.com\/site\/mercedes-faz-dobradinha-para-abertura-da-f1-2026\/"},"wordCount":484,"publisher":{"@id":"https:\/\/www.notibras.com\/site\/#organization"},"image":{"@id":"https:\/\/www.notibras.com\/site\/mercedes-faz-dobradinha-para-abertura-da-f1-2026\/#primaryimage"},"thumbnailUrl":"https:\/\/www.notibras.com\/site\/wp-content\/uploads\/2026\/03\/vers.bate_.aus_.avif","keywords":["capa"],"articleSection":["Leitura Vip"],"inLanguage":"pt-BR"},{"@type":"WebPage","@id":"https:\/\/www.notibras.com\/site\/mercedes-faz-dobradinha-para-abertura-da-f1-2026\/","url":"https:\/\/www.notibras.com\/site\/mercedes-faz-dobradinha-para-abertura-da-f1-2026\/","name":"Mercedes faz dobradinha para abertura da F1 2026 - Notibras","isPartOf":{"@id":"https:\/\/www.notibras.com\/site\/#website"},"primaryImageOfPage":{"@id":"https:\/\/www.notibras.com\/site\/mercedes-faz-dobradinha-para-abertura-da-f1-2026\/#primaryimage"},"image":{"@id":"https:\/\/www.notibras.com\/site\/mercedes-faz-dobradinha-para-abertura-da-f1-2026\/#primaryimage"},"thumbnailUrl":"https:\/\/www.notibras.com\/site\/wp-content\/uploads\/2026\/03\/vers.bate_.aus_.avif","datePublished":"2026-03-07T05:58:03+00:00","dateModified":"2026-03-07T10:00:35+00:00","breadcrumb":{"@id":"https:\/\/www.notibras.com\/site\/mercedes-faz-dobradinha-para-abertura-da-f1-2026\/#breadcrumb"},"inLanguage":"pt-BR","potentialAction":[{"@type":"ReadAction","target":["https:\/\/www.notibras.com\/site\/mercedes-faz-dobradinha-para-abertura-da-f1-2026\/"]}]},{"@type":"ImageObject","inLanguage":"pt-BR","@id":"https:\/\/www.notibras.com\/site\/mercedes-faz-dobradinha-para-abertura-da-f1-2026\/#primaryimage","url":"https:\/\/www.notibras.com\/site\/wp-content\/uploads\/2026\/03\/vers.bate_.aus_.avif","contentUrl":"https:\/\/www.notibras.com\/site\/wp-content\/uploads\/2026\/03\/vers.bate_.aus_.avif","width":984,"height":656},{"@type":"BreadcrumbList","@id":"https:\/\/www.notibras.com\/site\/mercedes-faz-dobradinha-para-abertura-da-f1-2026\/#breadcrumb","itemListElement":[{"@type":"ListItem","position":1,"name":"In\u00edcio","item":"https:\/\/www.notibras.com\/site\/"},{"@type":"ListItem","position":2,"name":"Mercedes faz dobradinha para abertura da F1 2026"}]},{"@type":"WebSite","@id":"https:\/\/www.notibras.com\/site\/#website","url":"https:\/\/www.notibras.com\/site\/","name":"Notibras","description":"Not\u00edcias de Bras\u00edlia, do Brasil e do Mundo","publisher":{"@id":"https:\/\/www.notibras.com\/site\/#organization"},"potentialAction":[{"@type":"SearchAction","target":{"@type":"EntryPoint","urlTemplate":"https:\/\/www.notibras.com\/site\/?s={search_term_string}"},"query-input":{"@type":"PropertyValueSpecification","valueRequired":true,"valueName":"search_term_string"}}],"inLanguage":"pt-BR"},{"@type":"Organization","@id":"https:\/\/www.notibras.com\/site\/#organization","name":"Grupo Notibras de Comunica\u00e7\u00e3o","url":"https:\/\/www.notibras.com\/site\/","logo":{"@type":"ImageObject","inLanguage":"pt-BR","@id":"https:\/\/www.notibras.com\/site\/#\/schema\/logo\/image\/","url":"https:\/\/www.notibras.com\/site\/wp-content\/uploads\/2023\/01\/notibras23.png","contentUrl":"https:\/\/www.notibras.com\/site\/wp-content\/uploads\/2023\/01\/notibras23.png","width":350,"height":87,"caption":"Grupo Notibras de Comunica\u00e7\u00e3o"},"image":{"@id":"https:\/\/www.notibras.com\/site\/#\/schema\/logo\/image\/"},"sameAs":["https:\/\/www.facebook.com\/notibras\/","https:\/\/x.com\/Notibras","https:\/\/www.instagram.com\/notibras\/"]},{"@type":"Person","@id":"https:\/\/www.notibras.com\/site\/#\/schema\/person\/36ab0979449956132d3e5b517ea76ac8","name":"Reda\u00e7\u00e3o","image":{"@type":"ImageObject","inLanguage":"pt-BR","@id":"https:\/\/secure.gravatar.com\/avatar\/e0a867bdedb85fd243eadf09663511f96fc81e0720a4a42581f334ad4303aa6b?s=96&d=mm&r=g","url":"https:\/\/secure.gravatar.com\/avatar\/e0a867bdedb85fd243eadf09663511f96fc81e0720a4a42581f334ad4303aa6b?s=96&d=mm&r=g","contentUrl":"https:\/\/secure.gravatar.com\/avatar\/e0a867bdedb85fd243eadf09663511f96fc81e0720a4a42581f334ad4303aa6b?s=96&d=mm&r=g","caption":"Reda\u00e7\u00e3o"}}]}},"amp_enabled":true,"_links":{"self":[{"href":"https:\/\/www.notibras.com\/site\/wp-json\/wp\/v2\/posts\/385939","targetHints":{"allow":["GET"]}}],"collection":[{"href":"https:\/\/www.notibras.com\/site\/wp-json\/wp\/v2\/posts"}],"about":[{"href":"https:\/\/www.notibras.com\/site\/wp-json\/wp\/v2\/types\/post"}],"author":[{"embeddable":true,"href":"https:\/\/www.notibras.com\/site\/wp-json\/wp\/v2\/users\/2"}],"replies":[{"embeddable":true,"href":"https:\/\/www.notibras.com\/site\/wp-json\/wp\/v2\/comments?post=385939"}],"version-history":[{"count":1,"href":"https:\/\/www.notibras.com\/site\/wp-json\/wp\/v2\/posts\/385939\/revisions"}],"predecessor-version":[{"id":385941,"href":"https:\/\/www.notibras.com\/site\/wp-json\/wp\/v2\/posts\/385939\/revisions\/385941"}],"wp:featuredmedia":[{"embeddable":true,"href":"https:\/\/www.notibras.com\/site\/wp-json\/wp\/v2\/media\/385940"}],"wp:attachment":[{"href":"https:\/\/www.notibras.com\/site\/wp-json\/wp\/v2\/media?parent=385939"}],"wp:term":[{"taxonomy":"category","embeddable":true,"href":"https:\/\/www.notibras.com\/site\/wp-json\/wp\/v2\/categories?post=385939"},{"taxonomy":"post_tag","embeddable":true,"href":"https:\/\/www.notibras.com\/site\/wp-json\/wp\/v2\/tags?post=385939"}],"curies":[{"name":"wp","href":"https:\/\/api.w.org\/{rel}","templated":true}]}}