{"id":385946,"date":"2026-03-07T00:00:41","date_gmt":"2026-03-07T03:00:41","guid":{"rendered":"https:\/\/www.notibras.com\/site\/?p=385946"},"modified":"2026-03-07T07:21:09","modified_gmt":"2026-03-07T10:21:09","slug":"moraes-nega-conversas-com-vorcaro-no-dia-da-primeira-prisao","status":"publish","type":"post","link":"https:\/\/www.notibras.com\/site\/moraes-nega-conversas-com-vorcaro-no-dia-da-primeira-prisao\/","title":{"rendered":"Moraes nega conversas com Vorcaro no dia da primeira pris\u00e3o"},"content":{"rendered":"<p>O ministro Alexandre de Moraes, do Supremo Tribunal Federal (STF), nega ter mantido conversas com o banqueiro Daniel Vorcaro, em 17 de novembro do ano passado. A suposta troca de mensagens foi divulgada pelo jornal O Globo, que teve acesso aos prints de mensagens encontradas pela Pol\u00edcia Federal (PF) no celular de Vorcaro, que foi preso durante opera\u00e7\u00e3o da Pol\u00edcia Federal.<\/p>\n<p>No dia, Vorcaro foi preso pela primeira vez ao ser alvo da Opera\u00e7\u00e3o Compliance Zero, que investiga fraudes no Banco Master.<\/p>\n<p>Conforme nota divulgada nesta sexta-feira (6) pela Secretaria de Comunica\u00e7\u00e3o do Supremo Tribunal Federal (STF), as mensagens n\u00e3o foram destinadas a Moraes, mas a outros contatos que constam na agenda de Vorcaro. A conclus\u00e3o ocorre ap\u00f3s uma an\u00e1lise dos dados sigilosos que foram divulgados pela reportagem. O STF n\u00e3o informou quem realizou a an\u00e1lise.<\/p>\n<p>\u201cNo conte\u00fado extra\u00eddo do celular do executivo pelos investigadores, os prints dessas mensagens enviadas por Vorcaro est\u00e3o vinculadas a pastas de outras pessoas de sua lista de contatos e n\u00e3o constam como direcionadas ao ministro Alexandre de Moraes\u201d, diz o comunicado.<\/p>\n<p>A secretaria declarou ainda que as mensagens foram direcionadas a outros contatos, que n\u00e3o ter\u00e3o os nomes divulgados em raz\u00e3o de sigilo.<\/p>\n<p>\u201cA mensagem e o respectivo contato est\u00e3o na mesma pasta do computador de quem fez os prints (Vorcaro). Ou seja, fica demonstrado que as mensagens (prints) est\u00e3o vinculadas a outros contatos telef\u00f4nicos no computador de Daniel Vorcaro, jamais ao Ministro Alexandre de Moraes\u201d, completa a nota.<\/p>\n<p><strong>Transfer\u00eancia<\/strong><br \/>\nDaniel Vorcaro, dono do Banco Master, foi transferido nesta sexta-feira (6) para a Penitenci\u00e1ria Federal em Bras\u00edlia, pres\u00eddio de seguran\u00e7a m\u00e1xima.<\/p>\n<p>Ele estava preso desde quarta-feira (4) e estava custodiado na Penitenci\u00e1ria de Potim, no interior paulista.<\/p>\n<p>A transfer\u00eancia foi autorizada, nesta quinta-feira (5), pelo ministro do Supremo Tribunal Federal (STF) Andr\u00e9 Mendon\u00e7a, relator das investiga\u00e7\u00f5es da Opera\u00e7\u00e3o Compliance Zero, que apura as fraudes no Banco Master, e atendeu a um pedido da pr\u00f3pria PF.<\/p>\n<p>Segundo a corpora\u00e7\u00e3o, o banqueiro pode influenciar as investiga\u00e7\u00f5es sobre as fraudes no Banco Master.<\/p>\n<p><strong>Inqu\u00e9rito<\/strong><br \/>\nO ministro Andr\u00e9 Mendon\u00e7a tamb\u00e9m autorizou nesta sexta-feira (6) abertura de inqu\u00e9rito da Pol\u00edcia Federal (PF) para investigar os vazamentos dos dados dos sigilos banc\u00e1rio, fiscal e telem\u00e1tico do banqueiro Daniel Vorcaro.<\/p>\n<p>A decis\u00e3o do ministro foi motivada por um pedido de investiga\u00e7\u00e3o feito defesa do banqueiro.<\/p>\n<p>Segundo os advogados, os vazamentos come\u00e7aram ap\u00f3s Mendon\u00e7a autorizar o compartilhamento dos dados com a Comiss\u00e3o Parlamentar Mista de Inqu\u00e9rito (CPMI) do INSS.<\/p>\n<p>Os sigilos do banqueiro foram solicitados pela CPMI para apurar a suposta liga\u00e7\u00e3o do Banco Master com fraudes em empr\u00e9stimos consignados de aposentados e pensionistas do INSS.<\/p>\n","protected":false},"excerpt":{"rendered":"<p>O ministro Alexandre de Moraes, do Supremo Tribunal Federal (STF), nega ter mantido conversas com o banqueiro Daniel Vorcaro, em 17 de novembro do ano passado. A suposta troca de mensagens foi divulgada pelo jornal O Globo, que teve acesso aos prints de mensagens encontradas pela Pol\u00edcia Federal (PF) no celular de Vorcaro, que foi [&hellip;]<\/p>\n","protected":false},"author":2,"featured_media":385947,"comment_status":"closed","ping_status":"closed","sticky":false,"template":"","format":"standard","meta":{"_acf_changed":false,"footnotes":""},"categories":[16],"tags":[],"class_list":["post-385946","post","type-post","status-publish","format-standard","has-post-thumbnail","hentry","category-brasil"],"acf":[],"yoast_head":"<!-- This site is optimized with the Yoast SEO plugin v27.2 - https:\/\/yoast.com\/product\/yoast-seo-wordpress\/ -->\n<title>Moraes nega conversas com Vorcaro no dia da primeira pris\u00e3o - Notibras<\/title>\n<meta name=\"robots\" content=\"index, follow, max-snippet:-1, max-image-preview:large, max-video-preview:-1\" \/>\n<link rel=\"canonical\" href=\"https:\/\/www.notibras.com\/site\/moraes-nega-conversas-com-vorcaro-no-dia-da-primeira-prisao\/\" \/>\n<meta property=\"og:locale\" content=\"pt_BR\" \/>\n<meta property=\"og:type\" content=\"article\" \/>\n<meta property=\"og:title\" content=\"Moraes nega conversas com Vorcaro no dia da primeira pris\u00e3o - Notibras\" \/>\n<meta property=\"og:description\" content=\"O ministro Alexandre de Moraes, do Supremo Tribunal Federal (STF), nega ter mantido conversas com o banqueiro Daniel Vorcaro, em 17 de novembro do ano passado. A suposta troca de mensagens foi divulgada pelo jornal O Globo, que teve acesso aos prints de mensagens encontradas pela Pol\u00edcia Federal (PF) no celular de Vorcaro, que foi [&hellip;]\" \/>\n<meta property=\"og:url\" content=\"https:\/\/www.notibras.com\/site\/moraes-nega-conversas-com-vorcaro-no-dia-da-primeira-prisao\/\" \/>\n<meta property=\"og:site_name\" content=\"Notibras\" \/>\n<meta property=\"article:publisher\" content=\"https:\/\/www.facebook.com\/notibras\/\" \/>\n<meta property=\"article:published_time\" content=\"2026-03-07T03:00:41+00:00\" \/>\n<meta property=\"article:modified_time\" content=\"2026-03-07T10:21:09+00:00\" \/>\n<meta property=\"og:image\" content=\"https:\/\/www.notibras.com\/site\/wp-content\/uploads\/2026\/03\/0d7a7436.webp\" \/>\n\t<meta property=\"og:image:width\" content=\"1170\" \/>\n\t<meta property=\"og:image:height\" content=\"700\" \/>\n\t<meta property=\"og:image:type\" content=\"image\/webp\" \/>\n<meta name=\"author\" content=\"Reda\u00e7\u00e3o\" \/>\n<meta name=\"twitter:card\" content=\"summary_large_image\" \/>\n<meta name=\"twitter:creator\" content=\"@Notibras\" \/>\n<meta name=\"twitter:site\" content=\"@Notibras\" \/>\n<meta name=\"twitter:label1\" content=\"Escrito por\" \/>\n\t<meta name=\"twitter:data1\" content=\"Reda\u00e7\u00e3o\" \/>\n\t<meta name=\"twitter:label2\" content=\"Est. tempo de leitura\" \/>\n\t<meta name=\"twitter:data2\" content=\"3 minutos\" \/>\n<script type=\"application\/ld+json\" class=\"yoast-schema-graph\">{\"@context\":\"https:\/\/schema.org\",\"@graph\":[{\"@type\":\"Article\",\"@id\":\"https:\/\/www.notibras.com\/site\/moraes-nega-conversas-com-vorcaro-no-dia-da-primeira-prisao\/#article\",\"isPartOf\":{\"@id\":\"https:\/\/www.notibras.com\/site\/moraes-nega-conversas-com-vorcaro-no-dia-da-primeira-prisao\/\"},\"author\":{\"name\":\"Reda\u00e7\u00e3o\",\"@id\":\"https:\/\/www.notibras.com\/site\/#\/schema\/person\/36ab0979449956132d3e5b517ea76ac8\"},\"headline\":\"Moraes nega conversas com Vorcaro no dia da primeira pris\u00e3o\",\"datePublished\":\"2026-03-07T03:00:41+00:00\",\"dateModified\":\"2026-03-07T10:21:09+00:00\",\"mainEntityOfPage\":{\"@id\":\"https:\/\/www.notibras.com\/site\/moraes-nega-conversas-com-vorcaro-no-dia-da-primeira-prisao\/\"},\"wordCount\":490,\"publisher\":{\"@id\":\"https:\/\/www.notibras.com\/site\/#organization\"},\"image\":{\"@id\":\"https:\/\/www.notibras.com\/site\/moraes-nega-conversas-com-vorcaro-no-dia-da-primeira-prisao\/#primaryimage\"},\"thumbnailUrl\":\"https:\/\/www.notibras.com\/site\/wp-content\/uploads\/2026\/03\/0d7a7436.webp\",\"articleSection\":[\"Brasil\"],\"inLanguage\":\"pt-BR\"},{\"@type\":\"WebPage\",\"@id\":\"https:\/\/www.notibras.com\/site\/moraes-nega-conversas-com-vorcaro-no-dia-da-primeira-prisao\/\",\"url\":\"https:\/\/www.notibras.com\/site\/moraes-nega-conversas-com-vorcaro-no-dia-da-primeira-prisao\/\",\"name\":\"Moraes nega conversas com Vorcaro no dia da primeira pris\u00e3o - Notibras\",\"isPartOf\":{\"@id\":\"https:\/\/www.notibras.com\/site\/#website\"},\"primaryImageOfPage\":{\"@id\":\"https:\/\/www.notibras.com\/site\/moraes-nega-conversas-com-vorcaro-no-dia-da-primeira-prisao\/#primaryimage\"},\"image\":{\"@id\":\"https:\/\/www.notibras.com\/site\/moraes-nega-conversas-com-vorcaro-no-dia-da-primeira-prisao\/#primaryimage\"},\"thumbnailUrl\":\"https:\/\/www.notibras.com\/site\/wp-content\/uploads\/2026\/03\/0d7a7436.webp\",\"datePublished\":\"2026-03-07T03:00:41+00:00\",\"dateModified\":\"2026-03-07T10:21:09+00:00\",\"breadcrumb\":{\"@id\":\"https:\/\/www.notibras.com\/site\/moraes-nega-conversas-com-vorcaro-no-dia-da-primeira-prisao\/#breadcrumb\"},\"inLanguage\":\"pt-BR\",\"potentialAction\":[{\"@type\":\"ReadAction\",\"target\":[\"https:\/\/www.notibras.com\/site\/moraes-nega-conversas-com-vorcaro-no-dia-da-primeira-prisao\/\"]}]},{\"@type\":\"ImageObject\",\"inLanguage\":\"pt-BR\",\"@id\":\"https:\/\/www.notibras.com\/site\/moraes-nega-conversas-com-vorcaro-no-dia-da-primeira-prisao\/#primaryimage\",\"url\":\"https:\/\/www.notibras.com\/site\/wp-content\/uploads\/2026\/03\/0d7a7436.webp\",\"contentUrl\":\"https:\/\/www.notibras.com\/site\/wp-content\/uploads\/2026\/03\/0d7a7436.webp\",\"width\":1170,\"height\":700},{\"@type\":\"BreadcrumbList\",\"@id\":\"https:\/\/www.notibras.com\/site\/moraes-nega-conversas-com-vorcaro-no-dia-da-primeira-prisao\/#breadcrumb\",\"itemListElement\":[{\"@type\":\"ListItem\",\"position\":1,\"name\":\"In\u00edcio\",\"item\":\"https:\/\/www.notibras.com\/site\/\"},{\"@type\":\"ListItem\",\"position\":2,\"name\":\"Moraes nega conversas com Vorcaro no dia da primeira pris\u00e3o\"}]},{\"@type\":\"WebSite\",\"@id\":\"https:\/\/www.notibras.com\/site\/#website\",\"url\":\"https:\/\/www.notibras.com\/site\/\",\"name\":\"Notibras\",\"description\":\"Not\u00edcias de Bras\u00edlia, do Brasil e do Mundo\",\"publisher\":{\"@id\":\"https:\/\/www.notibras.com\/site\/#organization\"},\"potentialAction\":[{\"@type\":\"SearchAction\",\"target\":{\"@type\":\"EntryPoint\",\"urlTemplate\":\"https:\/\/www.notibras.com\/site\/?s={search_term_string}\"},\"query-input\":{\"@type\":\"PropertyValueSpecification\",\"valueRequired\":true,\"valueName\":\"search_term_string\"}}],\"inLanguage\":\"pt-BR\"},{\"@type\":\"Organization\",\"@id\":\"https:\/\/www.notibras.com\/site\/#organization\",\"name\":\"Grupo Notibras de Comunica\u00e7\u00e3o\",\"url\":\"https:\/\/www.notibras.com\/site\/\",\"logo\":{\"@type\":\"ImageObject\",\"inLanguage\":\"pt-BR\",\"@id\":\"https:\/\/www.notibras.com\/site\/#\/schema\/logo\/image\/\",\"url\":\"https:\/\/www.notibras.com\/site\/wp-content\/uploads\/2023\/01\/notibras23.png\",\"contentUrl\":\"https:\/\/www.notibras.com\/site\/wp-content\/uploads\/2023\/01\/notibras23.png\",\"width\":350,\"height\":87,\"caption\":\"Grupo Notibras de Comunica\u00e7\u00e3o\"},\"image\":{\"@id\":\"https:\/\/www.notibras.com\/site\/#\/schema\/logo\/image\/\"},\"sameAs\":[\"https:\/\/www.facebook.com\/notibras\/\",\"https:\/\/x.com\/Notibras\",\"https:\/\/www.instagram.com\/notibras\/\"]},{\"@type\":\"Person\",\"@id\":\"https:\/\/www.notibras.com\/site\/#\/schema\/person\/36ab0979449956132d3e5b517ea76ac8\",\"name\":\"Reda\u00e7\u00e3o\",\"image\":{\"@type\":\"ImageObject\",\"inLanguage\":\"pt-BR\",\"@id\":\"https:\/\/secure.gravatar.com\/avatar\/e0a867bdedb85fd243eadf09663511f96fc81e0720a4a42581f334ad4303aa6b?s=96&d=mm&r=g\",\"url\":\"https:\/\/secure.gravatar.com\/avatar\/e0a867bdedb85fd243eadf09663511f96fc81e0720a4a42581f334ad4303aa6b?s=96&d=mm&r=g\",\"contentUrl\":\"https:\/\/secure.gravatar.com\/avatar\/e0a867bdedb85fd243eadf09663511f96fc81e0720a4a42581f334ad4303aa6b?s=96&d=mm&r=g\",\"caption\":\"Reda\u00e7\u00e3o\"}}]}<\/script>\n<!-- \/ Yoast SEO plugin. -->","yoast_head_json":{"title":"Moraes nega conversas com Vorcaro no dia da primeira pris\u00e3o - Notibras","robots":{"index":"index","follow":"follow","max-snippet":"max-snippet:-1","max-image-preview":"max-image-preview:large","max-video-preview":"max-video-preview:-1"},"canonical":"https:\/\/www.notibras.com\/site\/moraes-nega-conversas-com-vorcaro-no-dia-da-primeira-prisao\/","og_locale":"pt_BR","og_type":"article","og_title":"Moraes nega conversas com Vorcaro no dia da primeira pris\u00e3o - Notibras","og_description":"O ministro Alexandre de Moraes, do Supremo Tribunal Federal (STF), nega ter mantido conversas com o banqueiro Daniel Vorcaro, em 17 de novembro do ano passado. A suposta troca de mensagens foi divulgada pelo jornal O Globo, que teve acesso aos prints de mensagens encontradas pela Pol\u00edcia Federal (PF) no celular de Vorcaro, que foi [&hellip;]","og_url":"https:\/\/www.notibras.com\/site\/moraes-nega-conversas-com-vorcaro-no-dia-da-primeira-prisao\/","og_site_name":"Notibras","article_publisher":"https:\/\/www.facebook.com\/notibras\/","article_published_time":"2026-03-07T03:00:41+00:00","article_modified_time":"2026-03-07T10:21:09+00:00","og_image":[{"width":1170,"height":700,"url":"https:\/\/www.notibras.com\/site\/wp-content\/uploads\/2026\/03\/0d7a7436.webp","type":"image\/webp"}],"author":"Reda\u00e7\u00e3o","twitter_card":"summary_large_image","twitter_creator":"@Notibras","twitter_site":"@Notibras","twitter_misc":{"Escrito por":"Reda\u00e7\u00e3o","Est. tempo de leitura":"3 minutos"},"schema":{"@context":"https:\/\/schema.org","@graph":[{"@type":"Article","@id":"https:\/\/www.notibras.com\/site\/moraes-nega-conversas-com-vorcaro-no-dia-da-primeira-prisao\/#article","isPartOf":{"@id":"https:\/\/www.notibras.com\/site\/moraes-nega-conversas-com-vorcaro-no-dia-da-primeira-prisao\/"},"author":{"name":"Reda\u00e7\u00e3o","@id":"https:\/\/www.notibras.com\/site\/#\/schema\/person\/36ab0979449956132d3e5b517ea76ac8"},"headline":"Moraes nega conversas com Vorcaro no dia da primeira pris\u00e3o","datePublished":"2026-03-07T03:00:41+00:00","dateModified":"2026-03-07T10:21:09+00:00","mainEntityOfPage":{"@id":"https:\/\/www.notibras.com\/site\/moraes-nega-conversas-com-vorcaro-no-dia-da-primeira-prisao\/"},"wordCount":490,"publisher":{"@id":"https:\/\/www.notibras.com\/site\/#organization"},"image":{"@id":"https:\/\/www.notibras.com\/site\/moraes-nega-conversas-com-vorcaro-no-dia-da-primeira-prisao\/#primaryimage"},"thumbnailUrl":"https:\/\/www.notibras.com\/site\/wp-content\/uploads\/2026\/03\/0d7a7436.webp","articleSection":["Brasil"],"inLanguage":"pt-BR"},{"@type":"WebPage","@id":"https:\/\/www.notibras.com\/site\/moraes-nega-conversas-com-vorcaro-no-dia-da-primeira-prisao\/","url":"https:\/\/www.notibras.com\/site\/moraes-nega-conversas-com-vorcaro-no-dia-da-primeira-prisao\/","name":"Moraes nega conversas com Vorcaro no dia da primeira pris\u00e3o - Notibras","isPartOf":{"@id":"https:\/\/www.notibras.com\/site\/#website"},"primaryImageOfPage":{"@id":"https:\/\/www.notibras.com\/site\/moraes-nega-conversas-com-vorcaro-no-dia-da-primeira-prisao\/#primaryimage"},"image":{"@id":"https:\/\/www.notibras.com\/site\/moraes-nega-conversas-com-vorcaro-no-dia-da-primeira-prisao\/#primaryimage"},"thumbnailUrl":"https:\/\/www.notibras.com\/site\/wp-content\/uploads\/2026\/03\/0d7a7436.webp","datePublished":"2026-03-07T03:00:41+00:00","dateModified":"2026-03-07T10:21:09+00:00","breadcrumb":{"@id":"https:\/\/www.notibras.com\/site\/moraes-nega-conversas-com-vorcaro-no-dia-da-primeira-prisao\/#breadcrumb"},"inLanguage":"pt-BR","potentialAction":[{"@type":"ReadAction","target":["https:\/\/www.notibras.com\/site\/moraes-nega-conversas-com-vorcaro-no-dia-da-primeira-prisao\/"]}]},{"@type":"ImageObject","inLanguage":"pt-BR","@id":"https:\/\/www.notibras.com\/site\/moraes-nega-conversas-com-vorcaro-no-dia-da-primeira-prisao\/#primaryimage","url":"https:\/\/www.notibras.com\/site\/wp-content\/uploads\/2026\/03\/0d7a7436.webp","contentUrl":"https:\/\/www.notibras.com\/site\/wp-content\/uploads\/2026\/03\/0d7a7436.webp","width":1170,"height":700},{"@type":"BreadcrumbList","@id":"https:\/\/www.notibras.com\/site\/moraes-nega-conversas-com-vorcaro-no-dia-da-primeira-prisao\/#breadcrumb","itemListElement":[{"@type":"ListItem","position":1,"name":"In\u00edcio","item":"https:\/\/www.notibras.com\/site\/"},{"@type":"ListItem","position":2,"name":"Moraes nega conversas com Vorcaro no dia da primeira pris\u00e3o"}]},{"@type":"WebSite","@id":"https:\/\/www.notibras.com\/site\/#website","url":"https:\/\/www.notibras.com\/site\/","name":"Notibras","description":"Not\u00edcias de Bras\u00edlia, do Brasil e do Mundo","publisher":{"@id":"https:\/\/www.notibras.com\/site\/#organization"},"potentialAction":[{"@type":"SearchAction","target":{"@type":"EntryPoint","urlTemplate":"https:\/\/www.notibras.com\/site\/?s={search_term_string}"},"query-input":{"@type":"PropertyValueSpecification","valueRequired":true,"valueName":"search_term_string"}}],"inLanguage":"pt-BR"},{"@type":"Organization","@id":"https:\/\/www.notibras.com\/site\/#organization","name":"Grupo Notibras de Comunica\u00e7\u00e3o","url":"https:\/\/www.notibras.com\/site\/","logo":{"@type":"ImageObject","inLanguage":"pt-BR","@id":"https:\/\/www.notibras.com\/site\/#\/schema\/logo\/image\/","url":"https:\/\/www.notibras.com\/site\/wp-content\/uploads\/2023\/01\/notibras23.png","contentUrl":"https:\/\/www.notibras.com\/site\/wp-content\/uploads\/2023\/01\/notibras23.png","width":350,"height":87,"caption":"Grupo Notibras de Comunica\u00e7\u00e3o"},"image":{"@id":"https:\/\/www.notibras.com\/site\/#\/schema\/logo\/image\/"},"sameAs":["https:\/\/www.facebook.com\/notibras\/","https:\/\/x.com\/Notibras","https:\/\/www.instagram.com\/notibras\/"]},{"@type":"Person","@id":"https:\/\/www.notibras.com\/site\/#\/schema\/person\/36ab0979449956132d3e5b517ea76ac8","name":"Reda\u00e7\u00e3o","image":{"@type":"ImageObject","inLanguage":"pt-BR","@id":"https:\/\/secure.gravatar.com\/avatar\/e0a867bdedb85fd243eadf09663511f96fc81e0720a4a42581f334ad4303aa6b?s=96&d=mm&r=g","url":"https:\/\/secure.gravatar.com\/avatar\/e0a867bdedb85fd243eadf09663511f96fc81e0720a4a42581f334ad4303aa6b?s=96&d=mm&r=g","contentUrl":"https:\/\/secure.gravatar.com\/avatar\/e0a867bdedb85fd243eadf09663511f96fc81e0720a4a42581f334ad4303aa6b?s=96&d=mm&r=g","caption":"Reda\u00e7\u00e3o"}}]}},"amp_enabled":true,"_links":{"self":[{"href":"https:\/\/www.notibras.com\/site\/wp-json\/wp\/v2\/posts\/385946","targetHints":{"allow":["GET"]}}],"collection":[{"href":"https:\/\/www.notibras.com\/site\/wp-json\/wp\/v2\/posts"}],"about":[{"href":"https:\/\/www.notibras.com\/site\/wp-json\/wp\/v2\/types\/post"}],"author":[{"embeddable":true,"href":"https:\/\/www.notibras.com\/site\/wp-json\/wp\/v2\/users\/2"}],"replies":[{"embeddable":true,"href":"https:\/\/www.notibras.com\/site\/wp-json\/wp\/v2\/comments?post=385946"}],"version-history":[{"count":1,"href":"https:\/\/www.notibras.com\/site\/wp-json\/wp\/v2\/posts\/385946\/revisions"}],"predecessor-version":[{"id":385948,"href":"https:\/\/www.notibras.com\/site\/wp-json\/wp\/v2\/posts\/385946\/revisions\/385948"}],"wp:featuredmedia":[{"embeddable":true,"href":"https:\/\/www.notibras.com\/site\/wp-json\/wp\/v2\/media\/385947"}],"wp:attachment":[{"href":"https:\/\/www.notibras.com\/site\/wp-json\/wp\/v2\/media?parent=385946"}],"wp:term":[{"taxonomy":"category","embeddable":true,"href":"https:\/\/www.notibras.com\/site\/wp-json\/wp\/v2\/categories?post=385946"},{"taxonomy":"post_tag","embeddable":true,"href":"https:\/\/www.notibras.com\/site\/wp-json\/wp\/v2\/tags?post=385946"}],"curies":[{"name":"wp","href":"https:\/\/api.w.org\/{rel}","templated":true}]}}