{"id":385952,"date":"2026-03-07T00:00:36","date_gmt":"2026-03-07T03:00:36","guid":{"rendered":"https:\/\/www.notibras.com\/site\/?p=385952"},"modified":"2026-03-07T07:38:18","modified_gmt":"2026-03-07T10:38:18","slug":"mobilizacao-detem-52-mil-por-violencia-contra-a-mulher","status":"publish","type":"post","link":"https:\/\/www.notibras.com\/site\/mobilizacao-detem-52-mil-por-violencia-contra-a-mulher\/","title":{"rendered":"Mobiliza\u00e7\u00e3o det\u00e9m 5,2 mil por viol\u00eancia contra a mulher"},"content":{"rendered":"<p>Mais de cinco mil pessoas suspeitas de crimes relacionados \u00e0 viol\u00eancia contra mulheres e meninas foram presas durante opera\u00e7\u00f5es coordenadas pelo governo federal nas \u00faltimas semanas. A informa\u00e7\u00e3o foi divulgada nesta sexta-feira (6) pelo Minist\u00e9rio da Justi\u00e7a e Seguran\u00e7a P\u00fablica (MJSP).<\/p>\n<p>A mobiliza\u00e7\u00e3o nacional das for\u00e7as de seguran\u00e7a ocorreram durante a Opera\u00e7\u00e3o Mulher Segura, realizada em parceria com as secretarias de Seguran\u00e7a P\u00fablica estaduais, e a Opera\u00e7\u00e3o Alerta Lil\u00e1s, conduzida pela Pol\u00edcia Rodovi\u00e1ria Federal (PRF). Ao todo, 5.238 pessoas foram presas.<\/p>\n<p>A Opera\u00e7\u00e3o Mulher Segura, realizada entre 19 de fevereiro e 5 de mar\u00e7o, efetuou 4.936 pris\u00f5es, sendo 3.199 em flagrante e 1.737 em cumprimento de mandados de pris\u00e3o por descumprimento de Medida Protetiva de Urg\u00eancia (MPU).<\/p>\n<p>J\u00e1 a Opera\u00e7\u00e3o Alerta Lil\u00e1s, realizada pela PRF entre 9 de fevereiro e 5 de mar\u00e7o, resultou em 302 ocorr\u00eancias em todo o territ\u00f3rio nacional, envolvendo flagrantes de crimes de viol\u00eancia contra a mulher e cumprimentos de mandados de pris\u00e3o.<\/p>\n<p>As duas iniciativas fazem parte das a\u00e7\u00f5es do Pacto Nacional de Enfrentamento ao Feminic\u00eddio, que articula Executivo, Legislativo e Judici\u00e1rio para ampliar a preven\u00e7\u00e3o da viol\u00eancia, fortalecer a prote\u00e7\u00e3o \u00e0s v\u00edtimas e garantir a responsabiliza\u00e7\u00e3o de agressores.<\/p>\n<p><strong>Opera\u00e7\u00f5es<\/strong><br \/>\nA Secretaria Nacional de Seguran\u00e7a P\u00fablica (Senasp) do MJSP informou que a Opera\u00e7\u00e3o Mulher Segura contou com a participa\u00e7\u00e3o das for\u00e7as de seguran\u00e7a de 26 unidades da Federa\u00e7\u00e3o, com exce\u00e7\u00e3o do Paran\u00e1, que j\u00e1 realizava opera\u00e7\u00e3o semelhante no mesmo per\u00edodo.<\/p>\n<p>\u201cDurante 15 dias, a opera\u00e7\u00e3o mobilizou 38.564 agentes de seguran\u00e7a, com apoio de 14.796 viaturas, em 2.050 munic\u00edpios brasileiros. Foram realizadas 42.339 dilig\u00eancias, com 18.002 medidas protetivas de urg\u00eancia acompanhadas e 24.337 v\u00edtimas atendidas\u201d, disse a pasta.<\/p>\n<p>No campo da preven\u00e7\u00e3o, foram promovidas 1.802 campanhas de conscientiza\u00e7\u00e3o, que alcan\u00e7aram 2,2 milh\u00f5es de pessoas, refor\u00e7ando a\u00e7\u00f5es educativas voltadas ao enfrentamento da viol\u00eancia de g\u00eanero.<\/p>\n<p>A Opera\u00e7\u00e3o Alerta Lil\u00e1s, considerada a maior a\u00e7\u00e3o da hist\u00f3ria da institui\u00e7\u00e3o voltada \u00e0 prote\u00e7\u00e3o de mulheres, intensificou a\u00e7\u00f5es de intelig\u00eancia e fiscaliza\u00e7\u00e3o para localizar e prender agressores procurados pela Justi\u00e7a nas 27 unidades da Federa\u00e7\u00e3o.<\/p>\n<p>\u201cO resultado foi a pris\u00e3o de 302 pessoas em flagrante ou em cumprimento de mandados relacionados a crimes de viol\u00eancia contra mulheres, refor\u00e7ando o enfrentamento qualificado \u00e0 viol\u00eancia de g\u00eanero em \u00e2mbito nacional\u201d, disse o minist\u00e9rio.<\/p>\n<p><strong>Enfrentamento ao feminic\u00eddio<\/strong><br \/>\nAs opera\u00e7\u00f5es fazem parte do plano de trabalho do pacto de enfrentamento ao feminic\u00eddio, cuja finalidade \u00e9 organizar, integrar e consolidar as a\u00e7\u00f5es priorit\u00e1rias, previstas no compromisso firmado em 4 de fevereiro de 2026 pelos Poderes Executivo, Legislativo e Judici\u00e1rio para o enfrentamento ao feminic\u00eddio.<\/p>\n<p>Entre as medidas previstas est\u00e1 a realiza\u00e7\u00e3o de mutir\u00f5es nacionais para cumprimento de mandados de pris\u00e3o de agressores, al\u00e9m do fortalecimento da rede de acolhimento e atendimento \u00e0s v\u00edtimas.<\/p>\n<p>Al\u00e9m disso, o plano tamb\u00e9m prev\u00ea a\u00e7\u00f5es para acelerar a concess\u00e3o e o monitoramento de medidas protetivas de urg\u00eancia, ampliar a integra\u00e7\u00e3o entre \u00f3rg\u00e3os de seguran\u00e7a e justi\u00e7a e promover iniciativas educativas voltadas \u00e0 preven\u00e7\u00e3o da viol\u00eancia de g\u00eanero.<\/p>\n<p>Tamb\u00e9m est\u00e3o previstas a cria\u00e7\u00e3o de um Centro Integrado Mulher Segura para monitoramento de dados, a implanta\u00e7\u00e3o de unidades m\u00f3veis de atendimento a mulheres em situa\u00e7\u00e3o de viol\u00eancia e a amplia\u00e7\u00e3o da rede de acolhimento.<\/p>\n","protected":false},"excerpt":{"rendered":"<p>Mais de cinco mil pessoas suspeitas de crimes relacionados \u00e0 viol\u00eancia contra mulheres e meninas foram presas durante opera\u00e7\u00f5es coordenadas pelo governo federal nas \u00faltimas semanas. A informa\u00e7\u00e3o foi divulgada nesta sexta-feira (6) pelo Minist\u00e9rio da Justi\u00e7a e Seguran\u00e7a P\u00fablica (MJSP). A mobiliza\u00e7\u00e3o nacional das for\u00e7as de seguran\u00e7a ocorreram durante a Opera\u00e7\u00e3o Mulher Segura, realizada [&hellip;]<\/p>\n","protected":false},"author":2,"featured_media":385953,"comment_status":"closed","ping_status":"closed","sticky":false,"template":"","format":"standard","meta":{"_acf_changed":false,"footnotes":""},"categories":[16],"tags":[],"class_list":["post-385952","post","type-post","status-publish","format-standard","has-post-thumbnail","hentry","category-brasil"],"acf":[],"yoast_head":"<!-- This site is optimized with the Yoast SEO plugin v27.2 - https:\/\/yoast.com\/product\/yoast-seo-wordpress\/ -->\n<title>Mobiliza\u00e7\u00e3o det\u00e9m 5,2 mil por viol\u00eancia contra a mulher - Notibras<\/title>\n<meta name=\"robots\" content=\"index, follow, max-snippet:-1, max-image-preview:large, max-video-preview:-1\" \/>\n<link rel=\"canonical\" href=\"https:\/\/www.notibras.com\/site\/mobilizacao-detem-52-mil-por-violencia-contra-a-mulher\/\" \/>\n<meta property=\"og:locale\" content=\"pt_BR\" \/>\n<meta property=\"og:type\" content=\"article\" \/>\n<meta property=\"og:title\" content=\"Mobiliza\u00e7\u00e3o det\u00e9m 5,2 mil por viol\u00eancia contra a mulher - Notibras\" \/>\n<meta property=\"og:description\" content=\"Mais de cinco mil pessoas suspeitas de crimes relacionados \u00e0 viol\u00eancia contra mulheres e meninas foram presas durante opera\u00e7\u00f5es coordenadas pelo governo federal nas \u00faltimas semanas. A informa\u00e7\u00e3o foi divulgada nesta sexta-feira (6) pelo Minist\u00e9rio da Justi\u00e7a e Seguran\u00e7a P\u00fablica (MJSP). A mobiliza\u00e7\u00e3o nacional das for\u00e7as de seguran\u00e7a ocorreram durante a Opera\u00e7\u00e3o Mulher Segura, realizada [&hellip;]\" \/>\n<meta property=\"og:url\" content=\"https:\/\/www.notibras.com\/site\/mobilizacao-detem-52-mil-por-violencia-contra-a-mulher\/\" \/>\n<meta property=\"og:site_name\" content=\"Notibras\" \/>\n<meta property=\"article:publisher\" content=\"https:\/\/www.facebook.com\/notibras\/\" \/>\n<meta property=\"article:published_time\" content=\"2026-03-07T03:00:36+00:00\" \/>\n<meta property=\"article:modified_time\" content=\"2026-03-07T10:38:18+00:00\" \/>\n<meta property=\"og:image\" content=\"https:\/\/www.notibras.com\/site\/wp-content\/uploads\/2026\/03\/04085602_590924_gdo.jpg\" \/>\n\t<meta property=\"og:image:width\" content=\"1170\" \/>\n\t<meta property=\"og:image:height\" content=\"700\" \/>\n\t<meta property=\"og:image:type\" content=\"image\/jpeg\" \/>\n<meta name=\"author\" content=\"Reda\u00e7\u00e3o\" \/>\n<meta name=\"twitter:card\" content=\"summary_large_image\" \/>\n<meta name=\"twitter:creator\" content=\"@Notibras\" \/>\n<meta name=\"twitter:site\" content=\"@Notibras\" \/>\n<meta name=\"twitter:label1\" content=\"Escrito por\" \/>\n\t<meta name=\"twitter:data1\" content=\"Reda\u00e7\u00e3o\" \/>\n\t<meta name=\"twitter:label2\" content=\"Est. tempo de leitura\" \/>\n\t<meta name=\"twitter:data2\" content=\"4 minutos\" \/>\n<script type=\"application\/ld+json\" class=\"yoast-schema-graph\">{\"@context\":\"https:\/\/schema.org\",\"@graph\":[{\"@type\":\"Article\",\"@id\":\"https:\/\/www.notibras.com\/site\/mobilizacao-detem-52-mil-por-violencia-contra-a-mulher\/#article\",\"isPartOf\":{\"@id\":\"https:\/\/www.notibras.com\/site\/mobilizacao-detem-52-mil-por-violencia-contra-a-mulher\/\"},\"author\":{\"name\":\"Reda\u00e7\u00e3o\",\"@id\":\"https:\/\/www.notibras.com\/site\/#\/schema\/person\/36ab0979449956132d3e5b517ea76ac8\"},\"headline\":\"Mobiliza\u00e7\u00e3o det\u00e9m 5,2 mil por viol\u00eancia contra a mulher\",\"datePublished\":\"2026-03-07T03:00:36+00:00\",\"dateModified\":\"2026-03-07T10:38:18+00:00\",\"mainEntityOfPage\":{\"@id\":\"https:\/\/www.notibras.com\/site\/mobilizacao-detem-52-mil-por-violencia-contra-a-mulher\/\"},\"wordCount\":614,\"publisher\":{\"@id\":\"https:\/\/www.notibras.com\/site\/#organization\"},\"image\":{\"@id\":\"https:\/\/www.notibras.com\/site\/mobilizacao-detem-52-mil-por-violencia-contra-a-mulher\/#primaryimage\"},\"thumbnailUrl\":\"https:\/\/www.notibras.com\/site\/wp-content\/uploads\/2026\/03\/04085602_590924_gdo.jpg\",\"articleSection\":[\"Brasil\"],\"inLanguage\":\"pt-BR\"},{\"@type\":\"WebPage\",\"@id\":\"https:\/\/www.notibras.com\/site\/mobilizacao-detem-52-mil-por-violencia-contra-a-mulher\/\",\"url\":\"https:\/\/www.notibras.com\/site\/mobilizacao-detem-52-mil-por-violencia-contra-a-mulher\/\",\"name\":\"Mobiliza\u00e7\u00e3o det\u00e9m 5,2 mil por viol\u00eancia contra a mulher - Notibras\",\"isPartOf\":{\"@id\":\"https:\/\/www.notibras.com\/site\/#website\"},\"primaryImageOfPage\":{\"@id\":\"https:\/\/www.notibras.com\/site\/mobilizacao-detem-52-mil-por-violencia-contra-a-mulher\/#primaryimage\"},\"image\":{\"@id\":\"https:\/\/www.notibras.com\/site\/mobilizacao-detem-52-mil-por-violencia-contra-a-mulher\/#primaryimage\"},\"thumbnailUrl\":\"https:\/\/www.notibras.com\/site\/wp-content\/uploads\/2026\/03\/04085602_590924_gdo.jpg\",\"datePublished\":\"2026-03-07T03:00:36+00:00\",\"dateModified\":\"2026-03-07T10:38:18+00:00\",\"breadcrumb\":{\"@id\":\"https:\/\/www.notibras.com\/site\/mobilizacao-detem-52-mil-por-violencia-contra-a-mulher\/#breadcrumb\"},\"inLanguage\":\"pt-BR\",\"potentialAction\":[{\"@type\":\"ReadAction\",\"target\":[\"https:\/\/www.notibras.com\/site\/mobilizacao-detem-52-mil-por-violencia-contra-a-mulher\/\"]}]},{\"@type\":\"ImageObject\",\"inLanguage\":\"pt-BR\",\"@id\":\"https:\/\/www.notibras.com\/site\/mobilizacao-detem-52-mil-por-violencia-contra-a-mulher\/#primaryimage\",\"url\":\"https:\/\/www.notibras.com\/site\/wp-content\/uploads\/2026\/03\/04085602_590924_gdo.jpg\",\"contentUrl\":\"https:\/\/www.notibras.com\/site\/wp-content\/uploads\/2026\/03\/04085602_590924_gdo.jpg\",\"width\":1170,\"height\":700},{\"@type\":\"BreadcrumbList\",\"@id\":\"https:\/\/www.notibras.com\/site\/mobilizacao-detem-52-mil-por-violencia-contra-a-mulher\/#breadcrumb\",\"itemListElement\":[{\"@type\":\"ListItem\",\"position\":1,\"name\":\"In\u00edcio\",\"item\":\"https:\/\/www.notibras.com\/site\/\"},{\"@type\":\"ListItem\",\"position\":2,\"name\":\"Mobiliza\u00e7\u00e3o det\u00e9m 5,2 mil por viol\u00eancia contra a mulher\"}]},{\"@type\":\"WebSite\",\"@id\":\"https:\/\/www.notibras.com\/site\/#website\",\"url\":\"https:\/\/www.notibras.com\/site\/\",\"name\":\"Notibras\",\"description\":\"Not\u00edcias de Bras\u00edlia, do Brasil e do Mundo\",\"publisher\":{\"@id\":\"https:\/\/www.notibras.com\/site\/#organization\"},\"potentialAction\":[{\"@type\":\"SearchAction\",\"target\":{\"@type\":\"EntryPoint\",\"urlTemplate\":\"https:\/\/www.notibras.com\/site\/?s={search_term_string}\"},\"query-input\":{\"@type\":\"PropertyValueSpecification\",\"valueRequired\":true,\"valueName\":\"search_term_string\"}}],\"inLanguage\":\"pt-BR\"},{\"@type\":\"Organization\",\"@id\":\"https:\/\/www.notibras.com\/site\/#organization\",\"name\":\"Grupo Notibras de Comunica\u00e7\u00e3o\",\"url\":\"https:\/\/www.notibras.com\/site\/\",\"logo\":{\"@type\":\"ImageObject\",\"inLanguage\":\"pt-BR\",\"@id\":\"https:\/\/www.notibras.com\/site\/#\/schema\/logo\/image\/\",\"url\":\"https:\/\/www.notibras.com\/site\/wp-content\/uploads\/2023\/01\/notibras23.png\",\"contentUrl\":\"https:\/\/www.notibras.com\/site\/wp-content\/uploads\/2023\/01\/notibras23.png\",\"width\":350,\"height\":87,\"caption\":\"Grupo Notibras de Comunica\u00e7\u00e3o\"},\"image\":{\"@id\":\"https:\/\/www.notibras.com\/site\/#\/schema\/logo\/image\/\"},\"sameAs\":[\"https:\/\/www.facebook.com\/notibras\/\",\"https:\/\/x.com\/Notibras\",\"https:\/\/www.instagram.com\/notibras\/\"]},{\"@type\":\"Person\",\"@id\":\"https:\/\/www.notibras.com\/site\/#\/schema\/person\/36ab0979449956132d3e5b517ea76ac8\",\"name\":\"Reda\u00e7\u00e3o\",\"image\":{\"@type\":\"ImageObject\",\"inLanguage\":\"pt-BR\",\"@id\":\"https:\/\/secure.gravatar.com\/avatar\/e0a867bdedb85fd243eadf09663511f96fc81e0720a4a42581f334ad4303aa6b?s=96&d=mm&r=g\",\"url\":\"https:\/\/secure.gravatar.com\/avatar\/e0a867bdedb85fd243eadf09663511f96fc81e0720a4a42581f334ad4303aa6b?s=96&d=mm&r=g\",\"contentUrl\":\"https:\/\/secure.gravatar.com\/avatar\/e0a867bdedb85fd243eadf09663511f96fc81e0720a4a42581f334ad4303aa6b?s=96&d=mm&r=g\",\"caption\":\"Reda\u00e7\u00e3o\"}}]}<\/script>\n<!-- \/ Yoast SEO plugin. -->","yoast_head_json":{"title":"Mobiliza\u00e7\u00e3o det\u00e9m 5,2 mil por viol\u00eancia contra a mulher - Notibras","robots":{"index":"index","follow":"follow","max-snippet":"max-snippet:-1","max-image-preview":"max-image-preview:large","max-video-preview":"max-video-preview:-1"},"canonical":"https:\/\/www.notibras.com\/site\/mobilizacao-detem-52-mil-por-violencia-contra-a-mulher\/","og_locale":"pt_BR","og_type":"article","og_title":"Mobiliza\u00e7\u00e3o det\u00e9m 5,2 mil por viol\u00eancia contra a mulher - Notibras","og_description":"Mais de cinco mil pessoas suspeitas de crimes relacionados \u00e0 viol\u00eancia contra mulheres e meninas foram presas durante opera\u00e7\u00f5es coordenadas pelo governo federal nas \u00faltimas semanas. A informa\u00e7\u00e3o foi divulgada nesta sexta-feira (6) pelo Minist\u00e9rio da Justi\u00e7a e Seguran\u00e7a P\u00fablica (MJSP). A mobiliza\u00e7\u00e3o nacional das for\u00e7as de seguran\u00e7a ocorreram durante a Opera\u00e7\u00e3o Mulher Segura, realizada [&hellip;]","og_url":"https:\/\/www.notibras.com\/site\/mobilizacao-detem-52-mil-por-violencia-contra-a-mulher\/","og_site_name":"Notibras","article_publisher":"https:\/\/www.facebook.com\/notibras\/","article_published_time":"2026-03-07T03:00:36+00:00","article_modified_time":"2026-03-07T10:38:18+00:00","og_image":[{"width":1170,"height":700,"url":"https:\/\/www.notibras.com\/site\/wp-content\/uploads\/2026\/03\/04085602_590924_gdo.jpg","type":"image\/jpeg"}],"author":"Reda\u00e7\u00e3o","twitter_card":"summary_large_image","twitter_creator":"@Notibras","twitter_site":"@Notibras","twitter_misc":{"Escrito por":"Reda\u00e7\u00e3o","Est. tempo de leitura":"4 minutos"},"schema":{"@context":"https:\/\/schema.org","@graph":[{"@type":"Article","@id":"https:\/\/www.notibras.com\/site\/mobilizacao-detem-52-mil-por-violencia-contra-a-mulher\/#article","isPartOf":{"@id":"https:\/\/www.notibras.com\/site\/mobilizacao-detem-52-mil-por-violencia-contra-a-mulher\/"},"author":{"name":"Reda\u00e7\u00e3o","@id":"https:\/\/www.notibras.com\/site\/#\/schema\/person\/36ab0979449956132d3e5b517ea76ac8"},"headline":"Mobiliza\u00e7\u00e3o det\u00e9m 5,2 mil por viol\u00eancia contra a mulher","datePublished":"2026-03-07T03:00:36+00:00","dateModified":"2026-03-07T10:38:18+00:00","mainEntityOfPage":{"@id":"https:\/\/www.notibras.com\/site\/mobilizacao-detem-52-mil-por-violencia-contra-a-mulher\/"},"wordCount":614,"publisher":{"@id":"https:\/\/www.notibras.com\/site\/#organization"},"image":{"@id":"https:\/\/www.notibras.com\/site\/mobilizacao-detem-52-mil-por-violencia-contra-a-mulher\/#primaryimage"},"thumbnailUrl":"https:\/\/www.notibras.com\/site\/wp-content\/uploads\/2026\/03\/04085602_590924_gdo.jpg","articleSection":["Brasil"],"inLanguage":"pt-BR"},{"@type":"WebPage","@id":"https:\/\/www.notibras.com\/site\/mobilizacao-detem-52-mil-por-violencia-contra-a-mulher\/","url":"https:\/\/www.notibras.com\/site\/mobilizacao-detem-52-mil-por-violencia-contra-a-mulher\/","name":"Mobiliza\u00e7\u00e3o det\u00e9m 5,2 mil por viol\u00eancia contra a mulher - Notibras","isPartOf":{"@id":"https:\/\/www.notibras.com\/site\/#website"},"primaryImageOfPage":{"@id":"https:\/\/www.notibras.com\/site\/mobilizacao-detem-52-mil-por-violencia-contra-a-mulher\/#primaryimage"},"image":{"@id":"https:\/\/www.notibras.com\/site\/mobilizacao-detem-52-mil-por-violencia-contra-a-mulher\/#primaryimage"},"thumbnailUrl":"https:\/\/www.notibras.com\/site\/wp-content\/uploads\/2026\/03\/04085602_590924_gdo.jpg","datePublished":"2026-03-07T03:00:36+00:00","dateModified":"2026-03-07T10:38:18+00:00","breadcrumb":{"@id":"https:\/\/www.notibras.com\/site\/mobilizacao-detem-52-mil-por-violencia-contra-a-mulher\/#breadcrumb"},"inLanguage":"pt-BR","potentialAction":[{"@type":"ReadAction","target":["https:\/\/www.notibras.com\/site\/mobilizacao-detem-52-mil-por-violencia-contra-a-mulher\/"]}]},{"@type":"ImageObject","inLanguage":"pt-BR","@id":"https:\/\/www.notibras.com\/site\/mobilizacao-detem-52-mil-por-violencia-contra-a-mulher\/#primaryimage","url":"https:\/\/www.notibras.com\/site\/wp-content\/uploads\/2026\/03\/04085602_590924_gdo.jpg","contentUrl":"https:\/\/www.notibras.com\/site\/wp-content\/uploads\/2026\/03\/04085602_590924_gdo.jpg","width":1170,"height":700},{"@type":"BreadcrumbList","@id":"https:\/\/www.notibras.com\/site\/mobilizacao-detem-52-mil-por-violencia-contra-a-mulher\/#breadcrumb","itemListElement":[{"@type":"ListItem","position":1,"name":"In\u00edcio","item":"https:\/\/www.notibras.com\/site\/"},{"@type":"ListItem","position":2,"name":"Mobiliza\u00e7\u00e3o det\u00e9m 5,2 mil por viol\u00eancia contra a mulher"}]},{"@type":"WebSite","@id":"https:\/\/www.notibras.com\/site\/#website","url":"https:\/\/www.notibras.com\/site\/","name":"Notibras","description":"Not\u00edcias de Bras\u00edlia, do Brasil e do Mundo","publisher":{"@id":"https:\/\/www.notibras.com\/site\/#organization"},"potentialAction":[{"@type":"SearchAction","target":{"@type":"EntryPoint","urlTemplate":"https:\/\/www.notibras.com\/site\/?s={search_term_string}"},"query-input":{"@type":"PropertyValueSpecification","valueRequired":true,"valueName":"search_term_string"}}],"inLanguage":"pt-BR"},{"@type":"Organization","@id":"https:\/\/www.notibras.com\/site\/#organization","name":"Grupo Notibras de Comunica\u00e7\u00e3o","url":"https:\/\/www.notibras.com\/site\/","logo":{"@type":"ImageObject","inLanguage":"pt-BR","@id":"https:\/\/www.notibras.com\/site\/#\/schema\/logo\/image\/","url":"https:\/\/www.notibras.com\/site\/wp-content\/uploads\/2023\/01\/notibras23.png","contentUrl":"https:\/\/www.notibras.com\/site\/wp-content\/uploads\/2023\/01\/notibras23.png","width":350,"height":87,"caption":"Grupo Notibras de Comunica\u00e7\u00e3o"},"image":{"@id":"https:\/\/www.notibras.com\/site\/#\/schema\/logo\/image\/"},"sameAs":["https:\/\/www.facebook.com\/notibras\/","https:\/\/x.com\/Notibras","https:\/\/www.instagram.com\/notibras\/"]},{"@type":"Person","@id":"https:\/\/www.notibras.com\/site\/#\/schema\/person\/36ab0979449956132d3e5b517ea76ac8","name":"Reda\u00e7\u00e3o","image":{"@type":"ImageObject","inLanguage":"pt-BR","@id":"https:\/\/secure.gravatar.com\/avatar\/e0a867bdedb85fd243eadf09663511f96fc81e0720a4a42581f334ad4303aa6b?s=96&d=mm&r=g","url":"https:\/\/secure.gravatar.com\/avatar\/e0a867bdedb85fd243eadf09663511f96fc81e0720a4a42581f334ad4303aa6b?s=96&d=mm&r=g","contentUrl":"https:\/\/secure.gravatar.com\/avatar\/e0a867bdedb85fd243eadf09663511f96fc81e0720a4a42581f334ad4303aa6b?s=96&d=mm&r=g","caption":"Reda\u00e7\u00e3o"}}]}},"amp_enabled":true,"_links":{"self":[{"href":"https:\/\/www.notibras.com\/site\/wp-json\/wp\/v2\/posts\/385952","targetHints":{"allow":["GET"]}}],"collection":[{"href":"https:\/\/www.notibras.com\/site\/wp-json\/wp\/v2\/posts"}],"about":[{"href":"https:\/\/www.notibras.com\/site\/wp-json\/wp\/v2\/types\/post"}],"author":[{"embeddable":true,"href":"https:\/\/www.notibras.com\/site\/wp-json\/wp\/v2\/users\/2"}],"replies":[{"embeddable":true,"href":"https:\/\/www.notibras.com\/site\/wp-json\/wp\/v2\/comments?post=385952"}],"version-history":[{"count":1,"href":"https:\/\/www.notibras.com\/site\/wp-json\/wp\/v2\/posts\/385952\/revisions"}],"predecessor-version":[{"id":385954,"href":"https:\/\/www.notibras.com\/site\/wp-json\/wp\/v2\/posts\/385952\/revisions\/385954"}],"wp:featuredmedia":[{"embeddable":true,"href":"https:\/\/www.notibras.com\/site\/wp-json\/wp\/v2\/media\/385953"}],"wp:attachment":[{"href":"https:\/\/www.notibras.com\/site\/wp-json\/wp\/v2\/media?parent=385952"}],"wp:term":[{"taxonomy":"category","embeddable":true,"href":"https:\/\/www.notibras.com\/site\/wp-json\/wp\/v2\/categories?post=385952"},{"taxonomy":"post_tag","embeddable":true,"href":"https:\/\/www.notibras.com\/site\/wp-json\/wp\/v2\/tags?post=385952"}],"curies":[{"name":"wp","href":"https:\/\/api.w.org\/{rel}","templated":true}]}}