{"id":385958,"date":"2026-03-07T00:00:24","date_gmt":"2026-03-07T03:00:24","guid":{"rendered":"https:\/\/www.notibras.com\/site\/?p=385958"},"modified":"2026-03-07T07:45:53","modified_gmt":"2026-03-07T10:45:53","slug":"diesel-pode-ter-mais-biodiesel-para-conter-alta-de-precos","status":"publish","type":"post","link":"https:\/\/www.notibras.com\/site\/diesel-pode-ter-mais-biodiesel-para-conter-alta-de-precos\/","title":{"rendered":"Diesel pode ter mais biodiesel para conter alta de pre\u00e7os"},"content":{"rendered":"<p>A Confedera\u00e7\u00e3o da Agricultura e Pecu\u00e1ria do Brasil (CNA) pediu ao governo federal o aumento da mistura obrigat\u00f3ria de biodiesel ao \u00f3leo diesel no pa\u00eds de 15% para 17%. A entidade afirma que a medida ajudaria a reduzir impactos da alta do petr\u00f3leo provocada pela escalada do conflito no Oriente M\u00e9dio.<\/p>\n<p>O pedido foi encaminhado ao ministro de Minas e Energia, Alexandre Silveira, em of\u00edcio assinado pelo presidente da CNA, Jo\u00e3o Martins da Silva.<\/p>\n<p>Atualmente, o diesel vendido no Brasil j\u00e1 cont\u00e9m uma parcela obrigat\u00f3ria de biodiesel \u2014 combust\u00edvel renov\u00e1vel produzido principalmente a partir de \u00f3leo de soja e outras mat\u00e9rias-primas vegetais. Esse percentual m\u00ednimo \u00e9 definido pelo Conselho Nacional de Pol\u00edtica Energ\u00e9tica (CNPE) e hoje est\u00e1 fixado em 15%, pr\u00e1tica conhecida no setor como B15.<\/p>\n<p>Com o aumento defendido pela CNA, a mistura passaria para B17, ou seja, 17% de biodiesel e 83% de diesel de origem f\u00f3ssil. O conselho tem reuni\u00e3o prevista para a pr\u00f3xima semana, quando o tema poder\u00e1 ser discutido. Caso aprovado, o aumento da mistura passaria a valer para todo o diesel comercializado no Brasil.<\/p>\n<p><strong>Preocupa\u00e7\u00f5es<\/strong><br \/>\nSegundo a entidade, o aumento da tens\u00e3o no Oriente M\u00e9dio tem pressionado os pre\u00e7os internacionais do petr\u00f3leo, o que tende a elevar o valor do diesel no Brasil. O barril do petr\u00f3leo tipo Brent, usado nas negocia\u00e7\u00f5es internacionais, chegou a US$ 84, acumulando alta de cerca de 20% desde o fim de fevereiro.<\/p>\n<p>Em carta ao governo, a CNA argumenta que conflitos internacionais costumam provocar efeitos diretos no pre\u00e7o dos combust\u00edveis.<\/p>\n<p>A entidade cita como exemplo o per\u00edodo anterior \u00e0 invas\u00e3o da Ucr\u00e2nia pela R\u00fassia, em 2022, quando o petr\u00f3leo subiu cerca de 40% no primeiro semestre, com reflexos de altas de aproximadamente 21% no pre\u00e7o do diesel nas distribuidoras e de 23% na revenda.<\/p>\n<p>Para a confedera\u00e7\u00e3o, ampliar a participa\u00e7\u00e3o do biodiesel no combust\u00edvel pode ajudar a reduzir a depend\u00eancia do petr\u00f3leo importado e limitar press\u00f5es sobre os custos de transporte no pa\u00eds.<\/p>\n<p>\u201cEm antecipa\u00e7\u00e3o aos eventuais impactos \u00e0 popula\u00e7\u00e3o brasileira, o avan\u00e7o da mistura de biodiesel representa medida importante e sustent\u00e1vel para ampliar a oferta de combust\u00edvel no mercado dom\u00e9stico, reduzir press\u00f5es sobre os custos log\u00edsticos e fortalecer a seguran\u00e7a energ\u00e9tica nacional\u201d, afirmou Jo\u00e3o Martins no documento enviado ao minist\u00e9rio.<\/p>\n<p><strong>Impacto no agroneg\u00f3cio<\/strong><br \/>\nAtualmente, o pre\u00e7o do diesel representa a principal preocupa\u00e7\u00e3o do setor produtivo, especialmente durante o per\u00edodo de colheita da primeira safra e prepara\u00e7\u00e3o do plantio da segunda safra.<\/p>\n<p>Produtores relatam eleva\u00e7\u00e3o de at\u00e9 R$ 1 no pre\u00e7o do combust\u00edvel nos postos. Com o aumento para 17% na mistura de biodiesel no diesel, avalia a CNA, os postos e as distribuidoras conseguem evitar repasses maiores aos consumidores e poss\u00edveis abusos de pre\u00e7os.<\/p>\n<p><strong>Mat\u00e9ria-prima<\/strong><br \/>\nDo lado da produ\u00e7\u00e3o, a CNA afirma que o Brasil tem condi\u00e7\u00f5es de ampliar rapidamente o uso de biodiesel porque a safra de soja, principal insumo do combust\u00edvel, est\u00e1 em andamento e deve ser recorde neste ano.<\/p>\n<p>Com grande disponibilidade de mat\u00e9ria-prima e pre\u00e7os da soja mais baixos em rela\u00e7\u00e3o aos n\u00edveis registrados durante a pandemia de Covid-19, a entidade avalia que o biocombust\u00edvel pode permanecer competitivo.<\/p>\n<p>A CNA tamb\u00e9m lembrou que a mistura de 16% (B16) estava prevista para entrar em vigor em 1\u00ba de mar\u00e7o, conforme o cronograma da pol\u00edtica de biocombust\u00edveis, mas ainda n\u00e3o foi implementada.<\/p>\n","protected":false},"excerpt":{"rendered":"<p>A Confedera\u00e7\u00e3o da Agricultura e Pecu\u00e1ria do Brasil (CNA) pediu ao governo federal o aumento da mistura obrigat\u00f3ria de biodiesel ao \u00f3leo diesel no pa\u00eds de 15% para 17%. A entidade afirma que a medida ajudaria a reduzir impactos da alta do petr\u00f3leo provocada pela escalada do conflito no Oriente M\u00e9dio. O pedido foi encaminhado [&hellip;]<\/p>\n","protected":false},"author":2,"featured_media":385959,"comment_status":"closed","ping_status":"closed","sticky":false,"template":"","format":"standard","meta":{"_acf_changed":false,"footnotes":""},"categories":[16],"tags":[],"class_list":["post-385958","post","type-post","status-publish","format-standard","has-post-thumbnail","hentry","category-brasil"],"acf":[],"yoast_head":"<!-- This site is optimized with the Yoast SEO plugin v27.2 - https:\/\/yoast.com\/product\/yoast-seo-wordpress\/ -->\n<title>Diesel pode ter mais biodiesel para conter alta de pre\u00e7os - Notibras<\/title>\n<meta name=\"robots\" content=\"index, follow, max-snippet:-1, max-image-preview:large, max-video-preview:-1\" \/>\n<link rel=\"canonical\" href=\"https:\/\/www.notibras.com\/site\/diesel-pode-ter-mais-biodiesel-para-conter-alta-de-precos\/\" \/>\n<meta property=\"og:locale\" content=\"pt_BR\" \/>\n<meta property=\"og:type\" content=\"article\" \/>\n<meta property=\"og:title\" content=\"Diesel pode ter mais biodiesel para conter alta de pre\u00e7os - Notibras\" \/>\n<meta property=\"og:description\" content=\"A Confedera\u00e7\u00e3o da Agricultura e Pecu\u00e1ria do Brasil (CNA) pediu ao governo federal o aumento da mistura obrigat\u00f3ria de biodiesel ao \u00f3leo diesel no pa\u00eds de 15% para 17%. A entidade afirma que a medida ajudaria a reduzir impactos da alta do petr\u00f3leo provocada pela escalada do conflito no Oriente M\u00e9dio. O pedido foi encaminhado [&hellip;]\" \/>\n<meta property=\"og:url\" content=\"https:\/\/www.notibras.com\/site\/diesel-pode-ter-mais-biodiesel-para-conter-alta-de-precos\/\" \/>\n<meta property=\"og:site_name\" content=\"Notibras\" \/>\n<meta property=\"article:publisher\" content=\"https:\/\/www.facebook.com\/notibras\/\" \/>\n<meta property=\"article:published_time\" content=\"2026-03-07T03:00:24+00:00\" \/>\n<meta property=\"article:modified_time\" content=\"2026-03-07T10:45:53+00:00\" \/>\n<meta property=\"og:image\" content=\"https:\/\/www.notibras.com\/site\/wp-content\/uploads\/2026\/03\/biodiesel.webp\" \/>\n\t<meta property=\"og:image:width\" content=\"1170\" \/>\n\t<meta property=\"og:image:height\" content=\"700\" \/>\n\t<meta property=\"og:image:type\" content=\"image\/webp\" \/>\n<meta name=\"author\" content=\"Reda\u00e7\u00e3o\" \/>\n<meta name=\"twitter:card\" content=\"summary_large_image\" \/>\n<meta name=\"twitter:creator\" content=\"@Notibras\" \/>\n<meta name=\"twitter:site\" content=\"@Notibras\" \/>\n<meta name=\"twitter:label1\" content=\"Escrito por\" \/>\n\t<meta name=\"twitter:data1\" content=\"Reda\u00e7\u00e3o\" \/>\n\t<meta name=\"twitter:label2\" content=\"Est. tempo de leitura\" \/>\n\t<meta name=\"twitter:data2\" content=\"4 minutos\" \/>\n<script type=\"application\/ld+json\" class=\"yoast-schema-graph\">{\"@context\":\"https:\/\/schema.org\",\"@graph\":[{\"@type\":\"Article\",\"@id\":\"https:\/\/www.notibras.com\/site\/diesel-pode-ter-mais-biodiesel-para-conter-alta-de-precos\/#article\",\"isPartOf\":{\"@id\":\"https:\/\/www.notibras.com\/site\/diesel-pode-ter-mais-biodiesel-para-conter-alta-de-precos\/\"},\"author\":{\"name\":\"Reda\u00e7\u00e3o\",\"@id\":\"https:\/\/www.notibras.com\/site\/#\/schema\/person\/36ab0979449956132d3e5b517ea76ac8\"},\"headline\":\"Diesel pode ter mais biodiesel para conter alta de pre\u00e7os\",\"datePublished\":\"2026-03-07T03:00:24+00:00\",\"dateModified\":\"2026-03-07T10:45:53+00:00\",\"mainEntityOfPage\":{\"@id\":\"https:\/\/www.notibras.com\/site\/diesel-pode-ter-mais-biodiesel-para-conter-alta-de-precos\/\"},\"wordCount\":617,\"publisher\":{\"@id\":\"https:\/\/www.notibras.com\/site\/#organization\"},\"image\":{\"@id\":\"https:\/\/www.notibras.com\/site\/diesel-pode-ter-mais-biodiesel-para-conter-alta-de-precos\/#primaryimage\"},\"thumbnailUrl\":\"https:\/\/www.notibras.com\/site\/wp-content\/uploads\/2026\/03\/biodiesel.webp\",\"articleSection\":[\"Brasil\"],\"inLanguage\":\"pt-BR\"},{\"@type\":\"WebPage\",\"@id\":\"https:\/\/www.notibras.com\/site\/diesel-pode-ter-mais-biodiesel-para-conter-alta-de-precos\/\",\"url\":\"https:\/\/www.notibras.com\/site\/diesel-pode-ter-mais-biodiesel-para-conter-alta-de-precos\/\",\"name\":\"Diesel pode ter mais biodiesel para conter alta de pre\u00e7os - Notibras\",\"isPartOf\":{\"@id\":\"https:\/\/www.notibras.com\/site\/#website\"},\"primaryImageOfPage\":{\"@id\":\"https:\/\/www.notibras.com\/site\/diesel-pode-ter-mais-biodiesel-para-conter-alta-de-precos\/#primaryimage\"},\"image\":{\"@id\":\"https:\/\/www.notibras.com\/site\/diesel-pode-ter-mais-biodiesel-para-conter-alta-de-precos\/#primaryimage\"},\"thumbnailUrl\":\"https:\/\/www.notibras.com\/site\/wp-content\/uploads\/2026\/03\/biodiesel.webp\",\"datePublished\":\"2026-03-07T03:00:24+00:00\",\"dateModified\":\"2026-03-07T10:45:53+00:00\",\"breadcrumb\":{\"@id\":\"https:\/\/www.notibras.com\/site\/diesel-pode-ter-mais-biodiesel-para-conter-alta-de-precos\/#breadcrumb\"},\"inLanguage\":\"pt-BR\",\"potentialAction\":[{\"@type\":\"ReadAction\",\"target\":[\"https:\/\/www.notibras.com\/site\/diesel-pode-ter-mais-biodiesel-para-conter-alta-de-precos\/\"]}]},{\"@type\":\"ImageObject\",\"inLanguage\":\"pt-BR\",\"@id\":\"https:\/\/www.notibras.com\/site\/diesel-pode-ter-mais-biodiesel-para-conter-alta-de-precos\/#primaryimage\",\"url\":\"https:\/\/www.notibras.com\/site\/wp-content\/uploads\/2026\/03\/biodiesel.webp\",\"contentUrl\":\"https:\/\/www.notibras.com\/site\/wp-content\/uploads\/2026\/03\/biodiesel.webp\",\"width\":1170,\"height\":700},{\"@type\":\"BreadcrumbList\",\"@id\":\"https:\/\/www.notibras.com\/site\/diesel-pode-ter-mais-biodiesel-para-conter-alta-de-precos\/#breadcrumb\",\"itemListElement\":[{\"@type\":\"ListItem\",\"position\":1,\"name\":\"In\u00edcio\",\"item\":\"https:\/\/www.notibras.com\/site\/\"},{\"@type\":\"ListItem\",\"position\":2,\"name\":\"Diesel pode ter mais biodiesel para conter alta de pre\u00e7os\"}]},{\"@type\":\"WebSite\",\"@id\":\"https:\/\/www.notibras.com\/site\/#website\",\"url\":\"https:\/\/www.notibras.com\/site\/\",\"name\":\"Notibras\",\"description\":\"Not\u00edcias de Bras\u00edlia, do Brasil e do Mundo\",\"publisher\":{\"@id\":\"https:\/\/www.notibras.com\/site\/#organization\"},\"potentialAction\":[{\"@type\":\"SearchAction\",\"target\":{\"@type\":\"EntryPoint\",\"urlTemplate\":\"https:\/\/www.notibras.com\/site\/?s={search_term_string}\"},\"query-input\":{\"@type\":\"PropertyValueSpecification\",\"valueRequired\":true,\"valueName\":\"search_term_string\"}}],\"inLanguage\":\"pt-BR\"},{\"@type\":\"Organization\",\"@id\":\"https:\/\/www.notibras.com\/site\/#organization\",\"name\":\"Grupo Notibras de Comunica\u00e7\u00e3o\",\"url\":\"https:\/\/www.notibras.com\/site\/\",\"logo\":{\"@type\":\"ImageObject\",\"inLanguage\":\"pt-BR\",\"@id\":\"https:\/\/www.notibras.com\/site\/#\/schema\/logo\/image\/\",\"url\":\"https:\/\/www.notibras.com\/site\/wp-content\/uploads\/2023\/01\/notibras23.png\",\"contentUrl\":\"https:\/\/www.notibras.com\/site\/wp-content\/uploads\/2023\/01\/notibras23.png\",\"width\":350,\"height\":87,\"caption\":\"Grupo Notibras de Comunica\u00e7\u00e3o\"},\"image\":{\"@id\":\"https:\/\/www.notibras.com\/site\/#\/schema\/logo\/image\/\"},\"sameAs\":[\"https:\/\/www.facebook.com\/notibras\/\",\"https:\/\/x.com\/Notibras\",\"https:\/\/www.instagram.com\/notibras\/\"]},{\"@type\":\"Person\",\"@id\":\"https:\/\/www.notibras.com\/site\/#\/schema\/person\/36ab0979449956132d3e5b517ea76ac8\",\"name\":\"Reda\u00e7\u00e3o\",\"image\":{\"@type\":\"ImageObject\",\"inLanguage\":\"pt-BR\",\"@id\":\"https:\/\/secure.gravatar.com\/avatar\/e0a867bdedb85fd243eadf09663511f96fc81e0720a4a42581f334ad4303aa6b?s=96&d=mm&r=g\",\"url\":\"https:\/\/secure.gravatar.com\/avatar\/e0a867bdedb85fd243eadf09663511f96fc81e0720a4a42581f334ad4303aa6b?s=96&d=mm&r=g\",\"contentUrl\":\"https:\/\/secure.gravatar.com\/avatar\/e0a867bdedb85fd243eadf09663511f96fc81e0720a4a42581f334ad4303aa6b?s=96&d=mm&r=g\",\"caption\":\"Reda\u00e7\u00e3o\"}}]}<\/script>\n<!-- \/ Yoast SEO plugin. -->","yoast_head_json":{"title":"Diesel pode ter mais biodiesel para conter alta de pre\u00e7os - Notibras","robots":{"index":"index","follow":"follow","max-snippet":"max-snippet:-1","max-image-preview":"max-image-preview:large","max-video-preview":"max-video-preview:-1"},"canonical":"https:\/\/www.notibras.com\/site\/diesel-pode-ter-mais-biodiesel-para-conter-alta-de-precos\/","og_locale":"pt_BR","og_type":"article","og_title":"Diesel pode ter mais biodiesel para conter alta de pre\u00e7os - Notibras","og_description":"A Confedera\u00e7\u00e3o da Agricultura e Pecu\u00e1ria do Brasil (CNA) pediu ao governo federal o aumento da mistura obrigat\u00f3ria de biodiesel ao \u00f3leo diesel no pa\u00eds de 15% para 17%. A entidade afirma que a medida ajudaria a reduzir impactos da alta do petr\u00f3leo provocada pela escalada do conflito no Oriente M\u00e9dio. O pedido foi encaminhado [&hellip;]","og_url":"https:\/\/www.notibras.com\/site\/diesel-pode-ter-mais-biodiesel-para-conter-alta-de-precos\/","og_site_name":"Notibras","article_publisher":"https:\/\/www.facebook.com\/notibras\/","article_published_time":"2026-03-07T03:00:24+00:00","article_modified_time":"2026-03-07T10:45:53+00:00","og_image":[{"width":1170,"height":700,"url":"https:\/\/www.notibras.com\/site\/wp-content\/uploads\/2026\/03\/biodiesel.webp","type":"image\/webp"}],"author":"Reda\u00e7\u00e3o","twitter_card":"summary_large_image","twitter_creator":"@Notibras","twitter_site":"@Notibras","twitter_misc":{"Escrito por":"Reda\u00e7\u00e3o","Est. tempo de leitura":"4 minutos"},"schema":{"@context":"https:\/\/schema.org","@graph":[{"@type":"Article","@id":"https:\/\/www.notibras.com\/site\/diesel-pode-ter-mais-biodiesel-para-conter-alta-de-precos\/#article","isPartOf":{"@id":"https:\/\/www.notibras.com\/site\/diesel-pode-ter-mais-biodiesel-para-conter-alta-de-precos\/"},"author":{"name":"Reda\u00e7\u00e3o","@id":"https:\/\/www.notibras.com\/site\/#\/schema\/person\/36ab0979449956132d3e5b517ea76ac8"},"headline":"Diesel pode ter mais biodiesel para conter alta de pre\u00e7os","datePublished":"2026-03-07T03:00:24+00:00","dateModified":"2026-03-07T10:45:53+00:00","mainEntityOfPage":{"@id":"https:\/\/www.notibras.com\/site\/diesel-pode-ter-mais-biodiesel-para-conter-alta-de-precos\/"},"wordCount":617,"publisher":{"@id":"https:\/\/www.notibras.com\/site\/#organization"},"image":{"@id":"https:\/\/www.notibras.com\/site\/diesel-pode-ter-mais-biodiesel-para-conter-alta-de-precos\/#primaryimage"},"thumbnailUrl":"https:\/\/www.notibras.com\/site\/wp-content\/uploads\/2026\/03\/biodiesel.webp","articleSection":["Brasil"],"inLanguage":"pt-BR"},{"@type":"WebPage","@id":"https:\/\/www.notibras.com\/site\/diesel-pode-ter-mais-biodiesel-para-conter-alta-de-precos\/","url":"https:\/\/www.notibras.com\/site\/diesel-pode-ter-mais-biodiesel-para-conter-alta-de-precos\/","name":"Diesel pode ter mais biodiesel para conter alta de pre\u00e7os - Notibras","isPartOf":{"@id":"https:\/\/www.notibras.com\/site\/#website"},"primaryImageOfPage":{"@id":"https:\/\/www.notibras.com\/site\/diesel-pode-ter-mais-biodiesel-para-conter-alta-de-precos\/#primaryimage"},"image":{"@id":"https:\/\/www.notibras.com\/site\/diesel-pode-ter-mais-biodiesel-para-conter-alta-de-precos\/#primaryimage"},"thumbnailUrl":"https:\/\/www.notibras.com\/site\/wp-content\/uploads\/2026\/03\/biodiesel.webp","datePublished":"2026-03-07T03:00:24+00:00","dateModified":"2026-03-07T10:45:53+00:00","breadcrumb":{"@id":"https:\/\/www.notibras.com\/site\/diesel-pode-ter-mais-biodiesel-para-conter-alta-de-precos\/#breadcrumb"},"inLanguage":"pt-BR","potentialAction":[{"@type":"ReadAction","target":["https:\/\/www.notibras.com\/site\/diesel-pode-ter-mais-biodiesel-para-conter-alta-de-precos\/"]}]},{"@type":"ImageObject","inLanguage":"pt-BR","@id":"https:\/\/www.notibras.com\/site\/diesel-pode-ter-mais-biodiesel-para-conter-alta-de-precos\/#primaryimage","url":"https:\/\/www.notibras.com\/site\/wp-content\/uploads\/2026\/03\/biodiesel.webp","contentUrl":"https:\/\/www.notibras.com\/site\/wp-content\/uploads\/2026\/03\/biodiesel.webp","width":1170,"height":700},{"@type":"BreadcrumbList","@id":"https:\/\/www.notibras.com\/site\/diesel-pode-ter-mais-biodiesel-para-conter-alta-de-precos\/#breadcrumb","itemListElement":[{"@type":"ListItem","position":1,"name":"In\u00edcio","item":"https:\/\/www.notibras.com\/site\/"},{"@type":"ListItem","position":2,"name":"Diesel pode ter mais biodiesel para conter alta de pre\u00e7os"}]},{"@type":"WebSite","@id":"https:\/\/www.notibras.com\/site\/#website","url":"https:\/\/www.notibras.com\/site\/","name":"Notibras","description":"Not\u00edcias de Bras\u00edlia, do Brasil e do Mundo","publisher":{"@id":"https:\/\/www.notibras.com\/site\/#organization"},"potentialAction":[{"@type":"SearchAction","target":{"@type":"EntryPoint","urlTemplate":"https:\/\/www.notibras.com\/site\/?s={search_term_string}"},"query-input":{"@type":"PropertyValueSpecification","valueRequired":true,"valueName":"search_term_string"}}],"inLanguage":"pt-BR"},{"@type":"Organization","@id":"https:\/\/www.notibras.com\/site\/#organization","name":"Grupo Notibras de Comunica\u00e7\u00e3o","url":"https:\/\/www.notibras.com\/site\/","logo":{"@type":"ImageObject","inLanguage":"pt-BR","@id":"https:\/\/www.notibras.com\/site\/#\/schema\/logo\/image\/","url":"https:\/\/www.notibras.com\/site\/wp-content\/uploads\/2023\/01\/notibras23.png","contentUrl":"https:\/\/www.notibras.com\/site\/wp-content\/uploads\/2023\/01\/notibras23.png","width":350,"height":87,"caption":"Grupo Notibras de Comunica\u00e7\u00e3o"},"image":{"@id":"https:\/\/www.notibras.com\/site\/#\/schema\/logo\/image\/"},"sameAs":["https:\/\/www.facebook.com\/notibras\/","https:\/\/x.com\/Notibras","https:\/\/www.instagram.com\/notibras\/"]},{"@type":"Person","@id":"https:\/\/www.notibras.com\/site\/#\/schema\/person\/36ab0979449956132d3e5b517ea76ac8","name":"Reda\u00e7\u00e3o","image":{"@type":"ImageObject","inLanguage":"pt-BR","@id":"https:\/\/secure.gravatar.com\/avatar\/e0a867bdedb85fd243eadf09663511f96fc81e0720a4a42581f334ad4303aa6b?s=96&d=mm&r=g","url":"https:\/\/secure.gravatar.com\/avatar\/e0a867bdedb85fd243eadf09663511f96fc81e0720a4a42581f334ad4303aa6b?s=96&d=mm&r=g","contentUrl":"https:\/\/secure.gravatar.com\/avatar\/e0a867bdedb85fd243eadf09663511f96fc81e0720a4a42581f334ad4303aa6b?s=96&d=mm&r=g","caption":"Reda\u00e7\u00e3o"}}]}},"amp_enabled":true,"_links":{"self":[{"href":"https:\/\/www.notibras.com\/site\/wp-json\/wp\/v2\/posts\/385958","targetHints":{"allow":["GET"]}}],"collection":[{"href":"https:\/\/www.notibras.com\/site\/wp-json\/wp\/v2\/posts"}],"about":[{"href":"https:\/\/www.notibras.com\/site\/wp-json\/wp\/v2\/types\/post"}],"author":[{"embeddable":true,"href":"https:\/\/www.notibras.com\/site\/wp-json\/wp\/v2\/users\/2"}],"replies":[{"embeddable":true,"href":"https:\/\/www.notibras.com\/site\/wp-json\/wp\/v2\/comments?post=385958"}],"version-history":[{"count":1,"href":"https:\/\/www.notibras.com\/site\/wp-json\/wp\/v2\/posts\/385958\/revisions"}],"predecessor-version":[{"id":385960,"href":"https:\/\/www.notibras.com\/site\/wp-json\/wp\/v2\/posts\/385958\/revisions\/385960"}],"wp:featuredmedia":[{"embeddable":true,"href":"https:\/\/www.notibras.com\/site\/wp-json\/wp\/v2\/media\/385959"}],"wp:attachment":[{"href":"https:\/\/www.notibras.com\/site\/wp-json\/wp\/v2\/media?parent=385958"}],"wp:term":[{"taxonomy":"category","embeddable":true,"href":"https:\/\/www.notibras.com\/site\/wp-json\/wp\/v2\/categories?post=385958"},{"taxonomy":"post_tag","embeddable":true,"href":"https:\/\/www.notibras.com\/site\/wp-json\/wp\/v2\/tags?post=385958"}],"curies":[{"name":"wp","href":"https:\/\/api.w.org\/{rel}","templated":true}]}}