{"id":385964,"date":"2026-03-07T08:04:27","date_gmt":"2026-03-07T11:04:27","guid":{"rendered":"https:\/\/www.notibras.com\/site\/?p=385964"},"modified":"2026-03-07T08:04:27","modified_gmt":"2026-03-07T11:04:27","slug":"as-lendas-que-navegam-sobre-o-eufrates-e-o-tigre","status":"publish","type":"post","link":"https:\/\/www.notibras.com\/site\/as-lendas-que-navegam-sobre-o-eufrates-e-o-tigre\/","title":{"rendered":"As lendas que navegam sobre o Eufrates e o Tigre"},"content":{"rendered":"<p data-start=\"367\" data-end=\"669\">Antes que os homens desenhassem fronteiras, antes que reis erguessem muralhas ou sacerdotes escrevessem em t\u00e1buas de argila o destino dos povos, j\u00e1 corriam, serenos e profundos, os rios Eufrates e Tigre. Entre suas margens nasceu n\u00e3o apenas a agricultura ou a primeira cidade: nasceu tamb\u00e9m o mist\u00e9rio.<\/p>\n<p data-start=\"671\" data-end=\"999\">H\u00e1 quem diga que, em certas madrugadas sem vento, quando a n\u00e9voa pousa rente \u00e0 \u00e1gua como um v\u00e9u de sacerdotisa antiga, ainda se ouvem vozes vindas do fundo dos rios \u2014 murm\u00farios em l\u00ednguas esquecidas, como se os antigos escribas da <span class=\"hover:entity-accent entity-underline inline cursor-pointer align-baseline\"><span class=\"whitespace-normal\">Mesopot\u00e2mia<\/span><\/span> continuassem registrando, invis\u00edveis, o movimento do mundo.<\/p>\n<p data-start=\"1001\" data-end=\"1426\">Os velhos pescadores da regi\u00e3o contam que o Eufrates jamais foi apenas um rio: ele seria um caminho l\u00edquido por onde transitavam mensagens dos deuses. Cada mudan\u00e7a s\u00fabita de corrente, cada redemoinho inesperado, cada reflexo estranho na superf\u00edcie poderia significar um aviso de <span class=\"hover:entity-accent entity-underline inline cursor-pointer align-baseline\"><span class=\"whitespace-normal\">Enki<\/span><\/span>, senhor das \u00e1guas profundas, aquele que conhecia os segredos escondidos sob a terra e dentro da alma humana.<\/p>\n<p data-start=\"1428\" data-end=\"1821\">Segundo antigas tradi\u00e7\u00f5es sum\u00e9rias, quando a lua surgia muito vermelha sobre as \u00e1guas, esp\u00edritos antigos deixavam os templos soterrados e caminhavam sobre as margens em sil\u00eancio, procurando nomes esquecidos, juramentos quebrados e promessas n\u00e3o cumpridas. N\u00e3o eram esp\u00edritos de vingan\u00e7a \u2014 eram guardi\u00f5es da mem\u00f3ria, porque naquela terra esquecer sempre foi considerado uma forma de profana\u00e7\u00e3o.<\/p>\n<p data-start=\"1823\" data-end=\"2227\">J\u00e1 o Tigre, mais veloz e imprevis\u00edvel, sempre foi visto como rio de press\u00e1gios. Diziam que suas \u00e1guas guardavam a impaci\u00eancia dos c\u00e9us. Quando subia repentinamente, os sacerdotes interpretavam n\u00e3o apenas uma cheia, mas um di\u00e1logo entre os homens e <span class=\"hover:entity-accent entity-underline inline cursor-pointer align-baseline\"><span class=\"whitespace-normal\">Ishtar<\/span><\/span>, deusa do amor, da guerra e das paix\u00f5es violentas. O rio parecia refletir seu temperamento: ora suave, ora devastador.<\/p>\n<p data-start=\"2229\" data-end=\"2809\">H\u00e1 tamb\u00e9m uma lenda quase esquecida segundo a qual, nas noites em que duas estrelas pareciam tocar o horizonte ao mesmo tempo, uma embarca\u00e7\u00e3o de luz atravessava silenciosamente o encontro invis\u00edvel entre as correntes. Dentro dela viajaria um antigo rei sem nome, condenado a navegar eternamente porque desejou conhecer o segredo da imortalidade sem compreender o peso do tempo. Muitos associam essa sombra l\u00edquida ao eco distante de <span class=\"hover:entity-accent entity-underline inline cursor-pointer align-baseline\"><span class=\"whitespace-normal\">Gilgamesh<\/span><\/span>, que, segundo os poemas antigos, buscou al\u00e9m das \u00e1guas aquilo que nenhum homem conseguiu reter: a eternidade.<\/p>\n<p data-start=\"2811\" data-end=\"3193\">Em certas aldeias, ainda se acredita que \u00e1rvores muito antigas pr\u00f3ximas \u00e0s margens n\u00e3o devem ser cortadas. Diz-se que nelas repousam p\u00e1ssaros que n\u00e3o pertencem inteiramente a este mundo \u2014 aves que teriam visto o nascimento de cidades como <span class=\"hover:entity-accent entity-underline inline cursor-pointer align-baseline\"><span class=\"whitespace-normal\">Uruk<\/span><\/span> e <span class=\"hover:entity-accent entity-underline inline cursor-pointer align-baseline\"><span class=\"whitespace-normal\">N\u00ednive<\/span><\/span> e que carregam nas penas fragmentos de hist\u00f3rias jamais escritas.<\/p>\n<p data-start=\"3195\" data-end=\"3400\">Talvez por isso os rios da antiga Mesopot\u00e2mia nunca tenham sido apenas geografia. Eles s\u00e3o arquivos vivos. Cada corrente arrasta barro, ru\u00ednas, ossos de imp\u00e9rios e tamb\u00e9m s\u00edmbolos que resistem ao tempo.<\/p>\n<p data-start=\"3402\" data-end=\"3448\">Porque onde a \u00e1gua passa, a mem\u00f3ria permanece.<\/p>\n<p data-start=\"3450\" data-end=\"3639\">E h\u00e1 quem acredite que, se algu\u00e9m permanecer em sil\u00eancio absoluto \u00e0 beira dessas \u00e1guas antes do nascer do sol, poder\u00e1 ouvir algo raro: n\u00e3o o barulho do rio, mas o som do passado respirando.<\/p>\n","protected":false},"excerpt":{"rendered":"<p>Antes que os homens desenhassem fronteiras, antes que reis erguessem muralhas ou sacerdotes escrevessem em t\u00e1buas de argila o destino dos povos, j\u00e1 corriam, serenos e profundos, os rios Eufrates e Tigre. Entre suas margens nasceu n\u00e3o apenas a agricultura ou a primeira cidade: nasceu tamb\u00e9m o mist\u00e9rio. H\u00e1 quem diga que, em certas madrugadas [&hellip;]<\/p>\n","protected":false},"author":2,"featured_media":385965,"comment_status":"closed","ping_status":"closed","sticky":false,"template":"","format":"standard","meta":{"_acf_changed":false,"footnotes":""},"categories":[237],"tags":[],"class_list":["post-385964","post","type-post","status-publish","format-standard","has-post-thumbnail","hentry","category-oraculos"],"acf":[],"yoast_head":"<!-- This site is optimized with the Yoast SEO plugin v27.2 - https:\/\/yoast.com\/product\/yoast-seo-wordpress\/ -->\n<title>As lendas que navegam sobre o Eufrates e o Tigre - Notibras<\/title>\n<meta name=\"robots\" content=\"index, follow, max-snippet:-1, max-image-preview:large, max-video-preview:-1\" \/>\n<link rel=\"canonical\" href=\"https:\/\/www.notibras.com\/site\/as-lendas-que-navegam-sobre-o-eufrates-e-o-tigre\/\" \/>\n<meta property=\"og:locale\" content=\"pt_BR\" \/>\n<meta property=\"og:type\" content=\"article\" \/>\n<meta property=\"og:title\" content=\"As lendas que navegam sobre o Eufrates e o Tigre - Notibras\" \/>\n<meta property=\"og:description\" content=\"Antes que os homens desenhassem fronteiras, antes que reis erguessem muralhas ou sacerdotes escrevessem em t\u00e1buas de argila o destino dos povos, j\u00e1 corriam, serenos e profundos, os rios Eufrates e Tigre. Entre suas margens nasceu n\u00e3o apenas a agricultura ou a primeira cidade: nasceu tamb\u00e9m o mist\u00e9rio. H\u00e1 quem diga que, em certas madrugadas [&hellip;]\" \/>\n<meta property=\"og:url\" content=\"https:\/\/www.notibras.com\/site\/as-lendas-que-navegam-sobre-o-eufrates-e-o-tigre\/\" \/>\n<meta property=\"og:site_name\" content=\"Notibras\" \/>\n<meta property=\"article:publisher\" content=\"https:\/\/www.facebook.com\/notibras\/\" \/>\n<meta property=\"article:published_time\" content=\"2026-03-07T11:04:27+00:00\" \/>\n<meta property=\"og:image\" content=\"https:\/\/www.notibras.com\/site\/wp-content\/uploads\/2026\/03\/78446147-f950-4e95-9318-d968be7977ab-1024x683.png\" \/>\n\t<meta property=\"og:image:width\" content=\"1024\" \/>\n\t<meta property=\"og:image:height\" content=\"683\" \/>\n\t<meta property=\"og:image:type\" content=\"image\/png\" \/>\n<meta name=\"author\" content=\"Reda\u00e7\u00e3o\" \/>\n<meta name=\"twitter:card\" content=\"summary_large_image\" \/>\n<meta name=\"twitter:creator\" content=\"@Notibras\" \/>\n<meta name=\"twitter:site\" content=\"@Notibras\" \/>\n<meta name=\"twitter:label1\" content=\"Escrito por\" \/>\n\t<meta name=\"twitter:data1\" content=\"Reda\u00e7\u00e3o\" \/>\n\t<meta name=\"twitter:label2\" content=\"Est. tempo de leitura\" \/>\n\t<meta name=\"twitter:data2\" content=\"3 minutos\" \/>\n<script type=\"application\/ld+json\" class=\"yoast-schema-graph\">{\"@context\":\"https:\/\/schema.org\",\"@graph\":[{\"@type\":\"Article\",\"@id\":\"https:\/\/www.notibras.com\/site\/as-lendas-que-navegam-sobre-o-eufrates-e-o-tigre\/#article\",\"isPartOf\":{\"@id\":\"https:\/\/www.notibras.com\/site\/as-lendas-que-navegam-sobre-o-eufrates-e-o-tigre\/\"},\"author\":{\"name\":\"Reda\u00e7\u00e3o\",\"@id\":\"https:\/\/www.notibras.com\/site\/#\/schema\/person\/36ab0979449956132d3e5b517ea76ac8\"},\"headline\":\"As lendas que navegam sobre o Eufrates e o Tigre\",\"datePublished\":\"2026-03-07T11:04:27+00:00\",\"mainEntityOfPage\":{\"@id\":\"https:\/\/www.notibras.com\/site\/as-lendas-que-navegam-sobre-o-eufrates-e-o-tigre\/\"},\"wordCount\":548,\"publisher\":{\"@id\":\"https:\/\/www.notibras.com\/site\/#organization\"},\"image\":{\"@id\":\"https:\/\/www.notibras.com\/site\/as-lendas-que-navegam-sobre-o-eufrates-e-o-tigre\/#primaryimage\"},\"thumbnailUrl\":\"https:\/\/www.notibras.com\/site\/wp-content\/uploads\/2026\/03\/78446147-f950-4e95-9318-d968be7977ab.png\",\"articleSection\":[\"Or\u00e1culos\"],\"inLanguage\":\"pt-BR\"},{\"@type\":\"WebPage\",\"@id\":\"https:\/\/www.notibras.com\/site\/as-lendas-que-navegam-sobre-o-eufrates-e-o-tigre\/\",\"url\":\"https:\/\/www.notibras.com\/site\/as-lendas-que-navegam-sobre-o-eufrates-e-o-tigre\/\",\"name\":\"As lendas que navegam sobre o Eufrates e o Tigre - Notibras\",\"isPartOf\":{\"@id\":\"https:\/\/www.notibras.com\/site\/#website\"},\"primaryImageOfPage\":{\"@id\":\"https:\/\/www.notibras.com\/site\/as-lendas-que-navegam-sobre-o-eufrates-e-o-tigre\/#primaryimage\"},\"image\":{\"@id\":\"https:\/\/www.notibras.com\/site\/as-lendas-que-navegam-sobre-o-eufrates-e-o-tigre\/#primaryimage\"},\"thumbnailUrl\":\"https:\/\/www.notibras.com\/site\/wp-content\/uploads\/2026\/03\/78446147-f950-4e95-9318-d968be7977ab.png\",\"datePublished\":\"2026-03-07T11:04:27+00:00\",\"breadcrumb\":{\"@id\":\"https:\/\/www.notibras.com\/site\/as-lendas-que-navegam-sobre-o-eufrates-e-o-tigre\/#breadcrumb\"},\"inLanguage\":\"pt-BR\",\"potentialAction\":[{\"@type\":\"ReadAction\",\"target\":[\"https:\/\/www.notibras.com\/site\/as-lendas-que-navegam-sobre-o-eufrates-e-o-tigre\/\"]}]},{\"@type\":\"ImageObject\",\"inLanguage\":\"pt-BR\",\"@id\":\"https:\/\/www.notibras.com\/site\/as-lendas-que-navegam-sobre-o-eufrates-e-o-tigre\/#primaryimage\",\"url\":\"https:\/\/www.notibras.com\/site\/wp-content\/uploads\/2026\/03\/78446147-f950-4e95-9318-d968be7977ab.png\",\"contentUrl\":\"https:\/\/www.notibras.com\/site\/wp-content\/uploads\/2026\/03\/78446147-f950-4e95-9318-d968be7977ab.png\",\"width\":1536,\"height\":1024},{\"@type\":\"BreadcrumbList\",\"@id\":\"https:\/\/www.notibras.com\/site\/as-lendas-que-navegam-sobre-o-eufrates-e-o-tigre\/#breadcrumb\",\"itemListElement\":[{\"@type\":\"ListItem\",\"position\":1,\"name\":\"In\u00edcio\",\"item\":\"https:\/\/www.notibras.com\/site\/\"},{\"@type\":\"ListItem\",\"position\":2,\"name\":\"As lendas que navegam sobre o Eufrates e o Tigre\"}]},{\"@type\":\"WebSite\",\"@id\":\"https:\/\/www.notibras.com\/site\/#website\",\"url\":\"https:\/\/www.notibras.com\/site\/\",\"name\":\"Notibras\",\"description\":\"Not\u00edcias de Bras\u00edlia, do Brasil e do Mundo\",\"publisher\":{\"@id\":\"https:\/\/www.notibras.com\/site\/#organization\"},\"potentialAction\":[{\"@type\":\"SearchAction\",\"target\":{\"@type\":\"EntryPoint\",\"urlTemplate\":\"https:\/\/www.notibras.com\/site\/?s={search_term_string}\"},\"query-input\":{\"@type\":\"PropertyValueSpecification\",\"valueRequired\":true,\"valueName\":\"search_term_string\"}}],\"inLanguage\":\"pt-BR\"},{\"@type\":\"Organization\",\"@id\":\"https:\/\/www.notibras.com\/site\/#organization\",\"name\":\"Grupo Notibras de Comunica\u00e7\u00e3o\",\"url\":\"https:\/\/www.notibras.com\/site\/\",\"logo\":{\"@type\":\"ImageObject\",\"inLanguage\":\"pt-BR\",\"@id\":\"https:\/\/www.notibras.com\/site\/#\/schema\/logo\/image\/\",\"url\":\"https:\/\/www.notibras.com\/site\/wp-content\/uploads\/2023\/01\/notibras23.png\",\"contentUrl\":\"https:\/\/www.notibras.com\/site\/wp-content\/uploads\/2023\/01\/notibras23.png\",\"width\":350,\"height\":87,\"caption\":\"Grupo Notibras de Comunica\u00e7\u00e3o\"},\"image\":{\"@id\":\"https:\/\/www.notibras.com\/site\/#\/schema\/logo\/image\/\"},\"sameAs\":[\"https:\/\/www.facebook.com\/notibras\/\",\"https:\/\/x.com\/Notibras\",\"https:\/\/www.instagram.com\/notibras\/\"]},{\"@type\":\"Person\",\"@id\":\"https:\/\/www.notibras.com\/site\/#\/schema\/person\/36ab0979449956132d3e5b517ea76ac8\",\"name\":\"Reda\u00e7\u00e3o\",\"image\":{\"@type\":\"ImageObject\",\"inLanguage\":\"pt-BR\",\"@id\":\"https:\/\/secure.gravatar.com\/avatar\/e0a867bdedb85fd243eadf09663511f96fc81e0720a4a42581f334ad4303aa6b?s=96&d=mm&r=g\",\"url\":\"https:\/\/secure.gravatar.com\/avatar\/e0a867bdedb85fd243eadf09663511f96fc81e0720a4a42581f334ad4303aa6b?s=96&d=mm&r=g\",\"contentUrl\":\"https:\/\/secure.gravatar.com\/avatar\/e0a867bdedb85fd243eadf09663511f96fc81e0720a4a42581f334ad4303aa6b?s=96&d=mm&r=g\",\"caption\":\"Reda\u00e7\u00e3o\"}}]}<\/script>\n<!-- \/ Yoast SEO plugin. -->","yoast_head_json":{"title":"As lendas que navegam sobre o Eufrates e o Tigre - Notibras","robots":{"index":"index","follow":"follow","max-snippet":"max-snippet:-1","max-image-preview":"max-image-preview:large","max-video-preview":"max-video-preview:-1"},"canonical":"https:\/\/www.notibras.com\/site\/as-lendas-que-navegam-sobre-o-eufrates-e-o-tigre\/","og_locale":"pt_BR","og_type":"article","og_title":"As lendas que navegam sobre o Eufrates e o Tigre - Notibras","og_description":"Antes que os homens desenhassem fronteiras, antes que reis erguessem muralhas ou sacerdotes escrevessem em t\u00e1buas de argila o destino dos povos, j\u00e1 corriam, serenos e profundos, os rios Eufrates e Tigre. Entre suas margens nasceu n\u00e3o apenas a agricultura ou a primeira cidade: nasceu tamb\u00e9m o mist\u00e9rio. H\u00e1 quem diga que, em certas madrugadas [&hellip;]","og_url":"https:\/\/www.notibras.com\/site\/as-lendas-que-navegam-sobre-o-eufrates-e-o-tigre\/","og_site_name":"Notibras","article_publisher":"https:\/\/www.facebook.com\/notibras\/","article_published_time":"2026-03-07T11:04:27+00:00","og_image":[{"width":1024,"height":683,"url":"https:\/\/www.notibras.com\/site\/wp-content\/uploads\/2026\/03\/78446147-f950-4e95-9318-d968be7977ab-1024x683.png","type":"image\/png"}],"author":"Reda\u00e7\u00e3o","twitter_card":"summary_large_image","twitter_creator":"@Notibras","twitter_site":"@Notibras","twitter_misc":{"Escrito por":"Reda\u00e7\u00e3o","Est. tempo de leitura":"3 minutos"},"schema":{"@context":"https:\/\/schema.org","@graph":[{"@type":"Article","@id":"https:\/\/www.notibras.com\/site\/as-lendas-que-navegam-sobre-o-eufrates-e-o-tigre\/#article","isPartOf":{"@id":"https:\/\/www.notibras.com\/site\/as-lendas-que-navegam-sobre-o-eufrates-e-o-tigre\/"},"author":{"name":"Reda\u00e7\u00e3o","@id":"https:\/\/www.notibras.com\/site\/#\/schema\/person\/36ab0979449956132d3e5b517ea76ac8"},"headline":"As lendas que navegam sobre o Eufrates e o Tigre","datePublished":"2026-03-07T11:04:27+00:00","mainEntityOfPage":{"@id":"https:\/\/www.notibras.com\/site\/as-lendas-que-navegam-sobre-o-eufrates-e-o-tigre\/"},"wordCount":548,"publisher":{"@id":"https:\/\/www.notibras.com\/site\/#organization"},"image":{"@id":"https:\/\/www.notibras.com\/site\/as-lendas-que-navegam-sobre-o-eufrates-e-o-tigre\/#primaryimage"},"thumbnailUrl":"https:\/\/www.notibras.com\/site\/wp-content\/uploads\/2026\/03\/78446147-f950-4e95-9318-d968be7977ab.png","articleSection":["Or\u00e1culos"],"inLanguage":"pt-BR"},{"@type":"WebPage","@id":"https:\/\/www.notibras.com\/site\/as-lendas-que-navegam-sobre-o-eufrates-e-o-tigre\/","url":"https:\/\/www.notibras.com\/site\/as-lendas-que-navegam-sobre-o-eufrates-e-o-tigre\/","name":"As lendas que navegam sobre o Eufrates e o Tigre - Notibras","isPartOf":{"@id":"https:\/\/www.notibras.com\/site\/#website"},"primaryImageOfPage":{"@id":"https:\/\/www.notibras.com\/site\/as-lendas-que-navegam-sobre-o-eufrates-e-o-tigre\/#primaryimage"},"image":{"@id":"https:\/\/www.notibras.com\/site\/as-lendas-que-navegam-sobre-o-eufrates-e-o-tigre\/#primaryimage"},"thumbnailUrl":"https:\/\/www.notibras.com\/site\/wp-content\/uploads\/2026\/03\/78446147-f950-4e95-9318-d968be7977ab.png","datePublished":"2026-03-07T11:04:27+00:00","breadcrumb":{"@id":"https:\/\/www.notibras.com\/site\/as-lendas-que-navegam-sobre-o-eufrates-e-o-tigre\/#breadcrumb"},"inLanguage":"pt-BR","potentialAction":[{"@type":"ReadAction","target":["https:\/\/www.notibras.com\/site\/as-lendas-que-navegam-sobre-o-eufrates-e-o-tigre\/"]}]},{"@type":"ImageObject","inLanguage":"pt-BR","@id":"https:\/\/www.notibras.com\/site\/as-lendas-que-navegam-sobre-o-eufrates-e-o-tigre\/#primaryimage","url":"https:\/\/www.notibras.com\/site\/wp-content\/uploads\/2026\/03\/78446147-f950-4e95-9318-d968be7977ab.png","contentUrl":"https:\/\/www.notibras.com\/site\/wp-content\/uploads\/2026\/03\/78446147-f950-4e95-9318-d968be7977ab.png","width":1536,"height":1024},{"@type":"BreadcrumbList","@id":"https:\/\/www.notibras.com\/site\/as-lendas-que-navegam-sobre-o-eufrates-e-o-tigre\/#breadcrumb","itemListElement":[{"@type":"ListItem","position":1,"name":"In\u00edcio","item":"https:\/\/www.notibras.com\/site\/"},{"@type":"ListItem","position":2,"name":"As lendas que navegam sobre o Eufrates e o Tigre"}]},{"@type":"WebSite","@id":"https:\/\/www.notibras.com\/site\/#website","url":"https:\/\/www.notibras.com\/site\/","name":"Notibras","description":"Not\u00edcias de Bras\u00edlia, do Brasil e do Mundo","publisher":{"@id":"https:\/\/www.notibras.com\/site\/#organization"},"potentialAction":[{"@type":"SearchAction","target":{"@type":"EntryPoint","urlTemplate":"https:\/\/www.notibras.com\/site\/?s={search_term_string}"},"query-input":{"@type":"PropertyValueSpecification","valueRequired":true,"valueName":"search_term_string"}}],"inLanguage":"pt-BR"},{"@type":"Organization","@id":"https:\/\/www.notibras.com\/site\/#organization","name":"Grupo Notibras de Comunica\u00e7\u00e3o","url":"https:\/\/www.notibras.com\/site\/","logo":{"@type":"ImageObject","inLanguage":"pt-BR","@id":"https:\/\/www.notibras.com\/site\/#\/schema\/logo\/image\/","url":"https:\/\/www.notibras.com\/site\/wp-content\/uploads\/2023\/01\/notibras23.png","contentUrl":"https:\/\/www.notibras.com\/site\/wp-content\/uploads\/2023\/01\/notibras23.png","width":350,"height":87,"caption":"Grupo Notibras de Comunica\u00e7\u00e3o"},"image":{"@id":"https:\/\/www.notibras.com\/site\/#\/schema\/logo\/image\/"},"sameAs":["https:\/\/www.facebook.com\/notibras\/","https:\/\/x.com\/Notibras","https:\/\/www.instagram.com\/notibras\/"]},{"@type":"Person","@id":"https:\/\/www.notibras.com\/site\/#\/schema\/person\/36ab0979449956132d3e5b517ea76ac8","name":"Reda\u00e7\u00e3o","image":{"@type":"ImageObject","inLanguage":"pt-BR","@id":"https:\/\/secure.gravatar.com\/avatar\/e0a867bdedb85fd243eadf09663511f96fc81e0720a4a42581f334ad4303aa6b?s=96&d=mm&r=g","url":"https:\/\/secure.gravatar.com\/avatar\/e0a867bdedb85fd243eadf09663511f96fc81e0720a4a42581f334ad4303aa6b?s=96&d=mm&r=g","contentUrl":"https:\/\/secure.gravatar.com\/avatar\/e0a867bdedb85fd243eadf09663511f96fc81e0720a4a42581f334ad4303aa6b?s=96&d=mm&r=g","caption":"Reda\u00e7\u00e3o"}}]}},"amp_enabled":true,"_links":{"self":[{"href":"https:\/\/www.notibras.com\/site\/wp-json\/wp\/v2\/posts\/385964","targetHints":{"allow":["GET"]}}],"collection":[{"href":"https:\/\/www.notibras.com\/site\/wp-json\/wp\/v2\/posts"}],"about":[{"href":"https:\/\/www.notibras.com\/site\/wp-json\/wp\/v2\/types\/post"}],"author":[{"embeddable":true,"href":"https:\/\/www.notibras.com\/site\/wp-json\/wp\/v2\/users\/2"}],"replies":[{"embeddable":true,"href":"https:\/\/www.notibras.com\/site\/wp-json\/wp\/v2\/comments?post=385964"}],"version-history":[{"count":1,"href":"https:\/\/www.notibras.com\/site\/wp-json\/wp\/v2\/posts\/385964\/revisions"}],"predecessor-version":[{"id":385966,"href":"https:\/\/www.notibras.com\/site\/wp-json\/wp\/v2\/posts\/385964\/revisions\/385966"}],"wp:featuredmedia":[{"embeddable":true,"href":"https:\/\/www.notibras.com\/site\/wp-json\/wp\/v2\/media\/385965"}],"wp:attachment":[{"href":"https:\/\/www.notibras.com\/site\/wp-json\/wp\/v2\/media?parent=385964"}],"wp:term":[{"taxonomy":"category","embeddable":true,"href":"https:\/\/www.notibras.com\/site\/wp-json\/wp\/v2\/categories?post=385964"},{"taxonomy":"post_tag","embeddable":true,"href":"https:\/\/www.notibras.com\/site\/wp-json\/wp\/v2\/tags?post=385964"}],"curies":[{"name":"wp","href":"https:\/\/api.w.org\/{rel}","templated":true}]}}