{"id":385967,"date":"2026-03-07T08:20:59","date_gmt":"2026-03-07T11:20:59","guid":{"rendered":"https:\/\/www.notibras.com\/site\/?p=385967"},"modified":"2026-03-07T08:20:59","modified_gmt":"2026-03-07T11:20:59","slug":"peca-discute-violencia-de-genero-e-maternidade","status":"publish","type":"post","link":"https:\/\/www.notibras.com\/site\/peca-discute-violencia-de-genero-e-maternidade\/","title":{"rendered":"Pe\u00e7a discute viol\u00eancia de g\u00eanero e maternidade"},"content":{"rendered":"<p>Qual foi o destino de Medeia ap\u00f3s desaparecer? A pergunta serviu de base para que a dramaturga Luciana Lyra escrevesse uma pe\u00e7a sobre maternidade, viol\u00eancia de g\u00eanero e explora\u00e7\u00e3o da natureza, que acaba de estrear no Sesc Ipiranga, em S\u00e3o Paulo.<\/p>\n<p>Medea depois do Sol, que entra em cartaz pr\u00f3ximo ao Dia Internacional da Mulher, dia 8, se inspira na cl\u00e1ssica trag\u00e9dia grega Medeia, de Eur\u00edpedes, para refletir sobre a viol\u00eancia de g\u00eanero no Brasil e no restante da Am\u00e9rica Latina.<\/p>\n<p>Na pe\u00e7a, Luciana atua sob a m\u00e1scara da personagem-t\u00edtulo ao lado da atriz-musicista Lisi Andrade. A cena investiga Medeia como s\u00edmbolo da maternidade em seu limite e, ao mesmo tempo, como figura sobrevivente de um grande trauma. Tamb\u00e9m \u00e9 proposto uma liga\u00e7\u00e3o entre mulher e natureza, um ato que Lyra descreve como ecofeminismo.<\/p>\n<p>\u201cA ideia \u00e9 discutir a paridade entre o corpo da mulher e o corpo da Terra, na quest\u00e3o de que ambos s\u00e3o constantemente violados. \u00c9 um espelhamento que acontece \u00e0 medida que nossos espa\u00e7os e corpos s\u00e3o invadidos, da mesma forma que a Terra est\u00e1 sendo destru\u00edda,\u201d explica a dramaturga.<\/p>\n<p>Um diferencial na montagem da pe\u00e7a foi a decis\u00e3o de ter uma equipe de cria\u00e7\u00e3o formada quase exclusivamente por mulheres.<\/p>\n<p>A dire\u00e7\u00e3o \u00e9 assinada por Ana Cec\u00edlia Costa e K\u00e1tia Daher, e a trilha sonora re\u00fane m\u00fasicas originais de Alessandra Le\u00e3o e Luciana Lyra.<\/p>\n<p>A equipe criativa conta ainda com Leusa Araujo (dramaturgismo), Renata Camargo (dire\u00e7\u00e3o de gesto e movimento), Carol Badra (figurino) e Camila Jord\u00e3o (cenografia e ilumina\u00e7\u00e3o), tendo a dire\u00e7\u00e3o de produ\u00e7\u00e3o de Franz Magnum.<\/p>\n<p><strong>Medeia<\/strong><br \/>\nO texto grego narra a hist\u00f3ria da amante de Jas\u00e3o, personagem da mitologia grega, que ap\u00f3s ser rejeitada e desprezada, decide matar os pr\u00f3prios filhos para infligir a mesma dor que lhe foi causada.<\/p>\n<p>\u201cA hist\u00f3ria de Medeia \u00e9 uma narrativa m\u00edtica ligada \u00e0 transi\u00e7\u00e3o de mundo matriarcal para um patriarcal. Ela \u00e9 vista como uma figura n\u00e3o desejada por cometer atos dif\u00edceis, como o homic\u00eddio dos pr\u00f3prios filhos. Mas essa atitude tem a ver com o desejo de n\u00e3o querer que seus filhos sigam o caminho centrado no poder, como de Jas\u00e3o,\u201d explica Luciana.<\/p>\n<p>Ao contr\u00e1rio da maioria das trag\u00e9dias gregas, nos quais a figura feminina morre ao final da narrativa, na hist\u00f3ria de Medeia a protagonista sobrevive e foge com ajuda do deus-sol H\u00e9lios, que tamb\u00e9m \u00e9 seu av\u00f4.<\/p>\n<p><strong>Pesquisa<\/strong><br \/>\nO destino final de Medeia sempre intrigou Lyra, e foi um dos fatores que inspirou a dramaturga a escrever a pe\u00e7a. No processo de pesquisa para entender a personagem, a artista realizou pequenos workshops com grupos de teatro de Recife, Rio de Janeiro e S\u00e3o Paulo.<\/p>\n<p>Nas conversas com os coletivos, a artista sempre perguntava \u201cPara onde foi Medeia depois de fugir com o av\u00f4?\u201d. Luciana conta que as mulheres geralmente levantavam experi\u00eancias pr\u00f3prias para especular o destino da personagem.<\/p>\n<p>As hist\u00f3rias revelaram muita opress\u00e3o, especialmente relacionadas \u00e0 maternidade.<\/p>\n<p>Surgiram temas como o cuidado dos filhos sempre relegado \u00e0s mulheres, a maternidade compuls\u00f3ria, o questionamento da necessidade de ser m\u00e3e sendo mulher, a maternagem, que seria cuidar de outras pessoas al\u00e9m de pais e filhos, e a nega\u00e7\u00e3o da pr\u00f3pria maternidade.<\/p>\n<p>A dramaturga tamb\u00e9m entrou em contato com a comunidade de Tejucupapo, na Zona da Mata Norte de Pernambuco. A comunidade tem um hist\u00f3rico de mulheres guerreiras, descendentes das hero\u00ednas de Tejucupapo, que lutaram com poucos recursos em 1646.<\/p>\n<p>Na regi\u00e3o, a artista ouviu o relato de uma mulher que matou os filhos para que n\u00e3o vivessem em uma estrutura de precariedade. Segundo Luciana Lyra, a mulher teve 17 filhos e matou sete.<\/p>\n<p>Dramaturga tamb\u00e9m fez pesquisas de campo no Equador e teve contato com mulheres de Montevid\u00e9u, no Uruguai, que discutiam o mito.<\/p>\n<p>Luciana observou muitas semelhan\u00e7as nas narrativas das mulheres do Brasil e de outros pa\u00edses da Am\u00e9rica Latina. Para ela, o que aproxima as mulheres latinas \u00e9 o fato de o continente estar em constante opress\u00e3o na defesa de seus recursos naturais e territ\u00f3rios.<\/p>\n<p>O espet\u00e1culo Medea depois do Sol est\u00e1 em cartaz no Sesc Ipiranga at\u00e9 29 de mar\u00e7o, com exibi\u00e7\u00f5es \u00e0s 21h30 nas sextas-feiras, e \u00e0s 18h30 nos s\u00e1bados e domingos. A pe\u00e7a tem a dura\u00e7\u00e3o de 60 minutos, com ingressos de R$ 15 a R$ 50. O Sesc Ipiranga fica na Rua Bom Pastor, 822, no Ipiranga, em S\u00e3o Paulo.<\/p>\n","protected":false},"excerpt":{"rendered":"<p>Qual foi o destino de Medeia ap\u00f3s desaparecer? A pergunta serviu de base para que a dramaturga Luciana Lyra escrevesse uma pe\u00e7a sobre maternidade, viol\u00eancia de g\u00eanero e explora\u00e7\u00e3o da natureza, que acaba de estrear no Sesc Ipiranga, em S\u00e3o Paulo. Medea depois do Sol, que entra em cartaz pr\u00f3ximo ao Dia Internacional da Mulher, [&hellip;]<\/p>\n","protected":false},"author":2,"featured_media":385968,"comment_status":"closed","ping_status":"closed","sticky":false,"template":"","format":"standard","meta":{"_acf_changed":false,"footnotes":""},"categories":[155],"tags":[],"class_list":["post-385967","post","type-post","status-publish","format-standard","has-post-thumbnail","hentry","category-leitura-vip"],"acf":[],"yoast_head":"<!-- This site is optimized with the Yoast SEO plugin v27.2 - https:\/\/yoast.com\/product\/yoast-seo-wordpress\/ -->\n<title>Pe\u00e7a discute viol\u00eancia de g\u00eanero e maternidade - Notibras<\/title>\n<meta name=\"robots\" content=\"index, follow, max-snippet:-1, max-image-preview:large, max-video-preview:-1\" \/>\n<link rel=\"canonical\" href=\"https:\/\/www.notibras.com\/site\/peca-discute-violencia-de-genero-e-maternidade\/\" \/>\n<meta property=\"og:locale\" content=\"pt_BR\" \/>\n<meta property=\"og:type\" content=\"article\" \/>\n<meta property=\"og:title\" content=\"Pe\u00e7a discute viol\u00eancia de g\u00eanero e maternidade - Notibras\" \/>\n<meta property=\"og:description\" content=\"Qual foi o destino de Medeia ap\u00f3s desaparecer? A pergunta serviu de base para que a dramaturga Luciana Lyra escrevesse uma pe\u00e7a sobre maternidade, viol\u00eancia de g\u00eanero e explora\u00e7\u00e3o da natureza, que acaba de estrear no Sesc Ipiranga, em S\u00e3o Paulo. Medea depois do Sol, que entra em cartaz pr\u00f3ximo ao Dia Internacional da Mulher, [&hellip;]\" \/>\n<meta property=\"og:url\" content=\"https:\/\/www.notibras.com\/site\/peca-discute-violencia-de-genero-e-maternidade\/\" \/>\n<meta property=\"og:site_name\" content=\"Notibras\" \/>\n<meta property=\"article:publisher\" content=\"https:\/\/www.facebook.com\/notibras\/\" \/>\n<meta property=\"article:published_time\" content=\"2026-03-07T11:20:59+00:00\" \/>\n<meta property=\"og:image\" content=\"https:\/\/www.notibras.com\/site\/wp-content\/uploads\/2026\/03\/medea2_copy.webp\" \/>\n\t<meta property=\"og:image:width\" content=\"1170\" \/>\n\t<meta property=\"og:image:height\" content=\"700\" \/>\n\t<meta property=\"og:image:type\" content=\"image\/webp\" \/>\n<meta name=\"author\" content=\"Reda\u00e7\u00e3o\" \/>\n<meta name=\"twitter:card\" content=\"summary_large_image\" \/>\n<meta name=\"twitter:creator\" content=\"@Notibras\" \/>\n<meta name=\"twitter:site\" content=\"@Notibras\" \/>\n<meta name=\"twitter:label1\" content=\"Escrito por\" \/>\n\t<meta name=\"twitter:data1\" content=\"Reda\u00e7\u00e3o\" \/>\n\t<meta name=\"twitter:label2\" content=\"Est. tempo de leitura\" \/>\n\t<meta name=\"twitter:data2\" content=\"5 minutos\" \/>\n<script type=\"application\/ld+json\" class=\"yoast-schema-graph\">{\"@context\":\"https:\/\/schema.org\",\"@graph\":[{\"@type\":\"Article\",\"@id\":\"https:\/\/www.notibras.com\/site\/peca-discute-violencia-de-genero-e-maternidade\/#article\",\"isPartOf\":{\"@id\":\"https:\/\/www.notibras.com\/site\/peca-discute-violencia-de-genero-e-maternidade\/\"},\"author\":{\"name\":\"Reda\u00e7\u00e3o\",\"@id\":\"https:\/\/www.notibras.com\/site\/#\/schema\/person\/36ab0979449956132d3e5b517ea76ac8\"},\"headline\":\"Pe\u00e7a discute viol\u00eancia de g\u00eanero e maternidade\",\"datePublished\":\"2026-03-07T11:20:59+00:00\",\"mainEntityOfPage\":{\"@id\":\"https:\/\/www.notibras.com\/site\/peca-discute-violencia-de-genero-e-maternidade\/\"},\"wordCount\":797,\"publisher\":{\"@id\":\"https:\/\/www.notibras.com\/site\/#organization\"},\"image\":{\"@id\":\"https:\/\/www.notibras.com\/site\/peca-discute-violencia-de-genero-e-maternidade\/#primaryimage\"},\"thumbnailUrl\":\"https:\/\/www.notibras.com\/site\/wp-content\/uploads\/2026\/03\/medea2_copy.webp\",\"articleSection\":[\"Leitura Vip\"],\"inLanguage\":\"pt-BR\"},{\"@type\":\"WebPage\",\"@id\":\"https:\/\/www.notibras.com\/site\/peca-discute-violencia-de-genero-e-maternidade\/\",\"url\":\"https:\/\/www.notibras.com\/site\/peca-discute-violencia-de-genero-e-maternidade\/\",\"name\":\"Pe\u00e7a discute viol\u00eancia de g\u00eanero e maternidade - Notibras\",\"isPartOf\":{\"@id\":\"https:\/\/www.notibras.com\/site\/#website\"},\"primaryImageOfPage\":{\"@id\":\"https:\/\/www.notibras.com\/site\/peca-discute-violencia-de-genero-e-maternidade\/#primaryimage\"},\"image\":{\"@id\":\"https:\/\/www.notibras.com\/site\/peca-discute-violencia-de-genero-e-maternidade\/#primaryimage\"},\"thumbnailUrl\":\"https:\/\/www.notibras.com\/site\/wp-content\/uploads\/2026\/03\/medea2_copy.webp\",\"datePublished\":\"2026-03-07T11:20:59+00:00\",\"breadcrumb\":{\"@id\":\"https:\/\/www.notibras.com\/site\/peca-discute-violencia-de-genero-e-maternidade\/#breadcrumb\"},\"inLanguage\":\"pt-BR\",\"potentialAction\":[{\"@type\":\"ReadAction\",\"target\":[\"https:\/\/www.notibras.com\/site\/peca-discute-violencia-de-genero-e-maternidade\/\"]}]},{\"@type\":\"ImageObject\",\"inLanguage\":\"pt-BR\",\"@id\":\"https:\/\/www.notibras.com\/site\/peca-discute-violencia-de-genero-e-maternidade\/#primaryimage\",\"url\":\"https:\/\/www.notibras.com\/site\/wp-content\/uploads\/2026\/03\/medea2_copy.webp\",\"contentUrl\":\"https:\/\/www.notibras.com\/site\/wp-content\/uploads\/2026\/03\/medea2_copy.webp\",\"width\":1170,\"height\":700},{\"@type\":\"BreadcrumbList\",\"@id\":\"https:\/\/www.notibras.com\/site\/peca-discute-violencia-de-genero-e-maternidade\/#breadcrumb\",\"itemListElement\":[{\"@type\":\"ListItem\",\"position\":1,\"name\":\"In\u00edcio\",\"item\":\"https:\/\/www.notibras.com\/site\/\"},{\"@type\":\"ListItem\",\"position\":2,\"name\":\"Pe\u00e7a discute viol\u00eancia de g\u00eanero e maternidade\"}]},{\"@type\":\"WebSite\",\"@id\":\"https:\/\/www.notibras.com\/site\/#website\",\"url\":\"https:\/\/www.notibras.com\/site\/\",\"name\":\"Notibras\",\"description\":\"Not\u00edcias de Bras\u00edlia, do Brasil e do Mundo\",\"publisher\":{\"@id\":\"https:\/\/www.notibras.com\/site\/#organization\"},\"potentialAction\":[{\"@type\":\"SearchAction\",\"target\":{\"@type\":\"EntryPoint\",\"urlTemplate\":\"https:\/\/www.notibras.com\/site\/?s={search_term_string}\"},\"query-input\":{\"@type\":\"PropertyValueSpecification\",\"valueRequired\":true,\"valueName\":\"search_term_string\"}}],\"inLanguage\":\"pt-BR\"},{\"@type\":\"Organization\",\"@id\":\"https:\/\/www.notibras.com\/site\/#organization\",\"name\":\"Grupo Notibras de Comunica\u00e7\u00e3o\",\"url\":\"https:\/\/www.notibras.com\/site\/\",\"logo\":{\"@type\":\"ImageObject\",\"inLanguage\":\"pt-BR\",\"@id\":\"https:\/\/www.notibras.com\/site\/#\/schema\/logo\/image\/\",\"url\":\"https:\/\/www.notibras.com\/site\/wp-content\/uploads\/2023\/01\/notibras23.png\",\"contentUrl\":\"https:\/\/www.notibras.com\/site\/wp-content\/uploads\/2023\/01\/notibras23.png\",\"width\":350,\"height\":87,\"caption\":\"Grupo Notibras de Comunica\u00e7\u00e3o\"},\"image\":{\"@id\":\"https:\/\/www.notibras.com\/site\/#\/schema\/logo\/image\/\"},\"sameAs\":[\"https:\/\/www.facebook.com\/notibras\/\",\"https:\/\/x.com\/Notibras\",\"https:\/\/www.instagram.com\/notibras\/\"]},{\"@type\":\"Person\",\"@id\":\"https:\/\/www.notibras.com\/site\/#\/schema\/person\/36ab0979449956132d3e5b517ea76ac8\",\"name\":\"Reda\u00e7\u00e3o\",\"image\":{\"@type\":\"ImageObject\",\"inLanguage\":\"pt-BR\",\"@id\":\"https:\/\/secure.gravatar.com\/avatar\/e0a867bdedb85fd243eadf09663511f96fc81e0720a4a42581f334ad4303aa6b?s=96&d=mm&r=g\",\"url\":\"https:\/\/secure.gravatar.com\/avatar\/e0a867bdedb85fd243eadf09663511f96fc81e0720a4a42581f334ad4303aa6b?s=96&d=mm&r=g\",\"contentUrl\":\"https:\/\/secure.gravatar.com\/avatar\/e0a867bdedb85fd243eadf09663511f96fc81e0720a4a42581f334ad4303aa6b?s=96&d=mm&r=g\",\"caption\":\"Reda\u00e7\u00e3o\"}}]}<\/script>\n<!-- \/ Yoast SEO plugin. -->","yoast_head_json":{"title":"Pe\u00e7a discute viol\u00eancia de g\u00eanero e maternidade - Notibras","robots":{"index":"index","follow":"follow","max-snippet":"max-snippet:-1","max-image-preview":"max-image-preview:large","max-video-preview":"max-video-preview:-1"},"canonical":"https:\/\/www.notibras.com\/site\/peca-discute-violencia-de-genero-e-maternidade\/","og_locale":"pt_BR","og_type":"article","og_title":"Pe\u00e7a discute viol\u00eancia de g\u00eanero e maternidade - Notibras","og_description":"Qual foi o destino de Medeia ap\u00f3s desaparecer? A pergunta serviu de base para que a dramaturga Luciana Lyra escrevesse uma pe\u00e7a sobre maternidade, viol\u00eancia de g\u00eanero e explora\u00e7\u00e3o da natureza, que acaba de estrear no Sesc Ipiranga, em S\u00e3o Paulo. Medea depois do Sol, que entra em cartaz pr\u00f3ximo ao Dia Internacional da Mulher, [&hellip;]","og_url":"https:\/\/www.notibras.com\/site\/peca-discute-violencia-de-genero-e-maternidade\/","og_site_name":"Notibras","article_publisher":"https:\/\/www.facebook.com\/notibras\/","article_published_time":"2026-03-07T11:20:59+00:00","og_image":[{"width":1170,"height":700,"url":"https:\/\/www.notibras.com\/site\/wp-content\/uploads\/2026\/03\/medea2_copy.webp","type":"image\/webp"}],"author":"Reda\u00e7\u00e3o","twitter_card":"summary_large_image","twitter_creator":"@Notibras","twitter_site":"@Notibras","twitter_misc":{"Escrito por":"Reda\u00e7\u00e3o","Est. tempo de leitura":"5 minutos"},"schema":{"@context":"https:\/\/schema.org","@graph":[{"@type":"Article","@id":"https:\/\/www.notibras.com\/site\/peca-discute-violencia-de-genero-e-maternidade\/#article","isPartOf":{"@id":"https:\/\/www.notibras.com\/site\/peca-discute-violencia-de-genero-e-maternidade\/"},"author":{"name":"Reda\u00e7\u00e3o","@id":"https:\/\/www.notibras.com\/site\/#\/schema\/person\/36ab0979449956132d3e5b517ea76ac8"},"headline":"Pe\u00e7a discute viol\u00eancia de g\u00eanero e maternidade","datePublished":"2026-03-07T11:20:59+00:00","mainEntityOfPage":{"@id":"https:\/\/www.notibras.com\/site\/peca-discute-violencia-de-genero-e-maternidade\/"},"wordCount":797,"publisher":{"@id":"https:\/\/www.notibras.com\/site\/#organization"},"image":{"@id":"https:\/\/www.notibras.com\/site\/peca-discute-violencia-de-genero-e-maternidade\/#primaryimage"},"thumbnailUrl":"https:\/\/www.notibras.com\/site\/wp-content\/uploads\/2026\/03\/medea2_copy.webp","articleSection":["Leitura Vip"],"inLanguage":"pt-BR"},{"@type":"WebPage","@id":"https:\/\/www.notibras.com\/site\/peca-discute-violencia-de-genero-e-maternidade\/","url":"https:\/\/www.notibras.com\/site\/peca-discute-violencia-de-genero-e-maternidade\/","name":"Pe\u00e7a discute viol\u00eancia de g\u00eanero e maternidade - Notibras","isPartOf":{"@id":"https:\/\/www.notibras.com\/site\/#website"},"primaryImageOfPage":{"@id":"https:\/\/www.notibras.com\/site\/peca-discute-violencia-de-genero-e-maternidade\/#primaryimage"},"image":{"@id":"https:\/\/www.notibras.com\/site\/peca-discute-violencia-de-genero-e-maternidade\/#primaryimage"},"thumbnailUrl":"https:\/\/www.notibras.com\/site\/wp-content\/uploads\/2026\/03\/medea2_copy.webp","datePublished":"2026-03-07T11:20:59+00:00","breadcrumb":{"@id":"https:\/\/www.notibras.com\/site\/peca-discute-violencia-de-genero-e-maternidade\/#breadcrumb"},"inLanguage":"pt-BR","potentialAction":[{"@type":"ReadAction","target":["https:\/\/www.notibras.com\/site\/peca-discute-violencia-de-genero-e-maternidade\/"]}]},{"@type":"ImageObject","inLanguage":"pt-BR","@id":"https:\/\/www.notibras.com\/site\/peca-discute-violencia-de-genero-e-maternidade\/#primaryimage","url":"https:\/\/www.notibras.com\/site\/wp-content\/uploads\/2026\/03\/medea2_copy.webp","contentUrl":"https:\/\/www.notibras.com\/site\/wp-content\/uploads\/2026\/03\/medea2_copy.webp","width":1170,"height":700},{"@type":"BreadcrumbList","@id":"https:\/\/www.notibras.com\/site\/peca-discute-violencia-de-genero-e-maternidade\/#breadcrumb","itemListElement":[{"@type":"ListItem","position":1,"name":"In\u00edcio","item":"https:\/\/www.notibras.com\/site\/"},{"@type":"ListItem","position":2,"name":"Pe\u00e7a discute viol\u00eancia de g\u00eanero e maternidade"}]},{"@type":"WebSite","@id":"https:\/\/www.notibras.com\/site\/#website","url":"https:\/\/www.notibras.com\/site\/","name":"Notibras","description":"Not\u00edcias de Bras\u00edlia, do Brasil e do Mundo","publisher":{"@id":"https:\/\/www.notibras.com\/site\/#organization"},"potentialAction":[{"@type":"SearchAction","target":{"@type":"EntryPoint","urlTemplate":"https:\/\/www.notibras.com\/site\/?s={search_term_string}"},"query-input":{"@type":"PropertyValueSpecification","valueRequired":true,"valueName":"search_term_string"}}],"inLanguage":"pt-BR"},{"@type":"Organization","@id":"https:\/\/www.notibras.com\/site\/#organization","name":"Grupo Notibras de Comunica\u00e7\u00e3o","url":"https:\/\/www.notibras.com\/site\/","logo":{"@type":"ImageObject","inLanguage":"pt-BR","@id":"https:\/\/www.notibras.com\/site\/#\/schema\/logo\/image\/","url":"https:\/\/www.notibras.com\/site\/wp-content\/uploads\/2023\/01\/notibras23.png","contentUrl":"https:\/\/www.notibras.com\/site\/wp-content\/uploads\/2023\/01\/notibras23.png","width":350,"height":87,"caption":"Grupo Notibras de Comunica\u00e7\u00e3o"},"image":{"@id":"https:\/\/www.notibras.com\/site\/#\/schema\/logo\/image\/"},"sameAs":["https:\/\/www.facebook.com\/notibras\/","https:\/\/x.com\/Notibras","https:\/\/www.instagram.com\/notibras\/"]},{"@type":"Person","@id":"https:\/\/www.notibras.com\/site\/#\/schema\/person\/36ab0979449956132d3e5b517ea76ac8","name":"Reda\u00e7\u00e3o","image":{"@type":"ImageObject","inLanguage":"pt-BR","@id":"https:\/\/secure.gravatar.com\/avatar\/e0a867bdedb85fd243eadf09663511f96fc81e0720a4a42581f334ad4303aa6b?s=96&d=mm&r=g","url":"https:\/\/secure.gravatar.com\/avatar\/e0a867bdedb85fd243eadf09663511f96fc81e0720a4a42581f334ad4303aa6b?s=96&d=mm&r=g","contentUrl":"https:\/\/secure.gravatar.com\/avatar\/e0a867bdedb85fd243eadf09663511f96fc81e0720a4a42581f334ad4303aa6b?s=96&d=mm&r=g","caption":"Reda\u00e7\u00e3o"}}]}},"amp_enabled":true,"_links":{"self":[{"href":"https:\/\/www.notibras.com\/site\/wp-json\/wp\/v2\/posts\/385967","targetHints":{"allow":["GET"]}}],"collection":[{"href":"https:\/\/www.notibras.com\/site\/wp-json\/wp\/v2\/posts"}],"about":[{"href":"https:\/\/www.notibras.com\/site\/wp-json\/wp\/v2\/types\/post"}],"author":[{"embeddable":true,"href":"https:\/\/www.notibras.com\/site\/wp-json\/wp\/v2\/users\/2"}],"replies":[{"embeddable":true,"href":"https:\/\/www.notibras.com\/site\/wp-json\/wp\/v2\/comments?post=385967"}],"version-history":[{"count":1,"href":"https:\/\/www.notibras.com\/site\/wp-json\/wp\/v2\/posts\/385967\/revisions"}],"predecessor-version":[{"id":385969,"href":"https:\/\/www.notibras.com\/site\/wp-json\/wp\/v2\/posts\/385967\/revisions\/385969"}],"wp:featuredmedia":[{"embeddable":true,"href":"https:\/\/www.notibras.com\/site\/wp-json\/wp\/v2\/media\/385968"}],"wp:attachment":[{"href":"https:\/\/www.notibras.com\/site\/wp-json\/wp\/v2\/media?parent=385967"}],"wp:term":[{"taxonomy":"category","embeddable":true,"href":"https:\/\/www.notibras.com\/site\/wp-json\/wp\/v2\/categories?post=385967"},{"taxonomy":"post_tag","embeddable":true,"href":"https:\/\/www.notibras.com\/site\/wp-json\/wp\/v2\/tags?post=385967"}],"curies":[{"name":"wp","href":"https:\/\/api.w.org\/{rel}","templated":true}]}}