{"id":385973,"date":"2026-03-07T10:16:00","date_gmt":"2026-03-07T13:16:00","guid":{"rendered":"https:\/\/www.notibras.com\/site\/?p=385973"},"modified":"2026-03-07T10:18:14","modified_gmt":"2026-03-07T13:18:14","slug":"missil-de-israel-mata-familia-no-libano","status":"publish","type":"post","link":"https:\/\/www.notibras.com\/site\/missil-de-israel-mata-familia-no-libano\/","title":{"rendered":"M\u00edssil de Israel mata fam\u00edlia no L\u00edbano"},"content":{"rendered":"<p>Um ataque israelense realizado ao amanhecer deste s\u00e1bado, 7, na cidade de Chmistar, no distrito de Baalbek, no L\u00edbano, matou seis pessoas, incluindo quatro crian\u00e7as e uma mulher, anunciou o Minist\u00e9rio da Sa\u00fade liban\u00eas.<\/p>\n<p>Chmistar fica a 13 quil\u00f4metros de Nabi Chit, o principal alvo da opera\u00e7\u00e3o de comando conduzida por Israel durante a noite, que deixou 41 mortos e 40 feridos.<\/p>\n<p>De acordo com a Ag\u00eancia Nacional de Not\u00edcias Libanesa (NNA), uma fam\u00edlia inteira \u2014 os pais e seus quatro filhos \u2014 morreu no ataque a Chmistar; eles haviam fugido do bombardeio de Baalbek.<\/p>\n<p>Durante a madrugada, tr\u00eas soldados e v\u00e1rios civis foram mortos nos intensos bombardeios relacionados a uma opera\u00e7\u00e3o de comandos israelenses no leste do L\u00edbano para recuperar os restos mortais do piloto Ron Arad, desaparecido em 1986. O corpo de Ron Arad n\u00e3o foi encontrado no local.<\/p>\n<p>Essa opera\u00e7\u00e3o israelense levou a trocas de tiros entre as for\u00e7as inimigas e moradores locais em Nabi Chit, segundo um comunicado militar.<\/p>\n","protected":false},"excerpt":{"rendered":"<p>Um ataque israelense realizado ao amanhecer deste s\u00e1bado, 7, na cidade de Chmistar, no distrito de Baalbek, no L\u00edbano, matou seis pessoas, incluindo quatro crian\u00e7as e uma mulher, anunciou o Minist\u00e9rio da Sa\u00fade liban\u00eas. Chmistar fica a 13 quil\u00f4metros de Nabi Chit, o principal alvo da opera\u00e7\u00e3o de comando conduzida por Israel durante a noite, [&hellip;]<\/p>\n","protected":false},"author":2,"featured_media":385974,"comment_status":"closed","ping_status":"closed","sticky":false,"template":"","format":"standard","meta":{"_acf_changed":false,"footnotes":""},"categories":[159],"tags":[95],"class_list":["post-385973","post","type-post","status-publish","format-standard","has-post-thumbnail","hentry","category-apocalipse","tag-capa"],"acf":[],"yoast_head":"<!-- This site is optimized with the Yoast SEO plugin v27.2 - https:\/\/yoast.com\/product\/yoast-seo-wordpress\/ -->\n<title>M\u00edssil de Israel mata fam\u00edlia no L\u00edbano - Notibras<\/title>\n<meta name=\"robots\" content=\"index, follow, max-snippet:-1, max-image-preview:large, max-video-preview:-1\" \/>\n<link rel=\"canonical\" href=\"https:\/\/www.notibras.com\/site\/missil-de-israel-mata-familia-no-libano\/\" \/>\n<meta property=\"og:locale\" content=\"pt_BR\" \/>\n<meta property=\"og:type\" content=\"article\" \/>\n<meta property=\"og:title\" content=\"M\u00edssil de Israel mata fam\u00edlia no L\u00edbano - Notibras\" \/>\n<meta property=\"og:description\" content=\"Um ataque israelense realizado ao amanhecer deste s\u00e1bado, 7, na cidade de Chmistar, no distrito de Baalbek, no L\u00edbano, matou seis pessoas, incluindo quatro crian\u00e7as e uma mulher, anunciou o Minist\u00e9rio da Sa\u00fade liban\u00eas. Chmistar fica a 13 quil\u00f4metros de Nabi Chit, o principal alvo da opera\u00e7\u00e3o de comando conduzida por Israel durante a noite, [&hellip;]\" \/>\n<meta property=\"og:url\" content=\"https:\/\/www.notibras.com\/site\/missil-de-israel-mata-familia-no-libano\/\" \/>\n<meta property=\"og:site_name\" content=\"Notibras\" \/>\n<meta property=\"article:publisher\" content=\"https:\/\/www.facebook.com\/notibras\/\" \/>\n<meta property=\"article:published_time\" content=\"2026-03-07T13:16:00+00:00\" \/>\n<meta property=\"article:modified_time\" content=\"2026-03-07T13:18:14+00:00\" \/>\n<meta name=\"author\" content=\"Reda\u00e7\u00e3o\" \/>\n<meta name=\"twitter:card\" content=\"summary_large_image\" \/>\n<meta name=\"twitter:creator\" content=\"@Notibras\" \/>\n<meta name=\"twitter:site\" content=\"@Notibras\" \/>\n<meta name=\"twitter:label1\" content=\"Escrito por\" \/>\n\t<meta name=\"twitter:data1\" content=\"Reda\u00e7\u00e3o\" \/>\n\t<meta name=\"twitter:label2\" content=\"Est. tempo de leitura\" \/>\n\t<meta name=\"twitter:data2\" content=\"2 minutos\" \/>\n<script type=\"application\/ld+json\" class=\"yoast-schema-graph\">{\"@context\":\"https:\/\/schema.org\",\"@graph\":[{\"@type\":\"Article\",\"@id\":\"https:\/\/www.notibras.com\/site\/missil-de-israel-mata-familia-no-libano\/#article\",\"isPartOf\":{\"@id\":\"https:\/\/www.notibras.com\/site\/missil-de-israel-mata-familia-no-libano\/\"},\"author\":{\"name\":\"Reda\u00e7\u00e3o\",\"@id\":\"https:\/\/www.notibras.com\/site\/#\/schema\/person\/36ab0979449956132d3e5b517ea76ac8\"},\"headline\":\"M\u00edssil de Israel mata fam\u00edlia no L\u00edbano\",\"datePublished\":\"2026-03-07T13:16:00+00:00\",\"dateModified\":\"2026-03-07T13:18:14+00:00\",\"mainEntityOfPage\":{\"@id\":\"https:\/\/www.notibras.com\/site\/missil-de-israel-mata-familia-no-libano\/\"},\"wordCount\":184,\"publisher\":{\"@id\":\"https:\/\/www.notibras.com\/site\/#organization\"},\"image\":{\"@id\":\"https:\/\/www.notibras.com\/site\/missil-de-israel-mata-familia-no-libano\/#primaryimage\"},\"thumbnailUrl\":\"https:\/\/www.notibras.com\/site\/wp-content\/uploads\/2026\/03\/guerra.nabi_.avif\",\"keywords\":[\"capa\"],\"articleSection\":[\"Apocalipse\"],\"inLanguage\":\"pt-BR\"},{\"@type\":\"WebPage\",\"@id\":\"https:\/\/www.notibras.com\/site\/missil-de-israel-mata-familia-no-libano\/\",\"url\":\"https:\/\/www.notibras.com\/site\/missil-de-israel-mata-familia-no-libano\/\",\"name\":\"M\u00edssil de Israel mata fam\u00edlia no L\u00edbano - Notibras\",\"isPartOf\":{\"@id\":\"https:\/\/www.notibras.com\/site\/#website\"},\"primaryImageOfPage\":{\"@id\":\"https:\/\/www.notibras.com\/site\/missil-de-israel-mata-familia-no-libano\/#primaryimage\"},\"image\":{\"@id\":\"https:\/\/www.notibras.com\/site\/missil-de-israel-mata-familia-no-libano\/#primaryimage\"},\"thumbnailUrl\":\"https:\/\/www.notibras.com\/site\/wp-content\/uploads\/2026\/03\/guerra.nabi_.avif\",\"datePublished\":\"2026-03-07T13:16:00+00:00\",\"dateModified\":\"2026-03-07T13:18:14+00:00\",\"breadcrumb\":{\"@id\":\"https:\/\/www.notibras.com\/site\/missil-de-israel-mata-familia-no-libano\/#breadcrumb\"},\"inLanguage\":\"pt-BR\",\"potentialAction\":[{\"@type\":\"ReadAction\",\"target\":[\"https:\/\/www.notibras.com\/site\/missil-de-israel-mata-familia-no-libano\/\"]}]},{\"@type\":\"ImageObject\",\"inLanguage\":\"pt-BR\",\"@id\":\"https:\/\/www.notibras.com\/site\/missil-de-israel-mata-familia-no-libano\/#primaryimage\",\"url\":\"https:\/\/www.notibras.com\/site\/wp-content\/uploads\/2026\/03\/guerra.nabi_.avif\",\"contentUrl\":\"https:\/\/www.notibras.com\/site\/wp-content\/uploads\/2026\/03\/guerra.nabi_.avif\",\"width\":497,\"height\":331},{\"@type\":\"BreadcrumbList\",\"@id\":\"https:\/\/www.notibras.com\/site\/missil-de-israel-mata-familia-no-libano\/#breadcrumb\",\"itemListElement\":[{\"@type\":\"ListItem\",\"position\":1,\"name\":\"In\u00edcio\",\"item\":\"https:\/\/www.notibras.com\/site\/\"},{\"@type\":\"ListItem\",\"position\":2,\"name\":\"M\u00edssil de Israel mata fam\u00edlia no L\u00edbano\"}]},{\"@type\":\"WebSite\",\"@id\":\"https:\/\/www.notibras.com\/site\/#website\",\"url\":\"https:\/\/www.notibras.com\/site\/\",\"name\":\"Notibras\",\"description\":\"Not\u00edcias de Bras\u00edlia, do Brasil e do Mundo\",\"publisher\":{\"@id\":\"https:\/\/www.notibras.com\/site\/#organization\"},\"potentialAction\":[{\"@type\":\"SearchAction\",\"target\":{\"@type\":\"EntryPoint\",\"urlTemplate\":\"https:\/\/www.notibras.com\/site\/?s={search_term_string}\"},\"query-input\":{\"@type\":\"PropertyValueSpecification\",\"valueRequired\":true,\"valueName\":\"search_term_string\"}}],\"inLanguage\":\"pt-BR\"},{\"@type\":\"Organization\",\"@id\":\"https:\/\/www.notibras.com\/site\/#organization\",\"name\":\"Grupo Notibras de Comunica\u00e7\u00e3o\",\"url\":\"https:\/\/www.notibras.com\/site\/\",\"logo\":{\"@type\":\"ImageObject\",\"inLanguage\":\"pt-BR\",\"@id\":\"https:\/\/www.notibras.com\/site\/#\/schema\/logo\/image\/\",\"url\":\"https:\/\/www.notibras.com\/site\/wp-content\/uploads\/2023\/01\/notibras23.png\",\"contentUrl\":\"https:\/\/www.notibras.com\/site\/wp-content\/uploads\/2023\/01\/notibras23.png\",\"width\":350,\"height\":87,\"caption\":\"Grupo Notibras de Comunica\u00e7\u00e3o\"},\"image\":{\"@id\":\"https:\/\/www.notibras.com\/site\/#\/schema\/logo\/image\/\"},\"sameAs\":[\"https:\/\/www.facebook.com\/notibras\/\",\"https:\/\/x.com\/Notibras\",\"https:\/\/www.instagram.com\/notibras\/\"]},{\"@type\":\"Person\",\"@id\":\"https:\/\/www.notibras.com\/site\/#\/schema\/person\/36ab0979449956132d3e5b517ea76ac8\",\"name\":\"Reda\u00e7\u00e3o\",\"image\":{\"@type\":\"ImageObject\",\"inLanguage\":\"pt-BR\",\"@id\":\"https:\/\/secure.gravatar.com\/avatar\/e0a867bdedb85fd243eadf09663511f96fc81e0720a4a42581f334ad4303aa6b?s=96&d=mm&r=g\",\"url\":\"https:\/\/secure.gravatar.com\/avatar\/e0a867bdedb85fd243eadf09663511f96fc81e0720a4a42581f334ad4303aa6b?s=96&d=mm&r=g\",\"contentUrl\":\"https:\/\/secure.gravatar.com\/avatar\/e0a867bdedb85fd243eadf09663511f96fc81e0720a4a42581f334ad4303aa6b?s=96&d=mm&r=g\",\"caption\":\"Reda\u00e7\u00e3o\"}}]}<\/script>\n<!-- \/ Yoast SEO plugin. -->","yoast_head_json":{"title":"M\u00edssil de Israel mata fam\u00edlia no L\u00edbano - Notibras","robots":{"index":"index","follow":"follow","max-snippet":"max-snippet:-1","max-image-preview":"max-image-preview:large","max-video-preview":"max-video-preview:-1"},"canonical":"https:\/\/www.notibras.com\/site\/missil-de-israel-mata-familia-no-libano\/","og_locale":"pt_BR","og_type":"article","og_title":"M\u00edssil de Israel mata fam\u00edlia no L\u00edbano - Notibras","og_description":"Um ataque israelense realizado ao amanhecer deste s\u00e1bado, 7, na cidade de Chmistar, no distrito de Baalbek, no L\u00edbano, matou seis pessoas, incluindo quatro crian\u00e7as e uma mulher, anunciou o Minist\u00e9rio da Sa\u00fade liban\u00eas. Chmistar fica a 13 quil\u00f4metros de Nabi Chit, o principal alvo da opera\u00e7\u00e3o de comando conduzida por Israel durante a noite, [&hellip;]","og_url":"https:\/\/www.notibras.com\/site\/missil-de-israel-mata-familia-no-libano\/","og_site_name":"Notibras","article_publisher":"https:\/\/www.facebook.com\/notibras\/","article_published_time":"2026-03-07T13:16:00+00:00","article_modified_time":"2026-03-07T13:18:14+00:00","author":"Reda\u00e7\u00e3o","twitter_card":"summary_large_image","twitter_creator":"@Notibras","twitter_site":"@Notibras","twitter_misc":{"Escrito por":"Reda\u00e7\u00e3o","Est. tempo de leitura":"2 minutos"},"schema":{"@context":"https:\/\/schema.org","@graph":[{"@type":"Article","@id":"https:\/\/www.notibras.com\/site\/missil-de-israel-mata-familia-no-libano\/#article","isPartOf":{"@id":"https:\/\/www.notibras.com\/site\/missil-de-israel-mata-familia-no-libano\/"},"author":{"name":"Reda\u00e7\u00e3o","@id":"https:\/\/www.notibras.com\/site\/#\/schema\/person\/36ab0979449956132d3e5b517ea76ac8"},"headline":"M\u00edssil de Israel mata fam\u00edlia no L\u00edbano","datePublished":"2026-03-07T13:16:00+00:00","dateModified":"2026-03-07T13:18:14+00:00","mainEntityOfPage":{"@id":"https:\/\/www.notibras.com\/site\/missil-de-israel-mata-familia-no-libano\/"},"wordCount":184,"publisher":{"@id":"https:\/\/www.notibras.com\/site\/#organization"},"image":{"@id":"https:\/\/www.notibras.com\/site\/missil-de-israel-mata-familia-no-libano\/#primaryimage"},"thumbnailUrl":"https:\/\/www.notibras.com\/site\/wp-content\/uploads\/2026\/03\/guerra.nabi_.avif","keywords":["capa"],"articleSection":["Apocalipse"],"inLanguage":"pt-BR"},{"@type":"WebPage","@id":"https:\/\/www.notibras.com\/site\/missil-de-israel-mata-familia-no-libano\/","url":"https:\/\/www.notibras.com\/site\/missil-de-israel-mata-familia-no-libano\/","name":"M\u00edssil de Israel mata fam\u00edlia no L\u00edbano - Notibras","isPartOf":{"@id":"https:\/\/www.notibras.com\/site\/#website"},"primaryImageOfPage":{"@id":"https:\/\/www.notibras.com\/site\/missil-de-israel-mata-familia-no-libano\/#primaryimage"},"image":{"@id":"https:\/\/www.notibras.com\/site\/missil-de-israel-mata-familia-no-libano\/#primaryimage"},"thumbnailUrl":"https:\/\/www.notibras.com\/site\/wp-content\/uploads\/2026\/03\/guerra.nabi_.avif","datePublished":"2026-03-07T13:16:00+00:00","dateModified":"2026-03-07T13:18:14+00:00","breadcrumb":{"@id":"https:\/\/www.notibras.com\/site\/missil-de-israel-mata-familia-no-libano\/#breadcrumb"},"inLanguage":"pt-BR","potentialAction":[{"@type":"ReadAction","target":["https:\/\/www.notibras.com\/site\/missil-de-israel-mata-familia-no-libano\/"]}]},{"@type":"ImageObject","inLanguage":"pt-BR","@id":"https:\/\/www.notibras.com\/site\/missil-de-israel-mata-familia-no-libano\/#primaryimage","url":"https:\/\/www.notibras.com\/site\/wp-content\/uploads\/2026\/03\/guerra.nabi_.avif","contentUrl":"https:\/\/www.notibras.com\/site\/wp-content\/uploads\/2026\/03\/guerra.nabi_.avif","width":497,"height":331},{"@type":"BreadcrumbList","@id":"https:\/\/www.notibras.com\/site\/missil-de-israel-mata-familia-no-libano\/#breadcrumb","itemListElement":[{"@type":"ListItem","position":1,"name":"In\u00edcio","item":"https:\/\/www.notibras.com\/site\/"},{"@type":"ListItem","position":2,"name":"M\u00edssil de Israel mata fam\u00edlia no L\u00edbano"}]},{"@type":"WebSite","@id":"https:\/\/www.notibras.com\/site\/#website","url":"https:\/\/www.notibras.com\/site\/","name":"Notibras","description":"Not\u00edcias de Bras\u00edlia, do Brasil e do Mundo","publisher":{"@id":"https:\/\/www.notibras.com\/site\/#organization"},"potentialAction":[{"@type":"SearchAction","target":{"@type":"EntryPoint","urlTemplate":"https:\/\/www.notibras.com\/site\/?s={search_term_string}"},"query-input":{"@type":"PropertyValueSpecification","valueRequired":true,"valueName":"search_term_string"}}],"inLanguage":"pt-BR"},{"@type":"Organization","@id":"https:\/\/www.notibras.com\/site\/#organization","name":"Grupo Notibras de Comunica\u00e7\u00e3o","url":"https:\/\/www.notibras.com\/site\/","logo":{"@type":"ImageObject","inLanguage":"pt-BR","@id":"https:\/\/www.notibras.com\/site\/#\/schema\/logo\/image\/","url":"https:\/\/www.notibras.com\/site\/wp-content\/uploads\/2023\/01\/notibras23.png","contentUrl":"https:\/\/www.notibras.com\/site\/wp-content\/uploads\/2023\/01\/notibras23.png","width":350,"height":87,"caption":"Grupo Notibras de Comunica\u00e7\u00e3o"},"image":{"@id":"https:\/\/www.notibras.com\/site\/#\/schema\/logo\/image\/"},"sameAs":["https:\/\/www.facebook.com\/notibras\/","https:\/\/x.com\/Notibras","https:\/\/www.instagram.com\/notibras\/"]},{"@type":"Person","@id":"https:\/\/www.notibras.com\/site\/#\/schema\/person\/36ab0979449956132d3e5b517ea76ac8","name":"Reda\u00e7\u00e3o","image":{"@type":"ImageObject","inLanguage":"pt-BR","@id":"https:\/\/secure.gravatar.com\/avatar\/e0a867bdedb85fd243eadf09663511f96fc81e0720a4a42581f334ad4303aa6b?s=96&d=mm&r=g","url":"https:\/\/secure.gravatar.com\/avatar\/e0a867bdedb85fd243eadf09663511f96fc81e0720a4a42581f334ad4303aa6b?s=96&d=mm&r=g","contentUrl":"https:\/\/secure.gravatar.com\/avatar\/e0a867bdedb85fd243eadf09663511f96fc81e0720a4a42581f334ad4303aa6b?s=96&d=mm&r=g","caption":"Reda\u00e7\u00e3o"}}]}},"amp_enabled":true,"_links":{"self":[{"href":"https:\/\/www.notibras.com\/site\/wp-json\/wp\/v2\/posts\/385973","targetHints":{"allow":["GET"]}}],"collection":[{"href":"https:\/\/www.notibras.com\/site\/wp-json\/wp\/v2\/posts"}],"about":[{"href":"https:\/\/www.notibras.com\/site\/wp-json\/wp\/v2\/types\/post"}],"author":[{"embeddable":true,"href":"https:\/\/www.notibras.com\/site\/wp-json\/wp\/v2\/users\/2"}],"replies":[{"embeddable":true,"href":"https:\/\/www.notibras.com\/site\/wp-json\/wp\/v2\/comments?post=385973"}],"version-history":[{"count":4,"href":"https:\/\/www.notibras.com\/site\/wp-json\/wp\/v2\/posts\/385973\/revisions"}],"predecessor-version":[{"id":385978,"href":"https:\/\/www.notibras.com\/site\/wp-json\/wp\/v2\/posts\/385973\/revisions\/385978"}],"wp:featuredmedia":[{"embeddable":true,"href":"https:\/\/www.notibras.com\/site\/wp-json\/wp\/v2\/media\/385974"}],"wp:attachment":[{"href":"https:\/\/www.notibras.com\/site\/wp-json\/wp\/v2\/media?parent=385973"}],"wp:term":[{"taxonomy":"category","embeddable":true,"href":"https:\/\/www.notibras.com\/site\/wp-json\/wp\/v2\/categories?post=385973"},{"taxonomy":"post_tag","embeddable":true,"href":"https:\/\/www.notibras.com\/site\/wp-json\/wp\/v2\/tags?post=385973"}],"curies":[{"name":"wp","href":"https:\/\/api.w.org\/{rel}","templated":true}]}}