{"id":385979,"date":"2026-03-08T00:05:30","date_gmt":"2026-03-08T03:05:30","guid":{"rendered":"https:\/\/www.notibras.com\/site\/?p=385979"},"modified":"2026-03-07T10:39:10","modified_gmt":"2026-03-07T13:39:10","slug":"8-de-marco-quando-matam-uma-mulher-o-mundo-perde-futuro","status":"publish","type":"post","link":"https:\/\/www.notibras.com\/site\/8-de-marco-quando-matam-uma-mulher-o-mundo-perde-futuro\/","title":{"rendered":"8 DE MAR\u00c7O: QUANDO MATAM UMA MULHER, O MUNDO PERDE FUTURO"},"content":{"rendered":"<p>H\u00e1 algo de profundamente contradit\u00f3rio no modo como o mundo celebra o Dia Internacional da Mulher. Multiplicam-se flores, homenagens institucionais e discursos apressados sobre for\u00e7a feminina. Mas, fora dos palcos simb\u00f3licos, a realidade permanece atravessada por uma pergunta inc\u00f4moda: o que significa celebrar mulheres em uma sociedade onde tantas ainda precisam lutar simplesmente para permanecer vivas?<\/p>\n<p>Ser mulher nunca foi uma experi\u00eancia simples. \u00c9 uma condi\u00e7\u00e3o marcada por ambival\u00eancias. H\u00e1 dores que nascem da desigualdade, da viol\u00eancia e das estruturas que historicamente tentaram restringir nossa presen\u00e7a no mundo p\u00fablico. Mas h\u00e1 tamb\u00e9m alegrias profundas: a capacidade de criar redes, produzir conhecimento, transformar espa\u00e7os, reinventar a pr\u00f3pria vida quando tudo parece desmoronar.<\/p>\n<p>Ser mulher \u00e9, ao mesmo tempo, carregar o peso de s\u00e9culos de exclus\u00e3o e a pot\u00eancia de quem constantemente reorganiza o mundo ao seu redor.<\/p>\n<p>A fil\u00f3sofa Simone de Beauvoir escreveu que ningu\u00e9m nasce mulher, torna-se mulher. A frase, muitas vezes repetida, continua radical porque revela algo essencial: a condi\u00e7\u00e3o feminina \u00e9 produzida socialmente. Ela \u00e9 moldada por expectativas, normas e rela\u00e7\u00f5es de poder. O que chamamos de \u201cser mulher\u201d \u00e9 resultado de uma hist\u00f3ria longa de disputas pol\u00edticas, culturais e simb\u00f3licas.<\/p>\n<p>Essa hist\u00f3ria, no entanto, tamb\u00e9m \u00e9 marcada por viol\u00eancia. No Brasil e em muitos outros lugares, mulheres continuam sendo assassinadas justamente por serem mulheres. Cada feminic\u00eddio n\u00e3o \u00e9 apenas uma trag\u00e9dia individual; \u00e9 um sintoma de uma ordem social que ainda considera os corpos femininos dispon\u00edveis para controle, puni\u00e7\u00e3o ou elimina\u00e7\u00e3o.<\/p>\n<p>Quando uma mulher \u00e9 morta, n\u00e3o se interrompe apenas uma vida. Interrompe-se uma rede de rela\u00e7\u00f5es, afetos e possibilidades. Destr\u00f3i-se uma mem\u00f3ria em constru\u00e7\u00e3o, um projeto de futuro, uma presen\u00e7a que organizava o cotidiano de outras pessoas.<\/p>\n<p>Mas h\u00e1 algo ainda mais profundo nessa perda.<\/p>\n<p>A pensadora Vandana Shiva argumenta que as formas de domina\u00e7\u00e3o que exploram a natureza s\u00e3o historicamente conectadas \u00e0s formas de domina\u00e7\u00e3o que exploram as mulheres. Ambas derivam de uma l\u00f3gica que transforma vida em recurso, exist\u00eancia em objeto. Quando essa l\u00f3gica se radicaliza, ela destr\u00f3i simultaneamente corpos femininos e ecossistemas.<\/p>\n<p>N\u00e3o \u00e9 coincid\u00eancia que muitas das lutas contempor\u00e2neas pela preserva\u00e7\u00e3o da vida ambiental, social ou comunit\u00e1ria sejam protagonizadas por mulheres. Em diferentes partes do mundo, s\u00e3o elas que organizam redes de cuidado, resist\u00eancia e sobreviv\u00eancia.<\/p>\n<p>Matar mulheres, portanto, n\u00e3o \u00e9 apenas eliminar indiv\u00edduos. \u00c9 fragilizar as estruturas invis\u00edveis que sustentam a vida cotidiana. \u00c9 produzir desertos sociais onde antes existiam v\u00ednculos.<\/p>\n<p>Por isso o 8 de mar\u00e7o n\u00e3o pode ser reduzido a uma data comemorativa. Ele \u00e9 um momento de mem\u00f3ria, de den\u00fancia e de imagina\u00e7\u00e3o pol\u00edtica. Um convite para perguntar que tipo de mundo estamos construindo quando metade da humanidade ainda precisa lutar para existir com dignidade.<\/p>\n<p>Ser mulher \u00e9 atravessar dores reais. Mas tamb\u00e9m \u00e9 carregar uma capacidade extraordin\u00e1ria de reconstru\u00e7\u00e3o. A cada gera\u00e7\u00e3o, mulheres transformam perdas em linguagem, sil\u00eancio em pensamento, exclus\u00e3o em movimento pol\u00edtico.<\/p>\n<p>Talvez seja justamente essa capacidade que assuste estruturas de poder: a capacidade de continuar criando vida social, cultural, intelectual mesmo quando tentam nos apagar.<\/p>\n<p>Se h\u00e1 algo que o 8 de mar\u00e7o deveria nos lembrar, \u00e9 que a exist\u00eancia das mulheres nunca foi apenas uma quest\u00e3o privada. Ela \u00e9 uma quest\u00e3o civilizat\u00f3ria.<\/p>\n<p>Porque quando matam uma mulher, n\u00e3o matam apenas um corpo.<\/p>\n<p>Diminui-se o mundo.<\/p>\n<p>\u2026\u2026\u2026\u2026\u2026\u2026\u2026..<\/p>\n<p><strong>Emanuelle Nascimento, colaboradora do Caf\u00e9 Liter\u00e1rio, al\u00e9m de escrever textos para outras editorias de Notibras<\/strong><\/p>\n","protected":false},"excerpt":{"rendered":"<p>H\u00e1 algo de profundamente contradit\u00f3rio no modo como o mundo celebra o Dia Internacional da Mulher. Multiplicam-se flores, homenagens institucionais e discursos apressados sobre for\u00e7a feminina. Mas, fora dos palcos simb\u00f3licos, a realidade permanece atravessada por uma pergunta inc\u00f4moda: o que significa celebrar mulheres em uma sociedade onde tantas ainda precisam lutar simplesmente para permanecer [&hellip;]<\/p>\n","protected":false},"author":21,"featured_media":385981,"comment_status":"closed","ping_status":"closed","sticky":false,"template":"","format":"standard","meta":{"_acf_changed":false,"footnotes":""},"categories":[234],"tags":[],"class_list":["post-385979","post","type-post","status-publish","format-standard","has-post-thumbnail","hentry","category-cafe-literario"],"acf":[],"yoast_head":"<!-- This site is optimized with the Yoast SEO plugin v27.2 - https:\/\/yoast.com\/product\/yoast-seo-wordpress\/ -->\n<title>8 DE MAR\u00c7O: QUANDO MATAM UMA MULHER, O MUNDO PERDE FUTURO - Notibras<\/title>\n<meta name=\"robots\" content=\"index, follow, max-snippet:-1, max-image-preview:large, max-video-preview:-1\" \/>\n<link rel=\"canonical\" href=\"https:\/\/www.notibras.com\/site\/8-de-marco-quando-matam-uma-mulher-o-mundo-perde-futuro\/\" \/>\n<meta property=\"og:locale\" content=\"pt_BR\" \/>\n<meta property=\"og:type\" content=\"article\" \/>\n<meta property=\"og:title\" content=\"8 DE MAR\u00c7O: QUANDO MATAM UMA MULHER, O MUNDO PERDE FUTURO - Notibras\" \/>\n<meta property=\"og:description\" content=\"H\u00e1 algo de profundamente contradit\u00f3rio no modo como o mundo celebra o Dia Internacional da Mulher. Multiplicam-se flores, homenagens institucionais e discursos apressados sobre for\u00e7a feminina. Mas, fora dos palcos simb\u00f3licos, a realidade permanece atravessada por uma pergunta inc\u00f4moda: o que significa celebrar mulheres em uma sociedade onde tantas ainda precisam lutar simplesmente para permanecer [&hellip;]\" \/>\n<meta property=\"og:url\" content=\"https:\/\/www.notibras.com\/site\/8-de-marco-quando-matam-uma-mulher-o-mundo-perde-futuro\/\" \/>\n<meta property=\"og:site_name\" content=\"Notibras\" \/>\n<meta property=\"article:publisher\" content=\"https:\/\/www.facebook.com\/notibras\/\" \/>\n<meta property=\"article:published_time\" content=\"2026-03-08T03:05:30+00:00\" \/>\n<meta property=\"og:image\" content=\"https:\/\/www.notibras.com\/site\/wp-content\/uploads\/2026\/03\/WhatsApp-Image-2026-03-07-at-10.29.03.jpeg\" \/>\n\t<meta property=\"og:image:width\" content=\"544\" \/>\n\t<meta property=\"og:image:height\" content=\"555\" \/>\n\t<meta property=\"og:image:type\" content=\"image\/jpeg\" \/>\n<meta name=\"author\" content=\"Eduardo Mart\u00ednez\" \/>\n<meta name=\"twitter:card\" content=\"summary_large_image\" \/>\n<meta name=\"twitter:creator\" content=\"@Notibras\" \/>\n<meta name=\"twitter:site\" content=\"@Notibras\" \/>\n<meta name=\"twitter:label1\" content=\"Escrito por\" \/>\n\t<meta name=\"twitter:data1\" content=\"Eduardo Mart\u00ednez\" \/>\n\t<meta name=\"twitter:label2\" content=\"Est. tempo de leitura\" \/>\n\t<meta name=\"twitter:data2\" content=\"4 minutos\" \/>\n<script type=\"application\/ld+json\" class=\"yoast-schema-graph\">{\"@context\":\"https:\/\/schema.org\",\"@graph\":[{\"@type\":\"Article\",\"@id\":\"https:\/\/www.notibras.com\/site\/8-de-marco-quando-matam-uma-mulher-o-mundo-perde-futuro\/#article\",\"isPartOf\":{\"@id\":\"https:\/\/www.notibras.com\/site\/8-de-marco-quando-matam-uma-mulher-o-mundo-perde-futuro\/\"},\"author\":{\"name\":\"Eduardo Mart\u00ednez\",\"@id\":\"https:\/\/www.notibras.com\/site\/#\/schema\/person\/5b7fabf2aedc3ada2105f03b22b4d3dd\"},\"headline\":\"8 DE MAR\u00c7O: QUANDO MATAM UMA MULHER, O MUNDO PERDE FUTURO\",\"datePublished\":\"2026-03-08T03:05:30+00:00\",\"mainEntityOfPage\":{\"@id\":\"https:\/\/www.notibras.com\/site\/8-de-marco-quando-matam-uma-mulher-o-mundo-perde-futuro\/\"},\"wordCount\":626,\"publisher\":{\"@id\":\"https:\/\/www.notibras.com\/site\/#organization\"},\"image\":{\"@id\":\"https:\/\/www.notibras.com\/site\/8-de-marco-quando-matam-uma-mulher-o-mundo-perde-futuro\/#primaryimage\"},\"thumbnailUrl\":\"https:\/\/www.notibras.com\/site\/wp-content\/uploads\/2026\/03\/WhatsApp-Image-2026-03-07-at-10.29.03.jpeg\",\"articleSection\":[\"Caf\u00e9 Liter\u00e1rio\"],\"inLanguage\":\"pt-BR\"},{\"@type\":\"WebPage\",\"@id\":\"https:\/\/www.notibras.com\/site\/8-de-marco-quando-matam-uma-mulher-o-mundo-perde-futuro\/\",\"url\":\"https:\/\/www.notibras.com\/site\/8-de-marco-quando-matam-uma-mulher-o-mundo-perde-futuro\/\",\"name\":\"8 DE MAR\u00c7O: QUANDO MATAM UMA MULHER, O MUNDO PERDE FUTURO - Notibras\",\"isPartOf\":{\"@id\":\"https:\/\/www.notibras.com\/site\/#website\"},\"primaryImageOfPage\":{\"@id\":\"https:\/\/www.notibras.com\/site\/8-de-marco-quando-matam-uma-mulher-o-mundo-perde-futuro\/#primaryimage\"},\"image\":{\"@id\":\"https:\/\/www.notibras.com\/site\/8-de-marco-quando-matam-uma-mulher-o-mundo-perde-futuro\/#primaryimage\"},\"thumbnailUrl\":\"https:\/\/www.notibras.com\/site\/wp-content\/uploads\/2026\/03\/WhatsApp-Image-2026-03-07-at-10.29.03.jpeg\",\"datePublished\":\"2026-03-08T03:05:30+00:00\",\"breadcrumb\":{\"@id\":\"https:\/\/www.notibras.com\/site\/8-de-marco-quando-matam-uma-mulher-o-mundo-perde-futuro\/#breadcrumb\"},\"inLanguage\":\"pt-BR\",\"potentialAction\":[{\"@type\":\"ReadAction\",\"target\":[\"https:\/\/www.notibras.com\/site\/8-de-marco-quando-matam-uma-mulher-o-mundo-perde-futuro\/\"]}]},{\"@type\":\"ImageObject\",\"inLanguage\":\"pt-BR\",\"@id\":\"https:\/\/www.notibras.com\/site\/8-de-marco-quando-matam-uma-mulher-o-mundo-perde-futuro\/#primaryimage\",\"url\":\"https:\/\/www.notibras.com\/site\/wp-content\/uploads\/2026\/03\/WhatsApp-Image-2026-03-07-at-10.29.03.jpeg\",\"contentUrl\":\"https:\/\/www.notibras.com\/site\/wp-content\/uploads\/2026\/03\/WhatsApp-Image-2026-03-07-at-10.29.03.jpeg\",\"width\":544,\"height\":555},{\"@type\":\"BreadcrumbList\",\"@id\":\"https:\/\/www.notibras.com\/site\/8-de-marco-quando-matam-uma-mulher-o-mundo-perde-futuro\/#breadcrumb\",\"itemListElement\":[{\"@type\":\"ListItem\",\"position\":1,\"name\":\"In\u00edcio\",\"item\":\"https:\/\/www.notibras.com\/site\/\"},{\"@type\":\"ListItem\",\"position\":2,\"name\":\"8 DE MAR\u00c7O: QUANDO MATAM UMA MULHER, O MUNDO PERDE FUTURO\"}]},{\"@type\":\"WebSite\",\"@id\":\"https:\/\/www.notibras.com\/site\/#website\",\"url\":\"https:\/\/www.notibras.com\/site\/\",\"name\":\"Notibras\",\"description\":\"Not\u00edcias de Bras\u00edlia, do Brasil e do Mundo\",\"publisher\":{\"@id\":\"https:\/\/www.notibras.com\/site\/#organization\"},\"potentialAction\":[{\"@type\":\"SearchAction\",\"target\":{\"@type\":\"EntryPoint\",\"urlTemplate\":\"https:\/\/www.notibras.com\/site\/?s={search_term_string}\"},\"query-input\":{\"@type\":\"PropertyValueSpecification\",\"valueRequired\":true,\"valueName\":\"search_term_string\"}}],\"inLanguage\":\"pt-BR\"},{\"@type\":\"Organization\",\"@id\":\"https:\/\/www.notibras.com\/site\/#organization\",\"name\":\"Grupo Notibras de Comunica\u00e7\u00e3o\",\"url\":\"https:\/\/www.notibras.com\/site\/\",\"logo\":{\"@type\":\"ImageObject\",\"inLanguage\":\"pt-BR\",\"@id\":\"https:\/\/www.notibras.com\/site\/#\/schema\/logo\/image\/\",\"url\":\"https:\/\/www.notibras.com\/site\/wp-content\/uploads\/2023\/01\/notibras23.png\",\"contentUrl\":\"https:\/\/www.notibras.com\/site\/wp-content\/uploads\/2023\/01\/notibras23.png\",\"width\":350,\"height\":87,\"caption\":\"Grupo Notibras de Comunica\u00e7\u00e3o\"},\"image\":{\"@id\":\"https:\/\/www.notibras.com\/site\/#\/schema\/logo\/image\/\"},\"sameAs\":[\"https:\/\/www.facebook.com\/notibras\/\",\"https:\/\/x.com\/Notibras\",\"https:\/\/www.instagram.com\/notibras\/\"]},{\"@type\":\"Person\",\"@id\":\"https:\/\/www.notibras.com\/site\/#\/schema\/person\/5b7fabf2aedc3ada2105f03b22b4d3dd\",\"name\":\"Eduardo Mart\u00ednez\",\"image\":{\"@type\":\"ImageObject\",\"inLanguage\":\"pt-BR\",\"@id\":\"https:\/\/secure.gravatar.com\/avatar\/7902f906289926289cbcda644b5197c796b893c6ffd7b9a536a42d290f7704a0?s=96&d=mm&r=g\",\"url\":\"https:\/\/secure.gravatar.com\/avatar\/7902f906289926289cbcda644b5197c796b893c6ffd7b9a536a42d290f7704a0?s=96&d=mm&r=g\",\"contentUrl\":\"https:\/\/secure.gravatar.com\/avatar\/7902f906289926289cbcda644b5197c796b893c6ffd7b9a536a42d290f7704a0?s=96&d=mm&r=g\",\"caption\":\"Eduardo Mart\u00ednez\"}}]}<\/script>\n<!-- \/ Yoast SEO plugin. -->","yoast_head_json":{"title":"8 DE MAR\u00c7O: QUANDO MATAM UMA MULHER, O MUNDO PERDE FUTURO - Notibras","robots":{"index":"index","follow":"follow","max-snippet":"max-snippet:-1","max-image-preview":"max-image-preview:large","max-video-preview":"max-video-preview:-1"},"canonical":"https:\/\/www.notibras.com\/site\/8-de-marco-quando-matam-uma-mulher-o-mundo-perde-futuro\/","og_locale":"pt_BR","og_type":"article","og_title":"8 DE MAR\u00c7O: QUANDO MATAM UMA MULHER, O MUNDO PERDE FUTURO - Notibras","og_description":"H\u00e1 algo de profundamente contradit\u00f3rio no modo como o mundo celebra o Dia Internacional da Mulher. Multiplicam-se flores, homenagens institucionais e discursos apressados sobre for\u00e7a feminina. Mas, fora dos palcos simb\u00f3licos, a realidade permanece atravessada por uma pergunta inc\u00f4moda: o que significa celebrar mulheres em uma sociedade onde tantas ainda precisam lutar simplesmente para permanecer [&hellip;]","og_url":"https:\/\/www.notibras.com\/site\/8-de-marco-quando-matam-uma-mulher-o-mundo-perde-futuro\/","og_site_name":"Notibras","article_publisher":"https:\/\/www.facebook.com\/notibras\/","article_published_time":"2026-03-08T03:05:30+00:00","og_image":[{"width":544,"height":555,"url":"https:\/\/www.notibras.com\/site\/wp-content\/uploads\/2026\/03\/WhatsApp-Image-2026-03-07-at-10.29.03.jpeg","type":"image\/jpeg"}],"author":"Eduardo Mart\u00ednez","twitter_card":"summary_large_image","twitter_creator":"@Notibras","twitter_site":"@Notibras","twitter_misc":{"Escrito por":"Eduardo Mart\u00ednez","Est. tempo de leitura":"4 minutos"},"schema":{"@context":"https:\/\/schema.org","@graph":[{"@type":"Article","@id":"https:\/\/www.notibras.com\/site\/8-de-marco-quando-matam-uma-mulher-o-mundo-perde-futuro\/#article","isPartOf":{"@id":"https:\/\/www.notibras.com\/site\/8-de-marco-quando-matam-uma-mulher-o-mundo-perde-futuro\/"},"author":{"name":"Eduardo Mart\u00ednez","@id":"https:\/\/www.notibras.com\/site\/#\/schema\/person\/5b7fabf2aedc3ada2105f03b22b4d3dd"},"headline":"8 DE MAR\u00c7O: QUANDO MATAM UMA MULHER, O MUNDO PERDE FUTURO","datePublished":"2026-03-08T03:05:30+00:00","mainEntityOfPage":{"@id":"https:\/\/www.notibras.com\/site\/8-de-marco-quando-matam-uma-mulher-o-mundo-perde-futuro\/"},"wordCount":626,"publisher":{"@id":"https:\/\/www.notibras.com\/site\/#organization"},"image":{"@id":"https:\/\/www.notibras.com\/site\/8-de-marco-quando-matam-uma-mulher-o-mundo-perde-futuro\/#primaryimage"},"thumbnailUrl":"https:\/\/www.notibras.com\/site\/wp-content\/uploads\/2026\/03\/WhatsApp-Image-2026-03-07-at-10.29.03.jpeg","articleSection":["Caf\u00e9 Liter\u00e1rio"],"inLanguage":"pt-BR"},{"@type":"WebPage","@id":"https:\/\/www.notibras.com\/site\/8-de-marco-quando-matam-uma-mulher-o-mundo-perde-futuro\/","url":"https:\/\/www.notibras.com\/site\/8-de-marco-quando-matam-uma-mulher-o-mundo-perde-futuro\/","name":"8 DE MAR\u00c7O: QUANDO MATAM UMA MULHER, O MUNDO PERDE FUTURO - Notibras","isPartOf":{"@id":"https:\/\/www.notibras.com\/site\/#website"},"primaryImageOfPage":{"@id":"https:\/\/www.notibras.com\/site\/8-de-marco-quando-matam-uma-mulher-o-mundo-perde-futuro\/#primaryimage"},"image":{"@id":"https:\/\/www.notibras.com\/site\/8-de-marco-quando-matam-uma-mulher-o-mundo-perde-futuro\/#primaryimage"},"thumbnailUrl":"https:\/\/www.notibras.com\/site\/wp-content\/uploads\/2026\/03\/WhatsApp-Image-2026-03-07-at-10.29.03.jpeg","datePublished":"2026-03-08T03:05:30+00:00","breadcrumb":{"@id":"https:\/\/www.notibras.com\/site\/8-de-marco-quando-matam-uma-mulher-o-mundo-perde-futuro\/#breadcrumb"},"inLanguage":"pt-BR","potentialAction":[{"@type":"ReadAction","target":["https:\/\/www.notibras.com\/site\/8-de-marco-quando-matam-uma-mulher-o-mundo-perde-futuro\/"]}]},{"@type":"ImageObject","inLanguage":"pt-BR","@id":"https:\/\/www.notibras.com\/site\/8-de-marco-quando-matam-uma-mulher-o-mundo-perde-futuro\/#primaryimage","url":"https:\/\/www.notibras.com\/site\/wp-content\/uploads\/2026\/03\/WhatsApp-Image-2026-03-07-at-10.29.03.jpeg","contentUrl":"https:\/\/www.notibras.com\/site\/wp-content\/uploads\/2026\/03\/WhatsApp-Image-2026-03-07-at-10.29.03.jpeg","width":544,"height":555},{"@type":"BreadcrumbList","@id":"https:\/\/www.notibras.com\/site\/8-de-marco-quando-matam-uma-mulher-o-mundo-perde-futuro\/#breadcrumb","itemListElement":[{"@type":"ListItem","position":1,"name":"In\u00edcio","item":"https:\/\/www.notibras.com\/site\/"},{"@type":"ListItem","position":2,"name":"8 DE MAR\u00c7O: QUANDO MATAM UMA MULHER, O MUNDO PERDE FUTURO"}]},{"@type":"WebSite","@id":"https:\/\/www.notibras.com\/site\/#website","url":"https:\/\/www.notibras.com\/site\/","name":"Notibras","description":"Not\u00edcias de Bras\u00edlia, do Brasil e do Mundo","publisher":{"@id":"https:\/\/www.notibras.com\/site\/#organization"},"potentialAction":[{"@type":"SearchAction","target":{"@type":"EntryPoint","urlTemplate":"https:\/\/www.notibras.com\/site\/?s={search_term_string}"},"query-input":{"@type":"PropertyValueSpecification","valueRequired":true,"valueName":"search_term_string"}}],"inLanguage":"pt-BR"},{"@type":"Organization","@id":"https:\/\/www.notibras.com\/site\/#organization","name":"Grupo Notibras de Comunica\u00e7\u00e3o","url":"https:\/\/www.notibras.com\/site\/","logo":{"@type":"ImageObject","inLanguage":"pt-BR","@id":"https:\/\/www.notibras.com\/site\/#\/schema\/logo\/image\/","url":"https:\/\/www.notibras.com\/site\/wp-content\/uploads\/2023\/01\/notibras23.png","contentUrl":"https:\/\/www.notibras.com\/site\/wp-content\/uploads\/2023\/01\/notibras23.png","width":350,"height":87,"caption":"Grupo Notibras de Comunica\u00e7\u00e3o"},"image":{"@id":"https:\/\/www.notibras.com\/site\/#\/schema\/logo\/image\/"},"sameAs":["https:\/\/www.facebook.com\/notibras\/","https:\/\/x.com\/Notibras","https:\/\/www.instagram.com\/notibras\/"]},{"@type":"Person","@id":"https:\/\/www.notibras.com\/site\/#\/schema\/person\/5b7fabf2aedc3ada2105f03b22b4d3dd","name":"Eduardo Mart\u00ednez","image":{"@type":"ImageObject","inLanguage":"pt-BR","@id":"https:\/\/secure.gravatar.com\/avatar\/7902f906289926289cbcda644b5197c796b893c6ffd7b9a536a42d290f7704a0?s=96&d=mm&r=g","url":"https:\/\/secure.gravatar.com\/avatar\/7902f906289926289cbcda644b5197c796b893c6ffd7b9a536a42d290f7704a0?s=96&d=mm&r=g","contentUrl":"https:\/\/secure.gravatar.com\/avatar\/7902f906289926289cbcda644b5197c796b893c6ffd7b9a536a42d290f7704a0?s=96&d=mm&r=g","caption":"Eduardo Mart\u00ednez"}}]}},"amp_enabled":true,"_links":{"self":[{"href":"https:\/\/www.notibras.com\/site\/wp-json\/wp\/v2\/posts\/385979","targetHints":{"allow":["GET"]}}],"collection":[{"href":"https:\/\/www.notibras.com\/site\/wp-json\/wp\/v2\/posts"}],"about":[{"href":"https:\/\/www.notibras.com\/site\/wp-json\/wp\/v2\/types\/post"}],"author":[{"embeddable":true,"href":"https:\/\/www.notibras.com\/site\/wp-json\/wp\/v2\/users\/21"}],"replies":[{"embeddable":true,"href":"https:\/\/www.notibras.com\/site\/wp-json\/wp\/v2\/comments?post=385979"}],"version-history":[{"count":1,"href":"https:\/\/www.notibras.com\/site\/wp-json\/wp\/v2\/posts\/385979\/revisions"}],"predecessor-version":[{"id":385982,"href":"https:\/\/www.notibras.com\/site\/wp-json\/wp\/v2\/posts\/385979\/revisions\/385982"}],"wp:featuredmedia":[{"embeddable":true,"href":"https:\/\/www.notibras.com\/site\/wp-json\/wp\/v2\/media\/385981"}],"wp:attachment":[{"href":"https:\/\/www.notibras.com\/site\/wp-json\/wp\/v2\/media?parent=385979"}],"wp:term":[{"taxonomy":"category","embeddable":true,"href":"https:\/\/www.notibras.com\/site\/wp-json\/wp\/v2\/categories?post=385979"},{"taxonomy":"post_tag","embeddable":true,"href":"https:\/\/www.notibras.com\/site\/wp-json\/wp\/v2\/tags?post=385979"}],"curies":[{"name":"wp","href":"https:\/\/api.w.org\/{rel}","templated":true}]}}