{"id":385985,"date":"2026-03-08T00:10:40","date_gmt":"2026-03-08T03:10:40","guid":{"rendered":"https:\/\/www.notibras.com\/site\/?p=385985"},"modified":"2026-03-08T01:37:05","modified_gmt":"2026-03-08T04:37:05","slug":"8-de-marco-dia-festivo-ou-dia-de-luta","status":"publish","type":"post","link":"https:\/\/www.notibras.com\/site\/8-de-marco-dia-festivo-ou-dia-de-luta\/","title":{"rendered":"8 de Mar\u00e7o&#8230; dia festivo ou dia de luta?"},"content":{"rendered":"<p>Dif\u00edcil pensar que se faz necess\u00e1rio criar um dia especial para homenagear quem quer que seja. Afinal, somos todos seres humanos e, como tal, n\u00e3o precisar\u00edamos de uma data espec\u00edfica para sermos lembradas. Mas infelizmente n\u00e3o \u00e9 isso o que acontece&#8230;<\/p>\n<p>Somos divididas em grupos, de acordo com uma classifica\u00e7\u00e3o determinada por n\u00e3o sabemos quem, mas que ainda nos dias atuais continua em voga. E nessa divis\u00e3o as mulheres sempre levaram a pior&#8230;<\/p>\n<p>Desde a mais tenra inf\u00e2ncia a mulher \u00e9 preparada para assumir os deveres do lar. Ela \u00e9 respons\u00e1vel por manter tudo na mais perfeita ordem&#8230; deve n\u00e3o s\u00f3 cuidar do espa\u00e7o f\u00edsico como tamb\u00e9m do bem-estar de todos que est\u00e3o sob sua guarda&#8230;<\/p>\n<p>N\u00e3o importa sua idade. No momento em que lhe \u00e9 entregue o fardo da Dona de Casa nada mais lhe resta, a n\u00e3o ser assumir o papel que lhe foi imposto. E tal e qual S\u00edsifo, sua luta para manter tudo como recebeu \u00e9 eterna. E muitas vezes sente-se frustrada por tornar-se quase invis\u00edvel aos olhos dos outros. Quase, porque quando algo n\u00e3o sai a contento, todos os dedos acusat\u00f3rios t\u00eam uma dire\u00e7\u00e3o certa a tomar&#8230;<\/p>\n<p>Se ela &#8220;n\u00e3o trabalha&#8221;&#8230; \u00e9 como falam da dona de casa que se dedica exclusivamente ao lar&#8230; toda a carga dom\u00e9stica cai em seus ombros. Mas, olha s\u00f3&#8230; poucos reconhecem sua dedica\u00e7\u00e3o \u00e0 fam\u00edlia. Exceto em dias especiais onde, invariavelmente, costumam ofertar-lhe presentes de grego&#8230; geralmente apetrechos para o lar&#8230;<\/p>\n<p>Se ela trabalha fora, isso n\u00e3o a isenta do cuidado do lar. Na maioria das vezes continua respons\u00e1vel pela manuten\u00e7\u00e3o de seu reduto. Ainda \u00e9 sua a obriga\u00e7\u00e3o de manter tudo funcionando perfeitamente. Continua respons\u00e1vel pelos filhos, pelo companheiro&#8230; ainda tem que cuidar da alimenta\u00e7\u00e3o de todos, de sua sa\u00fade&#8230; afinal, se algu\u00e9m ficar doente, adivinhe de quem ser\u00e1 a responsabilidade de ficar atenta na cabeceira do enfermo, at\u00e9 que este melhore? Adivinhou&#8230;<\/p>\n<p>Se quando ela cuidava somente da casa todo seu trabalho n\u00e3o era reconhecido, n\u00e3o \u00e9 porque passou a exercer uma atividade fora de seus dom\u00ednios que o reconhecimento veio coroar seu esfor\u00e7o&#8230; claro que n\u00e3o podemos generalizar, mas na maioria dos casos ela continua, sozinha, a responder pela administra\u00e7\u00e3o de seu lar&#8230;<\/p>\n<p>Mesmo quando h\u00e1 ajuda de seus pares, essa n\u00e3o \u00e9 completa. No fim das contas, precisa supervisionar tudo o que ocorre em seus dom\u00ednios&#8230; pois se algo n\u00e3o sair a contento ser\u00e1 ela a culpada por n\u00e3o ter cuidado de tudo como deveria&#8230; e n\u00e3o raro, precisar refazer algumas tarefas que foram delegadas a outros, mas que n\u00e3o foram executadas a contento&#8230;<\/p>\n<p>De uma maneira ou de outra ela acaba sendo penalizada por tudo que n\u00e3o sair conforme o desejado. N\u00e3o bastasse isso, \u00e9 vigiada 24 horas por dia, para que n\u00e3o cometa nenhum desatino que venha &#8220;manchar o bom nome da fam\u00edlia&#8221;&#8230; porque cabe a ela, e t\u00e3o somente a ela, &#8220;cuidar da moral e dos bons costumes&#8221; de seu seio familiar&#8230;<\/p>\n<p>Claro que muita coisa est\u00e1 mudando em nossa sociedade. Mas essas mudan\u00e7as caminham a passos lerdos, n\u00e3o acompanhando a din\u00e2mica do mundo. Em muitos lugares desse nosso mundo ca\u00f3tico os direitos das mulheres continuam n\u00e3o sendo respeitados. A mulher, em determinadas sociedades, \u00e9 tratada como descart\u00e1vel. Como algu\u00e9m que n\u00e3o tem nenhuma import\u00e2ncia&#8230;<\/p>\n<p>Mesmo no seio familiar de sociedades mais&#8230; avan\u00e7adas&#8230; a mulher ainda \u00e9 tratada como cidad\u00e3 de terceira classe. Sempre que h\u00e1 algum tipo de ocorr\u00eancia onde ela \u00e9 a v\u00edtima, tem que provar aos quatro ventos que nenhuma culpa lhe cabe pelo ocorrido&#8230; principalmente se tal aconteceu nos rec\u00f4nditos de seu lar&#8230;<\/p>\n<p>A luta feminina pela igualdade de direitos tem um hist\u00f3rico extenso. A ideia de uma comemora\u00e7\u00e3o anual para as mulheres surgiu em 20 de fevereiro de 1909 em Nova Iorque, quando o Partido Socialista da Am\u00e9rica organizou o Dia das Mulheres&#8230; uma jornada de manifesta\u00e7\u00e3o pela igualdade dos direitos civis e em favor do voto feminino&#8230;<\/p>\n<p>Depois de muitas lutas, passando por diversos pa\u00edses e situa\u00e7\u00f5es variadas, sempre levantando a bandeira dos direitos iguais, finalmente a ONU instituiu em 8 de mar\u00e7o de 1975 o Dia Internacional das Mulheres. Atualmente essa data \u00e9 comemorada em mais de cem pa\u00edses, como um dia de protesto por direitos&#8230;ou simplesmente a celebra\u00e7\u00e3o do feminino.<\/p>\n<p>Mas, mais que um dia para comemorar aquela que, mesmo sem pedir, ficou respons\u00e1vel pela base da sociedade, deve ser um dia de conscientiza\u00e7\u00e3o de todos&#8230; que os direitos da<\/p>\n<p>Mulher sejam respeitados realmente. E que o Dia Internacional da Mulher n\u00e3o seja s\u00f3 uma data para que lhe entreguem uma flor, como se isso apagasse todas as agress\u00f5es e constrangimentos que ela \u00e9 obrigada a enfrentar todos os outros dias&#8230;<\/p>\n<p><strong>&#8230;&#8230;&#8230;&#8230;<\/strong><\/p>\n<p><strong>Tania Miranda v\u00ea-se como uma soma de personagens. Escritora, entende a identidade como algo m\u00faltiplo, mut\u00e1vel e em permanente constru\u00e7\u00e3o.<\/strong><\/p>\n","protected":false},"excerpt":{"rendered":"<p>Dif\u00edcil pensar que se faz necess\u00e1rio criar um dia especial para homenagear quem quer que seja. Afinal, somos todos seres humanos e, como tal, n\u00e3o precisar\u00edamos de uma data espec\u00edfica para sermos lembradas. Mas infelizmente n\u00e3o \u00e9 isso o que acontece&#8230; Somos divididas em grupos, de acordo com uma classifica\u00e7\u00e3o determinada por n\u00e3o sabemos quem, [&hellip;]<\/p>\n","protected":false},"author":21,"featured_media":386088,"comment_status":"closed","ping_status":"closed","sticky":false,"template":"","format":"standard","meta":{"_acf_changed":false,"footnotes":""},"categories":[234],"tags":[],"class_list":["post-385985","post","type-post","status-publish","format-standard","has-post-thumbnail","hentry","category-cafe-literario"],"acf":[],"yoast_head":"<!-- This site is optimized with the Yoast SEO plugin v27.2 - https:\/\/yoast.com\/product\/yoast-seo-wordpress\/ -->\n<title>8 de Mar\u00e7o... dia festivo ou dia de luta? - Notibras<\/title>\n<meta name=\"robots\" content=\"index, follow, max-snippet:-1, max-image-preview:large, max-video-preview:-1\" \/>\n<link rel=\"canonical\" href=\"https:\/\/www.notibras.com\/site\/8-de-marco-dia-festivo-ou-dia-de-luta\/\" \/>\n<meta property=\"og:locale\" content=\"pt_BR\" \/>\n<meta property=\"og:type\" content=\"article\" \/>\n<meta property=\"og:title\" content=\"8 de Mar\u00e7o... dia festivo ou dia de luta? - Notibras\" \/>\n<meta property=\"og:description\" content=\"Dif\u00edcil pensar que se faz necess\u00e1rio criar um dia especial para homenagear quem quer que seja. Afinal, somos todos seres humanos e, como tal, n\u00e3o precisar\u00edamos de uma data espec\u00edfica para sermos lembradas. Mas infelizmente n\u00e3o \u00e9 isso o que acontece&#8230; Somos divididas em grupos, de acordo com uma classifica\u00e7\u00e3o determinada por n\u00e3o sabemos quem, [&hellip;]\" \/>\n<meta property=\"og:url\" content=\"https:\/\/www.notibras.com\/site\/8-de-marco-dia-festivo-ou-dia-de-luta\/\" \/>\n<meta property=\"og:site_name\" content=\"Notibras\" \/>\n<meta property=\"article:publisher\" content=\"https:\/\/www.facebook.com\/notibras\/\" \/>\n<meta property=\"article:published_time\" content=\"2026-03-08T03:10:40+00:00\" \/>\n<meta property=\"article:modified_time\" content=\"2026-03-08T04:37:05+00:00\" \/>\n<meta property=\"og:image\" content=\"https:\/\/www.notibras.com\/site\/wp-content\/uploads\/2026\/03\/IMG_1717.jpg\" \/>\n\t<meta property=\"og:image:width\" content=\"1170\" \/>\n\t<meta property=\"og:image:height\" content=\"1159\" \/>\n\t<meta property=\"og:image:type\" content=\"image\/jpeg\" \/>\n<meta name=\"author\" content=\"Eduardo Mart\u00ednez\" \/>\n<meta name=\"twitter:card\" content=\"summary_large_image\" \/>\n<meta name=\"twitter:creator\" content=\"@Notibras\" \/>\n<meta name=\"twitter:site\" content=\"@Notibras\" \/>\n<meta name=\"twitter:label1\" content=\"Escrito por\" \/>\n\t<meta name=\"twitter:data1\" content=\"Eduardo Mart\u00ednez\" \/>\n\t<meta name=\"twitter:label2\" content=\"Est. tempo de leitura\" \/>\n\t<meta name=\"twitter:data2\" content=\"5 minutos\" \/>\n<script type=\"application\/ld+json\" class=\"yoast-schema-graph\">{\"@context\":\"https:\/\/schema.org\",\"@graph\":[{\"@type\":\"Article\",\"@id\":\"https:\/\/www.notibras.com\/site\/8-de-marco-dia-festivo-ou-dia-de-luta\/#article\",\"isPartOf\":{\"@id\":\"https:\/\/www.notibras.com\/site\/8-de-marco-dia-festivo-ou-dia-de-luta\/\"},\"author\":{\"name\":\"Eduardo Mart\u00ednez\",\"@id\":\"https:\/\/www.notibras.com\/site\/#\/schema\/person\/5b7fabf2aedc3ada2105f03b22b4d3dd\"},\"headline\":\"8 de Mar\u00e7o&#8230; dia festivo ou dia de luta?\",\"datePublished\":\"2026-03-08T03:10:40+00:00\",\"dateModified\":\"2026-03-08T04:37:05+00:00\",\"mainEntityOfPage\":{\"@id\":\"https:\/\/www.notibras.com\/site\/8-de-marco-dia-festivo-ou-dia-de-luta\/\"},\"wordCount\":869,\"publisher\":{\"@id\":\"https:\/\/www.notibras.com\/site\/#organization\"},\"image\":{\"@id\":\"https:\/\/www.notibras.com\/site\/8-de-marco-dia-festivo-ou-dia-de-luta\/#primaryimage\"},\"thumbnailUrl\":\"https:\/\/www.notibras.com\/site\/wp-content\/uploads\/2026\/03\/IMG_1717.jpg\",\"articleSection\":[\"Caf\u00e9 Liter\u00e1rio\"],\"inLanguage\":\"pt-BR\"},{\"@type\":\"WebPage\",\"@id\":\"https:\/\/www.notibras.com\/site\/8-de-marco-dia-festivo-ou-dia-de-luta\/\",\"url\":\"https:\/\/www.notibras.com\/site\/8-de-marco-dia-festivo-ou-dia-de-luta\/\",\"name\":\"8 de Mar\u00e7o... dia festivo ou dia de luta? - Notibras\",\"isPartOf\":{\"@id\":\"https:\/\/www.notibras.com\/site\/#website\"},\"primaryImageOfPage\":{\"@id\":\"https:\/\/www.notibras.com\/site\/8-de-marco-dia-festivo-ou-dia-de-luta\/#primaryimage\"},\"image\":{\"@id\":\"https:\/\/www.notibras.com\/site\/8-de-marco-dia-festivo-ou-dia-de-luta\/#primaryimage\"},\"thumbnailUrl\":\"https:\/\/www.notibras.com\/site\/wp-content\/uploads\/2026\/03\/IMG_1717.jpg\",\"datePublished\":\"2026-03-08T03:10:40+00:00\",\"dateModified\":\"2026-03-08T04:37:05+00:00\",\"breadcrumb\":{\"@id\":\"https:\/\/www.notibras.com\/site\/8-de-marco-dia-festivo-ou-dia-de-luta\/#breadcrumb\"},\"inLanguage\":\"pt-BR\",\"potentialAction\":[{\"@type\":\"ReadAction\",\"target\":[\"https:\/\/www.notibras.com\/site\/8-de-marco-dia-festivo-ou-dia-de-luta\/\"]}]},{\"@type\":\"ImageObject\",\"inLanguage\":\"pt-BR\",\"@id\":\"https:\/\/www.notibras.com\/site\/8-de-marco-dia-festivo-ou-dia-de-luta\/#primaryimage\",\"url\":\"https:\/\/www.notibras.com\/site\/wp-content\/uploads\/2026\/03\/IMG_1717.jpg\",\"contentUrl\":\"https:\/\/www.notibras.com\/site\/wp-content\/uploads\/2026\/03\/IMG_1717.jpg\",\"width\":1170,\"height\":1159,\"caption\":\"Screenshot\"},{\"@type\":\"BreadcrumbList\",\"@id\":\"https:\/\/www.notibras.com\/site\/8-de-marco-dia-festivo-ou-dia-de-luta\/#breadcrumb\",\"itemListElement\":[{\"@type\":\"ListItem\",\"position\":1,\"name\":\"In\u00edcio\",\"item\":\"https:\/\/www.notibras.com\/site\/\"},{\"@type\":\"ListItem\",\"position\":2,\"name\":\"8 de Mar\u00e7o&#8230; dia festivo ou dia de luta?\"}]},{\"@type\":\"WebSite\",\"@id\":\"https:\/\/www.notibras.com\/site\/#website\",\"url\":\"https:\/\/www.notibras.com\/site\/\",\"name\":\"Notibras\",\"description\":\"Not\u00edcias de Bras\u00edlia, do Brasil e do Mundo\",\"publisher\":{\"@id\":\"https:\/\/www.notibras.com\/site\/#organization\"},\"potentialAction\":[{\"@type\":\"SearchAction\",\"target\":{\"@type\":\"EntryPoint\",\"urlTemplate\":\"https:\/\/www.notibras.com\/site\/?s={search_term_string}\"},\"query-input\":{\"@type\":\"PropertyValueSpecification\",\"valueRequired\":true,\"valueName\":\"search_term_string\"}}],\"inLanguage\":\"pt-BR\"},{\"@type\":\"Organization\",\"@id\":\"https:\/\/www.notibras.com\/site\/#organization\",\"name\":\"Grupo Notibras de Comunica\u00e7\u00e3o\",\"url\":\"https:\/\/www.notibras.com\/site\/\",\"logo\":{\"@type\":\"ImageObject\",\"inLanguage\":\"pt-BR\",\"@id\":\"https:\/\/www.notibras.com\/site\/#\/schema\/logo\/image\/\",\"url\":\"https:\/\/www.notibras.com\/site\/wp-content\/uploads\/2023\/01\/notibras23.png\",\"contentUrl\":\"https:\/\/www.notibras.com\/site\/wp-content\/uploads\/2023\/01\/notibras23.png\",\"width\":350,\"height\":87,\"caption\":\"Grupo Notibras de Comunica\u00e7\u00e3o\"},\"image\":{\"@id\":\"https:\/\/www.notibras.com\/site\/#\/schema\/logo\/image\/\"},\"sameAs\":[\"https:\/\/www.facebook.com\/notibras\/\",\"https:\/\/x.com\/Notibras\",\"https:\/\/www.instagram.com\/notibras\/\"]},{\"@type\":\"Person\",\"@id\":\"https:\/\/www.notibras.com\/site\/#\/schema\/person\/5b7fabf2aedc3ada2105f03b22b4d3dd\",\"name\":\"Eduardo Mart\u00ednez\",\"image\":{\"@type\":\"ImageObject\",\"inLanguage\":\"pt-BR\",\"@id\":\"https:\/\/secure.gravatar.com\/avatar\/7902f906289926289cbcda644b5197c796b893c6ffd7b9a536a42d290f7704a0?s=96&d=mm&r=g\",\"url\":\"https:\/\/secure.gravatar.com\/avatar\/7902f906289926289cbcda644b5197c796b893c6ffd7b9a536a42d290f7704a0?s=96&d=mm&r=g\",\"contentUrl\":\"https:\/\/secure.gravatar.com\/avatar\/7902f906289926289cbcda644b5197c796b893c6ffd7b9a536a42d290f7704a0?s=96&d=mm&r=g\",\"caption\":\"Eduardo Mart\u00ednez\"}}]}<\/script>\n<!-- \/ Yoast SEO plugin. -->","yoast_head_json":{"title":"8 de Mar\u00e7o... dia festivo ou dia de luta? - Notibras","robots":{"index":"index","follow":"follow","max-snippet":"max-snippet:-1","max-image-preview":"max-image-preview:large","max-video-preview":"max-video-preview:-1"},"canonical":"https:\/\/www.notibras.com\/site\/8-de-marco-dia-festivo-ou-dia-de-luta\/","og_locale":"pt_BR","og_type":"article","og_title":"8 de Mar\u00e7o... dia festivo ou dia de luta? - Notibras","og_description":"Dif\u00edcil pensar que se faz necess\u00e1rio criar um dia especial para homenagear quem quer que seja. Afinal, somos todos seres humanos e, como tal, n\u00e3o precisar\u00edamos de uma data espec\u00edfica para sermos lembradas. Mas infelizmente n\u00e3o \u00e9 isso o que acontece&#8230; Somos divididas em grupos, de acordo com uma classifica\u00e7\u00e3o determinada por n\u00e3o sabemos quem, [&hellip;]","og_url":"https:\/\/www.notibras.com\/site\/8-de-marco-dia-festivo-ou-dia-de-luta\/","og_site_name":"Notibras","article_publisher":"https:\/\/www.facebook.com\/notibras\/","article_published_time":"2026-03-08T03:10:40+00:00","article_modified_time":"2026-03-08T04:37:05+00:00","og_image":[{"width":1170,"height":1159,"url":"https:\/\/www.notibras.com\/site\/wp-content\/uploads\/2026\/03\/IMG_1717.jpg","type":"image\/jpeg"}],"author":"Eduardo Mart\u00ednez","twitter_card":"summary_large_image","twitter_creator":"@Notibras","twitter_site":"@Notibras","twitter_misc":{"Escrito por":"Eduardo Mart\u00ednez","Est. tempo de leitura":"5 minutos"},"schema":{"@context":"https:\/\/schema.org","@graph":[{"@type":"Article","@id":"https:\/\/www.notibras.com\/site\/8-de-marco-dia-festivo-ou-dia-de-luta\/#article","isPartOf":{"@id":"https:\/\/www.notibras.com\/site\/8-de-marco-dia-festivo-ou-dia-de-luta\/"},"author":{"name":"Eduardo Mart\u00ednez","@id":"https:\/\/www.notibras.com\/site\/#\/schema\/person\/5b7fabf2aedc3ada2105f03b22b4d3dd"},"headline":"8 de Mar\u00e7o&#8230; dia festivo ou dia de luta?","datePublished":"2026-03-08T03:10:40+00:00","dateModified":"2026-03-08T04:37:05+00:00","mainEntityOfPage":{"@id":"https:\/\/www.notibras.com\/site\/8-de-marco-dia-festivo-ou-dia-de-luta\/"},"wordCount":869,"publisher":{"@id":"https:\/\/www.notibras.com\/site\/#organization"},"image":{"@id":"https:\/\/www.notibras.com\/site\/8-de-marco-dia-festivo-ou-dia-de-luta\/#primaryimage"},"thumbnailUrl":"https:\/\/www.notibras.com\/site\/wp-content\/uploads\/2026\/03\/IMG_1717.jpg","articleSection":["Caf\u00e9 Liter\u00e1rio"],"inLanguage":"pt-BR"},{"@type":"WebPage","@id":"https:\/\/www.notibras.com\/site\/8-de-marco-dia-festivo-ou-dia-de-luta\/","url":"https:\/\/www.notibras.com\/site\/8-de-marco-dia-festivo-ou-dia-de-luta\/","name":"8 de Mar\u00e7o... dia festivo ou dia de luta? - Notibras","isPartOf":{"@id":"https:\/\/www.notibras.com\/site\/#website"},"primaryImageOfPage":{"@id":"https:\/\/www.notibras.com\/site\/8-de-marco-dia-festivo-ou-dia-de-luta\/#primaryimage"},"image":{"@id":"https:\/\/www.notibras.com\/site\/8-de-marco-dia-festivo-ou-dia-de-luta\/#primaryimage"},"thumbnailUrl":"https:\/\/www.notibras.com\/site\/wp-content\/uploads\/2026\/03\/IMG_1717.jpg","datePublished":"2026-03-08T03:10:40+00:00","dateModified":"2026-03-08T04:37:05+00:00","breadcrumb":{"@id":"https:\/\/www.notibras.com\/site\/8-de-marco-dia-festivo-ou-dia-de-luta\/#breadcrumb"},"inLanguage":"pt-BR","potentialAction":[{"@type":"ReadAction","target":["https:\/\/www.notibras.com\/site\/8-de-marco-dia-festivo-ou-dia-de-luta\/"]}]},{"@type":"ImageObject","inLanguage":"pt-BR","@id":"https:\/\/www.notibras.com\/site\/8-de-marco-dia-festivo-ou-dia-de-luta\/#primaryimage","url":"https:\/\/www.notibras.com\/site\/wp-content\/uploads\/2026\/03\/IMG_1717.jpg","contentUrl":"https:\/\/www.notibras.com\/site\/wp-content\/uploads\/2026\/03\/IMG_1717.jpg","width":1170,"height":1159,"caption":"Screenshot"},{"@type":"BreadcrumbList","@id":"https:\/\/www.notibras.com\/site\/8-de-marco-dia-festivo-ou-dia-de-luta\/#breadcrumb","itemListElement":[{"@type":"ListItem","position":1,"name":"In\u00edcio","item":"https:\/\/www.notibras.com\/site\/"},{"@type":"ListItem","position":2,"name":"8 de Mar\u00e7o&#8230; dia festivo ou dia de luta?"}]},{"@type":"WebSite","@id":"https:\/\/www.notibras.com\/site\/#website","url":"https:\/\/www.notibras.com\/site\/","name":"Notibras","description":"Not\u00edcias de Bras\u00edlia, do Brasil e do Mundo","publisher":{"@id":"https:\/\/www.notibras.com\/site\/#organization"},"potentialAction":[{"@type":"SearchAction","target":{"@type":"EntryPoint","urlTemplate":"https:\/\/www.notibras.com\/site\/?s={search_term_string}"},"query-input":{"@type":"PropertyValueSpecification","valueRequired":true,"valueName":"search_term_string"}}],"inLanguage":"pt-BR"},{"@type":"Organization","@id":"https:\/\/www.notibras.com\/site\/#organization","name":"Grupo Notibras de Comunica\u00e7\u00e3o","url":"https:\/\/www.notibras.com\/site\/","logo":{"@type":"ImageObject","inLanguage":"pt-BR","@id":"https:\/\/www.notibras.com\/site\/#\/schema\/logo\/image\/","url":"https:\/\/www.notibras.com\/site\/wp-content\/uploads\/2023\/01\/notibras23.png","contentUrl":"https:\/\/www.notibras.com\/site\/wp-content\/uploads\/2023\/01\/notibras23.png","width":350,"height":87,"caption":"Grupo Notibras de Comunica\u00e7\u00e3o"},"image":{"@id":"https:\/\/www.notibras.com\/site\/#\/schema\/logo\/image\/"},"sameAs":["https:\/\/www.facebook.com\/notibras\/","https:\/\/x.com\/Notibras","https:\/\/www.instagram.com\/notibras\/"]},{"@type":"Person","@id":"https:\/\/www.notibras.com\/site\/#\/schema\/person\/5b7fabf2aedc3ada2105f03b22b4d3dd","name":"Eduardo Mart\u00ednez","image":{"@type":"ImageObject","inLanguage":"pt-BR","@id":"https:\/\/secure.gravatar.com\/avatar\/7902f906289926289cbcda644b5197c796b893c6ffd7b9a536a42d290f7704a0?s=96&d=mm&r=g","url":"https:\/\/secure.gravatar.com\/avatar\/7902f906289926289cbcda644b5197c796b893c6ffd7b9a536a42d290f7704a0?s=96&d=mm&r=g","contentUrl":"https:\/\/secure.gravatar.com\/avatar\/7902f906289926289cbcda644b5197c796b893c6ffd7b9a536a42d290f7704a0?s=96&d=mm&r=g","caption":"Eduardo Mart\u00ednez"}}]}},"amp_enabled":true,"_links":{"self":[{"href":"https:\/\/www.notibras.com\/site\/wp-json\/wp\/v2\/posts\/385985","targetHints":{"allow":["GET"]}}],"collection":[{"href":"https:\/\/www.notibras.com\/site\/wp-json\/wp\/v2\/posts"}],"about":[{"href":"https:\/\/www.notibras.com\/site\/wp-json\/wp\/v2\/types\/post"}],"author":[{"embeddable":true,"href":"https:\/\/www.notibras.com\/site\/wp-json\/wp\/v2\/users\/21"}],"replies":[{"embeddable":true,"href":"https:\/\/www.notibras.com\/site\/wp-json\/wp\/v2\/comments?post=385985"}],"version-history":[{"count":2,"href":"https:\/\/www.notibras.com\/site\/wp-json\/wp\/v2\/posts\/385985\/revisions"}],"predecessor-version":[{"id":386089,"href":"https:\/\/www.notibras.com\/site\/wp-json\/wp\/v2\/posts\/385985\/revisions\/386089"}],"wp:featuredmedia":[{"embeddable":true,"href":"https:\/\/www.notibras.com\/site\/wp-json\/wp\/v2\/media\/386088"}],"wp:attachment":[{"href":"https:\/\/www.notibras.com\/site\/wp-json\/wp\/v2\/media?parent=385985"}],"wp:term":[{"taxonomy":"category","embeddable":true,"href":"https:\/\/www.notibras.com\/site\/wp-json\/wp\/v2\/categories?post=385985"},{"taxonomy":"post_tag","embeddable":true,"href":"https:\/\/www.notibras.com\/site\/wp-json\/wp\/v2\/tags?post=385985"}],"curies":[{"name":"wp","href":"https:\/\/api.w.org\/{rel}","templated":true}]}}