{"id":385993,"date":"2026-03-08T00:55:15","date_gmt":"2026-03-08T03:55:15","guid":{"rendered":"https:\/\/www.notibras.com\/site\/?p=385993"},"modified":"2026-03-07T11:11:52","modified_gmt":"2026-03-07T14:11:52","slug":"oficio-da-madrugada-febre-e-linguagem","status":"publish","type":"post","link":"https:\/\/www.notibras.com\/site\/oficio-da-madrugada-febre-e-linguagem\/","title":{"rendered":"OF\u00cdCIO DA MADRUGADA: febre e linguagem"},"content":{"rendered":"<p>Dizem que a madrugada \u00e9 das putas,<br \/>\ndos poetas<br \/>\nou dos viciados.<\/p>\n<p>E eu me pergunto, em sil\u00eancio:<br \/>\nqual deles eu seria?<\/p>\n<p>A mulher que oferece o calor do pr\u00f3prio corpo<br \/>\nem troca de algum dinheiro,<br \/>\nnegociando a pr\u00f3pria febre<br \/>\npara atravessar a noite.<\/p>\n<p>O viciado que entorpece corpo e alma,<br \/>\nbuscando numa subst\u00e2ncia qualquer<br \/>\num atalho para outra realidade<br \/>\nmenos dura que a l\u00e2mina do dia.<\/p>\n<p>Ou o poeta<br \/>\nt\u00e3o parecido com os dois\u2026<br \/>\nque tamb\u00e9m se despe,<br \/>\nque tamb\u00e9m se arrisca,<br \/>\nque tamb\u00e9m troca calor por sobreviv\u00eancia.<\/p>\n<p>Oferece o inc\u00eandio das palavras<br \/>\npara quem ama,<br \/>\ncomo quem estende um cobertor invis\u00edvel<br \/>\nsobre o frio do mundo.<\/p>\n<p>N\u00e3o vende o corpo,<br \/>\nn\u00e3o injeta subst\u00e2ncias,<br \/>\nmas fabrica vertigens.<\/p>\n<p>E talvez seja isso:<br \/>\nalgu\u00e9m que atravessa a madrugada<br \/>\ncom as m\u00e3os cheias de linguagem,<br \/>\ntentando levar para outra margem<br \/>\nquem decide ficar.<\/p>\n<p><strong>&#8230;&#8230;&#8230;<\/strong><\/p>\n<p><strong>Dona Irene nasceu no Piau\u00ed, passou a inf\u00e2ncia em Caxias, no Maranh\u00e3o, e construiu sua trajet\u00f3ria em Bras\u00edlia. Servidora p\u00fablica federal, j\u00e1 viveu tamb\u00e9m no Sul do pa\u00eds. Al\u00e9m de colunista de Notibras, comanda o perfil @donairene13 no &#8220;X&#8221;, reunindo gra\u00e7a, ousadia e um olhar atento sobre a vida.<\/strong><\/p>\n","protected":false},"excerpt":{"rendered":"<p>Dizem que a madrugada \u00e9 das putas, dos poetas ou dos viciados. E eu me pergunto, em sil\u00eancio: qual deles eu seria? A mulher que oferece o calor do pr\u00f3prio corpo em troca de algum dinheiro, negociando a pr\u00f3pria febre para atravessar a noite. O viciado que entorpece corpo e alma, buscando numa subst\u00e2ncia qualquer [&hellip;]<\/p>\n","protected":false},"author":21,"featured_media":385994,"comment_status":"closed","ping_status":"closed","sticky":false,"template":"","format":"standard","meta":{"_acf_changed":false,"footnotes":""},"categories":[234],"tags":[],"class_list":["post-385993","post","type-post","status-publish","format-standard","has-post-thumbnail","hentry","category-cafe-literario"],"acf":[],"yoast_head":"<!-- This site is optimized with the Yoast SEO plugin v27.2 - https:\/\/yoast.com\/product\/yoast-seo-wordpress\/ -->\n<title>OF\u00cdCIO DA MADRUGADA: febre e linguagem - Notibras<\/title>\n<meta name=\"robots\" content=\"index, follow, max-snippet:-1, max-image-preview:large, max-video-preview:-1\" \/>\n<link rel=\"canonical\" href=\"https:\/\/www.notibras.com\/site\/oficio-da-madrugada-febre-e-linguagem\/\" \/>\n<meta property=\"og:locale\" content=\"pt_BR\" \/>\n<meta property=\"og:type\" content=\"article\" \/>\n<meta property=\"og:title\" content=\"OF\u00cdCIO DA MADRUGADA: febre e linguagem - Notibras\" \/>\n<meta property=\"og:description\" content=\"Dizem que a madrugada \u00e9 das putas, dos poetas ou dos viciados. E eu me pergunto, em sil\u00eancio: qual deles eu seria? A mulher que oferece o calor do pr\u00f3prio corpo em troca de algum dinheiro, negociando a pr\u00f3pria febre para atravessar a noite. O viciado que entorpece corpo e alma, buscando numa subst\u00e2ncia qualquer [&hellip;]\" \/>\n<meta property=\"og:url\" content=\"https:\/\/www.notibras.com\/site\/oficio-da-madrugada-febre-e-linguagem\/\" \/>\n<meta property=\"og:site_name\" content=\"Notibras\" \/>\n<meta property=\"article:publisher\" content=\"https:\/\/www.facebook.com\/notibras\/\" \/>\n<meta property=\"article:published_time\" content=\"2026-03-08T03:55:15+00:00\" \/>\n<meta property=\"og:image\" content=\"https:\/\/www.notibras.com\/site\/wp-content\/uploads\/2026\/03\/WhatsApp-Image-2026-03-05-at-20.59.31.jpeg\" \/>\n\t<meta property=\"og:image:width\" content=\"1280\" \/>\n\t<meta property=\"og:image:height\" content=\"960\" \/>\n\t<meta property=\"og:image:type\" content=\"image\/jpeg\" \/>\n<meta name=\"author\" content=\"Eduardo Mart\u00ednez\" \/>\n<meta name=\"twitter:card\" content=\"summary_large_image\" \/>\n<meta name=\"twitter:creator\" content=\"@Notibras\" \/>\n<meta name=\"twitter:site\" content=\"@Notibras\" \/>\n<meta name=\"twitter:label1\" content=\"Escrito por\" \/>\n\t<meta name=\"twitter:data1\" content=\"Eduardo Mart\u00ednez\" \/>\n\t<meta name=\"twitter:label2\" content=\"Est. tempo de leitura\" \/>\n\t<meta name=\"twitter:data2\" content=\"2 minutos\" \/>\n<script type=\"application\/ld+json\" class=\"yoast-schema-graph\">{\"@context\":\"https:\/\/schema.org\",\"@graph\":[{\"@type\":\"Article\",\"@id\":\"https:\/\/www.notibras.com\/site\/oficio-da-madrugada-febre-e-linguagem\/#article\",\"isPartOf\":{\"@id\":\"https:\/\/www.notibras.com\/site\/oficio-da-madrugada-febre-e-linguagem\/\"},\"author\":{\"name\":\"Eduardo Mart\u00ednez\",\"@id\":\"https:\/\/www.notibras.com\/site\/#\/schema\/person\/5b7fabf2aedc3ada2105f03b22b4d3dd\"},\"headline\":\"OF\u00cdCIO DA MADRUGADA: febre e linguagem\",\"datePublished\":\"2026-03-08T03:55:15+00:00\",\"mainEntityOfPage\":{\"@id\":\"https:\/\/www.notibras.com\/site\/oficio-da-madrugada-febre-e-linguagem\/\"},\"wordCount\":222,\"publisher\":{\"@id\":\"https:\/\/www.notibras.com\/site\/#organization\"},\"image\":{\"@id\":\"https:\/\/www.notibras.com\/site\/oficio-da-madrugada-febre-e-linguagem\/#primaryimage\"},\"thumbnailUrl\":\"https:\/\/www.notibras.com\/site\/wp-content\/uploads\/2026\/03\/WhatsApp-Image-2026-03-05-at-20.59.31.jpeg\",\"articleSection\":[\"Caf\u00e9 Liter\u00e1rio\"],\"inLanguage\":\"pt-BR\"},{\"@type\":\"WebPage\",\"@id\":\"https:\/\/www.notibras.com\/site\/oficio-da-madrugada-febre-e-linguagem\/\",\"url\":\"https:\/\/www.notibras.com\/site\/oficio-da-madrugada-febre-e-linguagem\/\",\"name\":\"OF\u00cdCIO DA MADRUGADA: febre e linguagem - Notibras\",\"isPartOf\":{\"@id\":\"https:\/\/www.notibras.com\/site\/#website\"},\"primaryImageOfPage\":{\"@id\":\"https:\/\/www.notibras.com\/site\/oficio-da-madrugada-febre-e-linguagem\/#primaryimage\"},\"image\":{\"@id\":\"https:\/\/www.notibras.com\/site\/oficio-da-madrugada-febre-e-linguagem\/#primaryimage\"},\"thumbnailUrl\":\"https:\/\/www.notibras.com\/site\/wp-content\/uploads\/2026\/03\/WhatsApp-Image-2026-03-05-at-20.59.31.jpeg\",\"datePublished\":\"2026-03-08T03:55:15+00:00\",\"breadcrumb\":{\"@id\":\"https:\/\/www.notibras.com\/site\/oficio-da-madrugada-febre-e-linguagem\/#breadcrumb\"},\"inLanguage\":\"pt-BR\",\"potentialAction\":[{\"@type\":\"ReadAction\",\"target\":[\"https:\/\/www.notibras.com\/site\/oficio-da-madrugada-febre-e-linguagem\/\"]}]},{\"@type\":\"ImageObject\",\"inLanguage\":\"pt-BR\",\"@id\":\"https:\/\/www.notibras.com\/site\/oficio-da-madrugada-febre-e-linguagem\/#primaryimage\",\"url\":\"https:\/\/www.notibras.com\/site\/wp-content\/uploads\/2026\/03\/WhatsApp-Image-2026-03-05-at-20.59.31.jpeg\",\"contentUrl\":\"https:\/\/www.notibras.com\/site\/wp-content\/uploads\/2026\/03\/WhatsApp-Image-2026-03-05-at-20.59.31.jpeg\",\"width\":1280,\"height\":960},{\"@type\":\"BreadcrumbList\",\"@id\":\"https:\/\/www.notibras.com\/site\/oficio-da-madrugada-febre-e-linguagem\/#breadcrumb\",\"itemListElement\":[{\"@type\":\"ListItem\",\"position\":1,\"name\":\"In\u00edcio\",\"item\":\"https:\/\/www.notibras.com\/site\/\"},{\"@type\":\"ListItem\",\"position\":2,\"name\":\"OF\u00cdCIO DA MADRUGADA: febre e linguagem\"}]},{\"@type\":\"WebSite\",\"@id\":\"https:\/\/www.notibras.com\/site\/#website\",\"url\":\"https:\/\/www.notibras.com\/site\/\",\"name\":\"Notibras\",\"description\":\"Not\u00edcias de Bras\u00edlia, do Brasil e do Mundo\",\"publisher\":{\"@id\":\"https:\/\/www.notibras.com\/site\/#organization\"},\"potentialAction\":[{\"@type\":\"SearchAction\",\"target\":{\"@type\":\"EntryPoint\",\"urlTemplate\":\"https:\/\/www.notibras.com\/site\/?s={search_term_string}\"},\"query-input\":{\"@type\":\"PropertyValueSpecification\",\"valueRequired\":true,\"valueName\":\"search_term_string\"}}],\"inLanguage\":\"pt-BR\"},{\"@type\":\"Organization\",\"@id\":\"https:\/\/www.notibras.com\/site\/#organization\",\"name\":\"Grupo Notibras de Comunica\u00e7\u00e3o\",\"url\":\"https:\/\/www.notibras.com\/site\/\",\"logo\":{\"@type\":\"ImageObject\",\"inLanguage\":\"pt-BR\",\"@id\":\"https:\/\/www.notibras.com\/site\/#\/schema\/logo\/image\/\",\"url\":\"https:\/\/www.notibras.com\/site\/wp-content\/uploads\/2023\/01\/notibras23.png\",\"contentUrl\":\"https:\/\/www.notibras.com\/site\/wp-content\/uploads\/2023\/01\/notibras23.png\",\"width\":350,\"height\":87,\"caption\":\"Grupo Notibras de Comunica\u00e7\u00e3o\"},\"image\":{\"@id\":\"https:\/\/www.notibras.com\/site\/#\/schema\/logo\/image\/\"},\"sameAs\":[\"https:\/\/www.facebook.com\/notibras\/\",\"https:\/\/x.com\/Notibras\",\"https:\/\/www.instagram.com\/notibras\/\"]},{\"@type\":\"Person\",\"@id\":\"https:\/\/www.notibras.com\/site\/#\/schema\/person\/5b7fabf2aedc3ada2105f03b22b4d3dd\",\"name\":\"Eduardo Mart\u00ednez\",\"image\":{\"@type\":\"ImageObject\",\"inLanguage\":\"pt-BR\",\"@id\":\"https:\/\/secure.gravatar.com\/avatar\/7902f906289926289cbcda644b5197c796b893c6ffd7b9a536a42d290f7704a0?s=96&d=mm&r=g\",\"url\":\"https:\/\/secure.gravatar.com\/avatar\/7902f906289926289cbcda644b5197c796b893c6ffd7b9a536a42d290f7704a0?s=96&d=mm&r=g\",\"contentUrl\":\"https:\/\/secure.gravatar.com\/avatar\/7902f906289926289cbcda644b5197c796b893c6ffd7b9a536a42d290f7704a0?s=96&d=mm&r=g\",\"caption\":\"Eduardo Mart\u00ednez\"}}]}<\/script>\n<!-- \/ Yoast SEO plugin. -->","yoast_head_json":{"title":"OF\u00cdCIO DA MADRUGADA: febre e linguagem - Notibras","robots":{"index":"index","follow":"follow","max-snippet":"max-snippet:-1","max-image-preview":"max-image-preview:large","max-video-preview":"max-video-preview:-1"},"canonical":"https:\/\/www.notibras.com\/site\/oficio-da-madrugada-febre-e-linguagem\/","og_locale":"pt_BR","og_type":"article","og_title":"OF\u00cdCIO DA MADRUGADA: febre e linguagem - Notibras","og_description":"Dizem que a madrugada \u00e9 das putas, dos poetas ou dos viciados. E eu me pergunto, em sil\u00eancio: qual deles eu seria? A mulher que oferece o calor do pr\u00f3prio corpo em troca de algum dinheiro, negociando a pr\u00f3pria febre para atravessar a noite. O viciado que entorpece corpo e alma, buscando numa subst\u00e2ncia qualquer [&hellip;]","og_url":"https:\/\/www.notibras.com\/site\/oficio-da-madrugada-febre-e-linguagem\/","og_site_name":"Notibras","article_publisher":"https:\/\/www.facebook.com\/notibras\/","article_published_time":"2026-03-08T03:55:15+00:00","og_image":[{"width":1280,"height":960,"url":"https:\/\/www.notibras.com\/site\/wp-content\/uploads\/2026\/03\/WhatsApp-Image-2026-03-05-at-20.59.31.jpeg","type":"image\/jpeg"}],"author":"Eduardo Mart\u00ednez","twitter_card":"summary_large_image","twitter_creator":"@Notibras","twitter_site":"@Notibras","twitter_misc":{"Escrito por":"Eduardo Mart\u00ednez","Est. tempo de leitura":"2 minutos"},"schema":{"@context":"https:\/\/schema.org","@graph":[{"@type":"Article","@id":"https:\/\/www.notibras.com\/site\/oficio-da-madrugada-febre-e-linguagem\/#article","isPartOf":{"@id":"https:\/\/www.notibras.com\/site\/oficio-da-madrugada-febre-e-linguagem\/"},"author":{"name":"Eduardo Mart\u00ednez","@id":"https:\/\/www.notibras.com\/site\/#\/schema\/person\/5b7fabf2aedc3ada2105f03b22b4d3dd"},"headline":"OF\u00cdCIO DA MADRUGADA: febre e linguagem","datePublished":"2026-03-08T03:55:15+00:00","mainEntityOfPage":{"@id":"https:\/\/www.notibras.com\/site\/oficio-da-madrugada-febre-e-linguagem\/"},"wordCount":222,"publisher":{"@id":"https:\/\/www.notibras.com\/site\/#organization"},"image":{"@id":"https:\/\/www.notibras.com\/site\/oficio-da-madrugada-febre-e-linguagem\/#primaryimage"},"thumbnailUrl":"https:\/\/www.notibras.com\/site\/wp-content\/uploads\/2026\/03\/WhatsApp-Image-2026-03-05-at-20.59.31.jpeg","articleSection":["Caf\u00e9 Liter\u00e1rio"],"inLanguage":"pt-BR"},{"@type":"WebPage","@id":"https:\/\/www.notibras.com\/site\/oficio-da-madrugada-febre-e-linguagem\/","url":"https:\/\/www.notibras.com\/site\/oficio-da-madrugada-febre-e-linguagem\/","name":"OF\u00cdCIO DA MADRUGADA: febre e linguagem - Notibras","isPartOf":{"@id":"https:\/\/www.notibras.com\/site\/#website"},"primaryImageOfPage":{"@id":"https:\/\/www.notibras.com\/site\/oficio-da-madrugada-febre-e-linguagem\/#primaryimage"},"image":{"@id":"https:\/\/www.notibras.com\/site\/oficio-da-madrugada-febre-e-linguagem\/#primaryimage"},"thumbnailUrl":"https:\/\/www.notibras.com\/site\/wp-content\/uploads\/2026\/03\/WhatsApp-Image-2026-03-05-at-20.59.31.jpeg","datePublished":"2026-03-08T03:55:15+00:00","breadcrumb":{"@id":"https:\/\/www.notibras.com\/site\/oficio-da-madrugada-febre-e-linguagem\/#breadcrumb"},"inLanguage":"pt-BR","potentialAction":[{"@type":"ReadAction","target":["https:\/\/www.notibras.com\/site\/oficio-da-madrugada-febre-e-linguagem\/"]}]},{"@type":"ImageObject","inLanguage":"pt-BR","@id":"https:\/\/www.notibras.com\/site\/oficio-da-madrugada-febre-e-linguagem\/#primaryimage","url":"https:\/\/www.notibras.com\/site\/wp-content\/uploads\/2026\/03\/WhatsApp-Image-2026-03-05-at-20.59.31.jpeg","contentUrl":"https:\/\/www.notibras.com\/site\/wp-content\/uploads\/2026\/03\/WhatsApp-Image-2026-03-05-at-20.59.31.jpeg","width":1280,"height":960},{"@type":"BreadcrumbList","@id":"https:\/\/www.notibras.com\/site\/oficio-da-madrugada-febre-e-linguagem\/#breadcrumb","itemListElement":[{"@type":"ListItem","position":1,"name":"In\u00edcio","item":"https:\/\/www.notibras.com\/site\/"},{"@type":"ListItem","position":2,"name":"OF\u00cdCIO DA MADRUGADA: febre e linguagem"}]},{"@type":"WebSite","@id":"https:\/\/www.notibras.com\/site\/#website","url":"https:\/\/www.notibras.com\/site\/","name":"Notibras","description":"Not\u00edcias de Bras\u00edlia, do Brasil e do Mundo","publisher":{"@id":"https:\/\/www.notibras.com\/site\/#organization"},"potentialAction":[{"@type":"SearchAction","target":{"@type":"EntryPoint","urlTemplate":"https:\/\/www.notibras.com\/site\/?s={search_term_string}"},"query-input":{"@type":"PropertyValueSpecification","valueRequired":true,"valueName":"search_term_string"}}],"inLanguage":"pt-BR"},{"@type":"Organization","@id":"https:\/\/www.notibras.com\/site\/#organization","name":"Grupo Notibras de Comunica\u00e7\u00e3o","url":"https:\/\/www.notibras.com\/site\/","logo":{"@type":"ImageObject","inLanguage":"pt-BR","@id":"https:\/\/www.notibras.com\/site\/#\/schema\/logo\/image\/","url":"https:\/\/www.notibras.com\/site\/wp-content\/uploads\/2023\/01\/notibras23.png","contentUrl":"https:\/\/www.notibras.com\/site\/wp-content\/uploads\/2023\/01\/notibras23.png","width":350,"height":87,"caption":"Grupo Notibras de Comunica\u00e7\u00e3o"},"image":{"@id":"https:\/\/www.notibras.com\/site\/#\/schema\/logo\/image\/"},"sameAs":["https:\/\/www.facebook.com\/notibras\/","https:\/\/x.com\/Notibras","https:\/\/www.instagram.com\/notibras\/"]},{"@type":"Person","@id":"https:\/\/www.notibras.com\/site\/#\/schema\/person\/5b7fabf2aedc3ada2105f03b22b4d3dd","name":"Eduardo Mart\u00ednez","image":{"@type":"ImageObject","inLanguage":"pt-BR","@id":"https:\/\/secure.gravatar.com\/avatar\/7902f906289926289cbcda644b5197c796b893c6ffd7b9a536a42d290f7704a0?s=96&d=mm&r=g","url":"https:\/\/secure.gravatar.com\/avatar\/7902f906289926289cbcda644b5197c796b893c6ffd7b9a536a42d290f7704a0?s=96&d=mm&r=g","contentUrl":"https:\/\/secure.gravatar.com\/avatar\/7902f906289926289cbcda644b5197c796b893c6ffd7b9a536a42d290f7704a0?s=96&d=mm&r=g","caption":"Eduardo Mart\u00ednez"}}]}},"amp_enabled":true,"_links":{"self":[{"href":"https:\/\/www.notibras.com\/site\/wp-json\/wp\/v2\/posts\/385993","targetHints":{"allow":["GET"]}}],"collection":[{"href":"https:\/\/www.notibras.com\/site\/wp-json\/wp\/v2\/posts"}],"about":[{"href":"https:\/\/www.notibras.com\/site\/wp-json\/wp\/v2\/types\/post"}],"author":[{"embeddable":true,"href":"https:\/\/www.notibras.com\/site\/wp-json\/wp\/v2\/users\/21"}],"replies":[{"embeddable":true,"href":"https:\/\/www.notibras.com\/site\/wp-json\/wp\/v2\/comments?post=385993"}],"version-history":[{"count":1,"href":"https:\/\/www.notibras.com\/site\/wp-json\/wp\/v2\/posts\/385993\/revisions"}],"predecessor-version":[{"id":385995,"href":"https:\/\/www.notibras.com\/site\/wp-json\/wp\/v2\/posts\/385993\/revisions\/385995"}],"wp:featuredmedia":[{"embeddable":true,"href":"https:\/\/www.notibras.com\/site\/wp-json\/wp\/v2\/media\/385994"}],"wp:attachment":[{"href":"https:\/\/www.notibras.com\/site\/wp-json\/wp\/v2\/media?parent=385993"}],"wp:term":[{"taxonomy":"category","embeddable":true,"href":"https:\/\/www.notibras.com\/site\/wp-json\/wp\/v2\/categories?post=385993"},{"taxonomy":"post_tag","embeddable":true,"href":"https:\/\/www.notibras.com\/site\/wp-json\/wp\/v2\/tags?post=385993"}],"curies":[{"name":"wp","href":"https:\/\/api.w.org\/{rel}","templated":true}]}}