{"id":385998,"date":"2026-03-07T12:17:50","date_gmt":"2026-03-07T15:17:50","guid":{"rendered":"https:\/\/www.notibras.com\/site\/?p=385998"},"modified":"2026-03-07T12:19:48","modified_gmt":"2026-03-07T15:19:48","slug":"sucessao-pega-fogo-com-politica-invadindo-os-quarteis-da-pm-baiana","status":"publish","type":"post","link":"https:\/\/www.notibras.com\/site\/sucessao-pega-fogo-com-politica-invadindo-os-quarteis-da-pm-baiana\/","title":{"rendered":"Sucess\u00e3o pega fogo com pol\u00edtica invadindo os quart\u00e9is da PM baiana"},"content":{"rendered":"<p>Na Bahia, o calend\u00e1rio eleitoral ainda nem vestiu oficialmente o uniforme de combate, mas os corredores do poder j\u00e1 exalam cheiro de p\u00f3lvora pol\u00edtica. N\u00e3o se trata daquela p\u00f3lvora literal, que a criminalidade espalha diariamente pelas ruas e vielas do estado, impondo ao cidad\u00e3o a rotina amarga do medo. O que existe em solo baiano \u00e9 outro tipo de combust\u00e3o, que envolve suspeita, vigil\u00e2ncia silenciosa e o desconforto institucional que surge quando a pol\u00edtica resolve espiar por dentro dos quart\u00e9is.<\/p>\n<p>Bastou um gesto espont\u00e2neo, um cumprimento efusivo em ambiente festivo, um v\u00eddeo curto capturado em meio ao ru\u00eddo carnavalesco, e pronto: em poucas horas, grupos de mensagens de policiais, gabinetes discretos e rodas de conversa da oposi\u00e7\u00e3o passaram a mastigar a mesma pergunta. Afinal, at\u00e9 onde um oficial pode ir quando a simpatia pol\u00edtica escapa da moldura privada?<\/p>\n<p>A exonera\u00e7\u00e3o de um oficial superior de fun\u00e7\u00e3o estrat\u00e9gica, oficialmente tratada como ato administrativo, ganhou imediatamente a musculatura dos fatos que ningu\u00e9m consegue manter apenas no Di\u00e1rio Oficial. Porque, na Bahia como no resto do Brasil, papel aceita carimbo; mas bastidor aceita interpreta\u00e7\u00e3o, e isso, em ano pr\u00e9-eleitoral, costuma correr mais r\u00e1pido que viatura em corredor livre.<\/p>\n<p>Na superf\u00edcie, tudo parece obedecer ao ritual burocr\u00e1tico, onde cargos mudam, fun\u00e7\u00f5es se reorganizam, governos remanejam quadros como quem move pe\u00e7as sem explica\u00e7\u00e3o p\u00fablica detalhada. Mas, por baixo da mesa, onde repousam os cotovelos da pol\u00edtica real, a leitura \u00e9 menos inocente. H\u00e1 quem enxergue ali o velho recado cifrado, de que a farda tem regulamento, mas tamb\u00e9m tem fronteira invis\u00edvel, onde a opini\u00e3o precisa andar em passo medido.<\/p>\n<p>A quest\u00e3o \u00e9 que a Bahia de 2026 transformou a seguran\u00e7a p\u00fablica em arena principal da disputa eleitoral. N\u00e3o por acaso, porque quando o medo cresce nas cidades, cresce junto a tenta\u00e7\u00e3o de converter o uniforme em argumento pol\u00edtico. Cada opera\u00e7\u00e3o policial vira discurso; cada indicador de viol\u00eancia vira muni\u00e7\u00e3o ret\u00f3rica; cada gesto de um militar passa a ser lido como sinal de alinhamento ou resist\u00eancia.<\/p>\n<p>E ent\u00e3o surge o paradoxo. \u00c9 quando se exige neutralidade absoluta de homens treinados para obedecer \u00e0 hierarquia, mas ao mesmo tempo se observa cada palavra deles como se carregassem, no bolso da farda, a senha secreta do humor eleitoral das ruas.<\/p>\n<p>Nos grupos internos da corpora\u00e7\u00e3o, o epis\u00f3dio virou esp\u00e9cie de novela de cap\u00edtulos curtos e vers\u00f5es longas. Uns juram que tudo n\u00e3o passou de coincid\u00eancia administrativa. Outros garantem que coincid\u00eancia, em v\u00e9spera de disputa majorit\u00e1ria, costuma ser apenas o nome elegante que se d\u00e1 ao desconforto pol\u00edtico. H\u00e1 ainda os mais antigos, veteranos de plant\u00e3o, que repetem em tom quase filos\u00f3fico: quando a pol\u00edtica entra pelo port\u00e3o principal, a disciplina costuma recolher-se ao fundo do p\u00e1tio para n\u00e3o ser confundida.<\/p>\n<p>O problema maior \u00e9 que a corpora\u00e7\u00e3o virou espelho involunt\u00e1rio de uma disputa que n\u00e3o nasceu nela, mas nela se reflete. Porque seguran\u00e7a p\u00fablica pesa em voto, e voto pesa em poder. E onde h\u00e1 poder em jogo, at\u00e9 sil\u00eancio passa a ser interpretado.<\/p>\n<p>Na pr\u00e1tica, o que est\u00e1 em curso na Bahia \u00e9 um ensaio delicado de algo maior, quando se v\u00ea a tentativa de manter separadas duas for\u00e7as que historicamente vivem em tens\u00e3o permanente; de um lado a autoridade institucional e, de outro, a conveni\u00eancia eleitoral.<\/p>\n<p>A farda, por defini\u00e7\u00e3o, n\u00e3o deveria escolher palanque. Mas o palanque, quase sempre, faz esfor\u00e7o para enxergar na farda um aliado silencioso. A pr\u00e9-campanha na Bahia tem tudo para seguir um rumo pr\u00f3prio. \u00c9 na terra de todos os santos onde, antes de o eleitor ouvir o primeiro jingle oficial, os quart\u00e9is j\u00e1 escutam, ao longe, o barulho das urnas.<\/p>\n","protected":false},"excerpt":{"rendered":"<p>Na Bahia, o calend\u00e1rio eleitoral ainda nem vestiu oficialmente o uniforme de combate, mas os corredores do poder j\u00e1 exalam cheiro de p\u00f3lvora pol\u00edtica. N\u00e3o se trata daquela p\u00f3lvora literal, que a criminalidade espalha diariamente pelas ruas e vielas do estado, impondo ao cidad\u00e3o a rotina amarga do medo. O que existe em solo baiano [&hellip;]<\/p>\n","protected":false},"author":2,"featured_media":385999,"comment_status":"closed","ping_status":"closed","sticky":false,"template":"","format":"standard","meta":{"_acf_changed":false,"footnotes":""},"categories":[165],"tags":[95],"class_list":["post-385998","post","type-post","status-publish","format-standard","has-post-thumbnail","hentry","category-nordeste","tag-capa"],"acf":[],"yoast_head":"<!-- This site is optimized with the Yoast SEO plugin v27.2 - https:\/\/yoast.com\/product\/yoast-seo-wordpress\/ -->\n<title>Sucess\u00e3o pega fogo com pol\u00edtica invadindo os quart\u00e9is da PM baiana - Notibras<\/title>\n<meta name=\"robots\" content=\"index, follow, max-snippet:-1, max-image-preview:large, max-video-preview:-1\" \/>\n<link rel=\"canonical\" href=\"https:\/\/www.notibras.com\/site\/sucessao-pega-fogo-com-politica-invadindo-os-quarteis-da-pm-baiana\/\" \/>\n<meta property=\"og:locale\" content=\"pt_BR\" \/>\n<meta property=\"og:type\" content=\"article\" \/>\n<meta property=\"og:title\" content=\"Sucess\u00e3o pega fogo com pol\u00edtica invadindo os quart\u00e9is da PM baiana - Notibras\" \/>\n<meta property=\"og:description\" content=\"Na Bahia, o calend\u00e1rio eleitoral ainda nem vestiu oficialmente o uniforme de combate, mas os corredores do poder j\u00e1 exalam cheiro de p\u00f3lvora pol\u00edtica. N\u00e3o se trata daquela p\u00f3lvora literal, que a criminalidade espalha diariamente pelas ruas e vielas do estado, impondo ao cidad\u00e3o a rotina amarga do medo. O que existe em solo baiano [&hellip;]\" \/>\n<meta property=\"og:url\" content=\"https:\/\/www.notibras.com\/site\/sucessao-pega-fogo-com-politica-invadindo-os-quarteis-da-pm-baiana\/\" \/>\n<meta property=\"og:site_name\" content=\"Notibras\" \/>\n<meta property=\"article:publisher\" content=\"https:\/\/www.facebook.com\/notibras\/\" \/>\n<meta property=\"article:published_time\" content=\"2026-03-07T15:17:50+00:00\" \/>\n<meta property=\"article:modified_time\" content=\"2026-03-07T15:19:48+00:00\" \/>\n<meta property=\"og:image\" content=\"https:\/\/www.notibras.com\/site\/wp-content\/uploads\/2026\/03\/a10697d1-bb63-4b52-8604-95c5cb03e7b7-683x1024.png\" \/>\n\t<meta property=\"og:image:width\" content=\"683\" \/>\n\t<meta property=\"og:image:height\" content=\"1024\" \/>\n\t<meta property=\"og:image:type\" content=\"image\/png\" \/>\n<meta name=\"author\" content=\"Reda\u00e7\u00e3o\" \/>\n<meta name=\"twitter:card\" content=\"summary_large_image\" \/>\n<meta name=\"twitter:creator\" content=\"@Notibras\" \/>\n<meta name=\"twitter:site\" content=\"@Notibras\" \/>\n<meta name=\"twitter:label1\" content=\"Escrito por\" \/>\n\t<meta name=\"twitter:data1\" content=\"Reda\u00e7\u00e3o\" \/>\n\t<meta name=\"twitter:label2\" content=\"Est. tempo de leitura\" \/>\n\t<meta name=\"twitter:data2\" content=\"4 minutos\" \/>\n<script type=\"application\/ld+json\" class=\"yoast-schema-graph\">{\"@context\":\"https:\/\/schema.org\",\"@graph\":[{\"@type\":\"Article\",\"@id\":\"https:\/\/www.notibras.com\/site\/sucessao-pega-fogo-com-politica-invadindo-os-quarteis-da-pm-baiana\/#article\",\"isPartOf\":{\"@id\":\"https:\/\/www.notibras.com\/site\/sucessao-pega-fogo-com-politica-invadindo-os-quarteis-da-pm-baiana\/\"},\"author\":{\"name\":\"Reda\u00e7\u00e3o\",\"@id\":\"https:\/\/www.notibras.com\/site\/#\/schema\/person\/36ab0979449956132d3e5b517ea76ac8\"},\"headline\":\"Sucess\u00e3o pega fogo com pol\u00edtica invadindo os quart\u00e9is da PM baiana\",\"datePublished\":\"2026-03-07T15:17:50+00:00\",\"dateModified\":\"2026-03-07T15:19:48+00:00\",\"mainEntityOfPage\":{\"@id\":\"https:\/\/www.notibras.com\/site\/sucessao-pega-fogo-com-politica-invadindo-os-quarteis-da-pm-baiana\/\"},\"wordCount\":683,\"publisher\":{\"@id\":\"https:\/\/www.notibras.com\/site\/#organization\"},\"image\":{\"@id\":\"https:\/\/www.notibras.com\/site\/sucessao-pega-fogo-com-politica-invadindo-os-quarteis-da-pm-baiana\/#primaryimage\"},\"thumbnailUrl\":\"https:\/\/www.notibras.com\/site\/wp-content\/uploads\/2026\/03\/a10697d1-bb63-4b52-8604-95c5cb03e7b7.png\",\"keywords\":[\"capa\"],\"articleSection\":[\"Nordeste\"],\"inLanguage\":\"pt-BR\"},{\"@type\":\"WebPage\",\"@id\":\"https:\/\/www.notibras.com\/site\/sucessao-pega-fogo-com-politica-invadindo-os-quarteis-da-pm-baiana\/\",\"url\":\"https:\/\/www.notibras.com\/site\/sucessao-pega-fogo-com-politica-invadindo-os-quarteis-da-pm-baiana\/\",\"name\":\"Sucess\u00e3o pega fogo com pol\u00edtica invadindo os quart\u00e9is da PM baiana - Notibras\",\"isPartOf\":{\"@id\":\"https:\/\/www.notibras.com\/site\/#website\"},\"primaryImageOfPage\":{\"@id\":\"https:\/\/www.notibras.com\/site\/sucessao-pega-fogo-com-politica-invadindo-os-quarteis-da-pm-baiana\/#primaryimage\"},\"image\":{\"@id\":\"https:\/\/www.notibras.com\/site\/sucessao-pega-fogo-com-politica-invadindo-os-quarteis-da-pm-baiana\/#primaryimage\"},\"thumbnailUrl\":\"https:\/\/www.notibras.com\/site\/wp-content\/uploads\/2026\/03\/a10697d1-bb63-4b52-8604-95c5cb03e7b7.png\",\"datePublished\":\"2026-03-07T15:17:50+00:00\",\"dateModified\":\"2026-03-07T15:19:48+00:00\",\"breadcrumb\":{\"@id\":\"https:\/\/www.notibras.com\/site\/sucessao-pega-fogo-com-politica-invadindo-os-quarteis-da-pm-baiana\/#breadcrumb\"},\"inLanguage\":\"pt-BR\",\"potentialAction\":[{\"@type\":\"ReadAction\",\"target\":[\"https:\/\/www.notibras.com\/site\/sucessao-pega-fogo-com-politica-invadindo-os-quarteis-da-pm-baiana\/\"]}]},{\"@type\":\"ImageObject\",\"inLanguage\":\"pt-BR\",\"@id\":\"https:\/\/www.notibras.com\/site\/sucessao-pega-fogo-com-politica-invadindo-os-quarteis-da-pm-baiana\/#primaryimage\",\"url\":\"https:\/\/www.notibras.com\/site\/wp-content\/uploads\/2026\/03\/a10697d1-bb63-4b52-8604-95c5cb03e7b7.png\",\"contentUrl\":\"https:\/\/www.notibras.com\/site\/wp-content\/uploads\/2026\/03\/a10697d1-bb63-4b52-8604-95c5cb03e7b7.png\",\"width\":1024,\"height\":1536},{\"@type\":\"BreadcrumbList\",\"@id\":\"https:\/\/www.notibras.com\/site\/sucessao-pega-fogo-com-politica-invadindo-os-quarteis-da-pm-baiana\/#breadcrumb\",\"itemListElement\":[{\"@type\":\"ListItem\",\"position\":1,\"name\":\"In\u00edcio\",\"item\":\"https:\/\/www.notibras.com\/site\/\"},{\"@type\":\"ListItem\",\"position\":2,\"name\":\"Sucess\u00e3o pega fogo com pol\u00edtica invadindo os quart\u00e9is da PM baiana\"}]},{\"@type\":\"WebSite\",\"@id\":\"https:\/\/www.notibras.com\/site\/#website\",\"url\":\"https:\/\/www.notibras.com\/site\/\",\"name\":\"Notibras\",\"description\":\"Not\u00edcias de Bras\u00edlia, do Brasil e do Mundo\",\"publisher\":{\"@id\":\"https:\/\/www.notibras.com\/site\/#organization\"},\"potentialAction\":[{\"@type\":\"SearchAction\",\"target\":{\"@type\":\"EntryPoint\",\"urlTemplate\":\"https:\/\/www.notibras.com\/site\/?s={search_term_string}\"},\"query-input\":{\"@type\":\"PropertyValueSpecification\",\"valueRequired\":true,\"valueName\":\"search_term_string\"}}],\"inLanguage\":\"pt-BR\"},{\"@type\":\"Organization\",\"@id\":\"https:\/\/www.notibras.com\/site\/#organization\",\"name\":\"Grupo Notibras de Comunica\u00e7\u00e3o\",\"url\":\"https:\/\/www.notibras.com\/site\/\",\"logo\":{\"@type\":\"ImageObject\",\"inLanguage\":\"pt-BR\",\"@id\":\"https:\/\/www.notibras.com\/site\/#\/schema\/logo\/image\/\",\"url\":\"https:\/\/www.notibras.com\/site\/wp-content\/uploads\/2023\/01\/notibras23.png\",\"contentUrl\":\"https:\/\/www.notibras.com\/site\/wp-content\/uploads\/2023\/01\/notibras23.png\",\"width\":350,\"height\":87,\"caption\":\"Grupo Notibras de Comunica\u00e7\u00e3o\"},\"image\":{\"@id\":\"https:\/\/www.notibras.com\/site\/#\/schema\/logo\/image\/\"},\"sameAs\":[\"https:\/\/www.facebook.com\/notibras\/\",\"https:\/\/x.com\/Notibras\",\"https:\/\/www.instagram.com\/notibras\/\"]},{\"@type\":\"Person\",\"@id\":\"https:\/\/www.notibras.com\/site\/#\/schema\/person\/36ab0979449956132d3e5b517ea76ac8\",\"name\":\"Reda\u00e7\u00e3o\",\"image\":{\"@type\":\"ImageObject\",\"inLanguage\":\"pt-BR\",\"@id\":\"https:\/\/secure.gravatar.com\/avatar\/e0a867bdedb85fd243eadf09663511f96fc81e0720a4a42581f334ad4303aa6b?s=96&d=mm&r=g\",\"url\":\"https:\/\/secure.gravatar.com\/avatar\/e0a867bdedb85fd243eadf09663511f96fc81e0720a4a42581f334ad4303aa6b?s=96&d=mm&r=g\",\"contentUrl\":\"https:\/\/secure.gravatar.com\/avatar\/e0a867bdedb85fd243eadf09663511f96fc81e0720a4a42581f334ad4303aa6b?s=96&d=mm&r=g\",\"caption\":\"Reda\u00e7\u00e3o\"}}]}<\/script>\n<!-- \/ Yoast SEO plugin. -->","yoast_head_json":{"title":"Sucess\u00e3o pega fogo com pol\u00edtica invadindo os quart\u00e9is da PM baiana - Notibras","robots":{"index":"index","follow":"follow","max-snippet":"max-snippet:-1","max-image-preview":"max-image-preview:large","max-video-preview":"max-video-preview:-1"},"canonical":"https:\/\/www.notibras.com\/site\/sucessao-pega-fogo-com-politica-invadindo-os-quarteis-da-pm-baiana\/","og_locale":"pt_BR","og_type":"article","og_title":"Sucess\u00e3o pega fogo com pol\u00edtica invadindo os quart\u00e9is da PM baiana - Notibras","og_description":"Na Bahia, o calend\u00e1rio eleitoral ainda nem vestiu oficialmente o uniforme de combate, mas os corredores do poder j\u00e1 exalam cheiro de p\u00f3lvora pol\u00edtica. N\u00e3o se trata daquela p\u00f3lvora literal, que a criminalidade espalha diariamente pelas ruas e vielas do estado, impondo ao cidad\u00e3o a rotina amarga do medo. O que existe em solo baiano [&hellip;]","og_url":"https:\/\/www.notibras.com\/site\/sucessao-pega-fogo-com-politica-invadindo-os-quarteis-da-pm-baiana\/","og_site_name":"Notibras","article_publisher":"https:\/\/www.facebook.com\/notibras\/","article_published_time":"2026-03-07T15:17:50+00:00","article_modified_time":"2026-03-07T15:19:48+00:00","og_image":[{"width":683,"height":1024,"url":"https:\/\/www.notibras.com\/site\/wp-content\/uploads\/2026\/03\/a10697d1-bb63-4b52-8604-95c5cb03e7b7-683x1024.png","type":"image\/png"}],"author":"Reda\u00e7\u00e3o","twitter_card":"summary_large_image","twitter_creator":"@Notibras","twitter_site":"@Notibras","twitter_misc":{"Escrito por":"Reda\u00e7\u00e3o","Est. tempo de leitura":"4 minutos"},"schema":{"@context":"https:\/\/schema.org","@graph":[{"@type":"Article","@id":"https:\/\/www.notibras.com\/site\/sucessao-pega-fogo-com-politica-invadindo-os-quarteis-da-pm-baiana\/#article","isPartOf":{"@id":"https:\/\/www.notibras.com\/site\/sucessao-pega-fogo-com-politica-invadindo-os-quarteis-da-pm-baiana\/"},"author":{"name":"Reda\u00e7\u00e3o","@id":"https:\/\/www.notibras.com\/site\/#\/schema\/person\/36ab0979449956132d3e5b517ea76ac8"},"headline":"Sucess\u00e3o pega fogo com pol\u00edtica invadindo os quart\u00e9is da PM baiana","datePublished":"2026-03-07T15:17:50+00:00","dateModified":"2026-03-07T15:19:48+00:00","mainEntityOfPage":{"@id":"https:\/\/www.notibras.com\/site\/sucessao-pega-fogo-com-politica-invadindo-os-quarteis-da-pm-baiana\/"},"wordCount":683,"publisher":{"@id":"https:\/\/www.notibras.com\/site\/#organization"},"image":{"@id":"https:\/\/www.notibras.com\/site\/sucessao-pega-fogo-com-politica-invadindo-os-quarteis-da-pm-baiana\/#primaryimage"},"thumbnailUrl":"https:\/\/www.notibras.com\/site\/wp-content\/uploads\/2026\/03\/a10697d1-bb63-4b52-8604-95c5cb03e7b7.png","keywords":["capa"],"articleSection":["Nordeste"],"inLanguage":"pt-BR"},{"@type":"WebPage","@id":"https:\/\/www.notibras.com\/site\/sucessao-pega-fogo-com-politica-invadindo-os-quarteis-da-pm-baiana\/","url":"https:\/\/www.notibras.com\/site\/sucessao-pega-fogo-com-politica-invadindo-os-quarteis-da-pm-baiana\/","name":"Sucess\u00e3o pega fogo com pol\u00edtica invadindo os quart\u00e9is da PM baiana - Notibras","isPartOf":{"@id":"https:\/\/www.notibras.com\/site\/#website"},"primaryImageOfPage":{"@id":"https:\/\/www.notibras.com\/site\/sucessao-pega-fogo-com-politica-invadindo-os-quarteis-da-pm-baiana\/#primaryimage"},"image":{"@id":"https:\/\/www.notibras.com\/site\/sucessao-pega-fogo-com-politica-invadindo-os-quarteis-da-pm-baiana\/#primaryimage"},"thumbnailUrl":"https:\/\/www.notibras.com\/site\/wp-content\/uploads\/2026\/03\/a10697d1-bb63-4b52-8604-95c5cb03e7b7.png","datePublished":"2026-03-07T15:17:50+00:00","dateModified":"2026-03-07T15:19:48+00:00","breadcrumb":{"@id":"https:\/\/www.notibras.com\/site\/sucessao-pega-fogo-com-politica-invadindo-os-quarteis-da-pm-baiana\/#breadcrumb"},"inLanguage":"pt-BR","potentialAction":[{"@type":"ReadAction","target":["https:\/\/www.notibras.com\/site\/sucessao-pega-fogo-com-politica-invadindo-os-quarteis-da-pm-baiana\/"]}]},{"@type":"ImageObject","inLanguage":"pt-BR","@id":"https:\/\/www.notibras.com\/site\/sucessao-pega-fogo-com-politica-invadindo-os-quarteis-da-pm-baiana\/#primaryimage","url":"https:\/\/www.notibras.com\/site\/wp-content\/uploads\/2026\/03\/a10697d1-bb63-4b52-8604-95c5cb03e7b7.png","contentUrl":"https:\/\/www.notibras.com\/site\/wp-content\/uploads\/2026\/03\/a10697d1-bb63-4b52-8604-95c5cb03e7b7.png","width":1024,"height":1536},{"@type":"BreadcrumbList","@id":"https:\/\/www.notibras.com\/site\/sucessao-pega-fogo-com-politica-invadindo-os-quarteis-da-pm-baiana\/#breadcrumb","itemListElement":[{"@type":"ListItem","position":1,"name":"In\u00edcio","item":"https:\/\/www.notibras.com\/site\/"},{"@type":"ListItem","position":2,"name":"Sucess\u00e3o pega fogo com pol\u00edtica invadindo os quart\u00e9is da PM baiana"}]},{"@type":"WebSite","@id":"https:\/\/www.notibras.com\/site\/#website","url":"https:\/\/www.notibras.com\/site\/","name":"Notibras","description":"Not\u00edcias de Bras\u00edlia, do Brasil e do Mundo","publisher":{"@id":"https:\/\/www.notibras.com\/site\/#organization"},"potentialAction":[{"@type":"SearchAction","target":{"@type":"EntryPoint","urlTemplate":"https:\/\/www.notibras.com\/site\/?s={search_term_string}"},"query-input":{"@type":"PropertyValueSpecification","valueRequired":true,"valueName":"search_term_string"}}],"inLanguage":"pt-BR"},{"@type":"Organization","@id":"https:\/\/www.notibras.com\/site\/#organization","name":"Grupo Notibras de Comunica\u00e7\u00e3o","url":"https:\/\/www.notibras.com\/site\/","logo":{"@type":"ImageObject","inLanguage":"pt-BR","@id":"https:\/\/www.notibras.com\/site\/#\/schema\/logo\/image\/","url":"https:\/\/www.notibras.com\/site\/wp-content\/uploads\/2023\/01\/notibras23.png","contentUrl":"https:\/\/www.notibras.com\/site\/wp-content\/uploads\/2023\/01\/notibras23.png","width":350,"height":87,"caption":"Grupo Notibras de Comunica\u00e7\u00e3o"},"image":{"@id":"https:\/\/www.notibras.com\/site\/#\/schema\/logo\/image\/"},"sameAs":["https:\/\/www.facebook.com\/notibras\/","https:\/\/x.com\/Notibras","https:\/\/www.instagram.com\/notibras\/"]},{"@type":"Person","@id":"https:\/\/www.notibras.com\/site\/#\/schema\/person\/36ab0979449956132d3e5b517ea76ac8","name":"Reda\u00e7\u00e3o","image":{"@type":"ImageObject","inLanguage":"pt-BR","@id":"https:\/\/secure.gravatar.com\/avatar\/e0a867bdedb85fd243eadf09663511f96fc81e0720a4a42581f334ad4303aa6b?s=96&d=mm&r=g","url":"https:\/\/secure.gravatar.com\/avatar\/e0a867bdedb85fd243eadf09663511f96fc81e0720a4a42581f334ad4303aa6b?s=96&d=mm&r=g","contentUrl":"https:\/\/secure.gravatar.com\/avatar\/e0a867bdedb85fd243eadf09663511f96fc81e0720a4a42581f334ad4303aa6b?s=96&d=mm&r=g","caption":"Reda\u00e7\u00e3o"}}]}},"amp_enabled":true,"_links":{"self":[{"href":"https:\/\/www.notibras.com\/site\/wp-json\/wp\/v2\/posts\/385998","targetHints":{"allow":["GET"]}}],"collection":[{"href":"https:\/\/www.notibras.com\/site\/wp-json\/wp\/v2\/posts"}],"about":[{"href":"https:\/\/www.notibras.com\/site\/wp-json\/wp\/v2\/types\/post"}],"author":[{"embeddable":true,"href":"https:\/\/www.notibras.com\/site\/wp-json\/wp\/v2\/users\/2"}],"replies":[{"embeddable":true,"href":"https:\/\/www.notibras.com\/site\/wp-json\/wp\/v2\/comments?post=385998"}],"version-history":[{"count":2,"href":"https:\/\/www.notibras.com\/site\/wp-json\/wp\/v2\/posts\/385998\/revisions"}],"predecessor-version":[{"id":386005,"href":"https:\/\/www.notibras.com\/site\/wp-json\/wp\/v2\/posts\/385998\/revisions\/386005"}],"wp:featuredmedia":[{"embeddable":true,"href":"https:\/\/www.notibras.com\/site\/wp-json\/wp\/v2\/media\/385999"}],"wp:attachment":[{"href":"https:\/\/www.notibras.com\/site\/wp-json\/wp\/v2\/media?parent=385998"}],"wp:term":[{"taxonomy":"category","embeddable":true,"href":"https:\/\/www.notibras.com\/site\/wp-json\/wp\/v2\/categories?post=385998"},{"taxonomy":"post_tag","embeddable":true,"href":"https:\/\/www.notibras.com\/site\/wp-json\/wp\/v2\/tags?post=385998"}],"curies":[{"name":"wp","href":"https:\/\/api.w.org\/{rel}","templated":true}]}}