{"id":386006,"date":"2026-03-08T00:40:54","date_gmt":"2026-03-08T03:40:54","guid":{"rendered":"https:\/\/www.notibras.com\/site\/?p=386006"},"modified":"2026-03-07T12:23:41","modified_gmt":"2026-03-07T15:23:41","slug":"o-orgulho-de-nao-desistir","status":"publish","type":"post","link":"https:\/\/www.notibras.com\/site\/o-orgulho-de-nao-desistir\/","title":{"rendered":"O orgulho de n\u00e3o desistir"},"content":{"rendered":"<p>Sim, \u00e9 cansativo abrir as redes sociais e ver todos os dias as mesmas postagens. \u00c9 exaustivo falar de feminic\u00eddio, viol\u00eancia dom\u00e9stica, estupro, misoginia e tantas outras formas de viol\u00eancia de g\u00eanero. Mas, se \u00e9 cansativo para voc\u00ea, imagine para uma m\u00e3e que ouve o pr\u00f3prio filho falar das mulheres como se fossem bonecas expostas em uma prateleira de supermercado.<\/p>\n<p>Quantas vezes ouvi uma m\u00e3e dizer: &#8220;Tenho vergonha do meu filho; ele fala das mulheres como se fossem objetos&#8221;.<\/p>\n<p>Imagine sua filha ouvindo, diariamente, suas piadas machistas, seus relatos sobre com quantas mulheres voc\u00ea sai ou o quanto elas olham para voc\u00ea \u2014 refor\u00e7ando o &#8220;direito&#8221; que voc\u00ea acredita ter de sair com quem quiser e deixar clara a diferen\u00e7a: &#8220;eu sou homem&#8221;. Isso \u00e9 vergonhoso para essa menina. Diz a ela o que deve aceitar em um relacionamento adulto: mentiras, manipula\u00e7\u00f5es, trai\u00e7\u00f5es e, por fim, a viol\u00eancia. Afinal de contas, ela \u00e9 &#8220;apenas&#8221; uma mulher.<\/p>\n<p>Imagine sua esposa ou namorada que, em vez de um &#8220;eu te amo&#8221;, ouve diariamente piadas machistas e precisa se defender de tentativas de controle e da sua necessidade de aprova\u00e7\u00e3o atrav\u00e9s da diminui\u00e7\u00e3o de outras mulheres.<\/p>\n<p>&#8220;Ah, mas \u00e9 s\u00f3 uma brincadeira.&#8221;<\/p>\n<p>Se, como adulto, voc\u00ea n\u00e3o entende que aquilo que fere e causa sofrimento n\u00e3o \u00e9 brincadeira, qual \u00e9 a sua posi\u00e7\u00e3o como homem, filho, companheiro ou pai? Se voc\u00ea n\u00e3o \u00e9 capaz de se preocupar com a dor que causa \u00e0s mulheres \u00e0 sua volta, que tipo de homem voc\u00ea \u00e9?<\/p>\n<p>Aos quatorze anos, enquanto todos faziam administra\u00e7\u00e3o, eu queria cursar edifica\u00e7\u00f5es. Foi um ano dif\u00edcil, marcado por greves e estudos perdidos. Decidi trabalhar. Minha fam\u00edlia passava por dificuldades, ent\u00e3o o primeiro passo foi procurar emprego escondida do meu pai.<\/p>\n<p>Assim fiz. Tinha acabado de completar quinze anos quando consegui um trabalho sozinha. Um adulto precisava assinar a autoriza\u00e7\u00e3o; minha m\u00e3e assinou, ainda escondida, mas chegou o momento em que ele precisava saber. Eu j\u00e1 namorava h\u00e1 seis meses. Minha m\u00e3e, angustiada, esperou at\u00e9 o limite. Eu deixei claro que iria trabalhar de qualquer jeito.<\/p>\n<p>Finalmente, ela contou ao meu pai em um momento em que ele estava tranquilo. Ele aceitou, mas imp\u00f4s:<\/p>\n<p>\u2014 Ela tem que pedir ao namorado; ele pode n\u00e3o gostar e ela tem que obedecer a ele.<\/p>\n<p>O \u00f3dio tomou conta de mim. Eu tinha apenas quinze anos e meu pai estava autorizando um garoto de dezoito a tomar decis\u00f5es por mim. N\u00e3o pedi permiss\u00e3o; sa\u00ed e fui trabalhar. Meu namorado realmente n\u00e3o gostou e passou dias chateado. Eu deveria ter terminado ali, mas meu pai dizia que a mulher deve se casar com o primeiro homem de sua vida.<\/p>\n<p>Eu n\u00e3o queria parar de estudar. Na \u00e9poca, eu precisava de uma autoriza\u00e7\u00e3o de um juiz da Vara da Inf\u00e2ncia e da Juventude para estudar no per\u00edodo noturno. Meu pai e meu namorado jamais me acompanhariam. Busquei as informa\u00e7\u00f5es e fui sozinha, aos quinze anos, dizer a um juiz que eu queria continuar meus estudos.<\/p>\n<p>Com o pedido na m\u00e3o, o juiz me olhou e disse:<\/p>\n<p>\u2014 Voc\u00ea \u00e9 uma menina muito bonita e jovem. O que precisa aprender \u00e9 a cuidar da casa e arrumar um marido, em vez de arrumar problemas estudando \u2014 e, principalmente, estudando \u00e0 noite.<\/p>\n<p>Ele estendeu a m\u00e3o e me entregou a folha com o &#8220;n\u00e3o autorizado&#8221;. Caminhei at\u00e9 a sa\u00edda sentindo-me impotente, mas jamais me daria por vencida. Rasguei a folha e a joguei no lixo, diante dos olhos dele.<\/p>\n<p>Mais tarde, veio o div\u00f3rcio. Todo aquele transtorno e, claro, eu era o &#8220;problema&#8221;. Fui levada a um padre e a um psic\u00f3logo, que disse ao meu marido:<\/p>\n<p>\u2014 Ou ela est\u00e1 com depress\u00e3o, ou est\u00e1 te traindo.<\/p>\n<p>Essas eram as \u00fanicas raz\u00f5es aceit\u00e1veis para um div\u00f3rcio naquela vis\u00e3o.<\/p>\n<p>Tive em minha vida mulheres que me ensinaram que posso ser o que eu quiser; silenciosamente, elas me apresentaram a liberdade. Tive homens que me ensinaram o que a sociedade espera da mulher.<\/p>\n<p>Tenho, sim, muito a comemorar neste Dia Internacional da Mulher. No entanto, pouco posso atribuir aos homens que disseram me amar. Se voc\u00ea, como homem, acha cansativo falar da viol\u00eancia, imagine para n\u00f3s, que a vivemos. Como homem, o quanto voc\u00ea tem contribu\u00eddo para essa viol\u00eancia sendo pai, filho ou companheiro?<\/p>\n<p>Como mulher, voc\u00ea pode se orgulhar de suas conquistas por n\u00e3o desistir diante de uma sociedade que tenta nos condicionar a servir aos homens. Hoje, podemos comemorar.<\/p>\n<p><strong>&#8230;&#8230;&#8230;&#8230;&#8230;..<\/strong><\/p>\n<p><strong>&#8220;Apaixonada pela vida em todas as suas formas! M\u00e3e, av\u00f3, artes\u00e3 do croch\u00ea e escritora por voca\u00e7\u00e3o. Encontro inspira\u00e7\u00e3o na natureza e tranquilidade nas trilhas da montanha. Palavras e linhas s\u00e3o minhas ferramentas para criar e compartilhar amor.&#8221;<\/strong><\/p>\n<p><strong>Autora de tr\u00eas livros publicados, colunista e integrante de uma comunidade liter\u00e1ria.<\/strong><\/p>\n<p><strong>Atualmente reside em Cachoeiro de Itapemirim-ES<\/strong><\/p>\n","protected":false},"excerpt":{"rendered":"<p>Sim, \u00e9 cansativo abrir as redes sociais e ver todos os dias as mesmas postagens. \u00c9 exaustivo falar de feminic\u00eddio, viol\u00eancia dom\u00e9stica, estupro, misoginia e tantas outras formas de viol\u00eancia de g\u00eanero. Mas, se \u00e9 cansativo para voc\u00ea, imagine para uma m\u00e3e que ouve o pr\u00f3prio filho falar das mulheres como se fossem bonecas expostas [&hellip;]<\/p>\n","protected":false},"author":21,"featured_media":386007,"comment_status":"closed","ping_status":"closed","sticky":false,"template":"","format":"standard","meta":{"_acf_changed":false,"footnotes":""},"categories":[234],"tags":[],"class_list":["post-386006","post","type-post","status-publish","format-standard","has-post-thumbnail","hentry","category-cafe-literario"],"acf":[],"yoast_head":"<!-- This site is optimized with the Yoast SEO plugin v27.2 - https:\/\/yoast.com\/product\/yoast-seo-wordpress\/ -->\n<title>O orgulho de n\u00e3o desistir - Notibras<\/title>\n<meta name=\"robots\" content=\"index, follow, max-snippet:-1, max-image-preview:large, max-video-preview:-1\" \/>\n<link rel=\"canonical\" href=\"https:\/\/www.notibras.com\/site\/o-orgulho-de-nao-desistir\/\" \/>\n<meta property=\"og:locale\" content=\"pt_BR\" \/>\n<meta property=\"og:type\" content=\"article\" \/>\n<meta property=\"og:title\" content=\"O orgulho de n\u00e3o desistir - Notibras\" \/>\n<meta property=\"og:description\" content=\"Sim, \u00e9 cansativo abrir as redes sociais e ver todos os dias as mesmas postagens. \u00c9 exaustivo falar de feminic\u00eddio, viol\u00eancia dom\u00e9stica, estupro, misoginia e tantas outras formas de viol\u00eancia de g\u00eanero. Mas, se \u00e9 cansativo para voc\u00ea, imagine para uma m\u00e3e que ouve o pr\u00f3prio filho falar das mulheres como se fossem bonecas expostas [&hellip;]\" \/>\n<meta property=\"og:url\" content=\"https:\/\/www.notibras.com\/site\/o-orgulho-de-nao-desistir\/\" \/>\n<meta property=\"og:site_name\" content=\"Notibras\" \/>\n<meta property=\"article:publisher\" content=\"https:\/\/www.facebook.com\/notibras\/\" \/>\n<meta property=\"article:published_time\" content=\"2026-03-08T03:40:54+00:00\" \/>\n<meta property=\"og:image\" content=\"https:\/\/www.notibras.com\/site\/wp-content\/uploads\/2026\/03\/WhatsApp-Image-2026-03-05-at-00.07.25.jpeg\" \/>\n\t<meta property=\"og:image:width\" content=\"1066\" \/>\n\t<meta property=\"og:image:height\" content=\"1600\" \/>\n\t<meta property=\"og:image:type\" content=\"image\/jpeg\" \/>\n<meta name=\"author\" content=\"Eduardo Mart\u00ednez\" \/>\n<meta name=\"twitter:card\" content=\"summary_large_image\" \/>\n<meta name=\"twitter:creator\" content=\"@Notibras\" \/>\n<meta name=\"twitter:site\" content=\"@Notibras\" \/>\n<meta name=\"twitter:label1\" content=\"Escrito por\" \/>\n\t<meta name=\"twitter:data1\" content=\"Eduardo Mart\u00ednez\" \/>\n\t<meta name=\"twitter:label2\" content=\"Est. tempo de leitura\" \/>\n\t<meta name=\"twitter:data2\" content=\"5 minutos\" \/>\n<script type=\"application\/ld+json\" class=\"yoast-schema-graph\">{\"@context\":\"https:\/\/schema.org\",\"@graph\":[{\"@type\":\"Article\",\"@id\":\"https:\/\/www.notibras.com\/site\/o-orgulho-de-nao-desistir\/#article\",\"isPartOf\":{\"@id\":\"https:\/\/www.notibras.com\/site\/o-orgulho-de-nao-desistir\/\"},\"author\":{\"name\":\"Eduardo Mart\u00ednez\",\"@id\":\"https:\/\/www.notibras.com\/site\/#\/schema\/person\/5b7fabf2aedc3ada2105f03b22b4d3dd\"},\"headline\":\"O orgulho de n\u00e3o desistir\",\"datePublished\":\"2026-03-08T03:40:54+00:00\",\"mainEntityOfPage\":{\"@id\":\"https:\/\/www.notibras.com\/site\/o-orgulho-de-nao-desistir\/\"},\"wordCount\":844,\"publisher\":{\"@id\":\"https:\/\/www.notibras.com\/site\/#organization\"},\"image\":{\"@id\":\"https:\/\/www.notibras.com\/site\/o-orgulho-de-nao-desistir\/#primaryimage\"},\"thumbnailUrl\":\"https:\/\/www.notibras.com\/site\/wp-content\/uploads\/2026\/03\/WhatsApp-Image-2026-03-05-at-00.07.25.jpeg\",\"articleSection\":[\"Caf\u00e9 Liter\u00e1rio\"],\"inLanguage\":\"pt-BR\"},{\"@type\":\"WebPage\",\"@id\":\"https:\/\/www.notibras.com\/site\/o-orgulho-de-nao-desistir\/\",\"url\":\"https:\/\/www.notibras.com\/site\/o-orgulho-de-nao-desistir\/\",\"name\":\"O orgulho de n\u00e3o desistir - Notibras\",\"isPartOf\":{\"@id\":\"https:\/\/www.notibras.com\/site\/#website\"},\"primaryImageOfPage\":{\"@id\":\"https:\/\/www.notibras.com\/site\/o-orgulho-de-nao-desistir\/#primaryimage\"},\"image\":{\"@id\":\"https:\/\/www.notibras.com\/site\/o-orgulho-de-nao-desistir\/#primaryimage\"},\"thumbnailUrl\":\"https:\/\/www.notibras.com\/site\/wp-content\/uploads\/2026\/03\/WhatsApp-Image-2026-03-05-at-00.07.25.jpeg\",\"datePublished\":\"2026-03-08T03:40:54+00:00\",\"breadcrumb\":{\"@id\":\"https:\/\/www.notibras.com\/site\/o-orgulho-de-nao-desistir\/#breadcrumb\"},\"inLanguage\":\"pt-BR\",\"potentialAction\":[{\"@type\":\"ReadAction\",\"target\":[\"https:\/\/www.notibras.com\/site\/o-orgulho-de-nao-desistir\/\"]}]},{\"@type\":\"ImageObject\",\"inLanguage\":\"pt-BR\",\"@id\":\"https:\/\/www.notibras.com\/site\/o-orgulho-de-nao-desistir\/#primaryimage\",\"url\":\"https:\/\/www.notibras.com\/site\/wp-content\/uploads\/2026\/03\/WhatsApp-Image-2026-03-05-at-00.07.25.jpeg\",\"contentUrl\":\"https:\/\/www.notibras.com\/site\/wp-content\/uploads\/2026\/03\/WhatsApp-Image-2026-03-05-at-00.07.25.jpeg\",\"width\":1066,\"height\":1600},{\"@type\":\"BreadcrumbList\",\"@id\":\"https:\/\/www.notibras.com\/site\/o-orgulho-de-nao-desistir\/#breadcrumb\",\"itemListElement\":[{\"@type\":\"ListItem\",\"position\":1,\"name\":\"In\u00edcio\",\"item\":\"https:\/\/www.notibras.com\/site\/\"},{\"@type\":\"ListItem\",\"position\":2,\"name\":\"O orgulho de n\u00e3o desistir\"}]},{\"@type\":\"WebSite\",\"@id\":\"https:\/\/www.notibras.com\/site\/#website\",\"url\":\"https:\/\/www.notibras.com\/site\/\",\"name\":\"Notibras\",\"description\":\"Not\u00edcias de Bras\u00edlia, do Brasil e do Mundo\",\"publisher\":{\"@id\":\"https:\/\/www.notibras.com\/site\/#organization\"},\"potentialAction\":[{\"@type\":\"SearchAction\",\"target\":{\"@type\":\"EntryPoint\",\"urlTemplate\":\"https:\/\/www.notibras.com\/site\/?s={search_term_string}\"},\"query-input\":{\"@type\":\"PropertyValueSpecification\",\"valueRequired\":true,\"valueName\":\"search_term_string\"}}],\"inLanguage\":\"pt-BR\"},{\"@type\":\"Organization\",\"@id\":\"https:\/\/www.notibras.com\/site\/#organization\",\"name\":\"Grupo Notibras de Comunica\u00e7\u00e3o\",\"url\":\"https:\/\/www.notibras.com\/site\/\",\"logo\":{\"@type\":\"ImageObject\",\"inLanguage\":\"pt-BR\",\"@id\":\"https:\/\/www.notibras.com\/site\/#\/schema\/logo\/image\/\",\"url\":\"https:\/\/www.notibras.com\/site\/wp-content\/uploads\/2023\/01\/notibras23.png\",\"contentUrl\":\"https:\/\/www.notibras.com\/site\/wp-content\/uploads\/2023\/01\/notibras23.png\",\"width\":350,\"height\":87,\"caption\":\"Grupo Notibras de Comunica\u00e7\u00e3o\"},\"image\":{\"@id\":\"https:\/\/www.notibras.com\/site\/#\/schema\/logo\/image\/\"},\"sameAs\":[\"https:\/\/www.facebook.com\/notibras\/\",\"https:\/\/x.com\/Notibras\",\"https:\/\/www.instagram.com\/notibras\/\"]},{\"@type\":\"Person\",\"@id\":\"https:\/\/www.notibras.com\/site\/#\/schema\/person\/5b7fabf2aedc3ada2105f03b22b4d3dd\",\"name\":\"Eduardo Mart\u00ednez\",\"image\":{\"@type\":\"ImageObject\",\"inLanguage\":\"pt-BR\",\"@id\":\"https:\/\/secure.gravatar.com\/avatar\/7902f906289926289cbcda644b5197c796b893c6ffd7b9a536a42d290f7704a0?s=96&d=mm&r=g\",\"url\":\"https:\/\/secure.gravatar.com\/avatar\/7902f906289926289cbcda644b5197c796b893c6ffd7b9a536a42d290f7704a0?s=96&d=mm&r=g\",\"contentUrl\":\"https:\/\/secure.gravatar.com\/avatar\/7902f906289926289cbcda644b5197c796b893c6ffd7b9a536a42d290f7704a0?s=96&d=mm&r=g\",\"caption\":\"Eduardo Mart\u00ednez\"}}]}<\/script>\n<!-- \/ Yoast SEO plugin. -->","yoast_head_json":{"title":"O orgulho de n\u00e3o desistir - Notibras","robots":{"index":"index","follow":"follow","max-snippet":"max-snippet:-1","max-image-preview":"max-image-preview:large","max-video-preview":"max-video-preview:-1"},"canonical":"https:\/\/www.notibras.com\/site\/o-orgulho-de-nao-desistir\/","og_locale":"pt_BR","og_type":"article","og_title":"O orgulho de n\u00e3o desistir - Notibras","og_description":"Sim, \u00e9 cansativo abrir as redes sociais e ver todos os dias as mesmas postagens. \u00c9 exaustivo falar de feminic\u00eddio, viol\u00eancia dom\u00e9stica, estupro, misoginia e tantas outras formas de viol\u00eancia de g\u00eanero. Mas, se \u00e9 cansativo para voc\u00ea, imagine para uma m\u00e3e que ouve o pr\u00f3prio filho falar das mulheres como se fossem bonecas expostas [&hellip;]","og_url":"https:\/\/www.notibras.com\/site\/o-orgulho-de-nao-desistir\/","og_site_name":"Notibras","article_publisher":"https:\/\/www.facebook.com\/notibras\/","article_published_time":"2026-03-08T03:40:54+00:00","og_image":[{"width":1066,"height":1600,"url":"https:\/\/www.notibras.com\/site\/wp-content\/uploads\/2026\/03\/WhatsApp-Image-2026-03-05-at-00.07.25.jpeg","type":"image\/jpeg"}],"author":"Eduardo Mart\u00ednez","twitter_card":"summary_large_image","twitter_creator":"@Notibras","twitter_site":"@Notibras","twitter_misc":{"Escrito por":"Eduardo Mart\u00ednez","Est. tempo de leitura":"5 minutos"},"schema":{"@context":"https:\/\/schema.org","@graph":[{"@type":"Article","@id":"https:\/\/www.notibras.com\/site\/o-orgulho-de-nao-desistir\/#article","isPartOf":{"@id":"https:\/\/www.notibras.com\/site\/o-orgulho-de-nao-desistir\/"},"author":{"name":"Eduardo Mart\u00ednez","@id":"https:\/\/www.notibras.com\/site\/#\/schema\/person\/5b7fabf2aedc3ada2105f03b22b4d3dd"},"headline":"O orgulho de n\u00e3o desistir","datePublished":"2026-03-08T03:40:54+00:00","mainEntityOfPage":{"@id":"https:\/\/www.notibras.com\/site\/o-orgulho-de-nao-desistir\/"},"wordCount":844,"publisher":{"@id":"https:\/\/www.notibras.com\/site\/#organization"},"image":{"@id":"https:\/\/www.notibras.com\/site\/o-orgulho-de-nao-desistir\/#primaryimage"},"thumbnailUrl":"https:\/\/www.notibras.com\/site\/wp-content\/uploads\/2026\/03\/WhatsApp-Image-2026-03-05-at-00.07.25.jpeg","articleSection":["Caf\u00e9 Liter\u00e1rio"],"inLanguage":"pt-BR"},{"@type":"WebPage","@id":"https:\/\/www.notibras.com\/site\/o-orgulho-de-nao-desistir\/","url":"https:\/\/www.notibras.com\/site\/o-orgulho-de-nao-desistir\/","name":"O orgulho de n\u00e3o desistir - Notibras","isPartOf":{"@id":"https:\/\/www.notibras.com\/site\/#website"},"primaryImageOfPage":{"@id":"https:\/\/www.notibras.com\/site\/o-orgulho-de-nao-desistir\/#primaryimage"},"image":{"@id":"https:\/\/www.notibras.com\/site\/o-orgulho-de-nao-desistir\/#primaryimage"},"thumbnailUrl":"https:\/\/www.notibras.com\/site\/wp-content\/uploads\/2026\/03\/WhatsApp-Image-2026-03-05-at-00.07.25.jpeg","datePublished":"2026-03-08T03:40:54+00:00","breadcrumb":{"@id":"https:\/\/www.notibras.com\/site\/o-orgulho-de-nao-desistir\/#breadcrumb"},"inLanguage":"pt-BR","potentialAction":[{"@type":"ReadAction","target":["https:\/\/www.notibras.com\/site\/o-orgulho-de-nao-desistir\/"]}]},{"@type":"ImageObject","inLanguage":"pt-BR","@id":"https:\/\/www.notibras.com\/site\/o-orgulho-de-nao-desistir\/#primaryimage","url":"https:\/\/www.notibras.com\/site\/wp-content\/uploads\/2026\/03\/WhatsApp-Image-2026-03-05-at-00.07.25.jpeg","contentUrl":"https:\/\/www.notibras.com\/site\/wp-content\/uploads\/2026\/03\/WhatsApp-Image-2026-03-05-at-00.07.25.jpeg","width":1066,"height":1600},{"@type":"BreadcrumbList","@id":"https:\/\/www.notibras.com\/site\/o-orgulho-de-nao-desistir\/#breadcrumb","itemListElement":[{"@type":"ListItem","position":1,"name":"In\u00edcio","item":"https:\/\/www.notibras.com\/site\/"},{"@type":"ListItem","position":2,"name":"O orgulho de n\u00e3o desistir"}]},{"@type":"WebSite","@id":"https:\/\/www.notibras.com\/site\/#website","url":"https:\/\/www.notibras.com\/site\/","name":"Notibras","description":"Not\u00edcias de Bras\u00edlia, do Brasil e do Mundo","publisher":{"@id":"https:\/\/www.notibras.com\/site\/#organization"},"potentialAction":[{"@type":"SearchAction","target":{"@type":"EntryPoint","urlTemplate":"https:\/\/www.notibras.com\/site\/?s={search_term_string}"},"query-input":{"@type":"PropertyValueSpecification","valueRequired":true,"valueName":"search_term_string"}}],"inLanguage":"pt-BR"},{"@type":"Organization","@id":"https:\/\/www.notibras.com\/site\/#organization","name":"Grupo Notibras de Comunica\u00e7\u00e3o","url":"https:\/\/www.notibras.com\/site\/","logo":{"@type":"ImageObject","inLanguage":"pt-BR","@id":"https:\/\/www.notibras.com\/site\/#\/schema\/logo\/image\/","url":"https:\/\/www.notibras.com\/site\/wp-content\/uploads\/2023\/01\/notibras23.png","contentUrl":"https:\/\/www.notibras.com\/site\/wp-content\/uploads\/2023\/01\/notibras23.png","width":350,"height":87,"caption":"Grupo Notibras de Comunica\u00e7\u00e3o"},"image":{"@id":"https:\/\/www.notibras.com\/site\/#\/schema\/logo\/image\/"},"sameAs":["https:\/\/www.facebook.com\/notibras\/","https:\/\/x.com\/Notibras","https:\/\/www.instagram.com\/notibras\/"]},{"@type":"Person","@id":"https:\/\/www.notibras.com\/site\/#\/schema\/person\/5b7fabf2aedc3ada2105f03b22b4d3dd","name":"Eduardo Mart\u00ednez","image":{"@type":"ImageObject","inLanguage":"pt-BR","@id":"https:\/\/secure.gravatar.com\/avatar\/7902f906289926289cbcda644b5197c796b893c6ffd7b9a536a42d290f7704a0?s=96&d=mm&r=g","url":"https:\/\/secure.gravatar.com\/avatar\/7902f906289926289cbcda644b5197c796b893c6ffd7b9a536a42d290f7704a0?s=96&d=mm&r=g","contentUrl":"https:\/\/secure.gravatar.com\/avatar\/7902f906289926289cbcda644b5197c796b893c6ffd7b9a536a42d290f7704a0?s=96&d=mm&r=g","caption":"Eduardo Mart\u00ednez"}}]}},"amp_enabled":true,"_links":{"self":[{"href":"https:\/\/www.notibras.com\/site\/wp-json\/wp\/v2\/posts\/386006","targetHints":{"allow":["GET"]}}],"collection":[{"href":"https:\/\/www.notibras.com\/site\/wp-json\/wp\/v2\/posts"}],"about":[{"href":"https:\/\/www.notibras.com\/site\/wp-json\/wp\/v2\/types\/post"}],"author":[{"embeddable":true,"href":"https:\/\/www.notibras.com\/site\/wp-json\/wp\/v2\/users\/21"}],"replies":[{"embeddable":true,"href":"https:\/\/www.notibras.com\/site\/wp-json\/wp\/v2\/comments?post=386006"}],"version-history":[{"count":1,"href":"https:\/\/www.notibras.com\/site\/wp-json\/wp\/v2\/posts\/386006\/revisions"}],"predecessor-version":[{"id":386008,"href":"https:\/\/www.notibras.com\/site\/wp-json\/wp\/v2\/posts\/386006\/revisions\/386008"}],"wp:featuredmedia":[{"embeddable":true,"href":"https:\/\/www.notibras.com\/site\/wp-json\/wp\/v2\/media\/386007"}],"wp:attachment":[{"href":"https:\/\/www.notibras.com\/site\/wp-json\/wp\/v2\/media?parent=386006"}],"wp:term":[{"taxonomy":"category","embeddable":true,"href":"https:\/\/www.notibras.com\/site\/wp-json\/wp\/v2\/categories?post=386006"},{"taxonomy":"post_tag","embeddable":true,"href":"https:\/\/www.notibras.com\/site\/wp-json\/wp\/v2\/tags?post=386006"}],"curies":[{"name":"wp","href":"https:\/\/api.w.org\/{rel}","templated":true}]}}