{"id":386010,"date":"2026-03-08T00:30:29","date_gmt":"2026-03-08T03:30:29","guid":{"rendered":"https:\/\/www.notibras.com\/site\/?p=386010"},"modified":"2026-03-07T15:14:36","modified_gmt":"2026-03-07T18:14:36","slug":"auroras-do-adeus-no-silencio-da-despedida-a-memoria-aprende-a-florescer","status":"publish","type":"post","link":"https:\/\/www.notibras.com\/site\/auroras-do-adeus-no-silencio-da-despedida-a-memoria-aprende-a-florescer\/","title":{"rendered":"AURORAS DO ADEUS: No sil\u00eancio da despedida, a mem\u00f3ria aprende a florescer"},"content":{"rendered":"<p><strong>Partida das Auroras<\/strong><\/p>\n<p>Adeus ao dia em sua fr\u00e1gil eternidade,<br \/>\nao perfume de promessas suspensas,<br \/>\nadeus ao compasso de um cora\u00e7\u00e3o,<br \/>\nao coro silenciado de desejos ocultos.<\/p>\n<p>Adeus ao c\u00e9u vasto e silencioso,<br \/>\nque guarda paletas de lembran\u00e7as,<br \/>\n\u00e0s festas de sabor agridoce,<br \/>\n\u00e0s noites bordadas de ternura e mist\u00e9rio,<br \/>\nlua perdida entre v\u00e9us e brumas.<\/p>\n<p>Adeus ao pranto que corre como rios,<br \/>\ntardio, indom\u00e1vel, secreto,<br \/>\nadeus ao eco de sinos distantes,<br \/>\nque se dissolvem no vento da mem\u00f3ria.<\/p>\n<p>E ao longe, entre auroras e horizontes,<br \/>\nnovas lembran\u00e7as florescem,<br \/>\ncomo estrelas que renascem no infinito,<br \/>\ntecendo em sil\u00eancio o destino<br \/>\nde quem aprende a dizer adeus.<\/p>\n<p><strong>&#8230;&#8230;&#8230;&#8230;.<\/strong><\/p>\n<p><strong>Luzia Couto \u00e9 o nome liter\u00e1rio de Maria Luzia do Couto Rodrigues. Escritora desde 2015, quando publicou <em data-start=\"104\" data-end=\"127\">Uma Pris\u00e3o no Para\u00edso<\/em>, transforma experi\u00eancias pessoais em textos po\u00e9ticos sobre amor, dor, saudade e esperan\u00e7a. Poetisa, tamb\u00e9m se dedica \u00e0 literatura infantil e ao romance.<\/strong><\/p>\n","protected":false},"excerpt":{"rendered":"<p>Partida das Auroras Adeus ao dia em sua fr\u00e1gil eternidade, ao perfume de promessas suspensas, adeus ao compasso de um cora\u00e7\u00e3o, ao coro silenciado de desejos ocultos. Adeus ao c\u00e9u vasto e silencioso, que guarda paletas de lembran\u00e7as, \u00e0s festas de sabor agridoce, \u00e0s noites bordadas de ternura e mist\u00e9rio, lua perdida entre v\u00e9us e [&hellip;]<\/p>\n","protected":false},"author":21,"featured_media":386012,"comment_status":"closed","ping_status":"closed","sticky":false,"template":"","format":"standard","meta":{"_acf_changed":false,"footnotes":""},"categories":[234],"tags":[],"class_list":["post-386010","post","type-post","status-publish","format-standard","has-post-thumbnail","hentry","category-cafe-literario"],"acf":[],"yoast_head":"<!-- This site is optimized with the Yoast SEO plugin v27.2 - https:\/\/yoast.com\/product\/yoast-seo-wordpress\/ -->\n<title>AURORAS DO ADEUS: No sil\u00eancio da despedida, a mem\u00f3ria aprende a florescer - Notibras<\/title>\n<meta name=\"robots\" content=\"index, follow, max-snippet:-1, max-image-preview:large, max-video-preview:-1\" \/>\n<link rel=\"canonical\" href=\"https:\/\/www.notibras.com\/site\/auroras-do-adeus-no-silencio-da-despedida-a-memoria-aprende-a-florescer\/\" \/>\n<meta property=\"og:locale\" content=\"pt_BR\" \/>\n<meta property=\"og:type\" content=\"article\" \/>\n<meta property=\"og:title\" content=\"AURORAS DO ADEUS: No sil\u00eancio da despedida, a mem\u00f3ria aprende a florescer - Notibras\" \/>\n<meta property=\"og:description\" content=\"Partida das Auroras Adeus ao dia em sua fr\u00e1gil eternidade, ao perfume de promessas suspensas, adeus ao compasso de um cora\u00e7\u00e3o, ao coro silenciado de desejos ocultos. Adeus ao c\u00e9u vasto e silencioso, que guarda paletas de lembran\u00e7as, \u00e0s festas de sabor agridoce, \u00e0s noites bordadas de ternura e mist\u00e9rio, lua perdida entre v\u00e9us e [&hellip;]\" \/>\n<meta property=\"og:url\" content=\"https:\/\/www.notibras.com\/site\/auroras-do-adeus-no-silencio-da-despedida-a-memoria-aprende-a-florescer\/\" \/>\n<meta property=\"og:site_name\" content=\"Notibras\" \/>\n<meta property=\"article:publisher\" content=\"https:\/\/www.facebook.com\/notibras\/\" \/>\n<meta property=\"article:published_time\" content=\"2026-03-08T03:30:29+00:00\" \/>\n<meta property=\"og:image\" content=\"https:\/\/www.notibras.com\/site\/wp-content\/uploads\/2026\/03\/WhatsApp-Image-2026-03-06-at-19.17.21.jpeg\" \/>\n\t<meta property=\"og:image:width\" content=\"1169\" \/>\n\t<meta property=\"og:image:height\" content=\"1145\" \/>\n\t<meta property=\"og:image:type\" content=\"image\/jpeg\" \/>\n<meta name=\"author\" content=\"Eduardo Mart\u00ednez\" \/>\n<meta name=\"twitter:card\" content=\"summary_large_image\" \/>\n<meta name=\"twitter:creator\" content=\"@Notibras\" \/>\n<meta name=\"twitter:site\" content=\"@Notibras\" \/>\n<meta name=\"twitter:label1\" content=\"Escrito por\" \/>\n\t<meta name=\"twitter:data1\" content=\"Eduardo Mart\u00ednez\" \/>\n\t<meta name=\"twitter:label2\" content=\"Est. tempo de leitura\" \/>\n\t<meta name=\"twitter:data2\" content=\"2 minutos\" \/>\n<script type=\"application\/ld+json\" class=\"yoast-schema-graph\">{\"@context\":\"https:\/\/schema.org\",\"@graph\":[{\"@type\":\"Article\",\"@id\":\"https:\/\/www.notibras.com\/site\/auroras-do-adeus-no-silencio-da-despedida-a-memoria-aprende-a-florescer\/#article\",\"isPartOf\":{\"@id\":\"https:\/\/www.notibras.com\/site\/auroras-do-adeus-no-silencio-da-despedida-a-memoria-aprende-a-florescer\/\"},\"author\":{\"name\":\"Eduardo Mart\u00ednez\",\"@id\":\"https:\/\/www.notibras.com\/site\/#\/schema\/person\/5b7fabf2aedc3ada2105f03b22b4d3dd\"},\"headline\":\"AURORAS DO ADEUS: No sil\u00eancio da despedida, a mem\u00f3ria aprende a florescer\",\"datePublished\":\"2026-03-08T03:30:29+00:00\",\"mainEntityOfPage\":{\"@id\":\"https:\/\/www.notibras.com\/site\/auroras-do-adeus-no-silencio-da-despedida-a-memoria-aprende-a-florescer\/\"},\"wordCount\":177,\"publisher\":{\"@id\":\"https:\/\/www.notibras.com\/site\/#organization\"},\"image\":{\"@id\":\"https:\/\/www.notibras.com\/site\/auroras-do-adeus-no-silencio-da-despedida-a-memoria-aprende-a-florescer\/#primaryimage\"},\"thumbnailUrl\":\"https:\/\/www.notibras.com\/site\/wp-content\/uploads\/2026\/03\/WhatsApp-Image-2026-03-06-at-19.17.21.jpeg\",\"articleSection\":[\"Caf\u00e9 Liter\u00e1rio\"],\"inLanguage\":\"pt-BR\"},{\"@type\":\"WebPage\",\"@id\":\"https:\/\/www.notibras.com\/site\/auroras-do-adeus-no-silencio-da-despedida-a-memoria-aprende-a-florescer\/\",\"url\":\"https:\/\/www.notibras.com\/site\/auroras-do-adeus-no-silencio-da-despedida-a-memoria-aprende-a-florescer\/\",\"name\":\"AURORAS DO ADEUS: No sil\u00eancio da despedida, a mem\u00f3ria aprende a florescer - Notibras\",\"isPartOf\":{\"@id\":\"https:\/\/www.notibras.com\/site\/#website\"},\"primaryImageOfPage\":{\"@id\":\"https:\/\/www.notibras.com\/site\/auroras-do-adeus-no-silencio-da-despedida-a-memoria-aprende-a-florescer\/#primaryimage\"},\"image\":{\"@id\":\"https:\/\/www.notibras.com\/site\/auroras-do-adeus-no-silencio-da-despedida-a-memoria-aprende-a-florescer\/#primaryimage\"},\"thumbnailUrl\":\"https:\/\/www.notibras.com\/site\/wp-content\/uploads\/2026\/03\/WhatsApp-Image-2026-03-06-at-19.17.21.jpeg\",\"datePublished\":\"2026-03-08T03:30:29+00:00\",\"breadcrumb\":{\"@id\":\"https:\/\/www.notibras.com\/site\/auroras-do-adeus-no-silencio-da-despedida-a-memoria-aprende-a-florescer\/#breadcrumb\"},\"inLanguage\":\"pt-BR\",\"potentialAction\":[{\"@type\":\"ReadAction\",\"target\":[\"https:\/\/www.notibras.com\/site\/auroras-do-adeus-no-silencio-da-despedida-a-memoria-aprende-a-florescer\/\"]}]},{\"@type\":\"ImageObject\",\"inLanguage\":\"pt-BR\",\"@id\":\"https:\/\/www.notibras.com\/site\/auroras-do-adeus-no-silencio-da-despedida-a-memoria-aprende-a-florescer\/#primaryimage\",\"url\":\"https:\/\/www.notibras.com\/site\/wp-content\/uploads\/2026\/03\/WhatsApp-Image-2026-03-06-at-19.17.21.jpeg\",\"contentUrl\":\"https:\/\/www.notibras.com\/site\/wp-content\/uploads\/2026\/03\/WhatsApp-Image-2026-03-06-at-19.17.21.jpeg\",\"width\":1169,\"height\":1145},{\"@type\":\"BreadcrumbList\",\"@id\":\"https:\/\/www.notibras.com\/site\/auroras-do-adeus-no-silencio-da-despedida-a-memoria-aprende-a-florescer\/#breadcrumb\",\"itemListElement\":[{\"@type\":\"ListItem\",\"position\":1,\"name\":\"In\u00edcio\",\"item\":\"https:\/\/www.notibras.com\/site\/\"},{\"@type\":\"ListItem\",\"position\":2,\"name\":\"AURORAS DO ADEUS: No sil\u00eancio da despedida, a mem\u00f3ria aprende a florescer\"}]},{\"@type\":\"WebSite\",\"@id\":\"https:\/\/www.notibras.com\/site\/#website\",\"url\":\"https:\/\/www.notibras.com\/site\/\",\"name\":\"Notibras\",\"description\":\"Not\u00edcias de Bras\u00edlia, do Brasil e do Mundo\",\"publisher\":{\"@id\":\"https:\/\/www.notibras.com\/site\/#organization\"},\"potentialAction\":[{\"@type\":\"SearchAction\",\"target\":{\"@type\":\"EntryPoint\",\"urlTemplate\":\"https:\/\/www.notibras.com\/site\/?s={search_term_string}\"},\"query-input\":{\"@type\":\"PropertyValueSpecification\",\"valueRequired\":true,\"valueName\":\"search_term_string\"}}],\"inLanguage\":\"pt-BR\"},{\"@type\":\"Organization\",\"@id\":\"https:\/\/www.notibras.com\/site\/#organization\",\"name\":\"Grupo Notibras de Comunica\u00e7\u00e3o\",\"url\":\"https:\/\/www.notibras.com\/site\/\",\"logo\":{\"@type\":\"ImageObject\",\"inLanguage\":\"pt-BR\",\"@id\":\"https:\/\/www.notibras.com\/site\/#\/schema\/logo\/image\/\",\"url\":\"https:\/\/www.notibras.com\/site\/wp-content\/uploads\/2023\/01\/notibras23.png\",\"contentUrl\":\"https:\/\/www.notibras.com\/site\/wp-content\/uploads\/2023\/01\/notibras23.png\",\"width\":350,\"height\":87,\"caption\":\"Grupo Notibras de Comunica\u00e7\u00e3o\"},\"image\":{\"@id\":\"https:\/\/www.notibras.com\/site\/#\/schema\/logo\/image\/\"},\"sameAs\":[\"https:\/\/www.facebook.com\/notibras\/\",\"https:\/\/x.com\/Notibras\",\"https:\/\/www.instagram.com\/notibras\/\"]},{\"@type\":\"Person\",\"@id\":\"https:\/\/www.notibras.com\/site\/#\/schema\/person\/5b7fabf2aedc3ada2105f03b22b4d3dd\",\"name\":\"Eduardo Mart\u00ednez\",\"image\":{\"@type\":\"ImageObject\",\"inLanguage\":\"pt-BR\",\"@id\":\"https:\/\/secure.gravatar.com\/avatar\/7902f906289926289cbcda644b5197c796b893c6ffd7b9a536a42d290f7704a0?s=96&d=mm&r=g\",\"url\":\"https:\/\/secure.gravatar.com\/avatar\/7902f906289926289cbcda644b5197c796b893c6ffd7b9a536a42d290f7704a0?s=96&d=mm&r=g\",\"contentUrl\":\"https:\/\/secure.gravatar.com\/avatar\/7902f906289926289cbcda644b5197c796b893c6ffd7b9a536a42d290f7704a0?s=96&d=mm&r=g\",\"caption\":\"Eduardo Mart\u00ednez\"}}]}<\/script>\n<!-- \/ Yoast SEO plugin. -->","yoast_head_json":{"title":"AURORAS DO ADEUS: No sil\u00eancio da despedida, a mem\u00f3ria aprende a florescer - Notibras","robots":{"index":"index","follow":"follow","max-snippet":"max-snippet:-1","max-image-preview":"max-image-preview:large","max-video-preview":"max-video-preview:-1"},"canonical":"https:\/\/www.notibras.com\/site\/auroras-do-adeus-no-silencio-da-despedida-a-memoria-aprende-a-florescer\/","og_locale":"pt_BR","og_type":"article","og_title":"AURORAS DO ADEUS: No sil\u00eancio da despedida, a mem\u00f3ria aprende a florescer - Notibras","og_description":"Partida das Auroras Adeus ao dia em sua fr\u00e1gil eternidade, ao perfume de promessas suspensas, adeus ao compasso de um cora\u00e7\u00e3o, ao coro silenciado de desejos ocultos. Adeus ao c\u00e9u vasto e silencioso, que guarda paletas de lembran\u00e7as, \u00e0s festas de sabor agridoce, \u00e0s noites bordadas de ternura e mist\u00e9rio, lua perdida entre v\u00e9us e [&hellip;]","og_url":"https:\/\/www.notibras.com\/site\/auroras-do-adeus-no-silencio-da-despedida-a-memoria-aprende-a-florescer\/","og_site_name":"Notibras","article_publisher":"https:\/\/www.facebook.com\/notibras\/","article_published_time":"2026-03-08T03:30:29+00:00","og_image":[{"width":1169,"height":1145,"url":"https:\/\/www.notibras.com\/site\/wp-content\/uploads\/2026\/03\/WhatsApp-Image-2026-03-06-at-19.17.21.jpeg","type":"image\/jpeg"}],"author":"Eduardo Mart\u00ednez","twitter_card":"summary_large_image","twitter_creator":"@Notibras","twitter_site":"@Notibras","twitter_misc":{"Escrito por":"Eduardo Mart\u00ednez","Est. tempo de leitura":"2 minutos"},"schema":{"@context":"https:\/\/schema.org","@graph":[{"@type":"Article","@id":"https:\/\/www.notibras.com\/site\/auroras-do-adeus-no-silencio-da-despedida-a-memoria-aprende-a-florescer\/#article","isPartOf":{"@id":"https:\/\/www.notibras.com\/site\/auroras-do-adeus-no-silencio-da-despedida-a-memoria-aprende-a-florescer\/"},"author":{"name":"Eduardo Mart\u00ednez","@id":"https:\/\/www.notibras.com\/site\/#\/schema\/person\/5b7fabf2aedc3ada2105f03b22b4d3dd"},"headline":"AURORAS DO ADEUS: No sil\u00eancio da despedida, a mem\u00f3ria aprende a florescer","datePublished":"2026-03-08T03:30:29+00:00","mainEntityOfPage":{"@id":"https:\/\/www.notibras.com\/site\/auroras-do-adeus-no-silencio-da-despedida-a-memoria-aprende-a-florescer\/"},"wordCount":177,"publisher":{"@id":"https:\/\/www.notibras.com\/site\/#organization"},"image":{"@id":"https:\/\/www.notibras.com\/site\/auroras-do-adeus-no-silencio-da-despedida-a-memoria-aprende-a-florescer\/#primaryimage"},"thumbnailUrl":"https:\/\/www.notibras.com\/site\/wp-content\/uploads\/2026\/03\/WhatsApp-Image-2026-03-06-at-19.17.21.jpeg","articleSection":["Caf\u00e9 Liter\u00e1rio"],"inLanguage":"pt-BR"},{"@type":"WebPage","@id":"https:\/\/www.notibras.com\/site\/auroras-do-adeus-no-silencio-da-despedida-a-memoria-aprende-a-florescer\/","url":"https:\/\/www.notibras.com\/site\/auroras-do-adeus-no-silencio-da-despedida-a-memoria-aprende-a-florescer\/","name":"AURORAS DO ADEUS: No sil\u00eancio da despedida, a mem\u00f3ria aprende a florescer - Notibras","isPartOf":{"@id":"https:\/\/www.notibras.com\/site\/#website"},"primaryImageOfPage":{"@id":"https:\/\/www.notibras.com\/site\/auroras-do-adeus-no-silencio-da-despedida-a-memoria-aprende-a-florescer\/#primaryimage"},"image":{"@id":"https:\/\/www.notibras.com\/site\/auroras-do-adeus-no-silencio-da-despedida-a-memoria-aprende-a-florescer\/#primaryimage"},"thumbnailUrl":"https:\/\/www.notibras.com\/site\/wp-content\/uploads\/2026\/03\/WhatsApp-Image-2026-03-06-at-19.17.21.jpeg","datePublished":"2026-03-08T03:30:29+00:00","breadcrumb":{"@id":"https:\/\/www.notibras.com\/site\/auroras-do-adeus-no-silencio-da-despedida-a-memoria-aprende-a-florescer\/#breadcrumb"},"inLanguage":"pt-BR","potentialAction":[{"@type":"ReadAction","target":["https:\/\/www.notibras.com\/site\/auroras-do-adeus-no-silencio-da-despedida-a-memoria-aprende-a-florescer\/"]}]},{"@type":"ImageObject","inLanguage":"pt-BR","@id":"https:\/\/www.notibras.com\/site\/auroras-do-adeus-no-silencio-da-despedida-a-memoria-aprende-a-florescer\/#primaryimage","url":"https:\/\/www.notibras.com\/site\/wp-content\/uploads\/2026\/03\/WhatsApp-Image-2026-03-06-at-19.17.21.jpeg","contentUrl":"https:\/\/www.notibras.com\/site\/wp-content\/uploads\/2026\/03\/WhatsApp-Image-2026-03-06-at-19.17.21.jpeg","width":1169,"height":1145},{"@type":"BreadcrumbList","@id":"https:\/\/www.notibras.com\/site\/auroras-do-adeus-no-silencio-da-despedida-a-memoria-aprende-a-florescer\/#breadcrumb","itemListElement":[{"@type":"ListItem","position":1,"name":"In\u00edcio","item":"https:\/\/www.notibras.com\/site\/"},{"@type":"ListItem","position":2,"name":"AURORAS DO ADEUS: No sil\u00eancio da despedida, a mem\u00f3ria aprende a florescer"}]},{"@type":"WebSite","@id":"https:\/\/www.notibras.com\/site\/#website","url":"https:\/\/www.notibras.com\/site\/","name":"Notibras","description":"Not\u00edcias de Bras\u00edlia, do Brasil e do Mundo","publisher":{"@id":"https:\/\/www.notibras.com\/site\/#organization"},"potentialAction":[{"@type":"SearchAction","target":{"@type":"EntryPoint","urlTemplate":"https:\/\/www.notibras.com\/site\/?s={search_term_string}"},"query-input":{"@type":"PropertyValueSpecification","valueRequired":true,"valueName":"search_term_string"}}],"inLanguage":"pt-BR"},{"@type":"Organization","@id":"https:\/\/www.notibras.com\/site\/#organization","name":"Grupo Notibras de Comunica\u00e7\u00e3o","url":"https:\/\/www.notibras.com\/site\/","logo":{"@type":"ImageObject","inLanguage":"pt-BR","@id":"https:\/\/www.notibras.com\/site\/#\/schema\/logo\/image\/","url":"https:\/\/www.notibras.com\/site\/wp-content\/uploads\/2023\/01\/notibras23.png","contentUrl":"https:\/\/www.notibras.com\/site\/wp-content\/uploads\/2023\/01\/notibras23.png","width":350,"height":87,"caption":"Grupo Notibras de Comunica\u00e7\u00e3o"},"image":{"@id":"https:\/\/www.notibras.com\/site\/#\/schema\/logo\/image\/"},"sameAs":["https:\/\/www.facebook.com\/notibras\/","https:\/\/x.com\/Notibras","https:\/\/www.instagram.com\/notibras\/"]},{"@type":"Person","@id":"https:\/\/www.notibras.com\/site\/#\/schema\/person\/5b7fabf2aedc3ada2105f03b22b4d3dd","name":"Eduardo Mart\u00ednez","image":{"@type":"ImageObject","inLanguage":"pt-BR","@id":"https:\/\/secure.gravatar.com\/avatar\/7902f906289926289cbcda644b5197c796b893c6ffd7b9a536a42d290f7704a0?s=96&d=mm&r=g","url":"https:\/\/secure.gravatar.com\/avatar\/7902f906289926289cbcda644b5197c796b893c6ffd7b9a536a42d290f7704a0?s=96&d=mm&r=g","contentUrl":"https:\/\/secure.gravatar.com\/avatar\/7902f906289926289cbcda644b5197c796b893c6ffd7b9a536a42d290f7704a0?s=96&d=mm&r=g","caption":"Eduardo Mart\u00ednez"}}]}},"amp_enabled":true,"_links":{"self":[{"href":"https:\/\/www.notibras.com\/site\/wp-json\/wp\/v2\/posts\/386010","targetHints":{"allow":["GET"]}}],"collection":[{"href":"https:\/\/www.notibras.com\/site\/wp-json\/wp\/v2\/posts"}],"about":[{"href":"https:\/\/www.notibras.com\/site\/wp-json\/wp\/v2\/types\/post"}],"author":[{"embeddable":true,"href":"https:\/\/www.notibras.com\/site\/wp-json\/wp\/v2\/users\/21"}],"replies":[{"embeddable":true,"href":"https:\/\/www.notibras.com\/site\/wp-json\/wp\/v2\/comments?post=386010"}],"version-history":[{"count":2,"href":"https:\/\/www.notibras.com\/site\/wp-json\/wp\/v2\/posts\/386010\/revisions"}],"predecessor-version":[{"id":386022,"href":"https:\/\/www.notibras.com\/site\/wp-json\/wp\/v2\/posts\/386010\/revisions\/386022"}],"wp:featuredmedia":[{"embeddable":true,"href":"https:\/\/www.notibras.com\/site\/wp-json\/wp\/v2\/media\/386012"}],"wp:attachment":[{"href":"https:\/\/www.notibras.com\/site\/wp-json\/wp\/v2\/media?parent=386010"}],"wp:term":[{"taxonomy":"category","embeddable":true,"href":"https:\/\/www.notibras.com\/site\/wp-json\/wp\/v2\/categories?post=386010"},{"taxonomy":"post_tag","embeddable":true,"href":"https:\/\/www.notibras.com\/site\/wp-json\/wp\/v2\/tags?post=386010"}],"curies":[{"name":"wp","href":"https:\/\/api.w.org\/{rel}","templated":true}]}}