{"id":386018,"date":"2026-03-08T01:10:55","date_gmt":"2026-03-08T04:10:55","guid":{"rendered":"https:\/\/www.notibras.com\/site\/?p=386018"},"modified":"2026-03-07T16:22:30","modified_gmt":"2026-03-07T19:22:30","slug":"as-mulheres-e-o-tempo-o-que-elas-nao-calam-mais","status":"publish","type":"post","link":"https:\/\/www.notibras.com\/site\/as-mulheres-e-o-tempo-o-que-elas-nao-calam-mais\/","title":{"rendered":"AS MULHERES E O TEMPO: O QUE ELAS N\u00c3O CALAM MAIS"},"content":{"rendered":"<p>Ela seguia pela cal\u00e7ada num hor\u00e1rio de grande movimento, caminhava com rapidez e sem olhar para os lados, no auge de seus 70+, como se diz hoje. Chegava, como de costume, para mais uma sess\u00e3o de sua terapia semanal. De roupas habitualmente elegantes, tudo que vestia lhe ca\u00eda bem, e mesmo o simples se tornava estiloso e de bom gosto. Entrou no pr\u00e9dio e se identificou, subiu pelo elevador e entrou no consult\u00f3rio, ambiente familiar e onde se sentia confort\u00e1vel. Ao sentar-se no sof\u00e1, teve todo o cuidado para n\u00e3o amassar seu vestido de linho, cruzou as pernas e sua amargura peculiar veio \u00e0 tona, com seu olhar impiedoso e julgador, j\u00e1 esperando o in\u00edcio da conversa:<\/p>\n<p>\u2014 Querida Z\u00e9lia, como est\u00e3o as coisas? \u2014 perguntou Laura, a terapeuta.<\/p>\n<p>\u2014 Ah, Laura! Ando bastante impaciente com essas not\u00edcias recentes. Voc\u00ea deve estar acompanhado as in\u00fameras not\u00edcias de hist\u00f3rias de ass\u00e9dio e supostos crimes sexuais que s\u00e3o expostos para todos. Fico sem entender essa hipocrisia, como se fosse algo novo. Tanto exagero! Essas coisas sempre existiram! No meu tempo n\u00e3o se comentavam essas coisas, mas elas aconteciam? Sim, sempre aconteceram, s\u00f3 que as pessoas se resignavam e tinham vergonha de se expor! Hoje \u00e9 tudo liberal e qualquer coisa \u00e9 motivo para se fazer um esc\u00e2ndalo!<\/p>\n<p>A terapeuta n\u00e3o recebeu bem o coment\u00e1rio, mas disfar\u00e7ou. Fez uma pausa e questionou:<\/p>\n<p>\u2014 Voc\u00ea n\u00e3o entende o que exatamente, Z\u00e9lia? N\u00e3o acha que expor esses crimes seja importante? Voc\u00ea acha que o sil\u00eancio do seu tempo era o certo a fazer?<\/p>\n<p>Z\u00e9lia meneou a cabe\u00e7a:<\/p>\n<p>\u2014 Besteira, homem se engra\u00e7ar com mulher sempre fez parte da vida! Lembro-me bem, as mo\u00e7as bonitas usavam bem seus atributos, queriam cair nas gra\u00e7as de algu\u00e9m para conseguir algum benef\u00edcio, um casamento talvez. N\u00e3o digo que era o certo, mas era assim que funcionava e estava tudo bem, t\u00ednhamos que nos adaptar e jogar o jogo. Eu mesma, tinha um chefe que sempre passava por mim, colocava as m\u00e3os nos meus ombros, deixando-as ali, al\u00e9m da conta. O que eu podia fazer? Fingia n\u00e3o notar, sa\u00eda da cadeira e oferecia um caf\u00e9. Isso era ser adulto, assumir os riscos de mulher que trabalhava fora, se eu reclamasse seria pior! Antes, tudo para a mulher era com dificuldade, escassez, agora que as coisas est\u00e3o mais equilibradas, melhorando, tudo vira queixa, parece que querem aparecer! N\u00e3o digo que est\u00e3o inventando, mas esse exagero de hoje&#8230; Tudo ser ass\u00e9dio \u00e9 um drama desnecess\u00e1rio. Quantas vezes vi meninas se engra\u00e7ando para homens mais velhos, eles entravam com a seguran\u00e7a e elas com a juventude, ganhavam muito com isso! Se n\u00e3o queriam, era sair de perto. Reclamar para qu\u00ea? Com quem? Aprend\u00edamos a ignorar! Hoje fica esse falat\u00f3rio como se fosse algo chocante, mas a verdade \u00e9 que espertinhas e velhos sempre existiram e sempre v\u00e3o existir!<\/p>\n<p>A terapeuta punha os olhos em Z\u00e9lia com aten\u00e7\u00e3o. A idosa, que era sua paciente h\u00e1 mais de um ano, relatara em v\u00e1rias sess\u00f5es ter trabalhado a vida inteira e conquistado respeito, numa \u00e9poca em que a vida era ainda mais dif\u00edcil para as mulheres, e hoje achava dram\u00e1tica a voz feminina que pede respeito e denuncia abusos e ass\u00e9dios. Seus pensamentos duros eram contradit\u00f3rios com rela\u00e7\u00e3o ao que viveu.<\/p>\n<p>\u2014 Entendo, Z\u00e9lia, primeiro que mulheres mais jovens e homens mais velhos sempre se relacionaram e sempre se relacionar\u00e3o, mas numa rela\u00e7\u00e3o existe troca, juventude e seguran\u00e7a \u00e9 claro que contam, mas, sem amor, ser\u00e1 que dura? Al\u00e9m disso, num relacionamento de verdade, sempre existe o que \u00e9 positivo e o que \u00e9 negativo, sempre! No segundo ponto, voc\u00ea acha que as mulheres do seu tempo eram fortes por relevar esses abusos e as de hoje s\u00e3o fracas por denunci\u00e1-los? Eu entendo como um processo longo, as mulheres hoje est\u00e3o abrindo portas que antes eram o c\u00e1rcere de outras, que n\u00e3o podiam se defender. O que voc\u00ea v\u00ea como exagero dos dias de hoje, na verdade mostra a evolu\u00e7\u00e3o e a liberdade que voc\u00ea n\u00e3o teve em sua \u00e9poca! Muitas mulheres poderiam ter sofrido menos se o mundo de voc\u00eas fosse como o de hoje. Entendo a import\u00e2ncia que tiveram para o momento em que vivemos. Sem a for\u00e7a e a resili\u00eancia que tiveram, como seria?<\/p>\n<p>Z\u00e9lia olhou para as pr\u00f3prias m\u00e3os, pensou por um momento e disse:<\/p>\n<p>\u2014 O mundo n\u00e3o pode parar por causa disso! Homem \u00e9 homem e ponto! A gente calou a vida inteira! Entendo que hoje voc\u00eas nos olham de cima, nos julgam como submissas, mas precis\u00e1vamos de resist\u00eancia para conseguir nosso lugar. Sei que soa duro quando falo que meninas mais novas com velhos sempre existiram, mas digo porque muitas se vitimizam, mas tamb\u00e9m se aproveitam das oportunidades quando lhes apetece.<\/p>\n<p>Laura percebeu com as observa\u00e7\u00f5es de Z\u00e9lia que seus inc\u00f4modos com o \u201cbarulho exagerado\u201d sobre os ass\u00e9dios de hoje talvez fosse uma dificuldade em admitir que outrora fora assediada muitas vezes. E que precisou silenciar para seguir em frente, para sobreviver na sua \u00e9poca, sem rede de apoio, aceitara abusos como algo natural, que mulheres fortes teriam de lidar com aquilo como mais um desafio. Certamente, essas dores ficariam para uma outra sess\u00e3o, mas continuou:<\/p>\n<p>\u2014 As mulheres de hoje n\u00e3o se sentem superiores, Z\u00e9lia. Sabemos que tudo o que temos foi com a luta e sacrif\u00edcio de nossas antepassadas e estamos seguindo a luta, ainda h\u00e1 muito por fazer. \u00c9 claro que h\u00e1 pessoas oportunistas e sempre existir\u00e3o, mas isso n\u00e3o justifica os abusos que sempre vemos e ouvimos por a\u00ed.<\/p>\n<p>Ao sair da sess\u00e3o, Z\u00e9lia caminhou em dire\u00e7\u00e3o ao seu caf\u00e9 preferido, pediu o seu capuccino de sempre e queixou-se consigo mesma que \u00e9 perda de tempo conversar sobre esses temas com uma terapeuta que n\u00e3o \u00e9 de sua gera\u00e7\u00e3o.<\/p>\n<p>Laura, em sua meia idade, pode n\u00e3o ser jovem, mas n\u00e3o conhece na pr\u00e1tica a dureza que foi viver naquele tempo. A mulher continuou sua reflex\u00e3o sobre a conversa que teve com a terapeuta, entendendo que as conquistas de hoje s\u00e3o gra\u00e7as \u00e0 luta das mulheres do passado. Lembrando disso, sentiu-se menos amarga ao pensar nas mulheres de sua gera\u00e7\u00e3o e nas de hoje. Apesar de n\u00e3o concordar com a maneira que lidam com os problemas atuais, sabe que h\u00e1 abusos, que s\u00e3o recorrentes em qualquer \u00e9poca e em qualquer lugar do mundo, tornando-se fios que unem mulheres ao longo dos tempos. E todas t\u00eam o seu valor.<\/p>\n<p>A semente fora lan\u00e7ada.<\/p>\n<p>Z\u00e9lia cruzou as pernas esguias e observou, tranquilamente, as pessoas cruzarem c\u00e9leres pela cal\u00e7ada. A noite come\u00e7ava a se insinuar no c\u00e9u. Ela inspirou longamente e sentiu-se melhor com seu ar de hero\u00edna. Afinal, conseguiu deixar um pouco de lado seu amargor natural e aproveitou a brisa de um gostoso entardecer naquela loucura de cidade&#8230;<\/p>\n<p><strong>&#8230;&#8230;&#8230;&#8230;..<\/strong><\/p>\n<p><strong>Fabiana Saka (@fabianasaka) \u00e9 psic\u00f3loga cl\u00ednica no Rio de Janeiro, autora do premiado livro infanto-juvenil &#8220;As Aventuras de Daniel &#8211; n\u00e3o tenha medo de si mesmo&#8221; (Ed. Ases da Literatura &#8211; Ventania), al\u00e9m de contista e colaboradora de Notibras.<\/strong><\/p>\n","protected":false},"excerpt":{"rendered":"<p>Ela seguia pela cal\u00e7ada num hor\u00e1rio de grande movimento, caminhava com rapidez e sem olhar para os lados, no auge de seus 70+, como se diz hoje. Chegava, como de costume, para mais uma sess\u00e3o de sua terapia semanal. De roupas habitualmente elegantes, tudo que vestia lhe ca\u00eda bem, e mesmo o simples se tornava [&hellip;]<\/p>\n","protected":false},"author":21,"featured_media":386019,"comment_status":"closed","ping_status":"closed","sticky":false,"template":"","format":"standard","meta":{"_acf_changed":false,"footnotes":""},"categories":[234],"tags":[],"class_list":["post-386018","post","type-post","status-publish","format-standard","has-post-thumbnail","hentry","category-cafe-literario"],"acf":[],"yoast_head":"<!-- This site is optimized with the Yoast SEO plugin v27.2 - https:\/\/yoast.com\/product\/yoast-seo-wordpress\/ -->\n<title>AS MULHERES E O TEMPO: O QUE ELAS N\u00c3O CALAM MAIS - Notibras<\/title>\n<meta name=\"robots\" content=\"index, follow, max-snippet:-1, max-image-preview:large, max-video-preview:-1\" \/>\n<link rel=\"canonical\" href=\"https:\/\/www.notibras.com\/site\/as-mulheres-e-o-tempo-o-que-elas-nao-calam-mais\/\" \/>\n<meta property=\"og:locale\" content=\"pt_BR\" \/>\n<meta property=\"og:type\" content=\"article\" \/>\n<meta property=\"og:title\" content=\"AS MULHERES E O TEMPO: O QUE ELAS N\u00c3O CALAM MAIS - Notibras\" \/>\n<meta property=\"og:description\" content=\"Ela seguia pela cal\u00e7ada num hor\u00e1rio de grande movimento, caminhava com rapidez e sem olhar para os lados, no auge de seus 70+, como se diz hoje. Chegava, como de costume, para mais uma sess\u00e3o de sua terapia semanal. De roupas habitualmente elegantes, tudo que vestia lhe ca\u00eda bem, e mesmo o simples se tornava [&hellip;]\" \/>\n<meta property=\"og:url\" content=\"https:\/\/www.notibras.com\/site\/as-mulheres-e-o-tempo-o-que-elas-nao-calam-mais\/\" \/>\n<meta property=\"og:site_name\" content=\"Notibras\" \/>\n<meta property=\"article:publisher\" content=\"https:\/\/www.facebook.com\/notibras\/\" \/>\n<meta property=\"article:published_time\" content=\"2026-03-08T04:10:55+00:00\" \/>\n<meta property=\"og:image\" content=\"https:\/\/www.notibras.com\/site\/wp-content\/uploads\/2026\/03\/FOTO.FABI_.jpg\" \/>\n\t<meta property=\"og:image:width\" content=\"1060\" \/>\n\t<meta property=\"og:image:height\" content=\"1017\" \/>\n\t<meta property=\"og:image:type\" content=\"image\/jpeg\" \/>\n<meta name=\"author\" content=\"Eduardo Mart\u00ednez\" \/>\n<meta name=\"twitter:card\" content=\"summary_large_image\" \/>\n<meta name=\"twitter:creator\" content=\"@Notibras\" \/>\n<meta name=\"twitter:site\" content=\"@Notibras\" \/>\n<meta name=\"twitter:label1\" content=\"Escrito por\" \/>\n\t<meta name=\"twitter:data1\" content=\"Eduardo Mart\u00ednez\" \/>\n\t<meta name=\"twitter:label2\" content=\"Est. tempo de leitura\" \/>\n\t<meta name=\"twitter:data2\" content=\"7 minutos\" \/>\n<script type=\"application\/ld+json\" class=\"yoast-schema-graph\">{\"@context\":\"https:\/\/schema.org\",\"@graph\":[{\"@type\":\"Article\",\"@id\":\"https:\/\/www.notibras.com\/site\/as-mulheres-e-o-tempo-o-que-elas-nao-calam-mais\/#article\",\"isPartOf\":{\"@id\":\"https:\/\/www.notibras.com\/site\/as-mulheres-e-o-tempo-o-que-elas-nao-calam-mais\/\"},\"author\":{\"name\":\"Eduardo Mart\u00ednez\",\"@id\":\"https:\/\/www.notibras.com\/site\/#\/schema\/person\/5b7fabf2aedc3ada2105f03b22b4d3dd\"},\"headline\":\"AS MULHERES E O TEMPO: O QUE ELAS N\u00c3O CALAM MAIS\",\"datePublished\":\"2026-03-08T04:10:55+00:00\",\"mainEntityOfPage\":{\"@id\":\"https:\/\/www.notibras.com\/site\/as-mulheres-e-o-tempo-o-que-elas-nao-calam-mais\/\"},\"wordCount\":1278,\"publisher\":{\"@id\":\"https:\/\/www.notibras.com\/site\/#organization\"},\"image\":{\"@id\":\"https:\/\/www.notibras.com\/site\/as-mulheres-e-o-tempo-o-que-elas-nao-calam-mais\/#primaryimage\"},\"thumbnailUrl\":\"https:\/\/www.notibras.com\/site\/wp-content\/uploads\/2026\/03\/FOTO.FABI_.jpg\",\"articleSection\":[\"Caf\u00e9 Liter\u00e1rio\"],\"inLanguage\":\"pt-BR\"},{\"@type\":\"WebPage\",\"@id\":\"https:\/\/www.notibras.com\/site\/as-mulheres-e-o-tempo-o-que-elas-nao-calam-mais\/\",\"url\":\"https:\/\/www.notibras.com\/site\/as-mulheres-e-o-tempo-o-que-elas-nao-calam-mais\/\",\"name\":\"AS MULHERES E O TEMPO: O QUE ELAS N\u00c3O CALAM MAIS - Notibras\",\"isPartOf\":{\"@id\":\"https:\/\/www.notibras.com\/site\/#website\"},\"primaryImageOfPage\":{\"@id\":\"https:\/\/www.notibras.com\/site\/as-mulheres-e-o-tempo-o-que-elas-nao-calam-mais\/#primaryimage\"},\"image\":{\"@id\":\"https:\/\/www.notibras.com\/site\/as-mulheres-e-o-tempo-o-que-elas-nao-calam-mais\/#primaryimage\"},\"thumbnailUrl\":\"https:\/\/www.notibras.com\/site\/wp-content\/uploads\/2026\/03\/FOTO.FABI_.jpg\",\"datePublished\":\"2026-03-08T04:10:55+00:00\",\"breadcrumb\":{\"@id\":\"https:\/\/www.notibras.com\/site\/as-mulheres-e-o-tempo-o-que-elas-nao-calam-mais\/#breadcrumb\"},\"inLanguage\":\"pt-BR\",\"potentialAction\":[{\"@type\":\"ReadAction\",\"target\":[\"https:\/\/www.notibras.com\/site\/as-mulheres-e-o-tempo-o-que-elas-nao-calam-mais\/\"]}]},{\"@type\":\"ImageObject\",\"inLanguage\":\"pt-BR\",\"@id\":\"https:\/\/www.notibras.com\/site\/as-mulheres-e-o-tempo-o-que-elas-nao-calam-mais\/#primaryimage\",\"url\":\"https:\/\/www.notibras.com\/site\/wp-content\/uploads\/2026\/03\/FOTO.FABI_.jpg\",\"contentUrl\":\"https:\/\/www.notibras.com\/site\/wp-content\/uploads\/2026\/03\/FOTO.FABI_.jpg\",\"width\":1060,\"height\":1017},{\"@type\":\"BreadcrumbList\",\"@id\":\"https:\/\/www.notibras.com\/site\/as-mulheres-e-o-tempo-o-que-elas-nao-calam-mais\/#breadcrumb\",\"itemListElement\":[{\"@type\":\"ListItem\",\"position\":1,\"name\":\"In\u00edcio\",\"item\":\"https:\/\/www.notibras.com\/site\/\"},{\"@type\":\"ListItem\",\"position\":2,\"name\":\"AS MULHERES E O TEMPO: O QUE ELAS N\u00c3O CALAM MAIS\"}]},{\"@type\":\"WebSite\",\"@id\":\"https:\/\/www.notibras.com\/site\/#website\",\"url\":\"https:\/\/www.notibras.com\/site\/\",\"name\":\"Notibras\",\"description\":\"Not\u00edcias de Bras\u00edlia, do Brasil e do Mundo\",\"publisher\":{\"@id\":\"https:\/\/www.notibras.com\/site\/#organization\"},\"potentialAction\":[{\"@type\":\"SearchAction\",\"target\":{\"@type\":\"EntryPoint\",\"urlTemplate\":\"https:\/\/www.notibras.com\/site\/?s={search_term_string}\"},\"query-input\":{\"@type\":\"PropertyValueSpecification\",\"valueRequired\":true,\"valueName\":\"search_term_string\"}}],\"inLanguage\":\"pt-BR\"},{\"@type\":\"Organization\",\"@id\":\"https:\/\/www.notibras.com\/site\/#organization\",\"name\":\"Grupo Notibras de Comunica\u00e7\u00e3o\",\"url\":\"https:\/\/www.notibras.com\/site\/\",\"logo\":{\"@type\":\"ImageObject\",\"inLanguage\":\"pt-BR\",\"@id\":\"https:\/\/www.notibras.com\/site\/#\/schema\/logo\/image\/\",\"url\":\"https:\/\/www.notibras.com\/site\/wp-content\/uploads\/2023\/01\/notibras23.png\",\"contentUrl\":\"https:\/\/www.notibras.com\/site\/wp-content\/uploads\/2023\/01\/notibras23.png\",\"width\":350,\"height\":87,\"caption\":\"Grupo Notibras de Comunica\u00e7\u00e3o\"},\"image\":{\"@id\":\"https:\/\/www.notibras.com\/site\/#\/schema\/logo\/image\/\"},\"sameAs\":[\"https:\/\/www.facebook.com\/notibras\/\",\"https:\/\/x.com\/Notibras\",\"https:\/\/www.instagram.com\/notibras\/\"]},{\"@type\":\"Person\",\"@id\":\"https:\/\/www.notibras.com\/site\/#\/schema\/person\/5b7fabf2aedc3ada2105f03b22b4d3dd\",\"name\":\"Eduardo Mart\u00ednez\",\"image\":{\"@type\":\"ImageObject\",\"inLanguage\":\"pt-BR\",\"@id\":\"https:\/\/secure.gravatar.com\/avatar\/7902f906289926289cbcda644b5197c796b893c6ffd7b9a536a42d290f7704a0?s=96&d=mm&r=g\",\"url\":\"https:\/\/secure.gravatar.com\/avatar\/7902f906289926289cbcda644b5197c796b893c6ffd7b9a536a42d290f7704a0?s=96&d=mm&r=g\",\"contentUrl\":\"https:\/\/secure.gravatar.com\/avatar\/7902f906289926289cbcda644b5197c796b893c6ffd7b9a536a42d290f7704a0?s=96&d=mm&r=g\",\"caption\":\"Eduardo Mart\u00ednez\"}}]}<\/script>\n<!-- \/ Yoast SEO plugin. -->","yoast_head_json":{"title":"AS MULHERES E O TEMPO: O QUE ELAS N\u00c3O CALAM MAIS - Notibras","robots":{"index":"index","follow":"follow","max-snippet":"max-snippet:-1","max-image-preview":"max-image-preview:large","max-video-preview":"max-video-preview:-1"},"canonical":"https:\/\/www.notibras.com\/site\/as-mulheres-e-o-tempo-o-que-elas-nao-calam-mais\/","og_locale":"pt_BR","og_type":"article","og_title":"AS MULHERES E O TEMPO: O QUE ELAS N\u00c3O CALAM MAIS - Notibras","og_description":"Ela seguia pela cal\u00e7ada num hor\u00e1rio de grande movimento, caminhava com rapidez e sem olhar para os lados, no auge de seus 70+, como se diz hoje. Chegava, como de costume, para mais uma sess\u00e3o de sua terapia semanal. De roupas habitualmente elegantes, tudo que vestia lhe ca\u00eda bem, e mesmo o simples se tornava [&hellip;]","og_url":"https:\/\/www.notibras.com\/site\/as-mulheres-e-o-tempo-o-que-elas-nao-calam-mais\/","og_site_name":"Notibras","article_publisher":"https:\/\/www.facebook.com\/notibras\/","article_published_time":"2026-03-08T04:10:55+00:00","og_image":[{"width":1060,"height":1017,"url":"https:\/\/www.notibras.com\/site\/wp-content\/uploads\/2026\/03\/FOTO.FABI_.jpg","type":"image\/jpeg"}],"author":"Eduardo Mart\u00ednez","twitter_card":"summary_large_image","twitter_creator":"@Notibras","twitter_site":"@Notibras","twitter_misc":{"Escrito por":"Eduardo Mart\u00ednez","Est. tempo de leitura":"7 minutos"},"schema":{"@context":"https:\/\/schema.org","@graph":[{"@type":"Article","@id":"https:\/\/www.notibras.com\/site\/as-mulheres-e-o-tempo-o-que-elas-nao-calam-mais\/#article","isPartOf":{"@id":"https:\/\/www.notibras.com\/site\/as-mulheres-e-o-tempo-o-que-elas-nao-calam-mais\/"},"author":{"name":"Eduardo Mart\u00ednez","@id":"https:\/\/www.notibras.com\/site\/#\/schema\/person\/5b7fabf2aedc3ada2105f03b22b4d3dd"},"headline":"AS MULHERES E O TEMPO: O QUE ELAS N\u00c3O CALAM MAIS","datePublished":"2026-03-08T04:10:55+00:00","mainEntityOfPage":{"@id":"https:\/\/www.notibras.com\/site\/as-mulheres-e-o-tempo-o-que-elas-nao-calam-mais\/"},"wordCount":1278,"publisher":{"@id":"https:\/\/www.notibras.com\/site\/#organization"},"image":{"@id":"https:\/\/www.notibras.com\/site\/as-mulheres-e-o-tempo-o-que-elas-nao-calam-mais\/#primaryimage"},"thumbnailUrl":"https:\/\/www.notibras.com\/site\/wp-content\/uploads\/2026\/03\/FOTO.FABI_.jpg","articleSection":["Caf\u00e9 Liter\u00e1rio"],"inLanguage":"pt-BR"},{"@type":"WebPage","@id":"https:\/\/www.notibras.com\/site\/as-mulheres-e-o-tempo-o-que-elas-nao-calam-mais\/","url":"https:\/\/www.notibras.com\/site\/as-mulheres-e-o-tempo-o-que-elas-nao-calam-mais\/","name":"AS MULHERES E O TEMPO: O QUE ELAS N\u00c3O CALAM MAIS - Notibras","isPartOf":{"@id":"https:\/\/www.notibras.com\/site\/#website"},"primaryImageOfPage":{"@id":"https:\/\/www.notibras.com\/site\/as-mulheres-e-o-tempo-o-que-elas-nao-calam-mais\/#primaryimage"},"image":{"@id":"https:\/\/www.notibras.com\/site\/as-mulheres-e-o-tempo-o-que-elas-nao-calam-mais\/#primaryimage"},"thumbnailUrl":"https:\/\/www.notibras.com\/site\/wp-content\/uploads\/2026\/03\/FOTO.FABI_.jpg","datePublished":"2026-03-08T04:10:55+00:00","breadcrumb":{"@id":"https:\/\/www.notibras.com\/site\/as-mulheres-e-o-tempo-o-que-elas-nao-calam-mais\/#breadcrumb"},"inLanguage":"pt-BR","potentialAction":[{"@type":"ReadAction","target":["https:\/\/www.notibras.com\/site\/as-mulheres-e-o-tempo-o-que-elas-nao-calam-mais\/"]}]},{"@type":"ImageObject","inLanguage":"pt-BR","@id":"https:\/\/www.notibras.com\/site\/as-mulheres-e-o-tempo-o-que-elas-nao-calam-mais\/#primaryimage","url":"https:\/\/www.notibras.com\/site\/wp-content\/uploads\/2026\/03\/FOTO.FABI_.jpg","contentUrl":"https:\/\/www.notibras.com\/site\/wp-content\/uploads\/2026\/03\/FOTO.FABI_.jpg","width":1060,"height":1017},{"@type":"BreadcrumbList","@id":"https:\/\/www.notibras.com\/site\/as-mulheres-e-o-tempo-o-que-elas-nao-calam-mais\/#breadcrumb","itemListElement":[{"@type":"ListItem","position":1,"name":"In\u00edcio","item":"https:\/\/www.notibras.com\/site\/"},{"@type":"ListItem","position":2,"name":"AS MULHERES E O TEMPO: O QUE ELAS N\u00c3O CALAM MAIS"}]},{"@type":"WebSite","@id":"https:\/\/www.notibras.com\/site\/#website","url":"https:\/\/www.notibras.com\/site\/","name":"Notibras","description":"Not\u00edcias de Bras\u00edlia, do Brasil e do Mundo","publisher":{"@id":"https:\/\/www.notibras.com\/site\/#organization"},"potentialAction":[{"@type":"SearchAction","target":{"@type":"EntryPoint","urlTemplate":"https:\/\/www.notibras.com\/site\/?s={search_term_string}"},"query-input":{"@type":"PropertyValueSpecification","valueRequired":true,"valueName":"search_term_string"}}],"inLanguage":"pt-BR"},{"@type":"Organization","@id":"https:\/\/www.notibras.com\/site\/#organization","name":"Grupo Notibras de Comunica\u00e7\u00e3o","url":"https:\/\/www.notibras.com\/site\/","logo":{"@type":"ImageObject","inLanguage":"pt-BR","@id":"https:\/\/www.notibras.com\/site\/#\/schema\/logo\/image\/","url":"https:\/\/www.notibras.com\/site\/wp-content\/uploads\/2023\/01\/notibras23.png","contentUrl":"https:\/\/www.notibras.com\/site\/wp-content\/uploads\/2023\/01\/notibras23.png","width":350,"height":87,"caption":"Grupo Notibras de Comunica\u00e7\u00e3o"},"image":{"@id":"https:\/\/www.notibras.com\/site\/#\/schema\/logo\/image\/"},"sameAs":["https:\/\/www.facebook.com\/notibras\/","https:\/\/x.com\/Notibras","https:\/\/www.instagram.com\/notibras\/"]},{"@type":"Person","@id":"https:\/\/www.notibras.com\/site\/#\/schema\/person\/5b7fabf2aedc3ada2105f03b22b4d3dd","name":"Eduardo Mart\u00ednez","image":{"@type":"ImageObject","inLanguage":"pt-BR","@id":"https:\/\/secure.gravatar.com\/avatar\/7902f906289926289cbcda644b5197c796b893c6ffd7b9a536a42d290f7704a0?s=96&d=mm&r=g","url":"https:\/\/secure.gravatar.com\/avatar\/7902f906289926289cbcda644b5197c796b893c6ffd7b9a536a42d290f7704a0?s=96&d=mm&r=g","contentUrl":"https:\/\/secure.gravatar.com\/avatar\/7902f906289926289cbcda644b5197c796b893c6ffd7b9a536a42d290f7704a0?s=96&d=mm&r=g","caption":"Eduardo Mart\u00ednez"}}]}},"amp_enabled":true,"_links":{"self":[{"href":"https:\/\/www.notibras.com\/site\/wp-json\/wp\/v2\/posts\/386018","targetHints":{"allow":["GET"]}}],"collection":[{"href":"https:\/\/www.notibras.com\/site\/wp-json\/wp\/v2\/posts"}],"about":[{"href":"https:\/\/www.notibras.com\/site\/wp-json\/wp\/v2\/types\/post"}],"author":[{"embeddable":true,"href":"https:\/\/www.notibras.com\/site\/wp-json\/wp\/v2\/users\/21"}],"replies":[{"embeddable":true,"href":"https:\/\/www.notibras.com\/site\/wp-json\/wp\/v2\/comments?post=386018"}],"version-history":[{"count":2,"href":"https:\/\/www.notibras.com\/site\/wp-json\/wp\/v2\/posts\/386018\/revisions"}],"predecessor-version":[{"id":386028,"href":"https:\/\/www.notibras.com\/site\/wp-json\/wp\/v2\/posts\/386018\/revisions\/386028"}],"wp:featuredmedia":[{"embeddable":true,"href":"https:\/\/www.notibras.com\/site\/wp-json\/wp\/v2\/media\/386019"}],"wp:attachment":[{"href":"https:\/\/www.notibras.com\/site\/wp-json\/wp\/v2\/media?parent=386018"}],"wp:term":[{"taxonomy":"category","embeddable":true,"href":"https:\/\/www.notibras.com\/site\/wp-json\/wp\/v2\/categories?post=386018"},{"taxonomy":"post_tag","embeddable":true,"href":"https:\/\/www.notibras.com\/site\/wp-json\/wp\/v2\/tags?post=386018"}],"curies":[{"name":"wp","href":"https:\/\/api.w.org\/{rel}","templated":true}]}}