{"id":386023,"date":"2026-03-08T01:15:12","date_gmt":"2026-03-08T04:15:12","guid":{"rendered":"https:\/\/www.notibras.com\/site\/?p=386023"},"modified":"2026-03-07T16:19:51","modified_gmt":"2026-03-07T19:19:51","slug":"oito-de-marco-quinze-formas-de-reverencia","status":"publish","type":"post","link":"https:\/\/www.notibras.com\/site\/oito-de-marco-quinze-formas-de-reverencia\/","title":{"rendered":"OITO DE MAR\u00c7O, QUINZE FORMAS DE REVER\u00caNCIA"},"content":{"rendered":"<p>Abrir esta edi\u00e7\u00e3o especial do <strong>Caf\u00e9 Liter\u00e1rio <\/strong>de<strong> NOTIBRAS<\/strong> \u00e9 entrar num territ\u00f3rio em que a escrita n\u00e3o serve de mero adorno para a data, mas de corpo, consci\u00eancia e perman\u00eancia. O 8 de mar\u00e7o, aqui, n\u00e3o aparece como pretexto festivo nem como ritual protocolar. Aparece como mat\u00e9ria viva, atravessada intelig\u00eancia, por mem\u00f3ria, inconformismo, delicadeza, lucidez e linguagem. As autoras reunidas neste dia n\u00e3o se limitam a celebrar a mulher: elas a pensam, a narram, a defendem, a interrogam e a inscrevem, cada qual com sua forma de ver e dizer, no centro das urg\u00eancias do nosso tempo.<\/p>\n<p><strong>Fabiana Saka<\/strong> abre o conjunto com um conto de constru\u00e7\u00e3o segura e intelig\u00eancia psicol\u00f3gica. Diria mesmo que psicoterap\u00eautico. Ao p\u00f4r em cena o embate entre Z\u00e9lia e Laura, faz mais do que opor vis\u00f5es geracionais: ilumina os res\u00edduos do sil\u00eancio, os pactos de sobreviv\u00eancia e as marcas \u00edntimas de um tempo em que suportar era confundido com for\u00e7a. Logo adiante, <strong>Cris Guedes<\/strong> escreve com nervo e densidade ensa\u00edstica, recusando toda domestica\u00e7\u00e3o da experi\u00eancia feminina. Sua prosa \u00e9 incisiva, ferida e consciente, e n\u00e3o pede absolvi\u00e7\u00e3o para existir. <strong>Sarah Munck<\/strong>, em seu poema, oferece uma voz de alta elabora\u00e7\u00e3o l\u00edrica, em di\u00e1logo com a tristeza, o excesso de sentir e a ancestralidade que pesa e sustenta. H\u00e1 ali uma poeta que conhece a extens\u00e3o do sofrimento, mas tamb\u00e9m a insist\u00eancia da vida.<\/p>\n<p>Em <strong>Dona Irene<\/strong>, a linguagem ganha temperatura de vig\u00edlia. \u201cOf\u00edcio da madrugada\u201d trabalha com uma mat\u00e9ria intensa, na qual a poeta surge como algu\u00e9m que tamb\u00e9m se exp\u00f5e, tamb\u00e9m se arrisca, tamb\u00e9m atravessa a noite \u00e0 procura de sentido. O poema tem sobriedade e febre na medida certa. <strong>Hannah Carpeso<\/strong> comparece com dois textos marcados por introspec\u00e7\u00e3o, conten\u00e7\u00e3o e mergulho. Entre a mulher que guarda a voz at\u00e9 o momento exato de falar e a figura que se reconhece nas \u00e1guas, h\u00e1 um percurso de elabora\u00e7\u00e3o \u00edntima, de recomposi\u00e7\u00e3o do eu, de busca por uma inteireza poss\u00edvel. <strong>Thalita Delgado<\/strong>, por sua vez, captura o desconforto contempor\u00e2neo com rara nitidez. Seu texto pensa a cultura do julgamento com um senso agudo do presente e transforma inquieta\u00e7\u00e3o em reflex\u00e3o viva, sem perder mobilidade nem pulso.<\/p>\n<p><strong>M\u00e9rcia Souza<\/strong> escreve com a autoridade de quem conhece por dentro os mecanismos da interdi\u00e7\u00e3o. Seu texto tem a for\u00e7a dos relatos que n\u00e3o se escoram em abstra\u00e7\u00f5es: fala de viol\u00eancia simb\u00f3lica, de desautoriza\u00e7\u00e3o, de controle, de humilha\u00e7\u00e3o, mas tamb\u00e9m da recusa em se curvar. \u00c9 um depoimento que se converte em posi\u00e7\u00e3o \u00e9tica. <strong>Rachel Gomes de Lima<\/strong> alcan\u00e7a, em sua cr\u00f4nica, um belo grau de maturidade liter\u00e1ria. A partir de um t\u00eanis consertado, de sapatos que j\u00e1 n\u00e3o servem e de um corpo que vai mudando com a idade, ela chega \u00e0 desigualdade social, ao amadurecimento feminino e \u00e0s passagens interiores que pedem outro passo, outro n\u00famero, outra vida. <strong>Luzia Couto<\/strong> traz a nota da delicadeza sem frouxid\u00e3o. \u201cPartida das Auroras\u201d \u00e9 um poema de despedida e perman\u00eancia, de dor elaborada em m\u00fasica e imagem, de esperan\u00e7a que n\u00e3o se exibe, mas respira.<\/p>\n<p><strong>Sandra Villaverde<\/strong> escolhe um gesto preciso: recuperar as formula\u00e7\u00f5es mis\u00f3ginas de Schopenhauer para, contra elas, reafirmar a presen\u00e7a concreta e incontorn\u00e1vel das mulheres na vida intelectual e social. \u00c9 um texto breve, mas firme, e acerta ao mostrar que a hist\u00f3ria feminina se encarregou de desmentir muita teoria arrogante. <strong>Marcela Hallack<\/strong>, com sua tr\u00edade po\u00e9tica, amplia o escopo desta edi\u00e7\u00e3o. Em \u201cA menina e as mulheres\u201d, \u201cNot\u00edcia de agosto\u201d e \u201cTaquara rachada\u201d, re\u00fane genealogia, brutalidade e mem\u00f3ria, sem perder dom\u00ednio verbal. Sua poesia conhece o peso do mundo e ainda assim preserva a voltagem do gesto po\u00e9tico. <strong>Lu\u00edsa Nogueira<\/strong>, com excelente senso de composi\u00e7\u00e3o, costura a lembran\u00e7a de Gilvany aos debates globais sobre trabalho, clima e futuro. Seu m\u00e9rito est\u00e1 em devolver centralidade \u00e0 mulher an\u00f4nima, \u00e0quela que sustenta o cotidiano sem jamais entrar na fotografia oficial.<\/p>\n<p><strong>Emanuelle Nascimento<\/strong> escreve com clareza conceitual e gravidade humana. Seu texto recusa o verniz comemorativo e recoloca a quest\u00e3o feminina no plano em que ela de fato pertence: o da preserva\u00e7\u00e3o da vida comum. Ao afirmar que, quando uma mulher \u00e9 morta, o mundo perde futuro, ela n\u00e3o recorre a efeito f\u00e1cil. Formula, com exatid\u00e3o, a dimens\u00e3o coletiva de uma viol\u00eancia que ainda insiste em se repetir. <strong>Tania Miranda<\/strong> chega com uma prosa franca, direta e necess\u00e1ria, voltada para o trabalho invis\u00edvel, para a dupla jornada, para o cansa\u00e7o hist\u00f3rico transformado em rotina. Sua escrita n\u00e3o enfeita a den\u00fancia, e por isso mesmo atinge. <strong>Edna Domenica<\/strong> encerra a reuni\u00e3o com um texto de bela maturidade moral. Seu \u201ccora\u00e7\u00e3o triste\u201d e seu \u201ccora\u00e7\u00e3o alegre\u201d recusam simplifica\u00e7\u00f5es e acolhem, ao mesmo tempo, o espanto diante da barb\u00e1rie e a confian\u00e7a nas conquistas, nas lutas e nas presen\u00e7as femininas que abriram caminho no mundo e na literatura.<\/p>\n<p>O m\u00e9rito maior desta edi\u00e7\u00e3o talvez esteja justamente em n\u00e3o tentar uniformizar essas vozes. Aqui, nenhuma autora serve de ilustra\u00e7\u00e3o para a outra. Cada uma comparece inteira em sua dic\u00e7\u00e3o, em sua temperatura, em sua maneira de organizar a indigna\u00e7\u00e3o, a delicadeza, a mem\u00f3ria, a cr\u00edtica ou o assombro. O resultado \u00e9 uma publica\u00e7\u00e3o coesa sem ser repetitiva, m\u00faltipla sem se dispersar, forte sem precisar gritar o tempo todo. \u00c9 literatura comprometida com a verdade, com o nosso tempo, a vida tratada com exig\u00eancia e frescor de literatura.<\/p>\n<p>Num tempo em que tantas datas s\u00e3o consumidas pela pressa e pela superf\u00edcie, o <strong>Caf\u00e9 Liter\u00e1rio <\/strong>de<strong> NOTIBRAS<\/strong> faz um movimento mais raro: oferece leitura com espessura e profundidade. Ao reunir estas autoras t\u00e3o especiais no <strong>Dia Internacional da Mulher<\/strong>, n\u00e3o apenas presta homenagem, mas toma posi\u00e7\u00e3o editorial. Afirma que a escrita das mulheres n\u00e3o ocupa lugar acess\u00f3rio na interpreta\u00e7\u00e3o do presente. Ao contr\u00e1rio: \u00e9 protagonista e ajuda a entend\u00ea-lo, a desmascar\u00e1-lo e, em alguma medida, a refaz\u00ea-lo.<\/p>\n<p><strong>&#8230;&#8230;&#8230;&#8230;&#8230;&#8230;&#8230;..<\/strong><\/p>\n<p><strong>Ju Trinxet \u00e9 editora-assistente de Notibras, na Se\u00e7\u00e3o Caf\u00e9 Liter\u00e1rio.<\/strong><\/p>\n","protected":false},"excerpt":{"rendered":"<p>Abrir esta edi\u00e7\u00e3o especial do Caf\u00e9 Liter\u00e1rio de NOTIBRAS \u00e9 entrar num territ\u00f3rio em que a escrita n\u00e3o serve de mero adorno para a data, mas de corpo, consci\u00eancia e perman\u00eancia. O 8 de mar\u00e7o, aqui, n\u00e3o aparece como pretexto festivo nem como ritual protocolar. Aparece como mat\u00e9ria viva, atravessada intelig\u00eancia, por mem\u00f3ria, inconformismo, delicadeza, [&hellip;]<\/p>\n","protected":false},"author":21,"featured_media":386025,"comment_status":"closed","ping_status":"closed","sticky":false,"template":"","format":"standard","meta":{"_acf_changed":false,"footnotes":""},"categories":[234],"tags":[],"class_list":["post-386023","post","type-post","status-publish","format-standard","has-post-thumbnail","hentry","category-cafe-literario"],"acf":[],"yoast_head":"<!-- This site is optimized with the Yoast SEO plugin v27.2 - https:\/\/yoast.com\/product\/yoast-seo-wordpress\/ -->\n<title>OITO DE MAR\u00c7O, QUINZE FORMAS DE REVER\u00caNCIA - Notibras<\/title>\n<meta name=\"robots\" content=\"index, follow, max-snippet:-1, max-image-preview:large, max-video-preview:-1\" \/>\n<link rel=\"canonical\" href=\"https:\/\/www.notibras.com\/site\/oito-de-marco-quinze-formas-de-reverencia\/\" \/>\n<meta property=\"og:locale\" content=\"pt_BR\" \/>\n<meta property=\"og:type\" content=\"article\" \/>\n<meta property=\"og:title\" content=\"OITO DE MAR\u00c7O, QUINZE FORMAS DE REVER\u00caNCIA - Notibras\" \/>\n<meta property=\"og:description\" content=\"Abrir esta edi\u00e7\u00e3o especial do Caf\u00e9 Liter\u00e1rio de NOTIBRAS \u00e9 entrar num territ\u00f3rio em que a escrita n\u00e3o serve de mero adorno para a data, mas de corpo, consci\u00eancia e perman\u00eancia. O 8 de mar\u00e7o, aqui, n\u00e3o aparece como pretexto festivo nem como ritual protocolar. Aparece como mat\u00e9ria viva, atravessada intelig\u00eancia, por mem\u00f3ria, inconformismo, delicadeza, [&hellip;]\" \/>\n<meta property=\"og:url\" content=\"https:\/\/www.notibras.com\/site\/oito-de-marco-quinze-formas-de-reverencia\/\" \/>\n<meta property=\"og:site_name\" content=\"Notibras\" \/>\n<meta property=\"article:publisher\" content=\"https:\/\/www.facebook.com\/notibras\/\" \/>\n<meta property=\"article:published_time\" content=\"2026-03-08T04:15:12+00:00\" \/>\n<meta property=\"og:image\" content=\"https:\/\/www.notibras.com\/site\/wp-content\/uploads\/2026\/03\/mosaico_autoras_notibras_v2-1024x658.png\" \/>\n\t<meta property=\"og:image:width\" content=\"1024\" \/>\n\t<meta property=\"og:image:height\" content=\"658\" \/>\n\t<meta property=\"og:image:type\" content=\"image\/png\" \/>\n<meta name=\"author\" content=\"Eduardo Mart\u00ednez\" \/>\n<meta name=\"twitter:card\" content=\"summary_large_image\" \/>\n<meta name=\"twitter:creator\" content=\"@Notibras\" \/>\n<meta name=\"twitter:site\" content=\"@Notibras\" \/>\n<meta name=\"twitter:label1\" content=\"Escrito por\" \/>\n\t<meta name=\"twitter:data1\" content=\"Eduardo Mart\u00ednez\" \/>\n\t<meta name=\"twitter:label2\" content=\"Est. tempo de leitura\" \/>\n\t<meta name=\"twitter:data2\" content=\"6 minutos\" \/>\n<script type=\"application\/ld+json\" class=\"yoast-schema-graph\">{\"@context\":\"https:\/\/schema.org\",\"@graph\":[{\"@type\":\"Article\",\"@id\":\"https:\/\/www.notibras.com\/site\/oito-de-marco-quinze-formas-de-reverencia\/#article\",\"isPartOf\":{\"@id\":\"https:\/\/www.notibras.com\/site\/oito-de-marco-quinze-formas-de-reverencia\/\"},\"author\":{\"name\":\"Eduardo Mart\u00ednez\",\"@id\":\"https:\/\/www.notibras.com\/site\/#\/schema\/person\/5b7fabf2aedc3ada2105f03b22b4d3dd\"},\"headline\":\"OITO DE MAR\u00c7O, QUINZE FORMAS DE REVER\u00caNCIA\",\"datePublished\":\"2026-03-08T04:15:12+00:00\",\"mainEntityOfPage\":{\"@id\":\"https:\/\/www.notibras.com\/site\/oito-de-marco-quinze-formas-de-reverencia\/\"},\"wordCount\":1105,\"publisher\":{\"@id\":\"https:\/\/www.notibras.com\/site\/#organization\"},\"image\":{\"@id\":\"https:\/\/www.notibras.com\/site\/oito-de-marco-quinze-formas-de-reverencia\/#primaryimage\"},\"thumbnailUrl\":\"https:\/\/www.notibras.com\/site\/wp-content\/uploads\/2026\/03\/mosaico_autoras_notibras_v2-scaled.png\",\"articleSection\":[\"Caf\u00e9 Liter\u00e1rio\"],\"inLanguage\":\"pt-BR\"},{\"@type\":\"WebPage\",\"@id\":\"https:\/\/www.notibras.com\/site\/oito-de-marco-quinze-formas-de-reverencia\/\",\"url\":\"https:\/\/www.notibras.com\/site\/oito-de-marco-quinze-formas-de-reverencia\/\",\"name\":\"OITO DE MAR\u00c7O, QUINZE FORMAS DE REVER\u00caNCIA - Notibras\",\"isPartOf\":{\"@id\":\"https:\/\/www.notibras.com\/site\/#website\"},\"primaryImageOfPage\":{\"@id\":\"https:\/\/www.notibras.com\/site\/oito-de-marco-quinze-formas-de-reverencia\/#primaryimage\"},\"image\":{\"@id\":\"https:\/\/www.notibras.com\/site\/oito-de-marco-quinze-formas-de-reverencia\/#primaryimage\"},\"thumbnailUrl\":\"https:\/\/www.notibras.com\/site\/wp-content\/uploads\/2026\/03\/mosaico_autoras_notibras_v2-scaled.png\",\"datePublished\":\"2026-03-08T04:15:12+00:00\",\"breadcrumb\":{\"@id\":\"https:\/\/www.notibras.com\/site\/oito-de-marco-quinze-formas-de-reverencia\/#breadcrumb\"},\"inLanguage\":\"pt-BR\",\"potentialAction\":[{\"@type\":\"ReadAction\",\"target\":[\"https:\/\/www.notibras.com\/site\/oito-de-marco-quinze-formas-de-reverencia\/\"]}]},{\"@type\":\"ImageObject\",\"inLanguage\":\"pt-BR\",\"@id\":\"https:\/\/www.notibras.com\/site\/oito-de-marco-quinze-formas-de-reverencia\/#primaryimage\",\"url\":\"https:\/\/www.notibras.com\/site\/wp-content\/uploads\/2026\/03\/mosaico_autoras_notibras_v2-scaled.png\",\"contentUrl\":\"https:\/\/www.notibras.com\/site\/wp-content\/uploads\/2026\/03\/mosaico_autoras_notibras_v2-scaled.png\",\"width\":2560,\"height\":1646},{\"@type\":\"BreadcrumbList\",\"@id\":\"https:\/\/www.notibras.com\/site\/oito-de-marco-quinze-formas-de-reverencia\/#breadcrumb\",\"itemListElement\":[{\"@type\":\"ListItem\",\"position\":1,\"name\":\"In\u00edcio\",\"item\":\"https:\/\/www.notibras.com\/site\/\"},{\"@type\":\"ListItem\",\"position\":2,\"name\":\"OITO DE MAR\u00c7O, QUINZE FORMAS DE REVER\u00caNCIA\"}]},{\"@type\":\"WebSite\",\"@id\":\"https:\/\/www.notibras.com\/site\/#website\",\"url\":\"https:\/\/www.notibras.com\/site\/\",\"name\":\"Notibras\",\"description\":\"Not\u00edcias de Bras\u00edlia, do Brasil e do Mundo\",\"publisher\":{\"@id\":\"https:\/\/www.notibras.com\/site\/#organization\"},\"potentialAction\":[{\"@type\":\"SearchAction\",\"target\":{\"@type\":\"EntryPoint\",\"urlTemplate\":\"https:\/\/www.notibras.com\/site\/?s={search_term_string}\"},\"query-input\":{\"@type\":\"PropertyValueSpecification\",\"valueRequired\":true,\"valueName\":\"search_term_string\"}}],\"inLanguage\":\"pt-BR\"},{\"@type\":\"Organization\",\"@id\":\"https:\/\/www.notibras.com\/site\/#organization\",\"name\":\"Grupo Notibras de Comunica\u00e7\u00e3o\",\"url\":\"https:\/\/www.notibras.com\/site\/\",\"logo\":{\"@type\":\"ImageObject\",\"inLanguage\":\"pt-BR\",\"@id\":\"https:\/\/www.notibras.com\/site\/#\/schema\/logo\/image\/\",\"url\":\"https:\/\/www.notibras.com\/site\/wp-content\/uploads\/2023\/01\/notibras23.png\",\"contentUrl\":\"https:\/\/www.notibras.com\/site\/wp-content\/uploads\/2023\/01\/notibras23.png\",\"width\":350,\"height\":87,\"caption\":\"Grupo Notibras de Comunica\u00e7\u00e3o\"},\"image\":{\"@id\":\"https:\/\/www.notibras.com\/site\/#\/schema\/logo\/image\/\"},\"sameAs\":[\"https:\/\/www.facebook.com\/notibras\/\",\"https:\/\/x.com\/Notibras\",\"https:\/\/www.instagram.com\/notibras\/\"]},{\"@type\":\"Person\",\"@id\":\"https:\/\/www.notibras.com\/site\/#\/schema\/person\/5b7fabf2aedc3ada2105f03b22b4d3dd\",\"name\":\"Eduardo Mart\u00ednez\",\"image\":{\"@type\":\"ImageObject\",\"inLanguage\":\"pt-BR\",\"@id\":\"https:\/\/secure.gravatar.com\/avatar\/7902f906289926289cbcda644b5197c796b893c6ffd7b9a536a42d290f7704a0?s=96&d=mm&r=g\",\"url\":\"https:\/\/secure.gravatar.com\/avatar\/7902f906289926289cbcda644b5197c796b893c6ffd7b9a536a42d290f7704a0?s=96&d=mm&r=g\",\"contentUrl\":\"https:\/\/secure.gravatar.com\/avatar\/7902f906289926289cbcda644b5197c796b893c6ffd7b9a536a42d290f7704a0?s=96&d=mm&r=g\",\"caption\":\"Eduardo Mart\u00ednez\"}}]}<\/script>\n<!-- \/ Yoast SEO plugin. -->","yoast_head_json":{"title":"OITO DE MAR\u00c7O, QUINZE FORMAS DE REVER\u00caNCIA - Notibras","robots":{"index":"index","follow":"follow","max-snippet":"max-snippet:-1","max-image-preview":"max-image-preview:large","max-video-preview":"max-video-preview:-1"},"canonical":"https:\/\/www.notibras.com\/site\/oito-de-marco-quinze-formas-de-reverencia\/","og_locale":"pt_BR","og_type":"article","og_title":"OITO DE MAR\u00c7O, QUINZE FORMAS DE REVER\u00caNCIA - Notibras","og_description":"Abrir esta edi\u00e7\u00e3o especial do Caf\u00e9 Liter\u00e1rio de NOTIBRAS \u00e9 entrar num territ\u00f3rio em que a escrita n\u00e3o serve de mero adorno para a data, mas de corpo, consci\u00eancia e perman\u00eancia. O 8 de mar\u00e7o, aqui, n\u00e3o aparece como pretexto festivo nem como ritual protocolar. Aparece como mat\u00e9ria viva, atravessada intelig\u00eancia, por mem\u00f3ria, inconformismo, delicadeza, [&hellip;]","og_url":"https:\/\/www.notibras.com\/site\/oito-de-marco-quinze-formas-de-reverencia\/","og_site_name":"Notibras","article_publisher":"https:\/\/www.facebook.com\/notibras\/","article_published_time":"2026-03-08T04:15:12+00:00","og_image":[{"width":1024,"height":658,"url":"https:\/\/www.notibras.com\/site\/wp-content\/uploads\/2026\/03\/mosaico_autoras_notibras_v2-1024x658.png","type":"image\/png"}],"author":"Eduardo Mart\u00ednez","twitter_card":"summary_large_image","twitter_creator":"@Notibras","twitter_site":"@Notibras","twitter_misc":{"Escrito por":"Eduardo Mart\u00ednez","Est. tempo de leitura":"6 minutos"},"schema":{"@context":"https:\/\/schema.org","@graph":[{"@type":"Article","@id":"https:\/\/www.notibras.com\/site\/oito-de-marco-quinze-formas-de-reverencia\/#article","isPartOf":{"@id":"https:\/\/www.notibras.com\/site\/oito-de-marco-quinze-formas-de-reverencia\/"},"author":{"name":"Eduardo Mart\u00ednez","@id":"https:\/\/www.notibras.com\/site\/#\/schema\/person\/5b7fabf2aedc3ada2105f03b22b4d3dd"},"headline":"OITO DE MAR\u00c7O, QUINZE FORMAS DE REVER\u00caNCIA","datePublished":"2026-03-08T04:15:12+00:00","mainEntityOfPage":{"@id":"https:\/\/www.notibras.com\/site\/oito-de-marco-quinze-formas-de-reverencia\/"},"wordCount":1105,"publisher":{"@id":"https:\/\/www.notibras.com\/site\/#organization"},"image":{"@id":"https:\/\/www.notibras.com\/site\/oito-de-marco-quinze-formas-de-reverencia\/#primaryimage"},"thumbnailUrl":"https:\/\/www.notibras.com\/site\/wp-content\/uploads\/2026\/03\/mosaico_autoras_notibras_v2-scaled.png","articleSection":["Caf\u00e9 Liter\u00e1rio"],"inLanguage":"pt-BR"},{"@type":"WebPage","@id":"https:\/\/www.notibras.com\/site\/oito-de-marco-quinze-formas-de-reverencia\/","url":"https:\/\/www.notibras.com\/site\/oito-de-marco-quinze-formas-de-reverencia\/","name":"OITO DE MAR\u00c7O, QUINZE FORMAS DE REVER\u00caNCIA - Notibras","isPartOf":{"@id":"https:\/\/www.notibras.com\/site\/#website"},"primaryImageOfPage":{"@id":"https:\/\/www.notibras.com\/site\/oito-de-marco-quinze-formas-de-reverencia\/#primaryimage"},"image":{"@id":"https:\/\/www.notibras.com\/site\/oito-de-marco-quinze-formas-de-reverencia\/#primaryimage"},"thumbnailUrl":"https:\/\/www.notibras.com\/site\/wp-content\/uploads\/2026\/03\/mosaico_autoras_notibras_v2-scaled.png","datePublished":"2026-03-08T04:15:12+00:00","breadcrumb":{"@id":"https:\/\/www.notibras.com\/site\/oito-de-marco-quinze-formas-de-reverencia\/#breadcrumb"},"inLanguage":"pt-BR","potentialAction":[{"@type":"ReadAction","target":["https:\/\/www.notibras.com\/site\/oito-de-marco-quinze-formas-de-reverencia\/"]}]},{"@type":"ImageObject","inLanguage":"pt-BR","@id":"https:\/\/www.notibras.com\/site\/oito-de-marco-quinze-formas-de-reverencia\/#primaryimage","url":"https:\/\/www.notibras.com\/site\/wp-content\/uploads\/2026\/03\/mosaico_autoras_notibras_v2-scaled.png","contentUrl":"https:\/\/www.notibras.com\/site\/wp-content\/uploads\/2026\/03\/mosaico_autoras_notibras_v2-scaled.png","width":2560,"height":1646},{"@type":"BreadcrumbList","@id":"https:\/\/www.notibras.com\/site\/oito-de-marco-quinze-formas-de-reverencia\/#breadcrumb","itemListElement":[{"@type":"ListItem","position":1,"name":"In\u00edcio","item":"https:\/\/www.notibras.com\/site\/"},{"@type":"ListItem","position":2,"name":"OITO DE MAR\u00c7O, QUINZE FORMAS DE REVER\u00caNCIA"}]},{"@type":"WebSite","@id":"https:\/\/www.notibras.com\/site\/#website","url":"https:\/\/www.notibras.com\/site\/","name":"Notibras","description":"Not\u00edcias de Bras\u00edlia, do Brasil e do Mundo","publisher":{"@id":"https:\/\/www.notibras.com\/site\/#organization"},"potentialAction":[{"@type":"SearchAction","target":{"@type":"EntryPoint","urlTemplate":"https:\/\/www.notibras.com\/site\/?s={search_term_string}"},"query-input":{"@type":"PropertyValueSpecification","valueRequired":true,"valueName":"search_term_string"}}],"inLanguage":"pt-BR"},{"@type":"Organization","@id":"https:\/\/www.notibras.com\/site\/#organization","name":"Grupo Notibras de Comunica\u00e7\u00e3o","url":"https:\/\/www.notibras.com\/site\/","logo":{"@type":"ImageObject","inLanguage":"pt-BR","@id":"https:\/\/www.notibras.com\/site\/#\/schema\/logo\/image\/","url":"https:\/\/www.notibras.com\/site\/wp-content\/uploads\/2023\/01\/notibras23.png","contentUrl":"https:\/\/www.notibras.com\/site\/wp-content\/uploads\/2023\/01\/notibras23.png","width":350,"height":87,"caption":"Grupo Notibras de Comunica\u00e7\u00e3o"},"image":{"@id":"https:\/\/www.notibras.com\/site\/#\/schema\/logo\/image\/"},"sameAs":["https:\/\/www.facebook.com\/notibras\/","https:\/\/x.com\/Notibras","https:\/\/www.instagram.com\/notibras\/"]},{"@type":"Person","@id":"https:\/\/www.notibras.com\/site\/#\/schema\/person\/5b7fabf2aedc3ada2105f03b22b4d3dd","name":"Eduardo Mart\u00ednez","image":{"@type":"ImageObject","inLanguage":"pt-BR","@id":"https:\/\/secure.gravatar.com\/avatar\/7902f906289926289cbcda644b5197c796b893c6ffd7b9a536a42d290f7704a0?s=96&d=mm&r=g","url":"https:\/\/secure.gravatar.com\/avatar\/7902f906289926289cbcda644b5197c796b893c6ffd7b9a536a42d290f7704a0?s=96&d=mm&r=g","contentUrl":"https:\/\/secure.gravatar.com\/avatar\/7902f906289926289cbcda644b5197c796b893c6ffd7b9a536a42d290f7704a0?s=96&d=mm&r=g","caption":"Eduardo Mart\u00ednez"}}]}},"amp_enabled":true,"_links":{"self":[{"href":"https:\/\/www.notibras.com\/site\/wp-json\/wp\/v2\/posts\/386023","targetHints":{"allow":["GET"]}}],"collection":[{"href":"https:\/\/www.notibras.com\/site\/wp-json\/wp\/v2\/posts"}],"about":[{"href":"https:\/\/www.notibras.com\/site\/wp-json\/wp\/v2\/types\/post"}],"author":[{"embeddable":true,"href":"https:\/\/www.notibras.com\/site\/wp-json\/wp\/v2\/users\/21"}],"replies":[{"embeddable":true,"href":"https:\/\/www.notibras.com\/site\/wp-json\/wp\/v2\/comments?post=386023"}],"version-history":[{"count":2,"href":"https:\/\/www.notibras.com\/site\/wp-json\/wp\/v2\/posts\/386023\/revisions"}],"predecessor-version":[{"id":386026,"href":"https:\/\/www.notibras.com\/site\/wp-json\/wp\/v2\/posts\/386023\/revisions\/386026"}],"wp:featuredmedia":[{"embeddable":true,"href":"https:\/\/www.notibras.com\/site\/wp-json\/wp\/v2\/media\/386025"}],"wp:attachment":[{"href":"https:\/\/www.notibras.com\/site\/wp-json\/wp\/v2\/media?parent=386023"}],"wp:term":[{"taxonomy":"category","embeddable":true,"href":"https:\/\/www.notibras.com\/site\/wp-json\/wp\/v2\/categories?post=386023"},{"taxonomy":"post_tag","embeddable":true,"href":"https:\/\/www.notibras.com\/site\/wp-json\/wp\/v2\/tags?post=386023"}],"curies":[{"name":"wp","href":"https:\/\/api.w.org\/{rel}","templated":true}]}}