{"id":386029,"date":"2026-03-08T01:15:53","date_gmt":"2026-03-08T04:15:53","guid":{"rendered":"https:\/\/www.notibras.com\/site\/?p=386029"},"modified":"2026-03-07T19:06:35","modified_gmt":"2026-03-07T22:06:35","slug":"historico-de-violencia-termina-em-tentativa-de-homicidio-e-prisao","status":"publish","type":"post","link":"https:\/\/www.notibras.com\/site\/historico-de-violencia-termina-em-tentativa-de-homicidio-e-prisao\/","title":{"rendered":"Hist\u00f3rico de viol\u00eancia termina em tentativa de homic\u00eddio e pris\u00e3o"},"content":{"rendered":"<p>Um crime brutal chocou os moradores do Sol Nascente, no Distrito Federal, na noite de sexta-feira (6). Guilherme Cust\u00f3dio Alves, de 24 anos, foi preso em flagrante pela Pol\u00edcia Civil ap\u00f3s desferir golpes de faca contra o pai de sua ex-namorada. A tentativa de homic\u00eddio mobilizou agentes da 19\u00aa Delegacia de Pol\u00edcia, que conseguiram localizar o agressor logo ap\u00f3s o ataque.<\/p>\n<p>O epis\u00f3dio violento teve in\u00edcio ap\u00f3s uma discuss\u00e3o entre Guilherme e a ex-companheira. Inconformado com o t\u00e9rmino ou o desfecho da briga, o jovem se deslocou at\u00e9 a resid\u00eancia da mulher. Ao chegar ao local, ele foi confrontado pelo pai dela, que tentava intervir na situa\u00e7\u00e3o. O suspeito reagiu de forma extrema, atacando o homem com duas facadas na regi\u00e3o da cabe\u00e7a antes de fugir.<\/p>\n<p>A v\u00edtima foi prontamente socorrida e encaminhada ao Hospital Regional de Ceil\u00e2ndia (HRC). At\u00e9 o momento, a unidade de sa\u00fade e as autoridades policiais n\u00e3o divulgaram boletins atualizados sobre o quadro cl\u00ednico do homem, mas a gravidade do ferimento na cabe\u00e7a mobilizou equipes de emerg\u00eancia durante toda a noite.<\/p>\n<p>De acordo com o delegado Fernando Fernandes, respons\u00e1vel pelo caso, Guilherme n\u00e3o \u00e9 um desconhecido do sistema prisional. Aos 24 anos, ele ostenta uma extensa ficha criminal que inclui registros por roubo, porte ilegal de arma de fogo, tr\u00e1fico de drogas e epis\u00f3dios anteriores de viol\u00eancia dom\u00e9stica, o que refor\u00e7a seu perfil de alta periculosidade.<\/p>\n<p>Durante as dilig\u00eancias na resid\u00eancia do suspeito, os investigadores encontraram por\u00e7\u00f5es de entorpecentes prontas para a comercializa\u00e7\u00e3o. Al\u00e9m disso, a per\u00edcia em seu aparelho celular revelou um conte\u00fado perturbador: fotos de Guilherme exibindo armas e facas, al\u00e9m de diversos \u00e1udios com amea\u00e7as de morte direcionadas \u00e0 ex-namorada e aos familiares dela.<\/p>\n<p>O agressor agora responder\u00e1 por tentativa de homic\u00eddio qualificado, somando-se \u00e0s suas passagens anteriores. A Pol\u00edcia Civil do Distrito Federal segue com a investiga\u00e7\u00e3o para reunir novas provas e garantir a manuten\u00e7\u00e3o da pris\u00e3o preventiva de Guilherme, visando a prote\u00e7\u00e3o das v\u00edtimas constantemente amea\u00e7adas pelo suspeito.<\/p>\n","protected":false},"excerpt":{"rendered":"<p>Um crime brutal chocou os moradores do Sol Nascente, no Distrito Federal, na noite de sexta-feira (6). Guilherme Cust\u00f3dio Alves, de 24 anos, foi preso em flagrante pela Pol\u00edcia Civil ap\u00f3s desferir golpes de faca contra o pai de sua ex-namorada. A tentativa de homic\u00eddio mobilizou agentes da 19\u00aa Delegacia de Pol\u00edcia, que conseguiram localizar [&hellip;]<\/p>\n","protected":false},"author":21,"featured_media":386030,"comment_status":"closed","ping_status":"closed","sticky":false,"template":"","format":"standard","meta":{"_acf_changed":false,"footnotes":""},"categories":[161],"tags":[],"class_list":["post-386029","post","type-post","status-publish","format-standard","has-post-thumbnail","hentry","category-quadradinho-em-foco"],"acf":[],"yoast_head":"<!-- This site is optimized with the Yoast SEO plugin v27.2 - https:\/\/yoast.com\/product\/yoast-seo-wordpress\/ -->\n<title>Hist\u00f3rico de viol\u00eancia termina em tentativa de homic\u00eddio e pris\u00e3o - Notibras<\/title>\n<meta name=\"robots\" content=\"index, follow, max-snippet:-1, max-image-preview:large, max-video-preview:-1\" \/>\n<link rel=\"canonical\" href=\"https:\/\/www.notibras.com\/site\/historico-de-violencia-termina-em-tentativa-de-homicidio-e-prisao\/\" \/>\n<meta property=\"og:locale\" content=\"pt_BR\" \/>\n<meta property=\"og:type\" content=\"article\" \/>\n<meta property=\"og:title\" content=\"Hist\u00f3rico de viol\u00eancia termina em tentativa de homic\u00eddio e pris\u00e3o - Notibras\" \/>\n<meta property=\"og:description\" content=\"Um crime brutal chocou os moradores do Sol Nascente, no Distrito Federal, na noite de sexta-feira (6). Guilherme Cust\u00f3dio Alves, de 24 anos, foi preso em flagrante pela Pol\u00edcia Civil ap\u00f3s desferir golpes de faca contra o pai de sua ex-namorada. A tentativa de homic\u00eddio mobilizou agentes da 19\u00aa Delegacia de Pol\u00edcia, que conseguiram localizar [&hellip;]\" \/>\n<meta property=\"og:url\" content=\"https:\/\/www.notibras.com\/site\/historico-de-violencia-termina-em-tentativa-de-homicidio-e-prisao\/\" \/>\n<meta property=\"og:site_name\" content=\"Notibras\" \/>\n<meta property=\"article:publisher\" content=\"https:\/\/www.facebook.com\/notibras\/\" \/>\n<meta property=\"article:published_time\" content=\"2026-03-08T04:15:53+00:00\" \/>\n<meta property=\"og:image\" content=\"https:\/\/www.notibras.com\/site\/wp-content\/uploads\/2026\/03\/WhatsApp-Image-2026-03-07-at-19.03.40.jpeg\" \/>\n\t<meta property=\"og:image:width\" content=\"984\" \/>\n\t<meta property=\"og:image:height\" content=\"554\" \/>\n\t<meta property=\"og:image:type\" content=\"image\/jpeg\" \/>\n<meta name=\"author\" content=\"Eduardo Mart\u00ednez\" \/>\n<meta name=\"twitter:card\" content=\"summary_large_image\" \/>\n<meta name=\"twitter:creator\" content=\"@Notibras\" \/>\n<meta name=\"twitter:site\" content=\"@Notibras\" \/>\n<meta name=\"twitter:label1\" content=\"Escrito por\" \/>\n\t<meta name=\"twitter:data1\" content=\"Eduardo Mart\u00ednez\" \/>\n\t<meta name=\"twitter:label2\" content=\"Est. tempo de leitura\" \/>\n\t<meta name=\"twitter:data2\" content=\"3 minutos\" \/>\n<script type=\"application\/ld+json\" class=\"yoast-schema-graph\">{\"@context\":\"https:\/\/schema.org\",\"@graph\":[{\"@type\":\"Article\",\"@id\":\"https:\/\/www.notibras.com\/site\/historico-de-violencia-termina-em-tentativa-de-homicidio-e-prisao\/#article\",\"isPartOf\":{\"@id\":\"https:\/\/www.notibras.com\/site\/historico-de-violencia-termina-em-tentativa-de-homicidio-e-prisao\/\"},\"author\":{\"name\":\"Eduardo Mart\u00ednez\",\"@id\":\"https:\/\/www.notibras.com\/site\/#\/schema\/person\/5b7fabf2aedc3ada2105f03b22b4d3dd\"},\"headline\":\"Hist\u00f3rico de viol\u00eancia termina em tentativa de homic\u00eddio e pris\u00e3o\",\"datePublished\":\"2026-03-08T04:15:53+00:00\",\"mainEntityOfPage\":{\"@id\":\"https:\/\/www.notibras.com\/site\/historico-de-violencia-termina-em-tentativa-de-homicidio-e-prisao\/\"},\"wordCount\":381,\"publisher\":{\"@id\":\"https:\/\/www.notibras.com\/site\/#organization\"},\"image\":{\"@id\":\"https:\/\/www.notibras.com\/site\/historico-de-violencia-termina-em-tentativa-de-homicidio-e-prisao\/#primaryimage\"},\"thumbnailUrl\":\"https:\/\/www.notibras.com\/site\/wp-content\/uploads\/2026\/03\/WhatsApp-Image-2026-03-07-at-19.03.40.jpeg\",\"articleSection\":[\"Quadradinho em Foco\"],\"inLanguage\":\"pt-BR\"},{\"@type\":\"WebPage\",\"@id\":\"https:\/\/www.notibras.com\/site\/historico-de-violencia-termina-em-tentativa-de-homicidio-e-prisao\/\",\"url\":\"https:\/\/www.notibras.com\/site\/historico-de-violencia-termina-em-tentativa-de-homicidio-e-prisao\/\",\"name\":\"Hist\u00f3rico de viol\u00eancia termina em tentativa de homic\u00eddio e pris\u00e3o - Notibras\",\"isPartOf\":{\"@id\":\"https:\/\/www.notibras.com\/site\/#website\"},\"primaryImageOfPage\":{\"@id\":\"https:\/\/www.notibras.com\/site\/historico-de-violencia-termina-em-tentativa-de-homicidio-e-prisao\/#primaryimage\"},\"image\":{\"@id\":\"https:\/\/www.notibras.com\/site\/historico-de-violencia-termina-em-tentativa-de-homicidio-e-prisao\/#primaryimage\"},\"thumbnailUrl\":\"https:\/\/www.notibras.com\/site\/wp-content\/uploads\/2026\/03\/WhatsApp-Image-2026-03-07-at-19.03.40.jpeg\",\"datePublished\":\"2026-03-08T04:15:53+00:00\",\"breadcrumb\":{\"@id\":\"https:\/\/www.notibras.com\/site\/historico-de-violencia-termina-em-tentativa-de-homicidio-e-prisao\/#breadcrumb\"},\"inLanguage\":\"pt-BR\",\"potentialAction\":[{\"@type\":\"ReadAction\",\"target\":[\"https:\/\/www.notibras.com\/site\/historico-de-violencia-termina-em-tentativa-de-homicidio-e-prisao\/\"]}]},{\"@type\":\"ImageObject\",\"inLanguage\":\"pt-BR\",\"@id\":\"https:\/\/www.notibras.com\/site\/historico-de-violencia-termina-em-tentativa-de-homicidio-e-prisao\/#primaryimage\",\"url\":\"https:\/\/www.notibras.com\/site\/wp-content\/uploads\/2026\/03\/WhatsApp-Image-2026-03-07-at-19.03.40.jpeg\",\"contentUrl\":\"https:\/\/www.notibras.com\/site\/wp-content\/uploads\/2026\/03\/WhatsApp-Image-2026-03-07-at-19.03.40.jpeg\",\"width\":984,\"height\":554},{\"@type\":\"BreadcrumbList\",\"@id\":\"https:\/\/www.notibras.com\/site\/historico-de-violencia-termina-em-tentativa-de-homicidio-e-prisao\/#breadcrumb\",\"itemListElement\":[{\"@type\":\"ListItem\",\"position\":1,\"name\":\"In\u00edcio\",\"item\":\"https:\/\/www.notibras.com\/site\/\"},{\"@type\":\"ListItem\",\"position\":2,\"name\":\"Hist\u00f3rico de viol\u00eancia termina em tentativa de homic\u00eddio e pris\u00e3o\"}]},{\"@type\":\"WebSite\",\"@id\":\"https:\/\/www.notibras.com\/site\/#website\",\"url\":\"https:\/\/www.notibras.com\/site\/\",\"name\":\"Notibras\",\"description\":\"Not\u00edcias de Bras\u00edlia, do Brasil e do Mundo\",\"publisher\":{\"@id\":\"https:\/\/www.notibras.com\/site\/#organization\"},\"potentialAction\":[{\"@type\":\"SearchAction\",\"target\":{\"@type\":\"EntryPoint\",\"urlTemplate\":\"https:\/\/www.notibras.com\/site\/?s={search_term_string}\"},\"query-input\":{\"@type\":\"PropertyValueSpecification\",\"valueRequired\":true,\"valueName\":\"search_term_string\"}}],\"inLanguage\":\"pt-BR\"},{\"@type\":\"Organization\",\"@id\":\"https:\/\/www.notibras.com\/site\/#organization\",\"name\":\"Grupo Notibras de Comunica\u00e7\u00e3o\",\"url\":\"https:\/\/www.notibras.com\/site\/\",\"logo\":{\"@type\":\"ImageObject\",\"inLanguage\":\"pt-BR\",\"@id\":\"https:\/\/www.notibras.com\/site\/#\/schema\/logo\/image\/\",\"url\":\"https:\/\/www.notibras.com\/site\/wp-content\/uploads\/2023\/01\/notibras23.png\",\"contentUrl\":\"https:\/\/www.notibras.com\/site\/wp-content\/uploads\/2023\/01\/notibras23.png\",\"width\":350,\"height\":87,\"caption\":\"Grupo Notibras de Comunica\u00e7\u00e3o\"},\"image\":{\"@id\":\"https:\/\/www.notibras.com\/site\/#\/schema\/logo\/image\/\"},\"sameAs\":[\"https:\/\/www.facebook.com\/notibras\/\",\"https:\/\/x.com\/Notibras\",\"https:\/\/www.instagram.com\/notibras\/\"]},{\"@type\":\"Person\",\"@id\":\"https:\/\/www.notibras.com\/site\/#\/schema\/person\/5b7fabf2aedc3ada2105f03b22b4d3dd\",\"name\":\"Eduardo Mart\u00ednez\",\"image\":{\"@type\":\"ImageObject\",\"inLanguage\":\"pt-BR\",\"@id\":\"https:\/\/secure.gravatar.com\/avatar\/7902f906289926289cbcda644b5197c796b893c6ffd7b9a536a42d290f7704a0?s=96&d=mm&r=g\",\"url\":\"https:\/\/secure.gravatar.com\/avatar\/7902f906289926289cbcda644b5197c796b893c6ffd7b9a536a42d290f7704a0?s=96&d=mm&r=g\",\"contentUrl\":\"https:\/\/secure.gravatar.com\/avatar\/7902f906289926289cbcda644b5197c796b893c6ffd7b9a536a42d290f7704a0?s=96&d=mm&r=g\",\"caption\":\"Eduardo Mart\u00ednez\"}}]}<\/script>\n<!-- \/ Yoast SEO plugin. -->","yoast_head_json":{"title":"Hist\u00f3rico de viol\u00eancia termina em tentativa de homic\u00eddio e pris\u00e3o - Notibras","robots":{"index":"index","follow":"follow","max-snippet":"max-snippet:-1","max-image-preview":"max-image-preview:large","max-video-preview":"max-video-preview:-1"},"canonical":"https:\/\/www.notibras.com\/site\/historico-de-violencia-termina-em-tentativa-de-homicidio-e-prisao\/","og_locale":"pt_BR","og_type":"article","og_title":"Hist\u00f3rico de viol\u00eancia termina em tentativa de homic\u00eddio e pris\u00e3o - Notibras","og_description":"Um crime brutal chocou os moradores do Sol Nascente, no Distrito Federal, na noite de sexta-feira (6). Guilherme Cust\u00f3dio Alves, de 24 anos, foi preso em flagrante pela Pol\u00edcia Civil ap\u00f3s desferir golpes de faca contra o pai de sua ex-namorada. A tentativa de homic\u00eddio mobilizou agentes da 19\u00aa Delegacia de Pol\u00edcia, que conseguiram localizar [&hellip;]","og_url":"https:\/\/www.notibras.com\/site\/historico-de-violencia-termina-em-tentativa-de-homicidio-e-prisao\/","og_site_name":"Notibras","article_publisher":"https:\/\/www.facebook.com\/notibras\/","article_published_time":"2026-03-08T04:15:53+00:00","og_image":[{"width":984,"height":554,"url":"https:\/\/www.notibras.com\/site\/wp-content\/uploads\/2026\/03\/WhatsApp-Image-2026-03-07-at-19.03.40.jpeg","type":"image\/jpeg"}],"author":"Eduardo Mart\u00ednez","twitter_card":"summary_large_image","twitter_creator":"@Notibras","twitter_site":"@Notibras","twitter_misc":{"Escrito por":"Eduardo Mart\u00ednez","Est. tempo de leitura":"3 minutos"},"schema":{"@context":"https:\/\/schema.org","@graph":[{"@type":"Article","@id":"https:\/\/www.notibras.com\/site\/historico-de-violencia-termina-em-tentativa-de-homicidio-e-prisao\/#article","isPartOf":{"@id":"https:\/\/www.notibras.com\/site\/historico-de-violencia-termina-em-tentativa-de-homicidio-e-prisao\/"},"author":{"name":"Eduardo Mart\u00ednez","@id":"https:\/\/www.notibras.com\/site\/#\/schema\/person\/5b7fabf2aedc3ada2105f03b22b4d3dd"},"headline":"Hist\u00f3rico de viol\u00eancia termina em tentativa de homic\u00eddio e pris\u00e3o","datePublished":"2026-03-08T04:15:53+00:00","mainEntityOfPage":{"@id":"https:\/\/www.notibras.com\/site\/historico-de-violencia-termina-em-tentativa-de-homicidio-e-prisao\/"},"wordCount":381,"publisher":{"@id":"https:\/\/www.notibras.com\/site\/#organization"},"image":{"@id":"https:\/\/www.notibras.com\/site\/historico-de-violencia-termina-em-tentativa-de-homicidio-e-prisao\/#primaryimage"},"thumbnailUrl":"https:\/\/www.notibras.com\/site\/wp-content\/uploads\/2026\/03\/WhatsApp-Image-2026-03-07-at-19.03.40.jpeg","articleSection":["Quadradinho em Foco"],"inLanguage":"pt-BR"},{"@type":"WebPage","@id":"https:\/\/www.notibras.com\/site\/historico-de-violencia-termina-em-tentativa-de-homicidio-e-prisao\/","url":"https:\/\/www.notibras.com\/site\/historico-de-violencia-termina-em-tentativa-de-homicidio-e-prisao\/","name":"Hist\u00f3rico de viol\u00eancia termina em tentativa de homic\u00eddio e pris\u00e3o - Notibras","isPartOf":{"@id":"https:\/\/www.notibras.com\/site\/#website"},"primaryImageOfPage":{"@id":"https:\/\/www.notibras.com\/site\/historico-de-violencia-termina-em-tentativa-de-homicidio-e-prisao\/#primaryimage"},"image":{"@id":"https:\/\/www.notibras.com\/site\/historico-de-violencia-termina-em-tentativa-de-homicidio-e-prisao\/#primaryimage"},"thumbnailUrl":"https:\/\/www.notibras.com\/site\/wp-content\/uploads\/2026\/03\/WhatsApp-Image-2026-03-07-at-19.03.40.jpeg","datePublished":"2026-03-08T04:15:53+00:00","breadcrumb":{"@id":"https:\/\/www.notibras.com\/site\/historico-de-violencia-termina-em-tentativa-de-homicidio-e-prisao\/#breadcrumb"},"inLanguage":"pt-BR","potentialAction":[{"@type":"ReadAction","target":["https:\/\/www.notibras.com\/site\/historico-de-violencia-termina-em-tentativa-de-homicidio-e-prisao\/"]}]},{"@type":"ImageObject","inLanguage":"pt-BR","@id":"https:\/\/www.notibras.com\/site\/historico-de-violencia-termina-em-tentativa-de-homicidio-e-prisao\/#primaryimage","url":"https:\/\/www.notibras.com\/site\/wp-content\/uploads\/2026\/03\/WhatsApp-Image-2026-03-07-at-19.03.40.jpeg","contentUrl":"https:\/\/www.notibras.com\/site\/wp-content\/uploads\/2026\/03\/WhatsApp-Image-2026-03-07-at-19.03.40.jpeg","width":984,"height":554},{"@type":"BreadcrumbList","@id":"https:\/\/www.notibras.com\/site\/historico-de-violencia-termina-em-tentativa-de-homicidio-e-prisao\/#breadcrumb","itemListElement":[{"@type":"ListItem","position":1,"name":"In\u00edcio","item":"https:\/\/www.notibras.com\/site\/"},{"@type":"ListItem","position":2,"name":"Hist\u00f3rico de viol\u00eancia termina em tentativa de homic\u00eddio e pris\u00e3o"}]},{"@type":"WebSite","@id":"https:\/\/www.notibras.com\/site\/#website","url":"https:\/\/www.notibras.com\/site\/","name":"Notibras","description":"Not\u00edcias de Bras\u00edlia, do Brasil e do Mundo","publisher":{"@id":"https:\/\/www.notibras.com\/site\/#organization"},"potentialAction":[{"@type":"SearchAction","target":{"@type":"EntryPoint","urlTemplate":"https:\/\/www.notibras.com\/site\/?s={search_term_string}"},"query-input":{"@type":"PropertyValueSpecification","valueRequired":true,"valueName":"search_term_string"}}],"inLanguage":"pt-BR"},{"@type":"Organization","@id":"https:\/\/www.notibras.com\/site\/#organization","name":"Grupo Notibras de Comunica\u00e7\u00e3o","url":"https:\/\/www.notibras.com\/site\/","logo":{"@type":"ImageObject","inLanguage":"pt-BR","@id":"https:\/\/www.notibras.com\/site\/#\/schema\/logo\/image\/","url":"https:\/\/www.notibras.com\/site\/wp-content\/uploads\/2023\/01\/notibras23.png","contentUrl":"https:\/\/www.notibras.com\/site\/wp-content\/uploads\/2023\/01\/notibras23.png","width":350,"height":87,"caption":"Grupo Notibras de Comunica\u00e7\u00e3o"},"image":{"@id":"https:\/\/www.notibras.com\/site\/#\/schema\/logo\/image\/"},"sameAs":["https:\/\/www.facebook.com\/notibras\/","https:\/\/x.com\/Notibras","https:\/\/www.instagram.com\/notibras\/"]},{"@type":"Person","@id":"https:\/\/www.notibras.com\/site\/#\/schema\/person\/5b7fabf2aedc3ada2105f03b22b4d3dd","name":"Eduardo Mart\u00ednez","image":{"@type":"ImageObject","inLanguage":"pt-BR","@id":"https:\/\/secure.gravatar.com\/avatar\/7902f906289926289cbcda644b5197c796b893c6ffd7b9a536a42d290f7704a0?s=96&d=mm&r=g","url":"https:\/\/secure.gravatar.com\/avatar\/7902f906289926289cbcda644b5197c796b893c6ffd7b9a536a42d290f7704a0?s=96&d=mm&r=g","contentUrl":"https:\/\/secure.gravatar.com\/avatar\/7902f906289926289cbcda644b5197c796b893c6ffd7b9a536a42d290f7704a0?s=96&d=mm&r=g","caption":"Eduardo Mart\u00ednez"}}]}},"amp_enabled":true,"_links":{"self":[{"href":"https:\/\/www.notibras.com\/site\/wp-json\/wp\/v2\/posts\/386029","targetHints":{"allow":["GET"]}}],"collection":[{"href":"https:\/\/www.notibras.com\/site\/wp-json\/wp\/v2\/posts"}],"about":[{"href":"https:\/\/www.notibras.com\/site\/wp-json\/wp\/v2\/types\/post"}],"author":[{"embeddable":true,"href":"https:\/\/www.notibras.com\/site\/wp-json\/wp\/v2\/users\/21"}],"replies":[{"embeddable":true,"href":"https:\/\/www.notibras.com\/site\/wp-json\/wp\/v2\/comments?post=386029"}],"version-history":[{"count":2,"href":"https:\/\/www.notibras.com\/site\/wp-json\/wp\/v2\/posts\/386029\/revisions"}],"predecessor-version":[{"id":386032,"href":"https:\/\/www.notibras.com\/site\/wp-json\/wp\/v2\/posts\/386029\/revisions\/386032"}],"wp:featuredmedia":[{"embeddable":true,"href":"https:\/\/www.notibras.com\/site\/wp-json\/wp\/v2\/media\/386030"}],"wp:attachment":[{"href":"https:\/\/www.notibras.com\/site\/wp-json\/wp\/v2\/media?parent=386029"}],"wp:term":[{"taxonomy":"category","embeddable":true,"href":"https:\/\/www.notibras.com\/site\/wp-json\/wp\/v2\/categories?post=386029"},{"taxonomy":"post_tag","embeddable":true,"href":"https:\/\/www.notibras.com\/site\/wp-json\/wp\/v2\/tags?post=386029"}],"curies":[{"name":"wp","href":"https:\/\/api.w.org\/{rel}","templated":true}]}}