{"id":386033,"date":"2026-03-08T02:00:26","date_gmt":"2026-03-08T05:00:26","guid":{"rendered":"https:\/\/www.notibras.com\/site\/?p=386033"},"modified":"2026-03-07T19:47:46","modified_gmt":"2026-03-07T22:47:46","slug":"um-casal-insuspeito","status":"publish","type":"post","link":"https:\/\/www.notibras.com\/site\/um-casal-insuspeito\/","title":{"rendered":"Um casal insuspeito"},"content":{"rendered":"<p>Ernesto e Adelaide formavam um casal improv\u00e1vel. N\u00e3o que algu\u00e9m pudesse levantar suspeitas sobre a afei\u00e7\u00e3o dos dois, a quest\u00e3o era outra. O relacionamento deles, apesar das apar\u00eancias contr\u00e1rias, n\u00e3o era convencional, e mais, carregado de poderes e segredos.<\/p>\n<p>O marido, \u00e1vido por intimidade, era aterrorizado pelo pr\u00f3prio reflexo, temia decepcionar a mulher. N\u00e3o que possu\u00edsse deformidades, ao menos aparentes, j\u00e1 que desfrutava de rosto agrad\u00e1vel, ornado por um belo bigode, sem contar o corpo em forma, mesmo que j\u00e1 beirasse os 50 anos. E a prole, dois jovens t\u00e3o parecidos com o pai, que nem mesmo o maior inimigo de Ernesto, que era nenhum, poderia insinuar que n\u00e3o seriam seus filhos, apesar de ambos carregarem os olhos c\u00ednicos da m\u00e3e.<\/p>\n<p>Adelaide, para bom observador, era a l\u00edder. Bastava ver suas decis\u00f5es, jamais contestadas por Ernesto, que caminhava quase impercept\u00edveis cent\u00edmetros atr\u00e1s quando o par caminhava de m\u00e3os dadas, seja na pra\u00e7a, seja na igreja, seja em qualquer lugar. E o esposo n\u00e3o demonstrava desconforto, como se aquilo fosse do seu agrado. Discuss\u00f5es, ent\u00e3o, caso tivessem ocorrido, n\u00e3o eram do conhecimento p\u00fablico.<\/p>\n<p>Ernesto vinha de fam\u00edlia tradicional. Ainda rica, apesar da dilui\u00e7\u00e3o do patrim\u00f4nio ao longo de d\u00e9cadas entre os herdeiros. Mesmo assim, dinheiro n\u00e3o era algo com que o homem precisaria se preocupar, a n\u00e3o ser que, do nada, ele se tornasse um pr\u00f3digo. Improv\u00e1vel, j\u00e1 que o sujeito era praticamente um minimalista. N\u00e3o por ser sovina, mas por desprendimento das coisas materiais.<\/p>\n<p>A esposa, por sua vez, mesmo n\u00e3o sendo muquirana, parecia entender como poucos o valor de cada vint\u00e9m. Viera da classe m\u00e9dia e, por conta do matrim\u00f4nio, subira dois ou tr\u00eas degraus no poder de compra. Mas n\u00e3o pense voc\u00ea que a soberba lhe subiu \u00e0 cabe\u00e7a. Continuou praticamente a mesma Adelaide dos tempos de transporte p\u00fablico, s\u00f3 que com a c\u00fatis melhor.<\/p>\n<p>A improbabilidade do casal se devia ao estranho h\u00e1bito de Adelaide, que se revelava todas as vezes que os dois estavam sozinhos no sobrado: ordenar que o marido fosse passar a noite no canil. N\u00e3o que tivessem cachorro, j\u00e1 que Sult\u00e3o, o velho pastor alem\u00e3o, havia falecido de causas naturais h\u00e1 quase dois anos. E n\u00e3o pense voc\u00ea que o Ernesto desgostasse da situa\u00e7\u00e3o. Na verdade, ele sentia que precisava passar por aquilo para se tornar um esposo merecedor do amor da sua rainha, quer dizer, dona.<\/p>\n<p><strong>\u2026\u2026\u2026\u2026\u2026\u2026\u2026\u2026<\/strong><\/p>\n<p><strong>Eduardo Mart\u00ednez \u00e9 autor do livro \u201957 Contos e Cr\u00f4nicas por um Autor Muito Velho\u2019 (Vencedor do Pr\u00eamio Liter\u00e1rio Clarice Lispector \u2013 2025 na categoria livro de contos).<\/strong><\/p>\n<p><strong>Compre aqui<\/strong><\/p>\n<p><a href=\"https:\/\/www.joanineditora.com.br\/57-contos-e-cronicas-por-um-autor-muito-velho\"><strong>https:\/\/www.joanineditora.com.br\/57-contos-e-cronicas-por-um-autor-muito-velho<\/strong><\/a><\/p>\n","protected":false},"excerpt":{"rendered":"<p>Ernesto e Adelaide formavam um casal improv\u00e1vel. N\u00e3o que algu\u00e9m pudesse levantar suspeitas sobre a afei\u00e7\u00e3o dos dois, a quest\u00e3o era outra. O relacionamento deles, apesar das apar\u00eancias contr\u00e1rias, n\u00e3o era convencional, e mais, carregado de poderes e segredos. O marido, \u00e1vido por intimidade, era aterrorizado pelo pr\u00f3prio reflexo, temia decepcionar a mulher. N\u00e3o que [&hellip;]<\/p>\n","protected":false},"author":21,"featured_media":386034,"comment_status":"closed","ping_status":"closed","sticky":false,"template":"","format":"standard","meta":{"_acf_changed":false,"footnotes":""},"categories":[161],"tags":[],"class_list":["post-386033","post","type-post","status-publish","format-standard","has-post-thumbnail","hentry","category-quadradinho-em-foco"],"acf":[],"yoast_head":"<!-- This site is optimized with the Yoast SEO plugin v27.2 - https:\/\/yoast.com\/product\/yoast-seo-wordpress\/ -->\n<title>Um casal insuspeito - Notibras<\/title>\n<meta name=\"robots\" content=\"index, follow, max-snippet:-1, max-image-preview:large, max-video-preview:-1\" \/>\n<link rel=\"canonical\" href=\"https:\/\/www.notibras.com\/site\/um-casal-insuspeito\/\" \/>\n<meta property=\"og:locale\" content=\"pt_BR\" \/>\n<meta property=\"og:type\" content=\"article\" \/>\n<meta property=\"og:title\" content=\"Um casal insuspeito - Notibras\" \/>\n<meta property=\"og:description\" content=\"Ernesto e Adelaide formavam um casal improv\u00e1vel. N\u00e3o que algu\u00e9m pudesse levantar suspeitas sobre a afei\u00e7\u00e3o dos dois, a quest\u00e3o era outra. O relacionamento deles, apesar das apar\u00eancias contr\u00e1rias, n\u00e3o era convencional, e mais, carregado de poderes e segredos. O marido, \u00e1vido por intimidade, era aterrorizado pelo pr\u00f3prio reflexo, temia decepcionar a mulher. N\u00e3o que [&hellip;]\" \/>\n<meta property=\"og:url\" content=\"https:\/\/www.notibras.com\/site\/um-casal-insuspeito\/\" \/>\n<meta property=\"og:site_name\" content=\"Notibras\" \/>\n<meta property=\"article:publisher\" content=\"https:\/\/www.facebook.com\/notibras\/\" \/>\n<meta property=\"article:published_time\" content=\"2026-03-08T05:00:26+00:00\" \/>\n<meta property=\"og:image\" content=\"https:\/\/www.notibras.com\/site\/wp-content\/uploads\/2026\/03\/WhatsApp-Image-2026-03-07-at-19.41.28.jpeg\" \/>\n\t<meta property=\"og:image:width\" content=\"1024\" \/>\n\t<meta property=\"og:image:height\" content=\"559\" \/>\n\t<meta property=\"og:image:type\" content=\"image\/jpeg\" \/>\n<meta name=\"author\" content=\"Eduardo Mart\u00ednez\" \/>\n<meta name=\"twitter:card\" content=\"summary_large_image\" \/>\n<meta name=\"twitter:creator\" content=\"@Notibras\" \/>\n<meta name=\"twitter:site\" content=\"@Notibras\" \/>\n<meta name=\"twitter:label1\" content=\"Escrito por\" \/>\n\t<meta name=\"twitter:data1\" content=\"Eduardo Mart\u00ednez\" \/>\n\t<meta name=\"twitter:label2\" content=\"Est. tempo de leitura\" \/>\n\t<meta name=\"twitter:data2\" content=\"3 minutos\" \/>\n<script type=\"application\/ld+json\" class=\"yoast-schema-graph\">{\"@context\":\"https:\/\/schema.org\",\"@graph\":[{\"@type\":\"Article\",\"@id\":\"https:\/\/www.notibras.com\/site\/um-casal-insuspeito\/#article\",\"isPartOf\":{\"@id\":\"https:\/\/www.notibras.com\/site\/um-casal-insuspeito\/\"},\"author\":{\"name\":\"Eduardo Mart\u00ednez\",\"@id\":\"https:\/\/www.notibras.com\/site\/#\/schema\/person\/5b7fabf2aedc3ada2105f03b22b4d3dd\"},\"headline\":\"Um casal insuspeito\",\"datePublished\":\"2026-03-08T05:00:26+00:00\",\"mainEntityOfPage\":{\"@id\":\"https:\/\/www.notibras.com\/site\/um-casal-insuspeito\/\"},\"wordCount\":483,\"publisher\":{\"@id\":\"https:\/\/www.notibras.com\/site\/#organization\"},\"image\":{\"@id\":\"https:\/\/www.notibras.com\/site\/um-casal-insuspeito\/#primaryimage\"},\"thumbnailUrl\":\"https:\/\/www.notibras.com\/site\/wp-content\/uploads\/2026\/03\/WhatsApp-Image-2026-03-07-at-19.41.28.jpeg\",\"articleSection\":[\"Quadradinho em Foco\"],\"inLanguage\":\"pt-BR\"},{\"@type\":\"WebPage\",\"@id\":\"https:\/\/www.notibras.com\/site\/um-casal-insuspeito\/\",\"url\":\"https:\/\/www.notibras.com\/site\/um-casal-insuspeito\/\",\"name\":\"Um casal insuspeito - Notibras\",\"isPartOf\":{\"@id\":\"https:\/\/www.notibras.com\/site\/#website\"},\"primaryImageOfPage\":{\"@id\":\"https:\/\/www.notibras.com\/site\/um-casal-insuspeito\/#primaryimage\"},\"image\":{\"@id\":\"https:\/\/www.notibras.com\/site\/um-casal-insuspeito\/#primaryimage\"},\"thumbnailUrl\":\"https:\/\/www.notibras.com\/site\/wp-content\/uploads\/2026\/03\/WhatsApp-Image-2026-03-07-at-19.41.28.jpeg\",\"datePublished\":\"2026-03-08T05:00:26+00:00\",\"breadcrumb\":{\"@id\":\"https:\/\/www.notibras.com\/site\/um-casal-insuspeito\/#breadcrumb\"},\"inLanguage\":\"pt-BR\",\"potentialAction\":[{\"@type\":\"ReadAction\",\"target\":[\"https:\/\/www.notibras.com\/site\/um-casal-insuspeito\/\"]}]},{\"@type\":\"ImageObject\",\"inLanguage\":\"pt-BR\",\"@id\":\"https:\/\/www.notibras.com\/site\/um-casal-insuspeito\/#primaryimage\",\"url\":\"https:\/\/www.notibras.com\/site\/wp-content\/uploads\/2026\/03\/WhatsApp-Image-2026-03-07-at-19.41.28.jpeg\",\"contentUrl\":\"https:\/\/www.notibras.com\/site\/wp-content\/uploads\/2026\/03\/WhatsApp-Image-2026-03-07-at-19.41.28.jpeg\",\"width\":1024,\"height\":559},{\"@type\":\"BreadcrumbList\",\"@id\":\"https:\/\/www.notibras.com\/site\/um-casal-insuspeito\/#breadcrumb\",\"itemListElement\":[{\"@type\":\"ListItem\",\"position\":1,\"name\":\"In\u00edcio\",\"item\":\"https:\/\/www.notibras.com\/site\/\"},{\"@type\":\"ListItem\",\"position\":2,\"name\":\"Um casal insuspeito\"}]},{\"@type\":\"WebSite\",\"@id\":\"https:\/\/www.notibras.com\/site\/#website\",\"url\":\"https:\/\/www.notibras.com\/site\/\",\"name\":\"Notibras\",\"description\":\"Not\u00edcias de Bras\u00edlia, do Brasil e do Mundo\",\"publisher\":{\"@id\":\"https:\/\/www.notibras.com\/site\/#organization\"},\"potentialAction\":[{\"@type\":\"SearchAction\",\"target\":{\"@type\":\"EntryPoint\",\"urlTemplate\":\"https:\/\/www.notibras.com\/site\/?s={search_term_string}\"},\"query-input\":{\"@type\":\"PropertyValueSpecification\",\"valueRequired\":true,\"valueName\":\"search_term_string\"}}],\"inLanguage\":\"pt-BR\"},{\"@type\":\"Organization\",\"@id\":\"https:\/\/www.notibras.com\/site\/#organization\",\"name\":\"Grupo Notibras de Comunica\u00e7\u00e3o\",\"url\":\"https:\/\/www.notibras.com\/site\/\",\"logo\":{\"@type\":\"ImageObject\",\"inLanguage\":\"pt-BR\",\"@id\":\"https:\/\/www.notibras.com\/site\/#\/schema\/logo\/image\/\",\"url\":\"https:\/\/www.notibras.com\/site\/wp-content\/uploads\/2023\/01\/notibras23.png\",\"contentUrl\":\"https:\/\/www.notibras.com\/site\/wp-content\/uploads\/2023\/01\/notibras23.png\",\"width\":350,\"height\":87,\"caption\":\"Grupo Notibras de Comunica\u00e7\u00e3o\"},\"image\":{\"@id\":\"https:\/\/www.notibras.com\/site\/#\/schema\/logo\/image\/\"},\"sameAs\":[\"https:\/\/www.facebook.com\/notibras\/\",\"https:\/\/x.com\/Notibras\",\"https:\/\/www.instagram.com\/notibras\/\"]},{\"@type\":\"Person\",\"@id\":\"https:\/\/www.notibras.com\/site\/#\/schema\/person\/5b7fabf2aedc3ada2105f03b22b4d3dd\",\"name\":\"Eduardo Mart\u00ednez\",\"image\":{\"@type\":\"ImageObject\",\"inLanguage\":\"pt-BR\",\"@id\":\"https:\/\/secure.gravatar.com\/avatar\/7902f906289926289cbcda644b5197c796b893c6ffd7b9a536a42d290f7704a0?s=96&d=mm&r=g\",\"url\":\"https:\/\/secure.gravatar.com\/avatar\/7902f906289926289cbcda644b5197c796b893c6ffd7b9a536a42d290f7704a0?s=96&d=mm&r=g\",\"contentUrl\":\"https:\/\/secure.gravatar.com\/avatar\/7902f906289926289cbcda644b5197c796b893c6ffd7b9a536a42d290f7704a0?s=96&d=mm&r=g\",\"caption\":\"Eduardo Mart\u00ednez\"}}]}<\/script>\n<!-- \/ Yoast SEO plugin. -->","yoast_head_json":{"title":"Um casal insuspeito - Notibras","robots":{"index":"index","follow":"follow","max-snippet":"max-snippet:-1","max-image-preview":"max-image-preview:large","max-video-preview":"max-video-preview:-1"},"canonical":"https:\/\/www.notibras.com\/site\/um-casal-insuspeito\/","og_locale":"pt_BR","og_type":"article","og_title":"Um casal insuspeito - Notibras","og_description":"Ernesto e Adelaide formavam um casal improv\u00e1vel. N\u00e3o que algu\u00e9m pudesse levantar suspeitas sobre a afei\u00e7\u00e3o dos dois, a quest\u00e3o era outra. O relacionamento deles, apesar das apar\u00eancias contr\u00e1rias, n\u00e3o era convencional, e mais, carregado de poderes e segredos. O marido, \u00e1vido por intimidade, era aterrorizado pelo pr\u00f3prio reflexo, temia decepcionar a mulher. N\u00e3o que [&hellip;]","og_url":"https:\/\/www.notibras.com\/site\/um-casal-insuspeito\/","og_site_name":"Notibras","article_publisher":"https:\/\/www.facebook.com\/notibras\/","article_published_time":"2026-03-08T05:00:26+00:00","og_image":[{"width":1024,"height":559,"url":"https:\/\/www.notibras.com\/site\/wp-content\/uploads\/2026\/03\/WhatsApp-Image-2026-03-07-at-19.41.28.jpeg","type":"image\/jpeg"}],"author":"Eduardo Mart\u00ednez","twitter_card":"summary_large_image","twitter_creator":"@Notibras","twitter_site":"@Notibras","twitter_misc":{"Escrito por":"Eduardo Mart\u00ednez","Est. tempo de leitura":"3 minutos"},"schema":{"@context":"https:\/\/schema.org","@graph":[{"@type":"Article","@id":"https:\/\/www.notibras.com\/site\/um-casal-insuspeito\/#article","isPartOf":{"@id":"https:\/\/www.notibras.com\/site\/um-casal-insuspeito\/"},"author":{"name":"Eduardo Mart\u00ednez","@id":"https:\/\/www.notibras.com\/site\/#\/schema\/person\/5b7fabf2aedc3ada2105f03b22b4d3dd"},"headline":"Um casal insuspeito","datePublished":"2026-03-08T05:00:26+00:00","mainEntityOfPage":{"@id":"https:\/\/www.notibras.com\/site\/um-casal-insuspeito\/"},"wordCount":483,"publisher":{"@id":"https:\/\/www.notibras.com\/site\/#organization"},"image":{"@id":"https:\/\/www.notibras.com\/site\/um-casal-insuspeito\/#primaryimage"},"thumbnailUrl":"https:\/\/www.notibras.com\/site\/wp-content\/uploads\/2026\/03\/WhatsApp-Image-2026-03-07-at-19.41.28.jpeg","articleSection":["Quadradinho em Foco"],"inLanguage":"pt-BR"},{"@type":"WebPage","@id":"https:\/\/www.notibras.com\/site\/um-casal-insuspeito\/","url":"https:\/\/www.notibras.com\/site\/um-casal-insuspeito\/","name":"Um casal insuspeito - Notibras","isPartOf":{"@id":"https:\/\/www.notibras.com\/site\/#website"},"primaryImageOfPage":{"@id":"https:\/\/www.notibras.com\/site\/um-casal-insuspeito\/#primaryimage"},"image":{"@id":"https:\/\/www.notibras.com\/site\/um-casal-insuspeito\/#primaryimage"},"thumbnailUrl":"https:\/\/www.notibras.com\/site\/wp-content\/uploads\/2026\/03\/WhatsApp-Image-2026-03-07-at-19.41.28.jpeg","datePublished":"2026-03-08T05:00:26+00:00","breadcrumb":{"@id":"https:\/\/www.notibras.com\/site\/um-casal-insuspeito\/#breadcrumb"},"inLanguage":"pt-BR","potentialAction":[{"@type":"ReadAction","target":["https:\/\/www.notibras.com\/site\/um-casal-insuspeito\/"]}]},{"@type":"ImageObject","inLanguage":"pt-BR","@id":"https:\/\/www.notibras.com\/site\/um-casal-insuspeito\/#primaryimage","url":"https:\/\/www.notibras.com\/site\/wp-content\/uploads\/2026\/03\/WhatsApp-Image-2026-03-07-at-19.41.28.jpeg","contentUrl":"https:\/\/www.notibras.com\/site\/wp-content\/uploads\/2026\/03\/WhatsApp-Image-2026-03-07-at-19.41.28.jpeg","width":1024,"height":559},{"@type":"BreadcrumbList","@id":"https:\/\/www.notibras.com\/site\/um-casal-insuspeito\/#breadcrumb","itemListElement":[{"@type":"ListItem","position":1,"name":"In\u00edcio","item":"https:\/\/www.notibras.com\/site\/"},{"@type":"ListItem","position":2,"name":"Um casal insuspeito"}]},{"@type":"WebSite","@id":"https:\/\/www.notibras.com\/site\/#website","url":"https:\/\/www.notibras.com\/site\/","name":"Notibras","description":"Not\u00edcias de Bras\u00edlia, do Brasil e do Mundo","publisher":{"@id":"https:\/\/www.notibras.com\/site\/#organization"},"potentialAction":[{"@type":"SearchAction","target":{"@type":"EntryPoint","urlTemplate":"https:\/\/www.notibras.com\/site\/?s={search_term_string}"},"query-input":{"@type":"PropertyValueSpecification","valueRequired":true,"valueName":"search_term_string"}}],"inLanguage":"pt-BR"},{"@type":"Organization","@id":"https:\/\/www.notibras.com\/site\/#organization","name":"Grupo Notibras de Comunica\u00e7\u00e3o","url":"https:\/\/www.notibras.com\/site\/","logo":{"@type":"ImageObject","inLanguage":"pt-BR","@id":"https:\/\/www.notibras.com\/site\/#\/schema\/logo\/image\/","url":"https:\/\/www.notibras.com\/site\/wp-content\/uploads\/2023\/01\/notibras23.png","contentUrl":"https:\/\/www.notibras.com\/site\/wp-content\/uploads\/2023\/01\/notibras23.png","width":350,"height":87,"caption":"Grupo Notibras de Comunica\u00e7\u00e3o"},"image":{"@id":"https:\/\/www.notibras.com\/site\/#\/schema\/logo\/image\/"},"sameAs":["https:\/\/www.facebook.com\/notibras\/","https:\/\/x.com\/Notibras","https:\/\/www.instagram.com\/notibras\/"]},{"@type":"Person","@id":"https:\/\/www.notibras.com\/site\/#\/schema\/person\/5b7fabf2aedc3ada2105f03b22b4d3dd","name":"Eduardo Mart\u00ednez","image":{"@type":"ImageObject","inLanguage":"pt-BR","@id":"https:\/\/secure.gravatar.com\/avatar\/7902f906289926289cbcda644b5197c796b893c6ffd7b9a536a42d290f7704a0?s=96&d=mm&r=g","url":"https:\/\/secure.gravatar.com\/avatar\/7902f906289926289cbcda644b5197c796b893c6ffd7b9a536a42d290f7704a0?s=96&d=mm&r=g","contentUrl":"https:\/\/secure.gravatar.com\/avatar\/7902f906289926289cbcda644b5197c796b893c6ffd7b9a536a42d290f7704a0?s=96&d=mm&r=g","caption":"Eduardo Mart\u00ednez"}}]}},"amp_enabled":true,"_links":{"self":[{"href":"https:\/\/www.notibras.com\/site\/wp-json\/wp\/v2\/posts\/386033","targetHints":{"allow":["GET"]}}],"collection":[{"href":"https:\/\/www.notibras.com\/site\/wp-json\/wp\/v2\/posts"}],"about":[{"href":"https:\/\/www.notibras.com\/site\/wp-json\/wp\/v2\/types\/post"}],"author":[{"embeddable":true,"href":"https:\/\/www.notibras.com\/site\/wp-json\/wp\/v2\/users\/21"}],"replies":[{"embeddable":true,"href":"https:\/\/www.notibras.com\/site\/wp-json\/wp\/v2\/comments?post=386033"}],"version-history":[{"count":2,"href":"https:\/\/www.notibras.com\/site\/wp-json\/wp\/v2\/posts\/386033\/revisions"}],"predecessor-version":[{"id":386036,"href":"https:\/\/www.notibras.com\/site\/wp-json\/wp\/v2\/posts\/386033\/revisions\/386036"}],"wp:featuredmedia":[{"embeddable":true,"href":"https:\/\/www.notibras.com\/site\/wp-json\/wp\/v2\/media\/386034"}],"wp:attachment":[{"href":"https:\/\/www.notibras.com\/site\/wp-json\/wp\/v2\/media?parent=386033"}],"wp:term":[{"taxonomy":"category","embeddable":true,"href":"https:\/\/www.notibras.com\/site\/wp-json\/wp\/v2\/categories?post=386033"},{"taxonomy":"post_tag","embeddable":true,"href":"https:\/\/www.notibras.com\/site\/wp-json\/wp\/v2\/tags?post=386033"}],"curies":[{"name":"wp","href":"https:\/\/api.w.org\/{rel}","templated":true}]}}