{"id":386037,"date":"2026-03-08T00:15:50","date_gmt":"2026-03-08T03:15:50","guid":{"rendered":"https:\/\/www.notibras.com\/site\/?p=386037"},"modified":"2026-03-07T19:51:51","modified_gmt":"2026-03-07T22:51:51","slug":"projeto-investiga-desafios-e-limites-para-uso-responsavel-da-ia-no-brasil","status":"publish","type":"post","link":"https:\/\/www.notibras.com\/site\/projeto-investiga-desafios-e-limites-para-uso-responsavel-da-ia-no-brasil\/","title":{"rendered":"Projeto investiga desafios e limites para uso respons\u00e1vel da IA no Brasil"},"content":{"rendered":"<p>A intelig\u00eancia artificial (IA) j\u00e1 est\u00e1 presente em diferentes dimens\u00f5es da nossa rotina \u2014 no celular, no ambiente de trabalho, nos servi\u00e7os p\u00fablicos.<br \/>\nEla recomenda conte\u00fados e produtos, seleciona curr\u00edculos, auxilia em diagn\u00f3sticos m\u00e9dicos, apoia an\u00e1lises jur\u00eddicas e organiza enormes bases de dados com uma rapidez impressionante.<\/p>\n<p>Mas, diante de tantas aplica\u00e7\u00f5es, uma pergunta se imp\u00f5e: como essa tecnologia realmente funciona \u2014 e at\u00e9 onde ela pode ir? \u00c9 a partir dessa reflex\u00e3o que nasce o projeto \u201cIntelig\u00eancia Artificial: desafios e limites\u201d, desenvolvido no Departamento de Filosofia da Universidade de Bras\u00edlia (UnB). O projeto \u00e9 apoiado pela Funda\u00e7\u00e3o de Apoio \u00e0 Pesquisa (FAPDF) por meio do Demanda Espont\u00e2nea (2023), edital que faz parte do Programa de Pesquisa B\u00e1sica da FAPDF, direcionado a projetos de pesquisa cient\u00edfica, tecnol\u00f3gica e de inova\u00e7\u00e3o que buscam validar hip\u00f3teses, desenvolver conceitos e consolidar bases experimentais, posicionando-se assim na esteira de n\u00edveis iniciais de maturidade tecnol\u00f3gica (TRL 1 a 3).<\/p>\n<p>Coordenado pelo professor Philippe Claude Thierry Lacour, o estudo se dedica a examinar os fundamentos epistemol\u00f3gicos da IA \u2014 isto \u00e9, as bases que sustentam a forma como esses sistemas produzem resultados. \u201cA intelig\u00eancia artificial opera principalmente por c\u00e1lculo formal, probabilidade e indu\u00e7\u00e3o. O problema \u00e9 que esses mecanismos n\u00e3o esgotam as formas de racionalidade que estruturam o conhecimento humano\u201d, afirma o professor.<\/p>\n<p>Para Philippe Lacour, o apoio da FAPDF foi decisivo para consolidar o grupo de pesquisa. \u201cO fomento da FAPDF foi crucial para estruturar uma din\u00e2mica coletiva de investiga\u00e7\u00e3o, formar estudantes e ampliar coopera\u00e7\u00f5es internacionais. Nosso objetivo \u00e9 consolidar, no Distrito Federal, um polo de reflex\u00e3o cr\u00edtica sobre intelig\u00eancia artificial.\u201d<\/p>\n<p><strong>O n\u00facleo da pesquisa: c\u00e1lculo n\u00e3o \u00e9 compreens\u00e3o<\/strong><\/p>\n<p>Um dos eixos centrais do projeto \u00e9 demonstrar que os grandes modelos contempor\u00e2neos de IA s\u00e3o extremamente eficientes na identifica\u00e7\u00e3o de padr\u00f5es, mas n\u00e3o produzem explica\u00e7\u00f5es causais no sentido cient\u00edfico cl\u00e1ssico. A pesquisa distingue dois n\u00edveis fundamentais:<\/p>\n<p>correla\u00e7\u00e3o estat\u00edstica, que identifica padr\u00f5es recorrentes em grandes bases de dados;<br \/>\nexplica\u00e7\u00e3o cient\u00edfica, que envolve causalidade, fundamenta\u00e7\u00e3o te\u00f3rica e interpreta\u00e7\u00e3o.<\/p>\n<p>Segundo Lacour, a IA funciona como instrumento heur\u00edstico \u2014 capaz de organizar informa\u00e7\u00f5es e formular hip\u00f3teses \u2014, mas n\u00e3o substitui o processo explicativo que caracteriza a ci\u00eancia: \u201cA IA \u00e9 racional, mas n\u00e3o \u00e9 uma ci\u00eancia completa. Ela identifica regularidades, mas isso n\u00e3o equivale a explicar causas.\u201d<\/p>\n<p>Essa distin\u00e7\u00e3o \u00e9 especialmente relevante em \u00e1reas como sa\u00fade, direito e formula\u00e7\u00e3o de pol\u00edticas p\u00fablicas, nas quais decis\u00f5es exigem justificativas transparentes e fundamentadas.<\/p>\n<p><strong>Tradu\u00e7\u00e3o autom\u00e1tica: onde tudo come\u00e7ou<\/strong><\/p>\n<p>Para aprofundar essa an\u00e1lise, o projeto retoma o campo da tradu\u00e7\u00e3o autom\u00e1tica \u2014 \u00e1rea que deu origem hist\u00f3rica \u00e0 pr\u00f3pria intelig\u00eancia artificial. Ao examinar os limites da tradu\u00e7\u00e3o de textos culturais e filos\u00f3ficos, a pesquisa demonstra que o sentido n\u00e3o se reduz \u00e0 frequ\u00eancia estat\u00edstica de palavras. Traduzir envolve interpreta\u00e7\u00e3o, compara\u00e7\u00e3o de contextos e escolhas qualitativas.<\/p>\n<p>Esse exemplo ajuda a evidenciar um ponto central da investiga\u00e7\u00e3o: existem dimens\u00f5es da racionalidade humana que n\u00e3o podem ser integralmente formalizadas por algoritmos.<\/p>\n<p><strong>Cr\u00edticas internas e impactos sociais<\/strong><\/p>\n<p>O estudo tamb\u00e9m sistematiza cr\u00edticas contempor\u00e2neas \u00e0 IA em dois n\u00edveis. As cr\u00edticas internas dizem respeito aos pr\u00f3prios limites do c\u00e1lculo formal, da probabilidade e da indu\u00e7\u00e3o.<\/p>\n<p><strong>J\u00e1 as cr\u00edticas externas envolvem impactos sociais e pol\u00edticos, como:<\/strong><\/p>\n<p>vieses algor\u00edtmicos;<\/p>\n<p>riscos \u00e0 privacidade de dados;<\/p>\n<p>concentra\u00e7\u00e3o de poder tecnol\u00f3gico;<\/p>\n<p>consumo de energia elevado.<\/p>\n<p>O funcionamento das atuais aplica\u00e7\u00f5es de intelig\u00eancia artificial baseia-se, em grande parte, nos chamados grandes modelos de linguagem, que constituem a base tecnol\u00f3gica de muitos sistemas utilizados hoje. Para serem treinados, esses modelos dependem de infraestrutura computacional de alto desempenho, operando em supercomputadores capazes de processar enormes volumes de dados de forma cont\u00ednua. Esse processo exige grande quantidade de energia el\u00e9trica e sistemas intensivos de resfriamento para evitar o superaquecimento dos equipamentos.<\/p>\n<p>Mesmo ap\u00f3s o treinamento, o consumo energ\u00e9tico continua. Cada intera\u00e7\u00e3o realizada por usu\u00e1rios \u00e9 processada em servidores remotos, mantidos em data centers (centros de processamento e armazenamento de dados) que tamb\u00e9m consomem energia de forma permanente. Quanto maior e mais complexo o modelo, maior tende a ser esse custo.<\/p>\n<p>Por isso, a expans\u00e3o acelerada da IA tem levantado debates sobre sustentabilidade ambiental e responsabilidade no uso da tecnologia, especialmente em um cen\u00e1rio global de transi\u00e7\u00e3o energ\u00e9tica.<\/p>\n<p><strong>Forma\u00e7\u00e3o e consolida\u00e7\u00e3o de um polo cr\u00edtico<\/strong><\/p>\n<p>O projeto fomenta bolsas de inicia\u00e7\u00e3o cient\u00edfica e apoio t\u00e9cnico, produ\u00e7\u00e3o acad\u00eamica e coopera\u00e7\u00e3o internacional, fortalecendo a Universidade de Bras\u00edlia como refer\u00eancia no debate filos\u00f3fico sobre intelig\u00eancia artificial.<\/p>\n<p>Mais do que analisar ferramentas espec\u00edficas, a iniciativa contribui para a constru\u00e7\u00e3o de fundamentos te\u00f3ricos capazes de orientar pol\u00edticas p\u00fablicas, regulamenta\u00e7\u00f5es e decis\u00f5es institucionais.<\/p>\n<p>Compreender a IA \u00e9 condi\u00e7\u00e3o para utiliz\u00e1-la de forma respons\u00e1vel e fortalecer esse debate no Distrito Federal, o que significa posicionar a regi\u00e3o no centro de uma discuss\u00e3o estrat\u00e9gica que influencia o presente e o futuro da sociedade.<\/p>\n","protected":false},"excerpt":{"rendered":"<p>A intelig\u00eancia artificial (IA) j\u00e1 est\u00e1 presente em diferentes dimens\u00f5es da nossa rotina \u2014 no celular, no ambiente de trabalho, nos servi\u00e7os p\u00fablicos. Ela recomenda conte\u00fados e produtos, seleciona curr\u00edculos, auxilia em diagn\u00f3sticos m\u00e9dicos, apoia an\u00e1lises jur\u00eddicas e organiza enormes bases de dados com uma rapidez impressionante. Mas, diante de tantas aplica\u00e7\u00f5es, uma pergunta se [&hellip;]<\/p>\n","protected":false},"author":21,"featured_media":386038,"comment_status":"closed","ping_status":"closed","sticky":false,"template":"","format":"standard","meta":{"_acf_changed":false,"footnotes":""},"categories":[161],"tags":[],"class_list":["post-386037","post","type-post","status-publish","format-standard","has-post-thumbnail","hentry","category-quadradinho-em-foco"],"acf":[],"yoast_head":"<!-- This site is optimized with the Yoast SEO plugin v27.2 - https:\/\/yoast.com\/product\/yoast-seo-wordpress\/ -->\n<title>Projeto investiga desafios e limites para uso respons\u00e1vel da IA no Brasil - Notibras<\/title>\n<meta name=\"robots\" content=\"index, follow, max-snippet:-1, max-image-preview:large, max-video-preview:-1\" \/>\n<link rel=\"canonical\" href=\"https:\/\/www.notibras.com\/site\/projeto-investiga-desafios-e-limites-para-uso-responsavel-da-ia-no-brasil\/\" \/>\n<meta property=\"og:locale\" content=\"pt_BR\" \/>\n<meta property=\"og:type\" content=\"article\" \/>\n<meta property=\"og:title\" content=\"Projeto investiga desafios e limites para uso respons\u00e1vel da IA no Brasil - Notibras\" \/>\n<meta property=\"og:description\" content=\"A intelig\u00eancia artificial (IA) j\u00e1 est\u00e1 presente em diferentes dimens\u00f5es da nossa rotina \u2014 no celular, no ambiente de trabalho, nos servi\u00e7os p\u00fablicos. Ela recomenda conte\u00fados e produtos, seleciona curr\u00edculos, auxilia em diagn\u00f3sticos m\u00e9dicos, apoia an\u00e1lises jur\u00eddicas e organiza enormes bases de dados com uma rapidez impressionante. Mas, diante de tantas aplica\u00e7\u00f5es, uma pergunta se [&hellip;]\" \/>\n<meta property=\"og:url\" content=\"https:\/\/www.notibras.com\/site\/projeto-investiga-desafios-e-limites-para-uso-responsavel-da-ia-no-brasil\/\" \/>\n<meta property=\"og:site_name\" content=\"Notibras\" \/>\n<meta property=\"article:publisher\" content=\"https:\/\/www.facebook.com\/notibras\/\" \/>\n<meta property=\"article:published_time\" content=\"2026-03-08T03:15:50+00:00\" \/>\n<meta property=\"og:image\" content=\"https:\/\/www.notibras.com\/site\/wp-content\/uploads\/2026\/03\/Copia-de-Modulo-Destaque-SITE-1.jpg\" \/>\n\t<meta property=\"og:image:width\" content=\"750\" \/>\n\t<meta property=\"og:image:height\" content=\"420\" \/>\n\t<meta property=\"og:image:type\" content=\"image\/jpeg\" \/>\n<meta name=\"author\" content=\"Eduardo Mart\u00ednez\" \/>\n<meta name=\"twitter:card\" content=\"summary_large_image\" \/>\n<meta name=\"twitter:creator\" content=\"@Notibras\" \/>\n<meta name=\"twitter:site\" content=\"@Notibras\" \/>\n<meta name=\"twitter:label1\" content=\"Escrito por\" \/>\n\t<meta name=\"twitter:data1\" content=\"Eduardo Mart\u00ednez\" \/>\n\t<meta name=\"twitter:label2\" content=\"Est. tempo de leitura\" \/>\n\t<meta name=\"twitter:data2\" content=\"5 minutos\" \/>\n<script type=\"application\/ld+json\" class=\"yoast-schema-graph\">{\"@context\":\"https:\/\/schema.org\",\"@graph\":[{\"@type\":\"Article\",\"@id\":\"https:\/\/www.notibras.com\/site\/projeto-investiga-desafios-e-limites-para-uso-responsavel-da-ia-no-brasil\/#article\",\"isPartOf\":{\"@id\":\"https:\/\/www.notibras.com\/site\/projeto-investiga-desafios-e-limites-para-uso-responsavel-da-ia-no-brasil\/\"},\"author\":{\"name\":\"Eduardo Mart\u00ednez\",\"@id\":\"https:\/\/www.notibras.com\/site\/#\/schema\/person\/5b7fabf2aedc3ada2105f03b22b4d3dd\"},\"headline\":\"Projeto investiga desafios e limites para uso respons\u00e1vel da IA no Brasil\",\"datePublished\":\"2026-03-08T03:15:50+00:00\",\"mainEntityOfPage\":{\"@id\":\"https:\/\/www.notibras.com\/site\/projeto-investiga-desafios-e-limites-para-uso-responsavel-da-ia-no-brasil\/\"},\"wordCount\":917,\"publisher\":{\"@id\":\"https:\/\/www.notibras.com\/site\/#organization\"},\"image\":{\"@id\":\"https:\/\/www.notibras.com\/site\/projeto-investiga-desafios-e-limites-para-uso-responsavel-da-ia-no-brasil\/#primaryimage\"},\"thumbnailUrl\":\"https:\/\/www.notibras.com\/site\/wp-content\/uploads\/2026\/03\/Copia-de-Modulo-Destaque-SITE-1.jpg\",\"articleSection\":[\"Quadradinho em Foco\"],\"inLanguage\":\"pt-BR\"},{\"@type\":\"WebPage\",\"@id\":\"https:\/\/www.notibras.com\/site\/projeto-investiga-desafios-e-limites-para-uso-responsavel-da-ia-no-brasil\/\",\"url\":\"https:\/\/www.notibras.com\/site\/projeto-investiga-desafios-e-limites-para-uso-responsavel-da-ia-no-brasil\/\",\"name\":\"Projeto investiga desafios e limites para uso respons\u00e1vel da IA no Brasil - Notibras\",\"isPartOf\":{\"@id\":\"https:\/\/www.notibras.com\/site\/#website\"},\"primaryImageOfPage\":{\"@id\":\"https:\/\/www.notibras.com\/site\/projeto-investiga-desafios-e-limites-para-uso-responsavel-da-ia-no-brasil\/#primaryimage\"},\"image\":{\"@id\":\"https:\/\/www.notibras.com\/site\/projeto-investiga-desafios-e-limites-para-uso-responsavel-da-ia-no-brasil\/#primaryimage\"},\"thumbnailUrl\":\"https:\/\/www.notibras.com\/site\/wp-content\/uploads\/2026\/03\/Copia-de-Modulo-Destaque-SITE-1.jpg\",\"datePublished\":\"2026-03-08T03:15:50+00:00\",\"breadcrumb\":{\"@id\":\"https:\/\/www.notibras.com\/site\/projeto-investiga-desafios-e-limites-para-uso-responsavel-da-ia-no-brasil\/#breadcrumb\"},\"inLanguage\":\"pt-BR\",\"potentialAction\":[{\"@type\":\"ReadAction\",\"target\":[\"https:\/\/www.notibras.com\/site\/projeto-investiga-desafios-e-limites-para-uso-responsavel-da-ia-no-brasil\/\"]}]},{\"@type\":\"ImageObject\",\"inLanguage\":\"pt-BR\",\"@id\":\"https:\/\/www.notibras.com\/site\/projeto-investiga-desafios-e-limites-para-uso-responsavel-da-ia-no-brasil\/#primaryimage\",\"url\":\"https:\/\/www.notibras.com\/site\/wp-content\/uploads\/2026\/03\/Copia-de-Modulo-Destaque-SITE-1.jpg\",\"contentUrl\":\"https:\/\/www.notibras.com\/site\/wp-content\/uploads\/2026\/03\/Copia-de-Modulo-Destaque-SITE-1.jpg\",\"width\":750,\"height\":420},{\"@type\":\"BreadcrumbList\",\"@id\":\"https:\/\/www.notibras.com\/site\/projeto-investiga-desafios-e-limites-para-uso-responsavel-da-ia-no-brasil\/#breadcrumb\",\"itemListElement\":[{\"@type\":\"ListItem\",\"position\":1,\"name\":\"In\u00edcio\",\"item\":\"https:\/\/www.notibras.com\/site\/\"},{\"@type\":\"ListItem\",\"position\":2,\"name\":\"Projeto investiga desafios e limites para uso respons\u00e1vel da IA no Brasil\"}]},{\"@type\":\"WebSite\",\"@id\":\"https:\/\/www.notibras.com\/site\/#website\",\"url\":\"https:\/\/www.notibras.com\/site\/\",\"name\":\"Notibras\",\"description\":\"Not\u00edcias de Bras\u00edlia, do Brasil e do Mundo\",\"publisher\":{\"@id\":\"https:\/\/www.notibras.com\/site\/#organization\"},\"potentialAction\":[{\"@type\":\"SearchAction\",\"target\":{\"@type\":\"EntryPoint\",\"urlTemplate\":\"https:\/\/www.notibras.com\/site\/?s={search_term_string}\"},\"query-input\":{\"@type\":\"PropertyValueSpecification\",\"valueRequired\":true,\"valueName\":\"search_term_string\"}}],\"inLanguage\":\"pt-BR\"},{\"@type\":\"Organization\",\"@id\":\"https:\/\/www.notibras.com\/site\/#organization\",\"name\":\"Grupo Notibras de Comunica\u00e7\u00e3o\",\"url\":\"https:\/\/www.notibras.com\/site\/\",\"logo\":{\"@type\":\"ImageObject\",\"inLanguage\":\"pt-BR\",\"@id\":\"https:\/\/www.notibras.com\/site\/#\/schema\/logo\/image\/\",\"url\":\"https:\/\/www.notibras.com\/site\/wp-content\/uploads\/2023\/01\/notibras23.png\",\"contentUrl\":\"https:\/\/www.notibras.com\/site\/wp-content\/uploads\/2023\/01\/notibras23.png\",\"width\":350,\"height\":87,\"caption\":\"Grupo Notibras de Comunica\u00e7\u00e3o\"},\"image\":{\"@id\":\"https:\/\/www.notibras.com\/site\/#\/schema\/logo\/image\/\"},\"sameAs\":[\"https:\/\/www.facebook.com\/notibras\/\",\"https:\/\/x.com\/Notibras\",\"https:\/\/www.instagram.com\/notibras\/\"]},{\"@type\":\"Person\",\"@id\":\"https:\/\/www.notibras.com\/site\/#\/schema\/person\/5b7fabf2aedc3ada2105f03b22b4d3dd\",\"name\":\"Eduardo Mart\u00ednez\",\"image\":{\"@type\":\"ImageObject\",\"inLanguage\":\"pt-BR\",\"@id\":\"https:\/\/secure.gravatar.com\/avatar\/7902f906289926289cbcda644b5197c796b893c6ffd7b9a536a42d290f7704a0?s=96&d=mm&r=g\",\"url\":\"https:\/\/secure.gravatar.com\/avatar\/7902f906289926289cbcda644b5197c796b893c6ffd7b9a536a42d290f7704a0?s=96&d=mm&r=g\",\"contentUrl\":\"https:\/\/secure.gravatar.com\/avatar\/7902f906289926289cbcda644b5197c796b893c6ffd7b9a536a42d290f7704a0?s=96&d=mm&r=g\",\"caption\":\"Eduardo Mart\u00ednez\"}}]}<\/script>\n<!-- \/ Yoast SEO plugin. -->","yoast_head_json":{"title":"Projeto investiga desafios e limites para uso respons\u00e1vel da IA no Brasil - Notibras","robots":{"index":"index","follow":"follow","max-snippet":"max-snippet:-1","max-image-preview":"max-image-preview:large","max-video-preview":"max-video-preview:-1"},"canonical":"https:\/\/www.notibras.com\/site\/projeto-investiga-desafios-e-limites-para-uso-responsavel-da-ia-no-brasil\/","og_locale":"pt_BR","og_type":"article","og_title":"Projeto investiga desafios e limites para uso respons\u00e1vel da IA no Brasil - Notibras","og_description":"A intelig\u00eancia artificial (IA) j\u00e1 est\u00e1 presente em diferentes dimens\u00f5es da nossa rotina \u2014 no celular, no ambiente de trabalho, nos servi\u00e7os p\u00fablicos. Ela recomenda conte\u00fados e produtos, seleciona curr\u00edculos, auxilia em diagn\u00f3sticos m\u00e9dicos, apoia an\u00e1lises jur\u00eddicas e organiza enormes bases de dados com uma rapidez impressionante. Mas, diante de tantas aplica\u00e7\u00f5es, uma pergunta se [&hellip;]","og_url":"https:\/\/www.notibras.com\/site\/projeto-investiga-desafios-e-limites-para-uso-responsavel-da-ia-no-brasil\/","og_site_name":"Notibras","article_publisher":"https:\/\/www.facebook.com\/notibras\/","article_published_time":"2026-03-08T03:15:50+00:00","og_image":[{"width":750,"height":420,"url":"https:\/\/www.notibras.com\/site\/wp-content\/uploads\/2026\/03\/Copia-de-Modulo-Destaque-SITE-1.jpg","type":"image\/jpeg"}],"author":"Eduardo Mart\u00ednez","twitter_card":"summary_large_image","twitter_creator":"@Notibras","twitter_site":"@Notibras","twitter_misc":{"Escrito por":"Eduardo Mart\u00ednez","Est. tempo de leitura":"5 minutos"},"schema":{"@context":"https:\/\/schema.org","@graph":[{"@type":"Article","@id":"https:\/\/www.notibras.com\/site\/projeto-investiga-desafios-e-limites-para-uso-responsavel-da-ia-no-brasil\/#article","isPartOf":{"@id":"https:\/\/www.notibras.com\/site\/projeto-investiga-desafios-e-limites-para-uso-responsavel-da-ia-no-brasil\/"},"author":{"name":"Eduardo Mart\u00ednez","@id":"https:\/\/www.notibras.com\/site\/#\/schema\/person\/5b7fabf2aedc3ada2105f03b22b4d3dd"},"headline":"Projeto investiga desafios e limites para uso respons\u00e1vel da IA no Brasil","datePublished":"2026-03-08T03:15:50+00:00","mainEntityOfPage":{"@id":"https:\/\/www.notibras.com\/site\/projeto-investiga-desafios-e-limites-para-uso-responsavel-da-ia-no-brasil\/"},"wordCount":917,"publisher":{"@id":"https:\/\/www.notibras.com\/site\/#organization"},"image":{"@id":"https:\/\/www.notibras.com\/site\/projeto-investiga-desafios-e-limites-para-uso-responsavel-da-ia-no-brasil\/#primaryimage"},"thumbnailUrl":"https:\/\/www.notibras.com\/site\/wp-content\/uploads\/2026\/03\/Copia-de-Modulo-Destaque-SITE-1.jpg","articleSection":["Quadradinho em Foco"],"inLanguage":"pt-BR"},{"@type":"WebPage","@id":"https:\/\/www.notibras.com\/site\/projeto-investiga-desafios-e-limites-para-uso-responsavel-da-ia-no-brasil\/","url":"https:\/\/www.notibras.com\/site\/projeto-investiga-desafios-e-limites-para-uso-responsavel-da-ia-no-brasil\/","name":"Projeto investiga desafios e limites para uso respons\u00e1vel da IA no Brasil - Notibras","isPartOf":{"@id":"https:\/\/www.notibras.com\/site\/#website"},"primaryImageOfPage":{"@id":"https:\/\/www.notibras.com\/site\/projeto-investiga-desafios-e-limites-para-uso-responsavel-da-ia-no-brasil\/#primaryimage"},"image":{"@id":"https:\/\/www.notibras.com\/site\/projeto-investiga-desafios-e-limites-para-uso-responsavel-da-ia-no-brasil\/#primaryimage"},"thumbnailUrl":"https:\/\/www.notibras.com\/site\/wp-content\/uploads\/2026\/03\/Copia-de-Modulo-Destaque-SITE-1.jpg","datePublished":"2026-03-08T03:15:50+00:00","breadcrumb":{"@id":"https:\/\/www.notibras.com\/site\/projeto-investiga-desafios-e-limites-para-uso-responsavel-da-ia-no-brasil\/#breadcrumb"},"inLanguage":"pt-BR","potentialAction":[{"@type":"ReadAction","target":["https:\/\/www.notibras.com\/site\/projeto-investiga-desafios-e-limites-para-uso-responsavel-da-ia-no-brasil\/"]}]},{"@type":"ImageObject","inLanguage":"pt-BR","@id":"https:\/\/www.notibras.com\/site\/projeto-investiga-desafios-e-limites-para-uso-responsavel-da-ia-no-brasil\/#primaryimage","url":"https:\/\/www.notibras.com\/site\/wp-content\/uploads\/2026\/03\/Copia-de-Modulo-Destaque-SITE-1.jpg","contentUrl":"https:\/\/www.notibras.com\/site\/wp-content\/uploads\/2026\/03\/Copia-de-Modulo-Destaque-SITE-1.jpg","width":750,"height":420},{"@type":"BreadcrumbList","@id":"https:\/\/www.notibras.com\/site\/projeto-investiga-desafios-e-limites-para-uso-responsavel-da-ia-no-brasil\/#breadcrumb","itemListElement":[{"@type":"ListItem","position":1,"name":"In\u00edcio","item":"https:\/\/www.notibras.com\/site\/"},{"@type":"ListItem","position":2,"name":"Projeto investiga desafios e limites para uso respons\u00e1vel da IA no Brasil"}]},{"@type":"WebSite","@id":"https:\/\/www.notibras.com\/site\/#website","url":"https:\/\/www.notibras.com\/site\/","name":"Notibras","description":"Not\u00edcias de Bras\u00edlia, do Brasil e do Mundo","publisher":{"@id":"https:\/\/www.notibras.com\/site\/#organization"},"potentialAction":[{"@type":"SearchAction","target":{"@type":"EntryPoint","urlTemplate":"https:\/\/www.notibras.com\/site\/?s={search_term_string}"},"query-input":{"@type":"PropertyValueSpecification","valueRequired":true,"valueName":"search_term_string"}}],"inLanguage":"pt-BR"},{"@type":"Organization","@id":"https:\/\/www.notibras.com\/site\/#organization","name":"Grupo Notibras de Comunica\u00e7\u00e3o","url":"https:\/\/www.notibras.com\/site\/","logo":{"@type":"ImageObject","inLanguage":"pt-BR","@id":"https:\/\/www.notibras.com\/site\/#\/schema\/logo\/image\/","url":"https:\/\/www.notibras.com\/site\/wp-content\/uploads\/2023\/01\/notibras23.png","contentUrl":"https:\/\/www.notibras.com\/site\/wp-content\/uploads\/2023\/01\/notibras23.png","width":350,"height":87,"caption":"Grupo Notibras de Comunica\u00e7\u00e3o"},"image":{"@id":"https:\/\/www.notibras.com\/site\/#\/schema\/logo\/image\/"},"sameAs":["https:\/\/www.facebook.com\/notibras\/","https:\/\/x.com\/Notibras","https:\/\/www.instagram.com\/notibras\/"]},{"@type":"Person","@id":"https:\/\/www.notibras.com\/site\/#\/schema\/person\/5b7fabf2aedc3ada2105f03b22b4d3dd","name":"Eduardo Mart\u00ednez","image":{"@type":"ImageObject","inLanguage":"pt-BR","@id":"https:\/\/secure.gravatar.com\/avatar\/7902f906289926289cbcda644b5197c796b893c6ffd7b9a536a42d290f7704a0?s=96&d=mm&r=g","url":"https:\/\/secure.gravatar.com\/avatar\/7902f906289926289cbcda644b5197c796b893c6ffd7b9a536a42d290f7704a0?s=96&d=mm&r=g","contentUrl":"https:\/\/secure.gravatar.com\/avatar\/7902f906289926289cbcda644b5197c796b893c6ffd7b9a536a42d290f7704a0?s=96&d=mm&r=g","caption":"Eduardo Mart\u00ednez"}}]}},"amp_enabled":true,"_links":{"self":[{"href":"https:\/\/www.notibras.com\/site\/wp-json\/wp\/v2\/posts\/386037","targetHints":{"allow":["GET"]}}],"collection":[{"href":"https:\/\/www.notibras.com\/site\/wp-json\/wp\/v2\/posts"}],"about":[{"href":"https:\/\/www.notibras.com\/site\/wp-json\/wp\/v2\/types\/post"}],"author":[{"embeddable":true,"href":"https:\/\/www.notibras.com\/site\/wp-json\/wp\/v2\/users\/21"}],"replies":[{"embeddable":true,"href":"https:\/\/www.notibras.com\/site\/wp-json\/wp\/v2\/comments?post=386037"}],"version-history":[{"count":3,"href":"https:\/\/www.notibras.com\/site\/wp-json\/wp\/v2\/posts\/386037\/revisions"}],"predecessor-version":[{"id":386041,"href":"https:\/\/www.notibras.com\/site\/wp-json\/wp\/v2\/posts\/386037\/revisions\/386041"}],"wp:featuredmedia":[{"embeddable":true,"href":"https:\/\/www.notibras.com\/site\/wp-json\/wp\/v2\/media\/386038"}],"wp:attachment":[{"href":"https:\/\/www.notibras.com\/site\/wp-json\/wp\/v2\/media?parent=386037"}],"wp:term":[{"taxonomy":"category","embeddable":true,"href":"https:\/\/www.notibras.com\/site\/wp-json\/wp\/v2\/categories?post=386037"},{"taxonomy":"post_tag","embeddable":true,"href":"https:\/\/www.notibras.com\/site\/wp-json\/wp\/v2\/tags?post=386037"}],"curies":[{"name":"wp","href":"https:\/\/api.w.org\/{rel}","templated":true}]}}