{"id":386046,"date":"2026-03-08T01:00:34","date_gmt":"2026-03-08T04:00:34","guid":{"rendered":"https:\/\/www.notibras.com\/site\/?p=386046"},"modified":"2026-03-07T20:30:10","modified_gmt":"2026-03-07T23:30:10","slug":"gama-inicia-semis-contra-o-ceilandia-sob-alerta-de-surpresas","status":"publish","type":"post","link":"https:\/\/www.notibras.com\/site\/gama-inicia-semis-contra-o-ceilandia-sob-alerta-de-surpresas\/","title":{"rendered":"Gama inicia semis contra o Ceil\u00e2ndia sob alerta de surpresas"},"content":{"rendered":"<p>O Candang\u00e3o 2026 entra em sua fase decisiva neste domingo (8), e o Gama carrega o peso de sua hist\u00f3ria e a lideran\u00e7a da primeira fase para o confronto contra o Ceil\u00e2ndia. Com um elenco estruturado e a vantagem de jogar por dois resultados iguais, o alviverde \u00e9 o franco favorito. No entanto, o futebol \u00e9 f\u00e9rtil em imprevistos, e o &#8220;Periquito&#8221; sabe que o favoritismo t\u00e9cnico precisa ser confirmado com bola na rede, evitando qualquer &#8220;salto alto&#8221; que possa abrir brechas para uma surpresa do Gato Preto.<\/p>\n<p>A primeira batalha acontece neste domingo (08\/03), \u00e0s 16h, no Abadi\u00e3o. Por ter feito a melhor campanha, o Gama ter\u00e1 o direito de decidir a vaga em casa, no Bezerr\u00e3o, no dia 14\/03, \u00e0s 16h. Apesar da superioridade num\u00e9rica, o risco da &#8220;zebra&#8221; reside na postura resiliente do Ceil\u00e2ndia, que promete dificultar a vida do l\u00edder e explorar os contra-ataques para tentar reverter a vantagem logo no primeiro jogo.<\/p>\n<p>Do outro lado da chave, a disputa pela segunda vaga na final tamb\u00e9m promete fortes emo\u00e7\u00f5es entre Sobradinho e Samambaia. O primeiro duelo tamb\u00e9m acontece neste domingo (8), \u00e0s 10h, no Est\u00e1dio Defel\u00ea. O Samambaia, que terminou a fase inicial na vice-lideran\u00e7a e det\u00e9m o melhor ataque da competi\u00e7\u00e3o, tamb\u00e9m joga com a vantagem de dois resultados iguais e decide a volta na Boca do Jacar\u00e9, no dia 14\/03, \u00e0s 16h.<\/p>\n<p>O equil\u00edbrio emocional ser\u00e1 o diferencial para as equipes favoritas. No caso do Gama, a ansiedade de confirmar a hegemonia pode se tornar uma armadilha caso o gol n\u00e3o saia cedo. O discurso nos bastidores alviverdes \u00e9 de cautela extrema, respeitando o advers\u00e1rio que n\u00e3o tem nada a perder e que j\u00e1 provou, em edi\u00e7\u00f5es anteriores, que pode derrubar gigantes em fases de mata-mata.<\/p>\n<p>Historicamente, o campeonato brasiliense \u00e9 marcado por reviravoltas memor\u00e1veis. Enquanto o Gama tenta manter a posse de bola e ditar o ritmo, o Ceil\u00e2ndia aposta na press\u00e3o local para desestabilizar o favorito. Para os torcedores, a expectativa \u00e9 de jogos tensos, onde a qualidade t\u00e9cnica do l\u00edder enfrentar\u00e1 o esp\u00edrito de supera\u00e7\u00e3o dos desafiantes que buscam um lugar na grande final no Man\u00e9 Garrincha.<\/p>\n<p>Tudo ser\u00e1 decidido nos detalhes. A defini\u00e7\u00e3o dos finalistas que lutar\u00e3o pelo t\u00edtulo no dia 21 de mar\u00e7o passa por um final de semana de muita estrat\u00e9gia e suor. O favoritismo do Gama \u00e9 real e sustentado por n\u00fameros s\u00f3lidos, mas, como diz o ditado no futebol, a surpresa est\u00e1 sempre \u00e0 espreita e o jogo s\u00f3 termina quando o juiz apita.<\/p>\n","protected":false},"excerpt":{"rendered":"<p>O Candang\u00e3o 2026 entra em sua fase decisiva neste domingo (8), e o Gama carrega o peso de sua hist\u00f3ria e a lideran\u00e7a da primeira fase para o confronto contra o Ceil\u00e2ndia. Com um elenco estruturado e a vantagem de jogar por dois resultados iguais, o alviverde \u00e9 o franco favorito. No entanto, o futebol [&hellip;]<\/p>\n","protected":false},"author":21,"featured_media":386047,"comment_status":"closed","ping_status":"closed","sticky":false,"template":"","format":"standard","meta":{"_acf_changed":false,"footnotes":""},"categories":[161],"tags":[],"class_list":["post-386046","post","type-post","status-publish","format-standard","has-post-thumbnail","hentry","category-quadradinho-em-foco"],"acf":[],"yoast_head":"<!-- This site is optimized with the Yoast SEO plugin v27.2 - https:\/\/yoast.com\/product\/yoast-seo-wordpress\/ -->\n<title>Gama inicia semis contra o Ceil\u00e2ndia sob alerta de surpresas - Notibras<\/title>\n<meta name=\"robots\" content=\"index, follow, max-snippet:-1, max-image-preview:large, max-video-preview:-1\" \/>\n<link rel=\"canonical\" href=\"https:\/\/www.notibras.com\/site\/gama-inicia-semis-contra-o-ceilandia-sob-alerta-de-surpresas\/\" \/>\n<meta property=\"og:locale\" content=\"pt_BR\" \/>\n<meta property=\"og:type\" content=\"article\" \/>\n<meta property=\"og:title\" content=\"Gama inicia semis contra o Ceil\u00e2ndia sob alerta de surpresas - Notibras\" \/>\n<meta property=\"og:description\" content=\"O Candang\u00e3o 2026 entra em sua fase decisiva neste domingo (8), e o Gama carrega o peso de sua hist\u00f3ria e a lideran\u00e7a da primeira fase para o confronto contra o Ceil\u00e2ndia. Com um elenco estruturado e a vantagem de jogar por dois resultados iguais, o alviverde \u00e9 o franco favorito. No entanto, o futebol [&hellip;]\" \/>\n<meta property=\"og:url\" content=\"https:\/\/www.notibras.com\/site\/gama-inicia-semis-contra-o-ceilandia-sob-alerta-de-surpresas\/\" \/>\n<meta property=\"og:site_name\" content=\"Notibras\" \/>\n<meta property=\"article:publisher\" content=\"https:\/\/www.facebook.com\/notibras\/\" \/>\n<meta property=\"article:published_time\" content=\"2026-03-08T04:00:34+00:00\" \/>\n<meta property=\"og:image\" content=\"https:\/\/www.notibras.com\/site\/wp-content\/uploads\/2026\/03\/WhatsApp-Image-2026-03-07-at-20.28.40.jpeg\" \/>\n\t<meta property=\"og:image:width\" content=\"1024\" \/>\n\t<meta property=\"og:image:height\" content=\"507\" \/>\n\t<meta property=\"og:image:type\" content=\"image\/jpeg\" \/>\n<meta name=\"author\" content=\"Eduardo Mart\u00ednez\" \/>\n<meta name=\"twitter:card\" content=\"summary_large_image\" \/>\n<meta name=\"twitter:creator\" content=\"@Notibras\" \/>\n<meta name=\"twitter:site\" content=\"@Notibras\" \/>\n<meta name=\"twitter:label1\" content=\"Escrito por\" \/>\n\t<meta name=\"twitter:data1\" content=\"Eduardo Mart\u00ednez\" \/>\n\t<meta name=\"twitter:label2\" content=\"Est. tempo de leitura\" \/>\n\t<meta name=\"twitter:data2\" content=\"3 minutos\" \/>\n<script type=\"application\/ld+json\" class=\"yoast-schema-graph\">{\"@context\":\"https:\/\/schema.org\",\"@graph\":[{\"@type\":\"Article\",\"@id\":\"https:\/\/www.notibras.com\/site\/gama-inicia-semis-contra-o-ceilandia-sob-alerta-de-surpresas\/#article\",\"isPartOf\":{\"@id\":\"https:\/\/www.notibras.com\/site\/gama-inicia-semis-contra-o-ceilandia-sob-alerta-de-surpresas\/\"},\"author\":{\"name\":\"Eduardo Mart\u00ednez\",\"@id\":\"https:\/\/www.notibras.com\/site\/#\/schema\/person\/5b7fabf2aedc3ada2105f03b22b4d3dd\"},\"headline\":\"Gama inicia semis contra o Ceil\u00e2ndia sob alerta de surpresas\",\"datePublished\":\"2026-03-08T04:00:34+00:00\",\"mainEntityOfPage\":{\"@id\":\"https:\/\/www.notibras.com\/site\/gama-inicia-semis-contra-o-ceilandia-sob-alerta-de-surpresas\/\"},\"wordCount\":453,\"publisher\":{\"@id\":\"https:\/\/www.notibras.com\/site\/#organization\"},\"image\":{\"@id\":\"https:\/\/www.notibras.com\/site\/gama-inicia-semis-contra-o-ceilandia-sob-alerta-de-surpresas\/#primaryimage\"},\"thumbnailUrl\":\"https:\/\/www.notibras.com\/site\/wp-content\/uploads\/2026\/03\/WhatsApp-Image-2026-03-07-at-20.28.40.jpeg\",\"articleSection\":[\"Quadradinho em Foco\"],\"inLanguage\":\"pt-BR\"},{\"@type\":\"WebPage\",\"@id\":\"https:\/\/www.notibras.com\/site\/gama-inicia-semis-contra-o-ceilandia-sob-alerta-de-surpresas\/\",\"url\":\"https:\/\/www.notibras.com\/site\/gama-inicia-semis-contra-o-ceilandia-sob-alerta-de-surpresas\/\",\"name\":\"Gama inicia semis contra o Ceil\u00e2ndia sob alerta de surpresas - Notibras\",\"isPartOf\":{\"@id\":\"https:\/\/www.notibras.com\/site\/#website\"},\"primaryImageOfPage\":{\"@id\":\"https:\/\/www.notibras.com\/site\/gama-inicia-semis-contra-o-ceilandia-sob-alerta-de-surpresas\/#primaryimage\"},\"image\":{\"@id\":\"https:\/\/www.notibras.com\/site\/gama-inicia-semis-contra-o-ceilandia-sob-alerta-de-surpresas\/#primaryimage\"},\"thumbnailUrl\":\"https:\/\/www.notibras.com\/site\/wp-content\/uploads\/2026\/03\/WhatsApp-Image-2026-03-07-at-20.28.40.jpeg\",\"datePublished\":\"2026-03-08T04:00:34+00:00\",\"breadcrumb\":{\"@id\":\"https:\/\/www.notibras.com\/site\/gama-inicia-semis-contra-o-ceilandia-sob-alerta-de-surpresas\/#breadcrumb\"},\"inLanguage\":\"pt-BR\",\"potentialAction\":[{\"@type\":\"ReadAction\",\"target\":[\"https:\/\/www.notibras.com\/site\/gama-inicia-semis-contra-o-ceilandia-sob-alerta-de-surpresas\/\"]}]},{\"@type\":\"ImageObject\",\"inLanguage\":\"pt-BR\",\"@id\":\"https:\/\/www.notibras.com\/site\/gama-inicia-semis-contra-o-ceilandia-sob-alerta-de-surpresas\/#primaryimage\",\"url\":\"https:\/\/www.notibras.com\/site\/wp-content\/uploads\/2026\/03\/WhatsApp-Image-2026-03-07-at-20.28.40.jpeg\",\"contentUrl\":\"https:\/\/www.notibras.com\/site\/wp-content\/uploads\/2026\/03\/WhatsApp-Image-2026-03-07-at-20.28.40.jpeg\",\"width\":1024,\"height\":507},{\"@type\":\"BreadcrumbList\",\"@id\":\"https:\/\/www.notibras.com\/site\/gama-inicia-semis-contra-o-ceilandia-sob-alerta-de-surpresas\/#breadcrumb\",\"itemListElement\":[{\"@type\":\"ListItem\",\"position\":1,\"name\":\"In\u00edcio\",\"item\":\"https:\/\/www.notibras.com\/site\/\"},{\"@type\":\"ListItem\",\"position\":2,\"name\":\"Gama inicia semis contra o Ceil\u00e2ndia sob alerta de surpresas\"}]},{\"@type\":\"WebSite\",\"@id\":\"https:\/\/www.notibras.com\/site\/#website\",\"url\":\"https:\/\/www.notibras.com\/site\/\",\"name\":\"Notibras\",\"description\":\"Not\u00edcias de Bras\u00edlia, do Brasil e do Mundo\",\"publisher\":{\"@id\":\"https:\/\/www.notibras.com\/site\/#organization\"},\"potentialAction\":[{\"@type\":\"SearchAction\",\"target\":{\"@type\":\"EntryPoint\",\"urlTemplate\":\"https:\/\/www.notibras.com\/site\/?s={search_term_string}\"},\"query-input\":{\"@type\":\"PropertyValueSpecification\",\"valueRequired\":true,\"valueName\":\"search_term_string\"}}],\"inLanguage\":\"pt-BR\"},{\"@type\":\"Organization\",\"@id\":\"https:\/\/www.notibras.com\/site\/#organization\",\"name\":\"Grupo Notibras de Comunica\u00e7\u00e3o\",\"url\":\"https:\/\/www.notibras.com\/site\/\",\"logo\":{\"@type\":\"ImageObject\",\"inLanguage\":\"pt-BR\",\"@id\":\"https:\/\/www.notibras.com\/site\/#\/schema\/logo\/image\/\",\"url\":\"https:\/\/www.notibras.com\/site\/wp-content\/uploads\/2023\/01\/notibras23.png\",\"contentUrl\":\"https:\/\/www.notibras.com\/site\/wp-content\/uploads\/2023\/01\/notibras23.png\",\"width\":350,\"height\":87,\"caption\":\"Grupo Notibras de Comunica\u00e7\u00e3o\"},\"image\":{\"@id\":\"https:\/\/www.notibras.com\/site\/#\/schema\/logo\/image\/\"},\"sameAs\":[\"https:\/\/www.facebook.com\/notibras\/\",\"https:\/\/x.com\/Notibras\",\"https:\/\/www.instagram.com\/notibras\/\"]},{\"@type\":\"Person\",\"@id\":\"https:\/\/www.notibras.com\/site\/#\/schema\/person\/5b7fabf2aedc3ada2105f03b22b4d3dd\",\"name\":\"Eduardo Mart\u00ednez\",\"image\":{\"@type\":\"ImageObject\",\"inLanguage\":\"pt-BR\",\"@id\":\"https:\/\/secure.gravatar.com\/avatar\/7902f906289926289cbcda644b5197c796b893c6ffd7b9a536a42d290f7704a0?s=96&d=mm&r=g\",\"url\":\"https:\/\/secure.gravatar.com\/avatar\/7902f906289926289cbcda644b5197c796b893c6ffd7b9a536a42d290f7704a0?s=96&d=mm&r=g\",\"contentUrl\":\"https:\/\/secure.gravatar.com\/avatar\/7902f906289926289cbcda644b5197c796b893c6ffd7b9a536a42d290f7704a0?s=96&d=mm&r=g\",\"caption\":\"Eduardo Mart\u00ednez\"}}]}<\/script>\n<!-- \/ Yoast SEO plugin. -->","yoast_head_json":{"title":"Gama inicia semis contra o Ceil\u00e2ndia sob alerta de surpresas - Notibras","robots":{"index":"index","follow":"follow","max-snippet":"max-snippet:-1","max-image-preview":"max-image-preview:large","max-video-preview":"max-video-preview:-1"},"canonical":"https:\/\/www.notibras.com\/site\/gama-inicia-semis-contra-o-ceilandia-sob-alerta-de-surpresas\/","og_locale":"pt_BR","og_type":"article","og_title":"Gama inicia semis contra o Ceil\u00e2ndia sob alerta de surpresas - Notibras","og_description":"O Candang\u00e3o 2026 entra em sua fase decisiva neste domingo (8), e o Gama carrega o peso de sua hist\u00f3ria e a lideran\u00e7a da primeira fase para o confronto contra o Ceil\u00e2ndia. Com um elenco estruturado e a vantagem de jogar por dois resultados iguais, o alviverde \u00e9 o franco favorito. No entanto, o futebol [&hellip;]","og_url":"https:\/\/www.notibras.com\/site\/gama-inicia-semis-contra-o-ceilandia-sob-alerta-de-surpresas\/","og_site_name":"Notibras","article_publisher":"https:\/\/www.facebook.com\/notibras\/","article_published_time":"2026-03-08T04:00:34+00:00","og_image":[{"width":1024,"height":507,"url":"https:\/\/www.notibras.com\/site\/wp-content\/uploads\/2026\/03\/WhatsApp-Image-2026-03-07-at-20.28.40.jpeg","type":"image\/jpeg"}],"author":"Eduardo Mart\u00ednez","twitter_card":"summary_large_image","twitter_creator":"@Notibras","twitter_site":"@Notibras","twitter_misc":{"Escrito por":"Eduardo Mart\u00ednez","Est. tempo de leitura":"3 minutos"},"schema":{"@context":"https:\/\/schema.org","@graph":[{"@type":"Article","@id":"https:\/\/www.notibras.com\/site\/gama-inicia-semis-contra-o-ceilandia-sob-alerta-de-surpresas\/#article","isPartOf":{"@id":"https:\/\/www.notibras.com\/site\/gama-inicia-semis-contra-o-ceilandia-sob-alerta-de-surpresas\/"},"author":{"name":"Eduardo Mart\u00ednez","@id":"https:\/\/www.notibras.com\/site\/#\/schema\/person\/5b7fabf2aedc3ada2105f03b22b4d3dd"},"headline":"Gama inicia semis contra o Ceil\u00e2ndia sob alerta de surpresas","datePublished":"2026-03-08T04:00:34+00:00","mainEntityOfPage":{"@id":"https:\/\/www.notibras.com\/site\/gama-inicia-semis-contra-o-ceilandia-sob-alerta-de-surpresas\/"},"wordCount":453,"publisher":{"@id":"https:\/\/www.notibras.com\/site\/#organization"},"image":{"@id":"https:\/\/www.notibras.com\/site\/gama-inicia-semis-contra-o-ceilandia-sob-alerta-de-surpresas\/#primaryimage"},"thumbnailUrl":"https:\/\/www.notibras.com\/site\/wp-content\/uploads\/2026\/03\/WhatsApp-Image-2026-03-07-at-20.28.40.jpeg","articleSection":["Quadradinho em Foco"],"inLanguage":"pt-BR"},{"@type":"WebPage","@id":"https:\/\/www.notibras.com\/site\/gama-inicia-semis-contra-o-ceilandia-sob-alerta-de-surpresas\/","url":"https:\/\/www.notibras.com\/site\/gama-inicia-semis-contra-o-ceilandia-sob-alerta-de-surpresas\/","name":"Gama inicia semis contra o Ceil\u00e2ndia sob alerta de surpresas - Notibras","isPartOf":{"@id":"https:\/\/www.notibras.com\/site\/#website"},"primaryImageOfPage":{"@id":"https:\/\/www.notibras.com\/site\/gama-inicia-semis-contra-o-ceilandia-sob-alerta-de-surpresas\/#primaryimage"},"image":{"@id":"https:\/\/www.notibras.com\/site\/gama-inicia-semis-contra-o-ceilandia-sob-alerta-de-surpresas\/#primaryimage"},"thumbnailUrl":"https:\/\/www.notibras.com\/site\/wp-content\/uploads\/2026\/03\/WhatsApp-Image-2026-03-07-at-20.28.40.jpeg","datePublished":"2026-03-08T04:00:34+00:00","breadcrumb":{"@id":"https:\/\/www.notibras.com\/site\/gama-inicia-semis-contra-o-ceilandia-sob-alerta-de-surpresas\/#breadcrumb"},"inLanguage":"pt-BR","potentialAction":[{"@type":"ReadAction","target":["https:\/\/www.notibras.com\/site\/gama-inicia-semis-contra-o-ceilandia-sob-alerta-de-surpresas\/"]}]},{"@type":"ImageObject","inLanguage":"pt-BR","@id":"https:\/\/www.notibras.com\/site\/gama-inicia-semis-contra-o-ceilandia-sob-alerta-de-surpresas\/#primaryimage","url":"https:\/\/www.notibras.com\/site\/wp-content\/uploads\/2026\/03\/WhatsApp-Image-2026-03-07-at-20.28.40.jpeg","contentUrl":"https:\/\/www.notibras.com\/site\/wp-content\/uploads\/2026\/03\/WhatsApp-Image-2026-03-07-at-20.28.40.jpeg","width":1024,"height":507},{"@type":"BreadcrumbList","@id":"https:\/\/www.notibras.com\/site\/gama-inicia-semis-contra-o-ceilandia-sob-alerta-de-surpresas\/#breadcrumb","itemListElement":[{"@type":"ListItem","position":1,"name":"In\u00edcio","item":"https:\/\/www.notibras.com\/site\/"},{"@type":"ListItem","position":2,"name":"Gama inicia semis contra o Ceil\u00e2ndia sob alerta de surpresas"}]},{"@type":"WebSite","@id":"https:\/\/www.notibras.com\/site\/#website","url":"https:\/\/www.notibras.com\/site\/","name":"Notibras","description":"Not\u00edcias de Bras\u00edlia, do Brasil e do Mundo","publisher":{"@id":"https:\/\/www.notibras.com\/site\/#organization"},"potentialAction":[{"@type":"SearchAction","target":{"@type":"EntryPoint","urlTemplate":"https:\/\/www.notibras.com\/site\/?s={search_term_string}"},"query-input":{"@type":"PropertyValueSpecification","valueRequired":true,"valueName":"search_term_string"}}],"inLanguage":"pt-BR"},{"@type":"Organization","@id":"https:\/\/www.notibras.com\/site\/#organization","name":"Grupo Notibras de Comunica\u00e7\u00e3o","url":"https:\/\/www.notibras.com\/site\/","logo":{"@type":"ImageObject","inLanguage":"pt-BR","@id":"https:\/\/www.notibras.com\/site\/#\/schema\/logo\/image\/","url":"https:\/\/www.notibras.com\/site\/wp-content\/uploads\/2023\/01\/notibras23.png","contentUrl":"https:\/\/www.notibras.com\/site\/wp-content\/uploads\/2023\/01\/notibras23.png","width":350,"height":87,"caption":"Grupo Notibras de Comunica\u00e7\u00e3o"},"image":{"@id":"https:\/\/www.notibras.com\/site\/#\/schema\/logo\/image\/"},"sameAs":["https:\/\/www.facebook.com\/notibras\/","https:\/\/x.com\/Notibras","https:\/\/www.instagram.com\/notibras\/"]},{"@type":"Person","@id":"https:\/\/www.notibras.com\/site\/#\/schema\/person\/5b7fabf2aedc3ada2105f03b22b4d3dd","name":"Eduardo Mart\u00ednez","image":{"@type":"ImageObject","inLanguage":"pt-BR","@id":"https:\/\/secure.gravatar.com\/avatar\/7902f906289926289cbcda644b5197c796b893c6ffd7b9a536a42d290f7704a0?s=96&d=mm&r=g","url":"https:\/\/secure.gravatar.com\/avatar\/7902f906289926289cbcda644b5197c796b893c6ffd7b9a536a42d290f7704a0?s=96&d=mm&r=g","contentUrl":"https:\/\/secure.gravatar.com\/avatar\/7902f906289926289cbcda644b5197c796b893c6ffd7b9a536a42d290f7704a0?s=96&d=mm&r=g","caption":"Eduardo Mart\u00ednez"}}]}},"amp_enabled":true,"_links":{"self":[{"href":"https:\/\/www.notibras.com\/site\/wp-json\/wp\/v2\/posts\/386046","targetHints":{"allow":["GET"]}}],"collection":[{"href":"https:\/\/www.notibras.com\/site\/wp-json\/wp\/v2\/posts"}],"about":[{"href":"https:\/\/www.notibras.com\/site\/wp-json\/wp\/v2\/types\/post"}],"author":[{"embeddable":true,"href":"https:\/\/www.notibras.com\/site\/wp-json\/wp\/v2\/users\/21"}],"replies":[{"embeddable":true,"href":"https:\/\/www.notibras.com\/site\/wp-json\/wp\/v2\/comments?post=386046"}],"version-history":[{"count":2,"href":"https:\/\/www.notibras.com\/site\/wp-json\/wp\/v2\/posts\/386046\/revisions"}],"predecessor-version":[{"id":386049,"href":"https:\/\/www.notibras.com\/site\/wp-json\/wp\/v2\/posts\/386046\/revisions\/386049"}],"wp:featuredmedia":[{"embeddable":true,"href":"https:\/\/www.notibras.com\/site\/wp-json\/wp\/v2\/media\/386047"}],"wp:attachment":[{"href":"https:\/\/www.notibras.com\/site\/wp-json\/wp\/v2\/media?parent=386046"}],"wp:term":[{"taxonomy":"category","embeddable":true,"href":"https:\/\/www.notibras.com\/site\/wp-json\/wp\/v2\/categories?post=386046"},{"taxonomy":"post_tag","embeddable":true,"href":"https:\/\/www.notibras.com\/site\/wp-json\/wp\/v2\/tags?post=386046"}],"curies":[{"name":"wp","href":"https:\/\/api.w.org\/{rel}","templated":true}]}}