{"id":386050,"date":"2026-03-08T00:30:40","date_gmt":"2026-03-08T03:30:40","guid":{"rendered":"https:\/\/www.notibras.com\/site\/?p=386050"},"modified":"2026-03-07T20:36:17","modified_gmt":"2026-03-07T23:36:17","slug":"mulheres-sao-condutoras-mais-prudentes-do-que-homens","status":"publish","type":"post","link":"https:\/\/www.notibras.com\/site\/mulheres-sao-condutoras-mais-prudentes-do-que-homens\/","title":{"rendered":"Mulheres s\u00e3o condutoras mais prudentes do que homens"},"content":{"rendered":"<p>No m\u00eas em que se comemora o Dia Internacional da Mulher, o Departamento de Tr\u00e2nsito do Distrito Federal divulga um estudo sobre a mulher no tr\u00e2nsito. Os dados apontam que, mesmo as mulheres (765.096) representando 42% do total de condutores habilitados (1.824.467) no DF, elas estiveram presente em 13% do total de ocorr\u00eancias fatais de 2025.<\/p>\n<p>Entre os 404 condutores envolvidos em sinistros com morte, 53 eram mulheres, 332 homens e 19 n\u00e3o tiveram o sexo identificado. Por outro lado, observa-se que houve um crescimento de 54% na quantidade de mulheres que perderam a vida em decorr\u00eancia de sinistro de tr\u00e2nsito, passando de 33 em 2024 para 51 em 2025.<\/p>\n<p>\u201cApesar de figurar como minoria entre as v\u00edtimas, assusta-nos esse aumento. A mulher sempre foi exemplo de cuidado e respeito \u00e0s regras de circula\u00e7\u00e3o, tanto como condutoras como em outros pap\u00e9is no tr\u00e2nsito. No \u00faltimo ano, por exemplo, tivemos 12 motociclistas mortas enquanto no ano anterior nenhuma motociclista tinha perdido a vida no tr\u00e2nsito. Esses dados v\u00e3o nos ajudar a redirecionar nossas a\u00e7\u00f5es educativas voltadas para esse p\u00fablico espec\u00edfico\u201d, explica o diretor-geral, Marcu Bellini.<\/p>\n<p>A presen\u00e7a da mulher entre as v\u00edtimas fatais (que representou 14% das 229 mortes em 2024) passou para 19% das 271 mortes de 2025. Enquanto em 2025 morreram 12 motociclistas do sexo feminino, em 2024 n\u00e3o havia morrido nenhuma. Por outro lado, em 2024 tinha morrido duas ciclistas e neste ano n\u00e3o houve morte de ciclista do sexo feminino.<\/p>\n<p><strong>Perfil das v\u00edtimas<\/strong><\/p>\n<p>Entre as 51 mulheres vitimadas, 21 eram pedestres, 10 passageiras e 20 condutoras, sendo a maioria motociclistas (12). O tipo de sinistro que mais vitimou as mulheres em 2025 foi o atropelamento, registrando um aumento de 47% em rela\u00e7\u00e3o a 2024, quando morreram 15 pedestres do sexo feminino.<\/p>\n<p>Outra novidade em 2025 foi o registro de cinco condutoras sem habilita\u00e7\u00e3o e uma cuja habilita\u00e7\u00e3o n\u00e3o era adequada para a categoria de ve\u00edculo conduzida. Apenas 14 das 20 mortas eram habilitadas. Em 2024, n\u00e3o houve nenhum registro do tipo.<\/p>\n<p><strong>Local do sinistro<\/strong><\/p>\n<p>Quanto ao local do sinistro, 20 mulheres morreram em vias urbanas e 31 em rodovias distritais e federais. As vias urbanas com maior quantidade de \u00f3bitos foram a Avenida Recanto das Emas e a Avenida Central do Gama, ambas com duas mortes cada. Entre as regi\u00f5es administrativas, Plano Piloto se destacou com cinco ocorr\u00eancias. Taguatinga, Recanto das Emas e Ceil\u00e2ndia registraram dois \u00f3bitos cada. Nas rodovias, a maior parte das ocorr\u00eancias foram registradas na DF-001 (EPCT) com seis casos e tr\u00eas na BR 020.<\/p>\n","protected":false},"excerpt":{"rendered":"<p>No m\u00eas em que se comemora o Dia Internacional da Mulher, o Departamento de Tr\u00e2nsito do Distrito Federal divulga um estudo sobre a mulher no tr\u00e2nsito. Os dados apontam que, mesmo as mulheres (765.096) representando 42% do total de condutores habilitados (1.824.467) no DF, elas estiveram presente em 13% do total de ocorr\u00eancias fatais de [&hellip;]<\/p>\n","protected":false},"author":21,"featured_media":386051,"comment_status":"closed","ping_status":"closed","sticky":false,"template":"","format":"standard","meta":{"_acf_changed":false,"footnotes":""},"categories":[161],"tags":[],"class_list":["post-386050","post","type-post","status-publish","format-standard","has-post-thumbnail","hentry","category-quadradinho-em-foco"],"acf":[],"yoast_head":"<!-- This site is optimized with the Yoast SEO plugin v27.2 - https:\/\/yoast.com\/product\/yoast-seo-wordpress\/ -->\n<title>Mulheres s\u00e3o condutoras mais prudentes do que homens - Notibras<\/title>\n<meta name=\"robots\" content=\"index, follow, max-snippet:-1, max-image-preview:large, max-video-preview:-1\" \/>\n<link rel=\"canonical\" href=\"https:\/\/www.notibras.com\/site\/mulheres-sao-condutoras-mais-prudentes-do-que-homens\/\" \/>\n<meta property=\"og:locale\" content=\"pt_BR\" \/>\n<meta property=\"og:type\" content=\"article\" \/>\n<meta property=\"og:title\" content=\"Mulheres s\u00e3o condutoras mais prudentes do que homens - Notibras\" \/>\n<meta property=\"og:description\" content=\"No m\u00eas em que se comemora o Dia Internacional da Mulher, o Departamento de Tr\u00e2nsito do Distrito Federal divulga um estudo sobre a mulher no tr\u00e2nsito. Os dados apontam que, mesmo as mulheres (765.096) representando 42% do total de condutores habilitados (1.824.467) no DF, elas estiveram presente em 13% do total de ocorr\u00eancias fatais de [&hellip;]\" \/>\n<meta property=\"og:url\" content=\"https:\/\/www.notibras.com\/site\/mulheres-sao-condutoras-mais-prudentes-do-que-homens\/\" \/>\n<meta property=\"og:site_name\" content=\"Notibras\" \/>\n<meta property=\"article:publisher\" content=\"https:\/\/www.facebook.com\/notibras\/\" \/>\n<meta property=\"article:published_time\" content=\"2026-03-08T03:30:40+00:00\" \/>\n<meta property=\"og:image\" content=\"https:\/\/www.notibras.com\/site\/wp-content\/uploads\/2026\/03\/Mulher-1.jpg\" \/>\n\t<meta property=\"og:image:width\" content=\"900\" \/>\n\t<meta property=\"og:image:height\" content=\"600\" \/>\n\t<meta property=\"og:image:type\" content=\"image\/jpeg\" \/>\n<meta name=\"author\" content=\"Eduardo Mart\u00ednez\" \/>\n<meta name=\"twitter:card\" content=\"summary_large_image\" \/>\n<meta name=\"twitter:creator\" content=\"@Notibras\" \/>\n<meta name=\"twitter:site\" content=\"@Notibras\" \/>\n<meta name=\"twitter:label1\" content=\"Escrito por\" \/>\n\t<meta name=\"twitter:data1\" content=\"Eduardo Mart\u00ednez\" \/>\n\t<meta name=\"twitter:label2\" content=\"Est. tempo de leitura\" \/>\n\t<meta name=\"twitter:data2\" content=\"3 minutos\" \/>\n<script type=\"application\/ld+json\" class=\"yoast-schema-graph\">{\"@context\":\"https:\/\/schema.org\",\"@graph\":[{\"@type\":\"Article\",\"@id\":\"https:\/\/www.notibras.com\/site\/mulheres-sao-condutoras-mais-prudentes-do-que-homens\/#article\",\"isPartOf\":{\"@id\":\"https:\/\/www.notibras.com\/site\/mulheres-sao-condutoras-mais-prudentes-do-que-homens\/\"},\"author\":{\"name\":\"Eduardo Mart\u00ednez\",\"@id\":\"https:\/\/www.notibras.com\/site\/#\/schema\/person\/5b7fabf2aedc3ada2105f03b22b4d3dd\"},\"headline\":\"Mulheres s\u00e3o condutoras mais prudentes do que homens\",\"datePublished\":\"2026-03-08T03:30:40+00:00\",\"mainEntityOfPage\":{\"@id\":\"https:\/\/www.notibras.com\/site\/mulheres-sao-condutoras-mais-prudentes-do-que-homens\/\"},\"wordCount\":421,\"publisher\":{\"@id\":\"https:\/\/www.notibras.com\/site\/#organization\"},\"image\":{\"@id\":\"https:\/\/www.notibras.com\/site\/mulheres-sao-condutoras-mais-prudentes-do-que-homens\/#primaryimage\"},\"thumbnailUrl\":\"https:\/\/www.notibras.com\/site\/wp-content\/uploads\/2026\/03\/Mulher-1.jpg\",\"articleSection\":[\"Quadradinho em Foco\"],\"inLanguage\":\"pt-BR\"},{\"@type\":\"WebPage\",\"@id\":\"https:\/\/www.notibras.com\/site\/mulheres-sao-condutoras-mais-prudentes-do-que-homens\/\",\"url\":\"https:\/\/www.notibras.com\/site\/mulheres-sao-condutoras-mais-prudentes-do-que-homens\/\",\"name\":\"Mulheres s\u00e3o condutoras mais prudentes do que homens - Notibras\",\"isPartOf\":{\"@id\":\"https:\/\/www.notibras.com\/site\/#website\"},\"primaryImageOfPage\":{\"@id\":\"https:\/\/www.notibras.com\/site\/mulheres-sao-condutoras-mais-prudentes-do-que-homens\/#primaryimage\"},\"image\":{\"@id\":\"https:\/\/www.notibras.com\/site\/mulheres-sao-condutoras-mais-prudentes-do-que-homens\/#primaryimage\"},\"thumbnailUrl\":\"https:\/\/www.notibras.com\/site\/wp-content\/uploads\/2026\/03\/Mulher-1.jpg\",\"datePublished\":\"2026-03-08T03:30:40+00:00\",\"breadcrumb\":{\"@id\":\"https:\/\/www.notibras.com\/site\/mulheres-sao-condutoras-mais-prudentes-do-que-homens\/#breadcrumb\"},\"inLanguage\":\"pt-BR\",\"potentialAction\":[{\"@type\":\"ReadAction\",\"target\":[\"https:\/\/www.notibras.com\/site\/mulheres-sao-condutoras-mais-prudentes-do-que-homens\/\"]}]},{\"@type\":\"ImageObject\",\"inLanguage\":\"pt-BR\",\"@id\":\"https:\/\/www.notibras.com\/site\/mulheres-sao-condutoras-mais-prudentes-do-que-homens\/#primaryimage\",\"url\":\"https:\/\/www.notibras.com\/site\/wp-content\/uploads\/2026\/03\/Mulher-1.jpg\",\"contentUrl\":\"https:\/\/www.notibras.com\/site\/wp-content\/uploads\/2026\/03\/Mulher-1.jpg\",\"width\":900,\"height\":600},{\"@type\":\"BreadcrumbList\",\"@id\":\"https:\/\/www.notibras.com\/site\/mulheres-sao-condutoras-mais-prudentes-do-que-homens\/#breadcrumb\",\"itemListElement\":[{\"@type\":\"ListItem\",\"position\":1,\"name\":\"In\u00edcio\",\"item\":\"https:\/\/www.notibras.com\/site\/\"},{\"@type\":\"ListItem\",\"position\":2,\"name\":\"Mulheres s\u00e3o condutoras mais prudentes do que homens\"}]},{\"@type\":\"WebSite\",\"@id\":\"https:\/\/www.notibras.com\/site\/#website\",\"url\":\"https:\/\/www.notibras.com\/site\/\",\"name\":\"Notibras\",\"description\":\"Not\u00edcias de Bras\u00edlia, do Brasil e do Mundo\",\"publisher\":{\"@id\":\"https:\/\/www.notibras.com\/site\/#organization\"},\"potentialAction\":[{\"@type\":\"SearchAction\",\"target\":{\"@type\":\"EntryPoint\",\"urlTemplate\":\"https:\/\/www.notibras.com\/site\/?s={search_term_string}\"},\"query-input\":{\"@type\":\"PropertyValueSpecification\",\"valueRequired\":true,\"valueName\":\"search_term_string\"}}],\"inLanguage\":\"pt-BR\"},{\"@type\":\"Organization\",\"@id\":\"https:\/\/www.notibras.com\/site\/#organization\",\"name\":\"Grupo Notibras de Comunica\u00e7\u00e3o\",\"url\":\"https:\/\/www.notibras.com\/site\/\",\"logo\":{\"@type\":\"ImageObject\",\"inLanguage\":\"pt-BR\",\"@id\":\"https:\/\/www.notibras.com\/site\/#\/schema\/logo\/image\/\",\"url\":\"https:\/\/www.notibras.com\/site\/wp-content\/uploads\/2023\/01\/notibras23.png\",\"contentUrl\":\"https:\/\/www.notibras.com\/site\/wp-content\/uploads\/2023\/01\/notibras23.png\",\"width\":350,\"height\":87,\"caption\":\"Grupo Notibras de Comunica\u00e7\u00e3o\"},\"image\":{\"@id\":\"https:\/\/www.notibras.com\/site\/#\/schema\/logo\/image\/\"},\"sameAs\":[\"https:\/\/www.facebook.com\/notibras\/\",\"https:\/\/x.com\/Notibras\",\"https:\/\/www.instagram.com\/notibras\/\"]},{\"@type\":\"Person\",\"@id\":\"https:\/\/www.notibras.com\/site\/#\/schema\/person\/5b7fabf2aedc3ada2105f03b22b4d3dd\",\"name\":\"Eduardo Mart\u00ednez\",\"image\":{\"@type\":\"ImageObject\",\"inLanguage\":\"pt-BR\",\"@id\":\"https:\/\/secure.gravatar.com\/avatar\/7902f906289926289cbcda644b5197c796b893c6ffd7b9a536a42d290f7704a0?s=96&d=mm&r=g\",\"url\":\"https:\/\/secure.gravatar.com\/avatar\/7902f906289926289cbcda644b5197c796b893c6ffd7b9a536a42d290f7704a0?s=96&d=mm&r=g\",\"contentUrl\":\"https:\/\/secure.gravatar.com\/avatar\/7902f906289926289cbcda644b5197c796b893c6ffd7b9a536a42d290f7704a0?s=96&d=mm&r=g\",\"caption\":\"Eduardo Mart\u00ednez\"}}]}<\/script>\n<!-- \/ Yoast SEO plugin. -->","yoast_head_json":{"title":"Mulheres s\u00e3o condutoras mais prudentes do que homens - Notibras","robots":{"index":"index","follow":"follow","max-snippet":"max-snippet:-1","max-image-preview":"max-image-preview:large","max-video-preview":"max-video-preview:-1"},"canonical":"https:\/\/www.notibras.com\/site\/mulheres-sao-condutoras-mais-prudentes-do-que-homens\/","og_locale":"pt_BR","og_type":"article","og_title":"Mulheres s\u00e3o condutoras mais prudentes do que homens - Notibras","og_description":"No m\u00eas em que se comemora o Dia Internacional da Mulher, o Departamento de Tr\u00e2nsito do Distrito Federal divulga um estudo sobre a mulher no tr\u00e2nsito. Os dados apontam que, mesmo as mulheres (765.096) representando 42% do total de condutores habilitados (1.824.467) no DF, elas estiveram presente em 13% do total de ocorr\u00eancias fatais de [&hellip;]","og_url":"https:\/\/www.notibras.com\/site\/mulheres-sao-condutoras-mais-prudentes-do-que-homens\/","og_site_name":"Notibras","article_publisher":"https:\/\/www.facebook.com\/notibras\/","article_published_time":"2026-03-08T03:30:40+00:00","og_image":[{"width":900,"height":600,"url":"https:\/\/www.notibras.com\/site\/wp-content\/uploads\/2026\/03\/Mulher-1.jpg","type":"image\/jpeg"}],"author":"Eduardo Mart\u00ednez","twitter_card":"summary_large_image","twitter_creator":"@Notibras","twitter_site":"@Notibras","twitter_misc":{"Escrito por":"Eduardo Mart\u00ednez","Est. tempo de leitura":"3 minutos"},"schema":{"@context":"https:\/\/schema.org","@graph":[{"@type":"Article","@id":"https:\/\/www.notibras.com\/site\/mulheres-sao-condutoras-mais-prudentes-do-que-homens\/#article","isPartOf":{"@id":"https:\/\/www.notibras.com\/site\/mulheres-sao-condutoras-mais-prudentes-do-que-homens\/"},"author":{"name":"Eduardo Mart\u00ednez","@id":"https:\/\/www.notibras.com\/site\/#\/schema\/person\/5b7fabf2aedc3ada2105f03b22b4d3dd"},"headline":"Mulheres s\u00e3o condutoras mais prudentes do que homens","datePublished":"2026-03-08T03:30:40+00:00","mainEntityOfPage":{"@id":"https:\/\/www.notibras.com\/site\/mulheres-sao-condutoras-mais-prudentes-do-que-homens\/"},"wordCount":421,"publisher":{"@id":"https:\/\/www.notibras.com\/site\/#organization"},"image":{"@id":"https:\/\/www.notibras.com\/site\/mulheres-sao-condutoras-mais-prudentes-do-que-homens\/#primaryimage"},"thumbnailUrl":"https:\/\/www.notibras.com\/site\/wp-content\/uploads\/2026\/03\/Mulher-1.jpg","articleSection":["Quadradinho em Foco"],"inLanguage":"pt-BR"},{"@type":"WebPage","@id":"https:\/\/www.notibras.com\/site\/mulheres-sao-condutoras-mais-prudentes-do-que-homens\/","url":"https:\/\/www.notibras.com\/site\/mulheres-sao-condutoras-mais-prudentes-do-que-homens\/","name":"Mulheres s\u00e3o condutoras mais prudentes do que homens - Notibras","isPartOf":{"@id":"https:\/\/www.notibras.com\/site\/#website"},"primaryImageOfPage":{"@id":"https:\/\/www.notibras.com\/site\/mulheres-sao-condutoras-mais-prudentes-do-que-homens\/#primaryimage"},"image":{"@id":"https:\/\/www.notibras.com\/site\/mulheres-sao-condutoras-mais-prudentes-do-que-homens\/#primaryimage"},"thumbnailUrl":"https:\/\/www.notibras.com\/site\/wp-content\/uploads\/2026\/03\/Mulher-1.jpg","datePublished":"2026-03-08T03:30:40+00:00","breadcrumb":{"@id":"https:\/\/www.notibras.com\/site\/mulheres-sao-condutoras-mais-prudentes-do-que-homens\/#breadcrumb"},"inLanguage":"pt-BR","potentialAction":[{"@type":"ReadAction","target":["https:\/\/www.notibras.com\/site\/mulheres-sao-condutoras-mais-prudentes-do-que-homens\/"]}]},{"@type":"ImageObject","inLanguage":"pt-BR","@id":"https:\/\/www.notibras.com\/site\/mulheres-sao-condutoras-mais-prudentes-do-que-homens\/#primaryimage","url":"https:\/\/www.notibras.com\/site\/wp-content\/uploads\/2026\/03\/Mulher-1.jpg","contentUrl":"https:\/\/www.notibras.com\/site\/wp-content\/uploads\/2026\/03\/Mulher-1.jpg","width":900,"height":600},{"@type":"BreadcrumbList","@id":"https:\/\/www.notibras.com\/site\/mulheres-sao-condutoras-mais-prudentes-do-que-homens\/#breadcrumb","itemListElement":[{"@type":"ListItem","position":1,"name":"In\u00edcio","item":"https:\/\/www.notibras.com\/site\/"},{"@type":"ListItem","position":2,"name":"Mulheres s\u00e3o condutoras mais prudentes do que homens"}]},{"@type":"WebSite","@id":"https:\/\/www.notibras.com\/site\/#website","url":"https:\/\/www.notibras.com\/site\/","name":"Notibras","description":"Not\u00edcias de Bras\u00edlia, do Brasil e do Mundo","publisher":{"@id":"https:\/\/www.notibras.com\/site\/#organization"},"potentialAction":[{"@type":"SearchAction","target":{"@type":"EntryPoint","urlTemplate":"https:\/\/www.notibras.com\/site\/?s={search_term_string}"},"query-input":{"@type":"PropertyValueSpecification","valueRequired":true,"valueName":"search_term_string"}}],"inLanguage":"pt-BR"},{"@type":"Organization","@id":"https:\/\/www.notibras.com\/site\/#organization","name":"Grupo Notibras de Comunica\u00e7\u00e3o","url":"https:\/\/www.notibras.com\/site\/","logo":{"@type":"ImageObject","inLanguage":"pt-BR","@id":"https:\/\/www.notibras.com\/site\/#\/schema\/logo\/image\/","url":"https:\/\/www.notibras.com\/site\/wp-content\/uploads\/2023\/01\/notibras23.png","contentUrl":"https:\/\/www.notibras.com\/site\/wp-content\/uploads\/2023\/01\/notibras23.png","width":350,"height":87,"caption":"Grupo Notibras de Comunica\u00e7\u00e3o"},"image":{"@id":"https:\/\/www.notibras.com\/site\/#\/schema\/logo\/image\/"},"sameAs":["https:\/\/www.facebook.com\/notibras\/","https:\/\/x.com\/Notibras","https:\/\/www.instagram.com\/notibras\/"]},{"@type":"Person","@id":"https:\/\/www.notibras.com\/site\/#\/schema\/person\/5b7fabf2aedc3ada2105f03b22b4d3dd","name":"Eduardo Mart\u00ednez","image":{"@type":"ImageObject","inLanguage":"pt-BR","@id":"https:\/\/secure.gravatar.com\/avatar\/7902f906289926289cbcda644b5197c796b893c6ffd7b9a536a42d290f7704a0?s=96&d=mm&r=g","url":"https:\/\/secure.gravatar.com\/avatar\/7902f906289926289cbcda644b5197c796b893c6ffd7b9a536a42d290f7704a0?s=96&d=mm&r=g","contentUrl":"https:\/\/secure.gravatar.com\/avatar\/7902f906289926289cbcda644b5197c796b893c6ffd7b9a536a42d290f7704a0?s=96&d=mm&r=g","caption":"Eduardo Mart\u00ednez"}}]}},"amp_enabled":true,"_links":{"self":[{"href":"https:\/\/www.notibras.com\/site\/wp-json\/wp\/v2\/posts\/386050","targetHints":{"allow":["GET"]}}],"collection":[{"href":"https:\/\/www.notibras.com\/site\/wp-json\/wp\/v2\/posts"}],"about":[{"href":"https:\/\/www.notibras.com\/site\/wp-json\/wp\/v2\/types\/post"}],"author":[{"embeddable":true,"href":"https:\/\/www.notibras.com\/site\/wp-json\/wp\/v2\/users\/21"}],"replies":[{"embeddable":true,"href":"https:\/\/www.notibras.com\/site\/wp-json\/wp\/v2\/comments?post=386050"}],"version-history":[{"count":4,"href":"https:\/\/www.notibras.com\/site\/wp-json\/wp\/v2\/posts\/386050\/revisions"}],"predecessor-version":[{"id":386055,"href":"https:\/\/www.notibras.com\/site\/wp-json\/wp\/v2\/posts\/386050\/revisions\/386055"}],"wp:featuredmedia":[{"embeddable":true,"href":"https:\/\/www.notibras.com\/site\/wp-json\/wp\/v2\/media\/386051"}],"wp:attachment":[{"href":"https:\/\/www.notibras.com\/site\/wp-json\/wp\/v2\/media?parent=386050"}],"wp:term":[{"taxonomy":"category","embeddable":true,"href":"https:\/\/www.notibras.com\/site\/wp-json\/wp\/v2\/categories?post=386050"},{"taxonomy":"post_tag","embeddable":true,"href":"https:\/\/www.notibras.com\/site\/wp-json\/wp\/v2\/tags?post=386050"}],"curies":[{"name":"wp","href":"https:\/\/api.w.org\/{rel}","templated":true}]}}