{"id":386056,"date":"2026-03-08T00:45:04","date_gmt":"2026-03-08T03:45:04","guid":{"rendered":"https:\/\/www.notibras.com\/site\/?p=386056"},"modified":"2026-03-07T20:46:24","modified_gmt":"2026-03-07T23:46:24","slug":"programa-devolve-seguranca-a-vitimas-de-violencia-domestica","status":"publish","type":"post","link":"https:\/\/www.notibras.com\/site\/programa-devolve-seguranca-a-vitimas-de-violencia-domestica\/","title":{"rendered":"Programa devolve seguran\u00e7a a v\u00edtimas de viol\u00eancia dom\u00e9stica"},"content":{"rendered":"<p>Por mais de 20 anos, a bab\u00e1 Rosineide da Costa Almeida, 37, conviveu com o medo constante dentro da pr\u00f3pria casa. As agress\u00f5es, f\u00edsicas e psicol\u00f3gicas, vinham de quem um dia prometeu cuidado e prote\u00e7\u00e3o: o ex-marido. A rotina de viol\u00eancia s\u00f3 teve fim em 31 de janeiro de 2023, quando, no dia de seu anivers\u00e1rio, ela registrou a primeira ocorr\u00eancia policial.<\/p>\n<p>Naquele momento, a trajet\u00f3ria de Rosineide come\u00e7ou a mudar: ela foi encaminhada ao Programa de Preven\u00e7\u00e3o Orientado \u00e0 Viol\u00eancia Dom\u00e9stica e Familiar (Provid), da Pol\u00edcia Militar do Distrito Federal (PMDF), e nunca mais teve contato com o agressor.<\/p>\n<p>O Provid \u00e9 um servi\u00e7o especializado da PMDF voltado ao atendimento de mulheres em situa\u00e7\u00e3o de viol\u00eancia dom\u00e9stica grave, com foco na preven\u00e7\u00e3o de reincid\u00eancias e do feminic\u00eddio.<\/p>\n<p>S\u00e3o promovidas visitas solid\u00e1rias, acompanhamento de medidas protetivas, a\u00e7\u00f5es educativas e articula\u00e7\u00e3o com a rede de prote\u00e7\u00e3o, junto ao Judici\u00e1rio, assist\u00eancia social, Sa\u00fade e \u00f3rg\u00e3os de defesa da mulher. Em 2025, o enfrentamento foi refor\u00e7ado com a aquisi\u00e7\u00e3o de 27 viaturas, possibilitando a amplia\u00e7\u00e3o da assist\u00eancia \u00e0s v\u00edtimas.<\/p>\n<p>\u201cEu achava que a pol\u00edcia n\u00e3o ia me proteger, que n\u00e3o estaria comigo o tempo todo, mas eu estava enganada\u201d, afirma Rosineide, que recebeu o Dispositivo de Acionamento de Emerg\u00eancia Viva Flor e passou a ter visitas frequentes das equipes do programa. \u201cEles n\u00e3o est\u00e3o 24 horas na minha casa, mas me protegem 24 horas. No come\u00e7o, eu sentia medo at\u00e9 do barulho da viatura. Depois, aquele som virou sinal de seguran\u00e7a.\u201d<\/p>\n<p><strong>Registro de ocorr\u00eancia<\/strong><\/p>\n<p>O epis\u00f3dio decisivo para o fim do ciclo de viol\u00eancia ocorreu quando o agressor perseguiu Rosineide no dia do anivers\u00e1rio dela, por n\u00e3o aceitar o t\u00e9rmino do relacionamento. O homem tentou agredi-la em casa e, depois, a seguiu at\u00e9 o restaurante escolhido para a comemora\u00e7\u00e3o, em Taguatinga.<\/p>\n<p>\u201cEle foi me seguindo de casa at\u00e9 o lugar, jogava o carro para tentar me tirar da pista\u201d, lembra ela. \u201cFoi desesperador. Quando chegamos \u00e0 QNL, minha filha pulou do carro pedindo socorro. Eu achei que ia morrer.\u201d<\/p>\n<p>O desespero daquele dia n\u00e3o se repetiu mais ap\u00f3s o registro da ocorr\u00eancia policial, uma vez que Rosineide conseguiu uma medida protetiva e foi integrada \u00e0 rede de atendimento do Provid, com acompanhamento psicol\u00f3gico, suporte social e monitoramento policial cont\u00ednuo.<\/p>\n<p>\u201cHoje, me sinto protegida, como se estivesse dentro de uma bolha de seguran\u00e7a\u201d, celebra ela. \u201cQueria que toda mulher tivesse a oportunidade que eu tive. Muitas morrem porque n\u00e3o sabem que existe tanta ajuda. N\u00e3o \u00e9 s\u00f3 um papel. Funciona. Salvou a minha vida.\u201d<\/p>\n<p><strong>Atendimento especializado e preventivo<\/strong><\/p>\n<p>Uma das principais pol\u00edticas p\u00fablicas no enfrentamento \u00e0 viol\u00eancia dom\u00e9stica, o Provid j\u00e1 atendeu cerca de 115 mil mulheres desde 2019. No ano passado, foram 25.565 visitas solid\u00e1rias, 391 a\u00e7\u00f5es de preven\u00e7\u00e3o e articula\u00e7\u00e3o com a rede de prote\u00e7\u00e3o, 2.095 triagens e 1.832 visitas.<\/p>\n<p>No per\u00edodo, 1.164 fam\u00edlias foram acompanhadas de forma cont\u00ednua e 883 medidas protetivas de urg\u00eancia receberam monitoramento direto da PMDF. A iniciativa, presente em 22 batalh\u00f5es da PMDF, oferece suporte a todas as regi\u00f5es administrativas, tanto presencial quanto por meio do WhatsApp.<\/p>\n<p>De acordo com a tenente-coronel Renata Cardoso, respons\u00e1vel pela coordena\u00e7\u00e3o-geral do programa, o diferencial \u00e9 o atendimento humanizado e individualizado. \u201c\u00c9 um policiamento especializado, feito por policiais capacitados, que avaliam o risco de cada caso e constroem, junto com a mulher, um plano de seguran\u00e7a\u201d, explica. \u201cO objetivo \u00e9 proteger, orientar e ajudar essa mulher a retomar sua autonomia\u201d. Em 2025, 32 policiais militares conclu\u00edram a forma\u00e7\u00e3o espec\u00edfica.<\/p>\n<p>Durante as visitas, as equipes elaboram um plano de seguran\u00e7a individualizado, com orienta\u00e7\u00f5es pr\u00e1ticas para o dia a dia. \u201cA mulher recebe instru\u00e7\u00f5es sobre rotinas mais seguras, cuidados com o port\u00e3o e a fechadura, trajetos alternativos, combina\u00e7\u00e3o de sinais com familiares e vizinhos e at\u00e9 estrat\u00e9gias para situa\u00e7\u00f5es emergenciais. Tudo \u00e9 pensado de acordo com a realidade daquela mulher\u201d, detalha a tenente-coronel.<\/p>\n<p><strong>Atua\u00e7\u00e3o integrada<\/strong><\/p>\n<p>Segundo a oficial, o pol\u00edtica atua de forma integrada com outros servi\u00e7os da seguran\u00e7a p\u00fablica, como o Copom Mulher, inaugurado em 2024 para o atendimento a mulheres v\u00edtimas de viol\u00eancia dom\u00e9stica, e a Diretoria de Monitoramento de Pessoas Protegidas (DMPP), respons\u00e1vel pela gest\u00e3o do Viva Flor e do monitoramento eletr\u00f4nico de agressores.<\/p>\n<p>Ela refor\u00e7a ainda a import\u00e2ncia das medidas protetivas e do monitoramento eletr\u00f4nico: \u201cAqui no DF, a medida protetiva \u00e9 expedida com muita rapidez, muitas vezes em poucas horas. Al\u00e9m disso, a mulher pode solicitar recursos como o Viva Flor e o acompanhamento do Provid, mesmo sem determina\u00e7\u00e3o judicial espec\u00edfica. S\u00e3o ferramentas que salvam vidas\u201d.<\/p>\n<p>Em dezembro de 2025, o programa recebeu 27 novas viaturas, distribu\u00eddas entre as 22 unidades operacionais, incluindo o Batalh\u00e3o Rural. \u201cEsses investimentos permitem mais visitas, mais proximidade e mais efetividade no atendimento\u201d, avalia Renata Cardoso. \u201cO Provid n\u00e3o \u00e9 apenas n\u00famero, \u00e9 transforma\u00e7\u00e3o de vidas\u201d.<\/p>\n<p><strong>Como funciona<\/strong><\/p>\n<p>O acesso ao Provid pode ocorrer de diferentes formas, a depender da situa\u00e7\u00e3o vivenciada pela mulher. O principal caminho \u00e9 o registro de ocorr\u00eancia policial, que passa a ser um inqu\u00e9rito e, posteriormente, um processo judicial. A partir de uma avalia\u00e7\u00e3o de risco feita pelo juiz, nos casos considerados graves ou com risco extremo de feminic\u00eddio, a mulher pode ser encaminhada diretamente para acompanhamento especializado.<\/p>\n<p>Outra forma \u00e9 a demanda espont\u00e2nea, em que a mulher pode procurar um batalh\u00e3o da Pol\u00edcia Militar que conte com equipe do Provid e solicitar, de forma direta, o acompanhamento, mesmo sem encaminhamento judicial pr\u00e9vio.<\/p>\n<p>Por fim, o Copom Mulher tamb\u00e9m serve de acesso, na situa\u00e7\u00e3o em que uma mulher ou qualquer outra pessoa liga para o 190 para relatar uma situa\u00e7\u00e3o de viol\u00eancia dom\u00e9stica. A viatura faz o atendimento inicial, e, posteriormente, a v\u00edtima recebe a liga\u00e7\u00e3o da central, com orienta\u00e7\u00f5es, acolhimento e informa\u00e7\u00f5es sobre como registrar a ocorr\u00eancia e acessar o Provid.<\/p>\n<p><strong>Canais de atendimento \u00e0 mulher<\/strong><\/p>\n<p>\u2192 O telefone 180 \u00e9 o canal geral de atendimento \u00e0s mulheres v\u00edtimas de viol\u00eancia, tamb\u00e9m utilizado para den\u00fancia por terceiros<\/p>\n<p>\u2192 Atos de viol\u00eancia em andamento e urgentes s\u00e3o casos de pol\u00edcia (PMDF), que deve ser acionada pelo 190<\/p>\n<p>\u2192 Para den\u00fancias an\u00f4nimas, o canal da Pol\u00edcia Civil (PCDF) pode ser ativado pelo 197.<\/p>\n","protected":false},"excerpt":{"rendered":"<p>Por mais de 20 anos, a bab\u00e1 Rosineide da Costa Almeida, 37, conviveu com o medo constante dentro da pr\u00f3pria casa. As agress\u00f5es, f\u00edsicas e psicol\u00f3gicas, vinham de quem um dia prometeu cuidado e prote\u00e7\u00e3o: o ex-marido. A rotina de viol\u00eancia s\u00f3 teve fim em 31 de janeiro de 2023, quando, no dia de seu [&hellip;]<\/p>\n","protected":false},"author":21,"featured_media":386057,"comment_status":"closed","ping_status":"closed","sticky":false,"template":"","format":"standard","meta":{"_acf_changed":false,"footnotes":""},"categories":[161],"tags":[],"class_list":["post-386056","post","type-post","status-publish","format-standard","has-post-thumbnail","hentry","category-quadradinho-em-foco"],"acf":[],"yoast_head":"<!-- This site is optimized with the Yoast SEO plugin v27.2 - https:\/\/yoast.com\/product\/yoast-seo-wordpress\/ -->\n<title>Programa devolve seguran\u00e7a a v\u00edtimas de viol\u00eancia dom\u00e9stica - Notibras<\/title>\n<meta name=\"robots\" content=\"index, follow, max-snippet:-1, max-image-preview:large, max-video-preview:-1\" \/>\n<link rel=\"canonical\" href=\"https:\/\/www.notibras.com\/site\/programa-devolve-seguranca-a-vitimas-de-violencia-domestica\/\" \/>\n<meta property=\"og:locale\" content=\"pt_BR\" \/>\n<meta property=\"og:type\" content=\"article\" \/>\n<meta property=\"og:title\" content=\"Programa devolve seguran\u00e7a a v\u00edtimas de viol\u00eancia dom\u00e9stica - Notibras\" \/>\n<meta property=\"og:description\" content=\"Por mais de 20 anos, a bab\u00e1 Rosineide da Costa Almeida, 37, conviveu com o medo constante dentro da pr\u00f3pria casa. As agress\u00f5es, f\u00edsicas e psicol\u00f3gicas, vinham de quem um dia prometeu cuidado e prote\u00e7\u00e3o: o ex-marido. A rotina de viol\u00eancia s\u00f3 teve fim em 31 de janeiro de 2023, quando, no dia de seu [&hellip;]\" \/>\n<meta property=\"og:url\" content=\"https:\/\/www.notibras.com\/site\/programa-devolve-seguranca-a-vitimas-de-violencia-domestica\/\" \/>\n<meta property=\"og:site_name\" content=\"Notibras\" \/>\n<meta property=\"article:publisher\" content=\"https:\/\/www.facebook.com\/notibras\/\" \/>\n<meta property=\"article:published_time\" content=\"2026-03-08T03:45:04+00:00\" \/>\n<meta property=\"og:image\" content=\"https:\/\/www.notibras.com\/site\/wp-content\/uploads\/2026\/03\/Dentro-178.jpg\" \/>\n\t<meta property=\"og:image:width\" content=\"1975\" \/>\n\t<meta property=\"og:image:height\" content=\"1316\" \/>\n\t<meta property=\"og:image:type\" content=\"image\/jpeg\" \/>\n<meta name=\"author\" content=\"Eduardo Mart\u00ednez\" \/>\n<meta name=\"twitter:card\" content=\"summary_large_image\" \/>\n<meta name=\"twitter:creator\" content=\"@Notibras\" \/>\n<meta name=\"twitter:site\" content=\"@Notibras\" \/>\n<meta name=\"twitter:label1\" content=\"Escrito por\" \/>\n\t<meta name=\"twitter:data1\" content=\"Eduardo Mart\u00ednez\" \/>\n\t<meta name=\"twitter:label2\" content=\"Est. tempo de leitura\" \/>\n\t<meta name=\"twitter:data2\" content=\"6 minutos\" \/>\n<script type=\"application\/ld+json\" class=\"yoast-schema-graph\">{\"@context\":\"https:\/\/schema.org\",\"@graph\":[{\"@type\":\"Article\",\"@id\":\"https:\/\/www.notibras.com\/site\/programa-devolve-seguranca-a-vitimas-de-violencia-domestica\/#article\",\"isPartOf\":{\"@id\":\"https:\/\/www.notibras.com\/site\/programa-devolve-seguranca-a-vitimas-de-violencia-domestica\/\"},\"author\":{\"name\":\"Eduardo Mart\u00ednez\",\"@id\":\"https:\/\/www.notibras.com\/site\/#\/schema\/person\/5b7fabf2aedc3ada2105f03b22b4d3dd\"},\"headline\":\"Programa devolve seguran\u00e7a a v\u00edtimas de viol\u00eancia dom\u00e9stica\",\"datePublished\":\"2026-03-08T03:45:04+00:00\",\"mainEntityOfPage\":{\"@id\":\"https:\/\/www.notibras.com\/site\/programa-devolve-seguranca-a-vitimas-de-violencia-domestica\/\"},\"wordCount\":1118,\"publisher\":{\"@id\":\"https:\/\/www.notibras.com\/site\/#organization\"},\"image\":{\"@id\":\"https:\/\/www.notibras.com\/site\/programa-devolve-seguranca-a-vitimas-de-violencia-domestica\/#primaryimage\"},\"thumbnailUrl\":\"https:\/\/www.notibras.com\/site\/wp-content\/uploads\/2026\/03\/Dentro-178.jpg\",\"articleSection\":[\"Quadradinho em Foco\"],\"inLanguage\":\"pt-BR\"},{\"@type\":\"WebPage\",\"@id\":\"https:\/\/www.notibras.com\/site\/programa-devolve-seguranca-a-vitimas-de-violencia-domestica\/\",\"url\":\"https:\/\/www.notibras.com\/site\/programa-devolve-seguranca-a-vitimas-de-violencia-domestica\/\",\"name\":\"Programa devolve seguran\u00e7a a v\u00edtimas de viol\u00eancia dom\u00e9stica - Notibras\",\"isPartOf\":{\"@id\":\"https:\/\/www.notibras.com\/site\/#website\"},\"primaryImageOfPage\":{\"@id\":\"https:\/\/www.notibras.com\/site\/programa-devolve-seguranca-a-vitimas-de-violencia-domestica\/#primaryimage\"},\"image\":{\"@id\":\"https:\/\/www.notibras.com\/site\/programa-devolve-seguranca-a-vitimas-de-violencia-domestica\/#primaryimage\"},\"thumbnailUrl\":\"https:\/\/www.notibras.com\/site\/wp-content\/uploads\/2026\/03\/Dentro-178.jpg\",\"datePublished\":\"2026-03-08T03:45:04+00:00\",\"breadcrumb\":{\"@id\":\"https:\/\/www.notibras.com\/site\/programa-devolve-seguranca-a-vitimas-de-violencia-domestica\/#breadcrumb\"},\"inLanguage\":\"pt-BR\",\"potentialAction\":[{\"@type\":\"ReadAction\",\"target\":[\"https:\/\/www.notibras.com\/site\/programa-devolve-seguranca-a-vitimas-de-violencia-domestica\/\"]}]},{\"@type\":\"ImageObject\",\"inLanguage\":\"pt-BR\",\"@id\":\"https:\/\/www.notibras.com\/site\/programa-devolve-seguranca-a-vitimas-de-violencia-domestica\/#primaryimage\",\"url\":\"https:\/\/www.notibras.com\/site\/wp-content\/uploads\/2026\/03\/Dentro-178.jpg\",\"contentUrl\":\"https:\/\/www.notibras.com\/site\/wp-content\/uploads\/2026\/03\/Dentro-178.jpg\",\"width\":1975,\"height\":1316},{\"@type\":\"BreadcrumbList\",\"@id\":\"https:\/\/www.notibras.com\/site\/programa-devolve-seguranca-a-vitimas-de-violencia-domestica\/#breadcrumb\",\"itemListElement\":[{\"@type\":\"ListItem\",\"position\":1,\"name\":\"In\u00edcio\",\"item\":\"https:\/\/www.notibras.com\/site\/\"},{\"@type\":\"ListItem\",\"position\":2,\"name\":\"Programa devolve seguran\u00e7a a v\u00edtimas de viol\u00eancia dom\u00e9stica\"}]},{\"@type\":\"WebSite\",\"@id\":\"https:\/\/www.notibras.com\/site\/#website\",\"url\":\"https:\/\/www.notibras.com\/site\/\",\"name\":\"Notibras\",\"description\":\"Not\u00edcias de Bras\u00edlia, do Brasil e do Mundo\",\"publisher\":{\"@id\":\"https:\/\/www.notibras.com\/site\/#organization\"},\"potentialAction\":[{\"@type\":\"SearchAction\",\"target\":{\"@type\":\"EntryPoint\",\"urlTemplate\":\"https:\/\/www.notibras.com\/site\/?s={search_term_string}\"},\"query-input\":{\"@type\":\"PropertyValueSpecification\",\"valueRequired\":true,\"valueName\":\"search_term_string\"}}],\"inLanguage\":\"pt-BR\"},{\"@type\":\"Organization\",\"@id\":\"https:\/\/www.notibras.com\/site\/#organization\",\"name\":\"Grupo Notibras de Comunica\u00e7\u00e3o\",\"url\":\"https:\/\/www.notibras.com\/site\/\",\"logo\":{\"@type\":\"ImageObject\",\"inLanguage\":\"pt-BR\",\"@id\":\"https:\/\/www.notibras.com\/site\/#\/schema\/logo\/image\/\",\"url\":\"https:\/\/www.notibras.com\/site\/wp-content\/uploads\/2023\/01\/notibras23.png\",\"contentUrl\":\"https:\/\/www.notibras.com\/site\/wp-content\/uploads\/2023\/01\/notibras23.png\",\"width\":350,\"height\":87,\"caption\":\"Grupo Notibras de Comunica\u00e7\u00e3o\"},\"image\":{\"@id\":\"https:\/\/www.notibras.com\/site\/#\/schema\/logo\/image\/\"},\"sameAs\":[\"https:\/\/www.facebook.com\/notibras\/\",\"https:\/\/x.com\/Notibras\",\"https:\/\/www.instagram.com\/notibras\/\"]},{\"@type\":\"Person\",\"@id\":\"https:\/\/www.notibras.com\/site\/#\/schema\/person\/5b7fabf2aedc3ada2105f03b22b4d3dd\",\"name\":\"Eduardo Mart\u00ednez\",\"image\":{\"@type\":\"ImageObject\",\"inLanguage\":\"pt-BR\",\"@id\":\"https:\/\/secure.gravatar.com\/avatar\/7902f906289926289cbcda644b5197c796b893c6ffd7b9a536a42d290f7704a0?s=96&d=mm&r=g\",\"url\":\"https:\/\/secure.gravatar.com\/avatar\/7902f906289926289cbcda644b5197c796b893c6ffd7b9a536a42d290f7704a0?s=96&d=mm&r=g\",\"contentUrl\":\"https:\/\/secure.gravatar.com\/avatar\/7902f906289926289cbcda644b5197c796b893c6ffd7b9a536a42d290f7704a0?s=96&d=mm&r=g\",\"caption\":\"Eduardo Mart\u00ednez\"}}]}<\/script>\n<!-- \/ Yoast SEO plugin. -->","yoast_head_json":{"title":"Programa devolve seguran\u00e7a a v\u00edtimas de viol\u00eancia dom\u00e9stica - Notibras","robots":{"index":"index","follow":"follow","max-snippet":"max-snippet:-1","max-image-preview":"max-image-preview:large","max-video-preview":"max-video-preview:-1"},"canonical":"https:\/\/www.notibras.com\/site\/programa-devolve-seguranca-a-vitimas-de-violencia-domestica\/","og_locale":"pt_BR","og_type":"article","og_title":"Programa devolve seguran\u00e7a a v\u00edtimas de viol\u00eancia dom\u00e9stica - Notibras","og_description":"Por mais de 20 anos, a bab\u00e1 Rosineide da Costa Almeida, 37, conviveu com o medo constante dentro da pr\u00f3pria casa. As agress\u00f5es, f\u00edsicas e psicol\u00f3gicas, vinham de quem um dia prometeu cuidado e prote\u00e7\u00e3o: o ex-marido. A rotina de viol\u00eancia s\u00f3 teve fim em 31 de janeiro de 2023, quando, no dia de seu [&hellip;]","og_url":"https:\/\/www.notibras.com\/site\/programa-devolve-seguranca-a-vitimas-de-violencia-domestica\/","og_site_name":"Notibras","article_publisher":"https:\/\/www.facebook.com\/notibras\/","article_published_time":"2026-03-08T03:45:04+00:00","og_image":[{"width":1975,"height":1316,"url":"https:\/\/www.notibras.com\/site\/wp-content\/uploads\/2026\/03\/Dentro-178.jpg","type":"image\/jpeg"}],"author":"Eduardo Mart\u00ednez","twitter_card":"summary_large_image","twitter_creator":"@Notibras","twitter_site":"@Notibras","twitter_misc":{"Escrito por":"Eduardo Mart\u00ednez","Est. tempo de leitura":"6 minutos"},"schema":{"@context":"https:\/\/schema.org","@graph":[{"@type":"Article","@id":"https:\/\/www.notibras.com\/site\/programa-devolve-seguranca-a-vitimas-de-violencia-domestica\/#article","isPartOf":{"@id":"https:\/\/www.notibras.com\/site\/programa-devolve-seguranca-a-vitimas-de-violencia-domestica\/"},"author":{"name":"Eduardo Mart\u00ednez","@id":"https:\/\/www.notibras.com\/site\/#\/schema\/person\/5b7fabf2aedc3ada2105f03b22b4d3dd"},"headline":"Programa devolve seguran\u00e7a a v\u00edtimas de viol\u00eancia dom\u00e9stica","datePublished":"2026-03-08T03:45:04+00:00","mainEntityOfPage":{"@id":"https:\/\/www.notibras.com\/site\/programa-devolve-seguranca-a-vitimas-de-violencia-domestica\/"},"wordCount":1118,"publisher":{"@id":"https:\/\/www.notibras.com\/site\/#organization"},"image":{"@id":"https:\/\/www.notibras.com\/site\/programa-devolve-seguranca-a-vitimas-de-violencia-domestica\/#primaryimage"},"thumbnailUrl":"https:\/\/www.notibras.com\/site\/wp-content\/uploads\/2026\/03\/Dentro-178.jpg","articleSection":["Quadradinho em Foco"],"inLanguage":"pt-BR"},{"@type":"WebPage","@id":"https:\/\/www.notibras.com\/site\/programa-devolve-seguranca-a-vitimas-de-violencia-domestica\/","url":"https:\/\/www.notibras.com\/site\/programa-devolve-seguranca-a-vitimas-de-violencia-domestica\/","name":"Programa devolve seguran\u00e7a a v\u00edtimas de viol\u00eancia dom\u00e9stica - Notibras","isPartOf":{"@id":"https:\/\/www.notibras.com\/site\/#website"},"primaryImageOfPage":{"@id":"https:\/\/www.notibras.com\/site\/programa-devolve-seguranca-a-vitimas-de-violencia-domestica\/#primaryimage"},"image":{"@id":"https:\/\/www.notibras.com\/site\/programa-devolve-seguranca-a-vitimas-de-violencia-domestica\/#primaryimage"},"thumbnailUrl":"https:\/\/www.notibras.com\/site\/wp-content\/uploads\/2026\/03\/Dentro-178.jpg","datePublished":"2026-03-08T03:45:04+00:00","breadcrumb":{"@id":"https:\/\/www.notibras.com\/site\/programa-devolve-seguranca-a-vitimas-de-violencia-domestica\/#breadcrumb"},"inLanguage":"pt-BR","potentialAction":[{"@type":"ReadAction","target":["https:\/\/www.notibras.com\/site\/programa-devolve-seguranca-a-vitimas-de-violencia-domestica\/"]}]},{"@type":"ImageObject","inLanguage":"pt-BR","@id":"https:\/\/www.notibras.com\/site\/programa-devolve-seguranca-a-vitimas-de-violencia-domestica\/#primaryimage","url":"https:\/\/www.notibras.com\/site\/wp-content\/uploads\/2026\/03\/Dentro-178.jpg","contentUrl":"https:\/\/www.notibras.com\/site\/wp-content\/uploads\/2026\/03\/Dentro-178.jpg","width":1975,"height":1316},{"@type":"BreadcrumbList","@id":"https:\/\/www.notibras.com\/site\/programa-devolve-seguranca-a-vitimas-de-violencia-domestica\/#breadcrumb","itemListElement":[{"@type":"ListItem","position":1,"name":"In\u00edcio","item":"https:\/\/www.notibras.com\/site\/"},{"@type":"ListItem","position":2,"name":"Programa devolve seguran\u00e7a a v\u00edtimas de viol\u00eancia dom\u00e9stica"}]},{"@type":"WebSite","@id":"https:\/\/www.notibras.com\/site\/#website","url":"https:\/\/www.notibras.com\/site\/","name":"Notibras","description":"Not\u00edcias de Bras\u00edlia, do Brasil e do Mundo","publisher":{"@id":"https:\/\/www.notibras.com\/site\/#organization"},"potentialAction":[{"@type":"SearchAction","target":{"@type":"EntryPoint","urlTemplate":"https:\/\/www.notibras.com\/site\/?s={search_term_string}"},"query-input":{"@type":"PropertyValueSpecification","valueRequired":true,"valueName":"search_term_string"}}],"inLanguage":"pt-BR"},{"@type":"Organization","@id":"https:\/\/www.notibras.com\/site\/#organization","name":"Grupo Notibras de Comunica\u00e7\u00e3o","url":"https:\/\/www.notibras.com\/site\/","logo":{"@type":"ImageObject","inLanguage":"pt-BR","@id":"https:\/\/www.notibras.com\/site\/#\/schema\/logo\/image\/","url":"https:\/\/www.notibras.com\/site\/wp-content\/uploads\/2023\/01\/notibras23.png","contentUrl":"https:\/\/www.notibras.com\/site\/wp-content\/uploads\/2023\/01\/notibras23.png","width":350,"height":87,"caption":"Grupo Notibras de Comunica\u00e7\u00e3o"},"image":{"@id":"https:\/\/www.notibras.com\/site\/#\/schema\/logo\/image\/"},"sameAs":["https:\/\/www.facebook.com\/notibras\/","https:\/\/x.com\/Notibras","https:\/\/www.instagram.com\/notibras\/"]},{"@type":"Person","@id":"https:\/\/www.notibras.com\/site\/#\/schema\/person\/5b7fabf2aedc3ada2105f03b22b4d3dd","name":"Eduardo Mart\u00ednez","image":{"@type":"ImageObject","inLanguage":"pt-BR","@id":"https:\/\/secure.gravatar.com\/avatar\/7902f906289926289cbcda644b5197c796b893c6ffd7b9a536a42d290f7704a0?s=96&d=mm&r=g","url":"https:\/\/secure.gravatar.com\/avatar\/7902f906289926289cbcda644b5197c796b893c6ffd7b9a536a42d290f7704a0?s=96&d=mm&r=g","contentUrl":"https:\/\/secure.gravatar.com\/avatar\/7902f906289926289cbcda644b5197c796b893c6ffd7b9a536a42d290f7704a0?s=96&d=mm&r=g","caption":"Eduardo Mart\u00ednez"}}]}},"amp_enabled":true,"_links":{"self":[{"href":"https:\/\/www.notibras.com\/site\/wp-json\/wp\/v2\/posts\/386056","targetHints":{"allow":["GET"]}}],"collection":[{"href":"https:\/\/www.notibras.com\/site\/wp-json\/wp\/v2\/posts"}],"about":[{"href":"https:\/\/www.notibras.com\/site\/wp-json\/wp\/v2\/types\/post"}],"author":[{"embeddable":true,"href":"https:\/\/www.notibras.com\/site\/wp-json\/wp\/v2\/users\/21"}],"replies":[{"embeddable":true,"href":"https:\/\/www.notibras.com\/site\/wp-json\/wp\/v2\/comments?post=386056"}],"version-history":[{"count":4,"href":"https:\/\/www.notibras.com\/site\/wp-json\/wp\/v2\/posts\/386056\/revisions"}],"predecessor-version":[{"id":386061,"href":"https:\/\/www.notibras.com\/site\/wp-json\/wp\/v2\/posts\/386056\/revisions\/386061"}],"wp:featuredmedia":[{"embeddable":true,"href":"https:\/\/www.notibras.com\/site\/wp-json\/wp\/v2\/media\/386057"}],"wp:attachment":[{"href":"https:\/\/www.notibras.com\/site\/wp-json\/wp\/v2\/media?parent=386056"}],"wp:term":[{"taxonomy":"category","embeddable":true,"href":"https:\/\/www.notibras.com\/site\/wp-json\/wp\/v2\/categories?post=386056"},{"taxonomy":"post_tag","embeddable":true,"href":"https:\/\/www.notibras.com\/site\/wp-json\/wp\/v2\/tags?post=386056"}],"curies":[{"name":"wp","href":"https:\/\/api.w.org\/{rel}","templated":true}]}}