{"id":386073,"date":"2026-03-10T00:30:21","date_gmt":"2026-03-10T03:30:21","guid":{"rendered":"https:\/\/www.notibras.com\/site\/?p=386073"},"modified":"2026-03-07T23:04:00","modified_gmt":"2026-03-08T02:04:00","slug":"constelacoes-da-saudade","status":"publish","type":"post","link":"https:\/\/www.notibras.com\/site\/constelacoes-da-saudade\/","title":{"rendered":"Constela\u00e7\u00f5es da saudade"},"content":{"rendered":"<p>A saudade n\u00e3o chega em tumulto,<br \/>\nvem como estrela que desperta,<br \/>\ncom passos de luz suave<br \/>\ne voz de lembran\u00e7a cintilante.<br \/>\nSenta-se ao meu lado<br \/>\nquando a noite se alonga,<br \/>\ne o sil\u00eancio aprende a desenhar meu nome<br \/>\nnas linhas do firmamento.<\/p>\n<p>\u00c9 um perfume antigo,<br \/>\ncheiro de abra\u00e7os que se tornaram astros,<br \/>\nde risos guardados em gal\u00e1xias ocultas,<br \/>\nde promessas que ainda respiram<br \/>\ncomo estrelas que n\u00e3o se apagam.<\/p>\n<p>A melancolia,<br \/>\ncompanheira fiel de alma profunda,<br \/>\nn\u00e3o \u00e9 dor,<br \/>\n\u00e9 constela\u00e7\u00e3o de mem\u00f3rias,<br \/>\n\u00e9 o eco do que foi verdadeiro<br \/>\ne se recusa a morrer no infinito.<\/p>\n<p>H\u00e1 dias em que a alma retorna,<br \/>\nn\u00e3o por fraqueza,<br \/>\nmas porque deixou atr\u00e1s<br \/>\nfragmentos de luz,<br \/>\npeda\u00e7os de estrelas<br \/>\nque ainda a chamam.<\/p>\n<p>Sinto falta do que fui,<br \/>\ndo que amei,<br \/>\nestranho at\u00e9 o que j\u00e1 n\u00e3o sou.<br \/>\nE nesse rito sagrado da saudade,<br \/>\ncompreendo:<br \/>\nviver \u00e9 tamb\u00e9m aprender a despedir-se<br \/>\nsem apagar o brilho do amor.<\/p>\n<p>A saudade escreve com tinta celeste,<br \/>\ncada letra \u00e9 estrela,<br \/>\ncada palavra \u00e9 constela\u00e7\u00e3o,<br \/>\ncada mem\u00f3ria pulsa docemente<br \/>\ncomo ferida que n\u00e3o deseja fechar,<br \/>\nporque guarda hist\u00f3ria.<\/p>\n<p>E ainda assim, agrade\u00e7o.<br \/>\nPois s\u00f3 quem amou sem medida<br \/>\nconhece o c\u00e9u da melancolia,<br \/>\ne s\u00f3 quem sentiu profundamente<br \/>\npode converter lembran\u00e7a<br \/>\nem poesia de estrelas.<\/p>\n<p>N\u00e3o fujo dela.<br \/>\nDeixo-a permanecer.<br \/>\nPorque em sua tristeza serena<br \/>\nhabita a prova mais pura<br \/>\nde que meu cora\u00e7\u00e3o esteve vivo,<br \/>\nque amei intensamente<br \/>\ne ainda assim&#8230;<br \/>\nsabe brilhar.<\/p>\n","protected":false},"excerpt":{"rendered":"<p>A saudade n\u00e3o chega em tumulto, vem como estrela que desperta, com passos de luz suave e voz de lembran\u00e7a cintilante. Senta-se ao meu lado quando a noite se alonga, e o sil\u00eancio aprende a desenhar meu nome nas linhas do firmamento. \u00c9 um perfume antigo, cheiro de abra\u00e7os que se tornaram astros, de risos [&hellip;]<\/p>\n","protected":false},"author":21,"featured_media":386074,"comment_status":"closed","ping_status":"closed","sticky":false,"template":"","format":"standard","meta":{"_acf_changed":false,"footnotes":""},"categories":[234],"tags":[],"class_list":["post-386073","post","type-post","status-publish","format-standard","has-post-thumbnail","hentry","category-cafe-literario"],"acf":[],"yoast_head":"<!-- This site is optimized with the Yoast SEO plugin v27.2 - https:\/\/yoast.com\/product\/yoast-seo-wordpress\/ -->\n<title>Constela\u00e7\u00f5es da saudade - Notibras<\/title>\n<meta name=\"robots\" content=\"index, follow, max-snippet:-1, max-image-preview:large, max-video-preview:-1\" \/>\n<link rel=\"canonical\" href=\"https:\/\/www.notibras.com\/site\/constelacoes-da-saudade\/\" \/>\n<meta property=\"og:locale\" content=\"pt_BR\" \/>\n<meta property=\"og:type\" content=\"article\" \/>\n<meta property=\"og:title\" content=\"Constela\u00e7\u00f5es da saudade - Notibras\" \/>\n<meta property=\"og:description\" content=\"A saudade n\u00e3o chega em tumulto, vem como estrela que desperta, com passos de luz suave e voz de lembran\u00e7a cintilante. Senta-se ao meu lado quando a noite se alonga, e o sil\u00eancio aprende a desenhar meu nome nas linhas do firmamento. \u00c9 um perfume antigo, cheiro de abra\u00e7os que se tornaram astros, de risos [&hellip;]\" \/>\n<meta property=\"og:url\" content=\"https:\/\/www.notibras.com\/site\/constelacoes-da-saudade\/\" \/>\n<meta property=\"og:site_name\" content=\"Notibras\" \/>\n<meta property=\"article:publisher\" content=\"https:\/\/www.facebook.com\/notibras\/\" \/>\n<meta property=\"article:published_time\" content=\"2026-03-10T03:30:21+00:00\" \/>\n<meta property=\"og:image\" content=\"https:\/\/www.notibras.com\/site\/wp-content\/uploads\/2026\/03\/WhatsApp-Image-2026-03-07-at-22.34.24.jpeg\" \/>\n\t<meta property=\"og:image:width\" content=\"810\" \/>\n\t<meta property=\"og:image:height\" content=\"1440\" \/>\n\t<meta property=\"og:image:type\" content=\"image\/jpeg\" \/>\n<meta name=\"author\" content=\"Eduardo Mart\u00ednez\" \/>\n<meta name=\"twitter:card\" content=\"summary_large_image\" \/>\n<meta name=\"twitter:creator\" content=\"@Notibras\" \/>\n<meta name=\"twitter:site\" content=\"@Notibras\" \/>\n<meta name=\"twitter:label1\" content=\"Escrito por\" \/>\n\t<meta name=\"twitter:data1\" content=\"Eduardo Mart\u00ednez\" \/>\n\t<meta name=\"twitter:label2\" content=\"Est. tempo de leitura\" \/>\n\t<meta name=\"twitter:data2\" content=\"2 minutos\" \/>\n<script type=\"application\/ld+json\" class=\"yoast-schema-graph\">{\"@context\":\"https:\/\/schema.org\",\"@graph\":[{\"@type\":\"Article\",\"@id\":\"https:\/\/www.notibras.com\/site\/constelacoes-da-saudade\/#article\",\"isPartOf\":{\"@id\":\"https:\/\/www.notibras.com\/site\/constelacoes-da-saudade\/\"},\"author\":{\"name\":\"Eduardo Mart\u00ednez\",\"@id\":\"https:\/\/www.notibras.com\/site\/#\/schema\/person\/5b7fabf2aedc3ada2105f03b22b4d3dd\"},\"headline\":\"Constela\u00e7\u00f5es da saudade\",\"datePublished\":\"2026-03-10T03:30:21+00:00\",\"mainEntityOfPage\":{\"@id\":\"https:\/\/www.notibras.com\/site\/constelacoes-da-saudade\/\"},\"wordCount\":259,\"publisher\":{\"@id\":\"https:\/\/www.notibras.com\/site\/#organization\"},\"image\":{\"@id\":\"https:\/\/www.notibras.com\/site\/constelacoes-da-saudade\/#primaryimage\"},\"thumbnailUrl\":\"https:\/\/www.notibras.com\/site\/wp-content\/uploads\/2026\/03\/WhatsApp-Image-2026-03-07-at-22.34.24.jpeg\",\"articleSection\":[\"Caf\u00e9 Liter\u00e1rio\"],\"inLanguage\":\"pt-BR\"},{\"@type\":\"WebPage\",\"@id\":\"https:\/\/www.notibras.com\/site\/constelacoes-da-saudade\/\",\"url\":\"https:\/\/www.notibras.com\/site\/constelacoes-da-saudade\/\",\"name\":\"Constela\u00e7\u00f5es da saudade - Notibras\",\"isPartOf\":{\"@id\":\"https:\/\/www.notibras.com\/site\/#website\"},\"primaryImageOfPage\":{\"@id\":\"https:\/\/www.notibras.com\/site\/constelacoes-da-saudade\/#primaryimage\"},\"image\":{\"@id\":\"https:\/\/www.notibras.com\/site\/constelacoes-da-saudade\/#primaryimage\"},\"thumbnailUrl\":\"https:\/\/www.notibras.com\/site\/wp-content\/uploads\/2026\/03\/WhatsApp-Image-2026-03-07-at-22.34.24.jpeg\",\"datePublished\":\"2026-03-10T03:30:21+00:00\",\"breadcrumb\":{\"@id\":\"https:\/\/www.notibras.com\/site\/constelacoes-da-saudade\/#breadcrumb\"},\"inLanguage\":\"pt-BR\",\"potentialAction\":[{\"@type\":\"ReadAction\",\"target\":[\"https:\/\/www.notibras.com\/site\/constelacoes-da-saudade\/\"]}]},{\"@type\":\"ImageObject\",\"inLanguage\":\"pt-BR\",\"@id\":\"https:\/\/www.notibras.com\/site\/constelacoes-da-saudade\/#primaryimage\",\"url\":\"https:\/\/www.notibras.com\/site\/wp-content\/uploads\/2026\/03\/WhatsApp-Image-2026-03-07-at-22.34.24.jpeg\",\"contentUrl\":\"https:\/\/www.notibras.com\/site\/wp-content\/uploads\/2026\/03\/WhatsApp-Image-2026-03-07-at-22.34.24.jpeg\",\"width\":810,\"height\":1440},{\"@type\":\"BreadcrumbList\",\"@id\":\"https:\/\/www.notibras.com\/site\/constelacoes-da-saudade\/#breadcrumb\",\"itemListElement\":[{\"@type\":\"ListItem\",\"position\":1,\"name\":\"In\u00edcio\",\"item\":\"https:\/\/www.notibras.com\/site\/\"},{\"@type\":\"ListItem\",\"position\":2,\"name\":\"Constela\u00e7\u00f5es da saudade\"}]},{\"@type\":\"WebSite\",\"@id\":\"https:\/\/www.notibras.com\/site\/#website\",\"url\":\"https:\/\/www.notibras.com\/site\/\",\"name\":\"Notibras\",\"description\":\"Not\u00edcias de Bras\u00edlia, do Brasil e do Mundo\",\"publisher\":{\"@id\":\"https:\/\/www.notibras.com\/site\/#organization\"},\"potentialAction\":[{\"@type\":\"SearchAction\",\"target\":{\"@type\":\"EntryPoint\",\"urlTemplate\":\"https:\/\/www.notibras.com\/site\/?s={search_term_string}\"},\"query-input\":{\"@type\":\"PropertyValueSpecification\",\"valueRequired\":true,\"valueName\":\"search_term_string\"}}],\"inLanguage\":\"pt-BR\"},{\"@type\":\"Organization\",\"@id\":\"https:\/\/www.notibras.com\/site\/#organization\",\"name\":\"Grupo Notibras de Comunica\u00e7\u00e3o\",\"url\":\"https:\/\/www.notibras.com\/site\/\",\"logo\":{\"@type\":\"ImageObject\",\"inLanguage\":\"pt-BR\",\"@id\":\"https:\/\/www.notibras.com\/site\/#\/schema\/logo\/image\/\",\"url\":\"https:\/\/www.notibras.com\/site\/wp-content\/uploads\/2023\/01\/notibras23.png\",\"contentUrl\":\"https:\/\/www.notibras.com\/site\/wp-content\/uploads\/2023\/01\/notibras23.png\",\"width\":350,\"height\":87,\"caption\":\"Grupo Notibras de Comunica\u00e7\u00e3o\"},\"image\":{\"@id\":\"https:\/\/www.notibras.com\/site\/#\/schema\/logo\/image\/\"},\"sameAs\":[\"https:\/\/www.facebook.com\/notibras\/\",\"https:\/\/x.com\/Notibras\",\"https:\/\/www.instagram.com\/notibras\/\"]},{\"@type\":\"Person\",\"@id\":\"https:\/\/www.notibras.com\/site\/#\/schema\/person\/5b7fabf2aedc3ada2105f03b22b4d3dd\",\"name\":\"Eduardo Mart\u00ednez\",\"image\":{\"@type\":\"ImageObject\",\"inLanguage\":\"pt-BR\",\"@id\":\"https:\/\/secure.gravatar.com\/avatar\/7902f906289926289cbcda644b5197c796b893c6ffd7b9a536a42d290f7704a0?s=96&d=mm&r=g\",\"url\":\"https:\/\/secure.gravatar.com\/avatar\/7902f906289926289cbcda644b5197c796b893c6ffd7b9a536a42d290f7704a0?s=96&d=mm&r=g\",\"contentUrl\":\"https:\/\/secure.gravatar.com\/avatar\/7902f906289926289cbcda644b5197c796b893c6ffd7b9a536a42d290f7704a0?s=96&d=mm&r=g\",\"caption\":\"Eduardo Mart\u00ednez\"}}]}<\/script>\n<!-- \/ Yoast SEO plugin. -->","yoast_head_json":{"title":"Constela\u00e7\u00f5es da saudade - Notibras","robots":{"index":"index","follow":"follow","max-snippet":"max-snippet:-1","max-image-preview":"max-image-preview:large","max-video-preview":"max-video-preview:-1"},"canonical":"https:\/\/www.notibras.com\/site\/constelacoes-da-saudade\/","og_locale":"pt_BR","og_type":"article","og_title":"Constela\u00e7\u00f5es da saudade - Notibras","og_description":"A saudade n\u00e3o chega em tumulto, vem como estrela que desperta, com passos de luz suave e voz de lembran\u00e7a cintilante. Senta-se ao meu lado quando a noite se alonga, e o sil\u00eancio aprende a desenhar meu nome nas linhas do firmamento. \u00c9 um perfume antigo, cheiro de abra\u00e7os que se tornaram astros, de risos [&hellip;]","og_url":"https:\/\/www.notibras.com\/site\/constelacoes-da-saudade\/","og_site_name":"Notibras","article_publisher":"https:\/\/www.facebook.com\/notibras\/","article_published_time":"2026-03-10T03:30:21+00:00","og_image":[{"width":810,"height":1440,"url":"https:\/\/www.notibras.com\/site\/wp-content\/uploads\/2026\/03\/WhatsApp-Image-2026-03-07-at-22.34.24.jpeg","type":"image\/jpeg"}],"author":"Eduardo Mart\u00ednez","twitter_card":"summary_large_image","twitter_creator":"@Notibras","twitter_site":"@Notibras","twitter_misc":{"Escrito por":"Eduardo Mart\u00ednez","Est. tempo de leitura":"2 minutos"},"schema":{"@context":"https:\/\/schema.org","@graph":[{"@type":"Article","@id":"https:\/\/www.notibras.com\/site\/constelacoes-da-saudade\/#article","isPartOf":{"@id":"https:\/\/www.notibras.com\/site\/constelacoes-da-saudade\/"},"author":{"name":"Eduardo Mart\u00ednez","@id":"https:\/\/www.notibras.com\/site\/#\/schema\/person\/5b7fabf2aedc3ada2105f03b22b4d3dd"},"headline":"Constela\u00e7\u00f5es da saudade","datePublished":"2026-03-10T03:30:21+00:00","mainEntityOfPage":{"@id":"https:\/\/www.notibras.com\/site\/constelacoes-da-saudade\/"},"wordCount":259,"publisher":{"@id":"https:\/\/www.notibras.com\/site\/#organization"},"image":{"@id":"https:\/\/www.notibras.com\/site\/constelacoes-da-saudade\/#primaryimage"},"thumbnailUrl":"https:\/\/www.notibras.com\/site\/wp-content\/uploads\/2026\/03\/WhatsApp-Image-2026-03-07-at-22.34.24.jpeg","articleSection":["Caf\u00e9 Liter\u00e1rio"],"inLanguage":"pt-BR"},{"@type":"WebPage","@id":"https:\/\/www.notibras.com\/site\/constelacoes-da-saudade\/","url":"https:\/\/www.notibras.com\/site\/constelacoes-da-saudade\/","name":"Constela\u00e7\u00f5es da saudade - Notibras","isPartOf":{"@id":"https:\/\/www.notibras.com\/site\/#website"},"primaryImageOfPage":{"@id":"https:\/\/www.notibras.com\/site\/constelacoes-da-saudade\/#primaryimage"},"image":{"@id":"https:\/\/www.notibras.com\/site\/constelacoes-da-saudade\/#primaryimage"},"thumbnailUrl":"https:\/\/www.notibras.com\/site\/wp-content\/uploads\/2026\/03\/WhatsApp-Image-2026-03-07-at-22.34.24.jpeg","datePublished":"2026-03-10T03:30:21+00:00","breadcrumb":{"@id":"https:\/\/www.notibras.com\/site\/constelacoes-da-saudade\/#breadcrumb"},"inLanguage":"pt-BR","potentialAction":[{"@type":"ReadAction","target":["https:\/\/www.notibras.com\/site\/constelacoes-da-saudade\/"]}]},{"@type":"ImageObject","inLanguage":"pt-BR","@id":"https:\/\/www.notibras.com\/site\/constelacoes-da-saudade\/#primaryimage","url":"https:\/\/www.notibras.com\/site\/wp-content\/uploads\/2026\/03\/WhatsApp-Image-2026-03-07-at-22.34.24.jpeg","contentUrl":"https:\/\/www.notibras.com\/site\/wp-content\/uploads\/2026\/03\/WhatsApp-Image-2026-03-07-at-22.34.24.jpeg","width":810,"height":1440},{"@type":"BreadcrumbList","@id":"https:\/\/www.notibras.com\/site\/constelacoes-da-saudade\/#breadcrumb","itemListElement":[{"@type":"ListItem","position":1,"name":"In\u00edcio","item":"https:\/\/www.notibras.com\/site\/"},{"@type":"ListItem","position":2,"name":"Constela\u00e7\u00f5es da saudade"}]},{"@type":"WebSite","@id":"https:\/\/www.notibras.com\/site\/#website","url":"https:\/\/www.notibras.com\/site\/","name":"Notibras","description":"Not\u00edcias de Bras\u00edlia, do Brasil e do Mundo","publisher":{"@id":"https:\/\/www.notibras.com\/site\/#organization"},"potentialAction":[{"@type":"SearchAction","target":{"@type":"EntryPoint","urlTemplate":"https:\/\/www.notibras.com\/site\/?s={search_term_string}"},"query-input":{"@type":"PropertyValueSpecification","valueRequired":true,"valueName":"search_term_string"}}],"inLanguage":"pt-BR"},{"@type":"Organization","@id":"https:\/\/www.notibras.com\/site\/#organization","name":"Grupo Notibras de Comunica\u00e7\u00e3o","url":"https:\/\/www.notibras.com\/site\/","logo":{"@type":"ImageObject","inLanguage":"pt-BR","@id":"https:\/\/www.notibras.com\/site\/#\/schema\/logo\/image\/","url":"https:\/\/www.notibras.com\/site\/wp-content\/uploads\/2023\/01\/notibras23.png","contentUrl":"https:\/\/www.notibras.com\/site\/wp-content\/uploads\/2023\/01\/notibras23.png","width":350,"height":87,"caption":"Grupo Notibras de Comunica\u00e7\u00e3o"},"image":{"@id":"https:\/\/www.notibras.com\/site\/#\/schema\/logo\/image\/"},"sameAs":["https:\/\/www.facebook.com\/notibras\/","https:\/\/x.com\/Notibras","https:\/\/www.instagram.com\/notibras\/"]},{"@type":"Person","@id":"https:\/\/www.notibras.com\/site\/#\/schema\/person\/5b7fabf2aedc3ada2105f03b22b4d3dd","name":"Eduardo Mart\u00ednez","image":{"@type":"ImageObject","inLanguage":"pt-BR","@id":"https:\/\/secure.gravatar.com\/avatar\/7902f906289926289cbcda644b5197c796b893c6ffd7b9a536a42d290f7704a0?s=96&d=mm&r=g","url":"https:\/\/secure.gravatar.com\/avatar\/7902f906289926289cbcda644b5197c796b893c6ffd7b9a536a42d290f7704a0?s=96&d=mm&r=g","contentUrl":"https:\/\/secure.gravatar.com\/avatar\/7902f906289926289cbcda644b5197c796b893c6ffd7b9a536a42d290f7704a0?s=96&d=mm&r=g","caption":"Eduardo Mart\u00ednez"}}]}},"amp_enabled":true,"_links":{"self":[{"href":"https:\/\/www.notibras.com\/site\/wp-json\/wp\/v2\/posts\/386073","targetHints":{"allow":["GET"]}}],"collection":[{"href":"https:\/\/www.notibras.com\/site\/wp-json\/wp\/v2\/posts"}],"about":[{"href":"https:\/\/www.notibras.com\/site\/wp-json\/wp\/v2\/types\/post"}],"author":[{"embeddable":true,"href":"https:\/\/www.notibras.com\/site\/wp-json\/wp\/v2\/users\/21"}],"replies":[{"embeddable":true,"href":"https:\/\/www.notibras.com\/site\/wp-json\/wp\/v2\/comments?post=386073"}],"version-history":[{"count":2,"href":"https:\/\/www.notibras.com\/site\/wp-json\/wp\/v2\/posts\/386073\/revisions"}],"predecessor-version":[{"id":386076,"href":"https:\/\/www.notibras.com\/site\/wp-json\/wp\/v2\/posts\/386073\/revisions\/386076"}],"wp:featuredmedia":[{"embeddable":true,"href":"https:\/\/www.notibras.com\/site\/wp-json\/wp\/v2\/media\/386074"}],"wp:attachment":[{"href":"https:\/\/www.notibras.com\/site\/wp-json\/wp\/v2\/media?parent=386073"}],"wp:term":[{"taxonomy":"category","embeddable":true,"href":"https:\/\/www.notibras.com\/site\/wp-json\/wp\/v2\/categories?post=386073"},{"taxonomy":"post_tag","embeddable":true,"href":"https:\/\/www.notibras.com\/site\/wp-json\/wp\/v2\/tags?post=386073"}],"curies":[{"name":"wp","href":"https:\/\/api.w.org\/{rel}","templated":true}]}}