{"id":386090,"date":"2026-03-08T03:24:39","date_gmt":"2026-03-08T06:24:39","guid":{"rendered":"https:\/\/www.notibras.com\/site\/?p=386090"},"modified":"2026-03-08T06:09:09","modified_gmt":"2026-03-08T09:09:09","slug":"buriti-ficara-com-celina-ou-paula-bia-e-michelle-levam-vagas-do-senado","status":"publish","type":"post","link":"https:\/\/www.notibras.com\/site\/buriti-ficara-com-celina-ou-paula-bia-e-michelle-levam-vagas-do-senado\/","title":{"rendered":"Buriti ficar\u00e1 com Celina ou Paula; Bia e Michelle levam vagas do Senado"},"content":{"rendered":"<p>N\u00e3o h\u00e1 clima nem espa\u00e7o para os homens na corrida ao governo do Distrito Federal nas elei\u00e7\u00f5es de outubro pr\u00f3ximo. O mofo de velhos panetones vai provocar uma rea\u00e7\u00e3o al\u00e9rgica de efeito retardado em Jos\u00e9 Roberto Arruda (PSD); desfigurado perante o eleitor, far\u00e1 um breve papel de metamorfose ambulante, pulando do barco antes mesmo de a campanha come\u00e7ar. J\u00e1 Leandro Grass, tamb\u00e9m conhecido como paraquedista do PT, ser\u00e1 v\u00edtima dos pr\u00f3prios erros e do alto \u00edndice de rejei\u00e7\u00e3o de Lula em Bras\u00edlia, repetindo, assim, o fracasso no pleito de 2022, quando caiu, verde que era, em meio \u00e0 tempestade provocada por inconformados petistas-ra\u00edz.<\/p>\n<p>Quanto a Ricardo Cappelli (PSB), respons\u00e1vel pelo caos na seguran\u00e7a p\u00fablica &#8211; heran\u00e7a da \u00e9poca em que foi interventor nomeado por Lula -, e que carrega, ainda, a chama da corrup\u00e7\u00e3o do governo Rodrigo Rollemberg, \u00e9 bucha de canh\u00e3o para a legenda eleger um deputado distrital e talvez reconduzir o pr\u00f3prio Rollemberg \u00e0 C\u00e2mara, mesmo que em nova supl\u00eancia. Por fim, Kiko Caputo, antecessor de Ibaneis Rocha na seccional Bras\u00edlia da Ordem dos Advogados do Brasil,\u00a0 e autodeclarado sucessor no Pal\u00e1cio do Buriti. N\u00e3o passa de fogo de palha, com a fuma\u00e7a soprando em dire\u00e7\u00e3o a partido nanico que lhe d\u00ea visibilidade na telinha, para, no ano seguinte, tentar voltar \u00e0 pr\u00f3pria OAB.<\/p>\n<p>Dito isso, vamos a elas, as mulheres, minhas amigas de g\u00eanero. Nessas horas, exploro minha intui\u00e7\u00e3o.<\/p>\n<p>Na madrugada de temperatura baixa em Bras\u00edlia deste domingo, 8, data que comemoramos o Dia da Mulher, ouso dizer que o ambiente pol\u00edtico no entorno do Pal\u00e1cio do Buriti j\u00e1 come\u00e7a a ganhar calor de pr\u00e9-campanha. Entre os nomes que hoje aparecem com mais nitidez no horizonte de outubro, duas candidaturas ocupam o centro da cena. S\u00e3o Celina Le\u00e3o (PP) e Paula Belmonte (PSDB). Em campos distintos, ambas procuram construir uma narrativa de maturidade pol\u00edtica, sinalizando desde j\u00e1 que a disputa pode ser firme nas ideias, mas sem resvalar para ataques pessoais \u2014 uma escolha que, em tempos de radicaliza\u00e7\u00e3o, tende a ser observada com aten\u00e7\u00e3o pelo eleitorado da capital da Rep\u00fablica.<\/p>\n<p>Celina Le\u00e3o chega ao tabuleiro com a for\u00e7a institucional de quem ocupa a vice-governadoria e carrega o respaldo direto de Ibaneis Rocha (MDB), al\u00e9m da afinidade com o campo conservador ligado ao grupo pol\u00edtico de Jair Bolsonaro. Sua eventual candidatura tende a defender a continuidade administrativa, apostando no discurso de estabilidade, obras e manuten\u00e7\u00e3o de alian\u00e7as j\u00e1 consolidadas no poder local. A estrat\u00e9gia, nesse cen\u00e1rio, \u00e9 apresentar-se como herdeira natural de um ciclo pol\u00edtico que pretende sobreviver \u00e0 troca de comando.<\/p>\n<p>Do outro lado, Paula Belmonte tenta se afirmar como alternativa de renova\u00e7\u00e3o com base em um perfil de independ\u00eancia e di\u00e1logo, tendo ao seu lado o capital pol\u00edtico de Ant\u00f4nio Reguffe, cuja imagem ainda preserva forte apelo junto a parcelas do eleitorado que valorizam sobriedade e distanciamento dos arranjos tradicionais. Se a promessa de ambas se confirmar, Bras\u00edlia poder\u00e1 assistir a uma disputa rara, com duas candidaturas competitivas, femininas, com diverg\u00eancias claras de projeto, mas sem a ret\u00f3rica agressiva que tantas vezes empobrece o debate p\u00fablico.<\/p>\n<p>Abro agora par\u00eantesis para voltar a falar sobre &#8216;eles&#8217;. \u00c9 preciso lembrar que muitos homens devem a grandeza da vida aos obst\u00e1culos femininos que tiveram de vencer. Os meus foram muitos. Tantos que Deus me deu a gra\u00e7a de cuidar de quatro, pelas quais sempre fiquei de quatro. Mas enfatizo que marco global de reflex\u00e3o sobre os direitos das mulheres, celebrando conquistas e refor\u00e7ando a luta por igualdade de g\u00eanero, o 8 de mar\u00e7o n\u00e3o \u00e9 somente mais um Dia Internacional da Mulher. A data deve marcar a mudan\u00e7a masculina em rela\u00e7\u00e3o \u00e0 for\u00e7a do poder feminino em todos os setores da vida, inclusive e sobretudo no cen\u00e1rio da pol\u00edtica partid\u00e1ria.<\/p>\n<p>Boa ou ruim, j\u00e1 tivemos uma presidente da Rep\u00fablica. Certamente teremos outras e outras e outras. Ainda bem abaixo da m\u00e9dia mundial e do desejado, a representa\u00e7\u00e3o das mulheres no atual Congresso Nacional \u00e9 a maior da hist\u00f3ria do pa\u00eds, correspondendo a cerca de 18% do total de 584 cadeiras. S\u00e3o 17,7% das vagas na C\u00e2mara dos Deputados e 19,8% no Senado. \u00c9 um dever do homem aceitar, estimular e aplaudir a mulher empoderada, a mulher pol\u00edtica, a mulher empres\u00e1ria, a mulher comandando a na\u00e7\u00e3o e as mulheres lavadeiras, empregadas dom\u00e9sticas, motoristas de \u00f4nibus e, principalmente, m\u00e3es.<\/p>\n<p>Ser mulher \u00e9 sin\u00f4nimo de coragem, de amor e de resili\u00eancia. O ideal \u00e9 que n\u00e3o sejamos vistas por ningu\u00e9m, principalmente pelas iguais, somente por nossos sentimentos ideol\u00f3gicos e por nossas cores partid\u00e1rias. Somos partes de um mesmo espectro pol\u00edtico e, independentemente do que \u00e9 dito pelas lideran\u00e7as na briga pelo poder, que as diverg\u00eancias entre homens e mulheres sejam exclusivamente da boca para fora. Internamente todos t\u00eam a obriga\u00e7\u00e3o de nos aceitar exatamente como somos.<\/p>\n<p>Conforme a prega\u00e7\u00e3o da sempre primeira-ministra da Gr\u00e3 Bretanha, Margaret Thatcher, o sistema democr\u00e1tico n\u00e3o foi feito para garantir que os melhores sejam eleitos, mas para impedir que os ruins fiquem para sempre. Partindo desse pressuposto, no caso do Distrito Federal, al\u00e9m da manuten\u00e7\u00e3o de Erika Kokay (PT) na C\u00e2mara, n\u00e3o ser\u00e1 nenhuma aberra\u00e7\u00e3o o povo escolher Celina Le\u00e3o ou Paula Belmonte para o Buriti, e Michelle Bolsonaro e Bia Kicis, ambas do PL, senadoras. Leila do V\u00f4lei (PDT), descer\u00e1 para a C\u00e2mara. Alguns dever\u00e3o torcer o nariz pela derrota dos seus, mas \u00e9 assim que funciona a pol\u00edtica, campo em que, pela l\u00f3gica, para um ganhar o outro tem de perder. Se elas n\u00e3o forem capazes no exerc\u00edcio do mandato, que sejam trocadas em elei\u00e7\u00f5es futuras.<\/p>\n<p>\u00c9 assim que caminha a vida democr\u00e1tica. Caso se elejam ou se reelejam, elas merecer\u00e3o todo o respeito dos diferentes, notadamente de seus advers\u00e1rios. O mais relevante \u00e9 que, vencedoras, Bia e Michelle se juntar\u00e3o \u00e0 senadora Damares Alves (Republicanos) e, desse modo, estar\u00e1 cumprida a profecia de que o GDF e a representa\u00e7\u00e3o local do Senado um dia seriam das mulheres. Entre outros, sobrar\u00e3o o governador Ibaneis Rocha e o senador Izalci Lucas. Sucessora natural de Ibaneis, Celina Le\u00e3o j\u00e1 deu mostras de que far\u00e1 mais como eventual governadora do que imaginam seus detratores. O mesmo vale para Paula Belmonte. Quanto a Michelle Bolsonaro, a ex-primeira dama nascida na periferia da cidade,\u00a0 ela \u00e9 vista por parte de seus aliados como uma herdeira do capital pol\u00edtico de Jair Bolsonaro.<\/p>\n<p>Pr\u00e9-candidata ao Senado, Bia Kicis \u00e9 deputada federal e, guardadas suas vibra\u00e7\u00f5es extremistas \u00e0 direita, dispensa coment\u00e1rios a respeito de suas responsabilidades pol\u00edticas. Portanto, que venham as elei\u00e7\u00f5es e que ven\u00e7am os melhores. Ou, mais precisamente, as melhores. Porque, sem condi\u00e7\u00f5es, a esquerda n\u00e3o tem como apresentar candidatos ou candidatas vi\u00e1veis e com pesos id\u00eanticos. \u00c9 assim que consolidamos a democracia. De direita ou de esquerda, o que posso dizer sobre as mulheres na pol\u00edtica j\u00e1 foi dito por Margaret Thatcher: \u201cSe voc\u00ea quer que alguma coisa seja dita, pe\u00e7a para um homem. Se voc\u00ea quiser que alguma coisa seja feita, pe\u00e7a para uma mulher\u201d. Que elas brilhem e que jamais esque\u00e7am que seus governados e representados pensam, agem e sonham diferente. Eis o mist\u00e9rio do respeito.<\/p>\n<p>&#8230;&#8230;&#8230;..<\/p>\n<p><strong>Sonja Tavares \u00e9 Editora de Pol\u00edtica de Notibras<\/strong><\/p>\n","protected":false},"excerpt":{"rendered":"<p>N\u00e3o h\u00e1 clima nem espa\u00e7o para os homens na corrida ao governo do Distrito Federal nas elei\u00e7\u00f5es de outubro pr\u00f3ximo. O mofo de velhos panetones vai provocar uma rea\u00e7\u00e3o al\u00e9rgica de efeito retardado em Jos\u00e9 Roberto Arruda (PSD); desfigurado perante o eleitor, far\u00e1 um breve papel de metamorfose ambulante, pulando do barco antes mesmo de [&hellip;]<\/p>\n","protected":false},"author":2,"featured_media":386091,"comment_status":"closed","ping_status":"closed","sticky":false,"template":"","format":"standard","meta":{"_acf_changed":false,"footnotes":""},"categories":[161],"tags":[95],"class_list":["post-386090","post","type-post","status-publish","format-standard","has-post-thumbnail","hentry","category-quadradinho-em-foco","tag-capa"],"acf":[],"yoast_head":"<!-- This site is optimized with the Yoast SEO plugin v27.2 - https:\/\/yoast.com\/product\/yoast-seo-wordpress\/ -->\n<title>Buriti ficar\u00e1 com Celina ou Paula; Bia e Michelle levam vagas do Senado - Notibras<\/title>\n<meta name=\"robots\" content=\"index, follow, max-snippet:-1, max-image-preview:large, max-video-preview:-1\" \/>\n<link rel=\"canonical\" href=\"https:\/\/www.notibras.com\/site\/buriti-ficara-com-celina-ou-paula-bia-e-michelle-levam-vagas-do-senado\/\" \/>\n<meta property=\"og:locale\" content=\"pt_BR\" \/>\n<meta property=\"og:type\" content=\"article\" \/>\n<meta property=\"og:title\" content=\"Buriti ficar\u00e1 com Celina ou Paula; Bia e Michelle levam vagas do Senado - Notibras\" \/>\n<meta property=\"og:description\" content=\"N\u00e3o h\u00e1 clima nem espa\u00e7o para os homens na corrida ao governo do Distrito Federal nas elei\u00e7\u00f5es de outubro pr\u00f3ximo. O mofo de velhos panetones vai provocar uma rea\u00e7\u00e3o al\u00e9rgica de efeito retardado em Jos\u00e9 Roberto Arruda (PSD); desfigurado perante o eleitor, far\u00e1 um breve papel de metamorfose ambulante, pulando do barco antes mesmo de [&hellip;]\" \/>\n<meta property=\"og:url\" content=\"https:\/\/www.notibras.com\/site\/buriti-ficara-com-celina-ou-paula-bia-e-michelle-levam-vagas-do-senado\/\" \/>\n<meta property=\"og:site_name\" content=\"Notibras\" \/>\n<meta property=\"article:publisher\" content=\"https:\/\/www.facebook.com\/notibras\/\" \/>\n<meta property=\"article:published_time\" content=\"2026-03-08T06:24:39+00:00\" \/>\n<meta property=\"article:modified_time\" content=\"2026-03-08T09:09:09+00:00\" \/>\n<meta property=\"og:image\" content=\"https:\/\/www.notibras.com\/site\/wp-content\/uploads\/2026\/03\/cepau.buriti.jpg\" \/>\n\t<meta property=\"og:image:width\" content=\"1536\" \/>\n\t<meta property=\"og:image:height\" content=\"1024\" \/>\n\t<meta property=\"og:image:type\" content=\"image\/jpeg\" \/>\n<meta name=\"author\" content=\"Reda\u00e7\u00e3o\" \/>\n<meta name=\"twitter:card\" content=\"summary_large_image\" \/>\n<meta name=\"twitter:creator\" content=\"@Notibras\" \/>\n<meta name=\"twitter:site\" content=\"@Notibras\" \/>\n<meta name=\"twitter:label1\" content=\"Escrito por\" \/>\n\t<meta name=\"twitter:data1\" content=\"Reda\u00e7\u00e3o\" \/>\n\t<meta name=\"twitter:label2\" content=\"Est. tempo de leitura\" \/>\n\t<meta name=\"twitter:data2\" content=\"7 minutos\" \/>\n<script type=\"application\/ld+json\" class=\"yoast-schema-graph\">{\"@context\":\"https:\/\/schema.org\",\"@graph\":[{\"@type\":\"Article\",\"@id\":\"https:\/\/www.notibras.com\/site\/buriti-ficara-com-celina-ou-paula-bia-e-michelle-levam-vagas-do-senado\/#article\",\"isPartOf\":{\"@id\":\"https:\/\/www.notibras.com\/site\/buriti-ficara-com-celina-ou-paula-bia-e-michelle-levam-vagas-do-senado\/\"},\"author\":{\"name\":\"Reda\u00e7\u00e3o\",\"@id\":\"https:\/\/www.notibras.com\/site\/#\/schema\/person\/36ab0979449956132d3e5b517ea76ac8\"},\"headline\":\"Buriti ficar\u00e1 com Celina ou Paula; Bia e Michelle levam vagas do Senado\",\"datePublished\":\"2026-03-08T06:24:39+00:00\",\"dateModified\":\"2026-03-08T09:09:09+00:00\",\"mainEntityOfPage\":{\"@id\":\"https:\/\/www.notibras.com\/site\/buriti-ficara-com-celina-ou-paula-bia-e-michelle-levam-vagas-do-senado\/\"},\"wordCount\":1306,\"publisher\":{\"@id\":\"https:\/\/www.notibras.com\/site\/#organization\"},\"image\":{\"@id\":\"https:\/\/www.notibras.com\/site\/buriti-ficara-com-celina-ou-paula-bia-e-michelle-levam-vagas-do-senado\/#primaryimage\"},\"thumbnailUrl\":\"https:\/\/www.notibras.com\/site\/wp-content\/uploads\/2026\/03\/cepau.buriti.jpg\",\"keywords\":[\"capa\"],\"articleSection\":[\"Quadradinho em Foco\"],\"inLanguage\":\"pt-BR\"},{\"@type\":\"WebPage\",\"@id\":\"https:\/\/www.notibras.com\/site\/buriti-ficara-com-celina-ou-paula-bia-e-michelle-levam-vagas-do-senado\/\",\"url\":\"https:\/\/www.notibras.com\/site\/buriti-ficara-com-celina-ou-paula-bia-e-michelle-levam-vagas-do-senado\/\",\"name\":\"Buriti ficar\u00e1 com Celina ou Paula; Bia e Michelle levam vagas do Senado - Notibras\",\"isPartOf\":{\"@id\":\"https:\/\/www.notibras.com\/site\/#website\"},\"primaryImageOfPage\":{\"@id\":\"https:\/\/www.notibras.com\/site\/buriti-ficara-com-celina-ou-paula-bia-e-michelle-levam-vagas-do-senado\/#primaryimage\"},\"image\":{\"@id\":\"https:\/\/www.notibras.com\/site\/buriti-ficara-com-celina-ou-paula-bia-e-michelle-levam-vagas-do-senado\/#primaryimage\"},\"thumbnailUrl\":\"https:\/\/www.notibras.com\/site\/wp-content\/uploads\/2026\/03\/cepau.buriti.jpg\",\"datePublished\":\"2026-03-08T06:24:39+00:00\",\"dateModified\":\"2026-03-08T09:09:09+00:00\",\"breadcrumb\":{\"@id\":\"https:\/\/www.notibras.com\/site\/buriti-ficara-com-celina-ou-paula-bia-e-michelle-levam-vagas-do-senado\/#breadcrumb\"},\"inLanguage\":\"pt-BR\",\"potentialAction\":[{\"@type\":\"ReadAction\",\"target\":[\"https:\/\/www.notibras.com\/site\/buriti-ficara-com-celina-ou-paula-bia-e-michelle-levam-vagas-do-senado\/\"]}]},{\"@type\":\"ImageObject\",\"inLanguage\":\"pt-BR\",\"@id\":\"https:\/\/www.notibras.com\/site\/buriti-ficara-com-celina-ou-paula-bia-e-michelle-levam-vagas-do-senado\/#primaryimage\",\"url\":\"https:\/\/www.notibras.com\/site\/wp-content\/uploads\/2026\/03\/cepau.buriti.jpg\",\"contentUrl\":\"https:\/\/www.notibras.com\/site\/wp-content\/uploads\/2026\/03\/cepau.buriti.jpg\",\"width\":1536,\"height\":1024},{\"@type\":\"BreadcrumbList\",\"@id\":\"https:\/\/www.notibras.com\/site\/buriti-ficara-com-celina-ou-paula-bia-e-michelle-levam-vagas-do-senado\/#breadcrumb\",\"itemListElement\":[{\"@type\":\"ListItem\",\"position\":1,\"name\":\"In\u00edcio\",\"item\":\"https:\/\/www.notibras.com\/site\/\"},{\"@type\":\"ListItem\",\"position\":2,\"name\":\"Buriti ficar\u00e1 com Celina ou Paula; Bia e Michelle levam vagas do Senado\"}]},{\"@type\":\"WebSite\",\"@id\":\"https:\/\/www.notibras.com\/site\/#website\",\"url\":\"https:\/\/www.notibras.com\/site\/\",\"name\":\"Notibras\",\"description\":\"Not\u00edcias de Bras\u00edlia, do Brasil e do Mundo\",\"publisher\":{\"@id\":\"https:\/\/www.notibras.com\/site\/#organization\"},\"potentialAction\":[{\"@type\":\"SearchAction\",\"target\":{\"@type\":\"EntryPoint\",\"urlTemplate\":\"https:\/\/www.notibras.com\/site\/?s={search_term_string}\"},\"query-input\":{\"@type\":\"PropertyValueSpecification\",\"valueRequired\":true,\"valueName\":\"search_term_string\"}}],\"inLanguage\":\"pt-BR\"},{\"@type\":\"Organization\",\"@id\":\"https:\/\/www.notibras.com\/site\/#organization\",\"name\":\"Grupo Notibras de Comunica\u00e7\u00e3o\",\"url\":\"https:\/\/www.notibras.com\/site\/\",\"logo\":{\"@type\":\"ImageObject\",\"inLanguage\":\"pt-BR\",\"@id\":\"https:\/\/www.notibras.com\/site\/#\/schema\/logo\/image\/\",\"url\":\"https:\/\/www.notibras.com\/site\/wp-content\/uploads\/2023\/01\/notibras23.png\",\"contentUrl\":\"https:\/\/www.notibras.com\/site\/wp-content\/uploads\/2023\/01\/notibras23.png\",\"width\":350,\"height\":87,\"caption\":\"Grupo Notibras de Comunica\u00e7\u00e3o\"},\"image\":{\"@id\":\"https:\/\/www.notibras.com\/site\/#\/schema\/logo\/image\/\"},\"sameAs\":[\"https:\/\/www.facebook.com\/notibras\/\",\"https:\/\/x.com\/Notibras\",\"https:\/\/www.instagram.com\/notibras\/\"]},{\"@type\":\"Person\",\"@id\":\"https:\/\/www.notibras.com\/site\/#\/schema\/person\/36ab0979449956132d3e5b517ea76ac8\",\"name\":\"Reda\u00e7\u00e3o\",\"image\":{\"@type\":\"ImageObject\",\"inLanguage\":\"pt-BR\",\"@id\":\"https:\/\/secure.gravatar.com\/avatar\/e0a867bdedb85fd243eadf09663511f96fc81e0720a4a42581f334ad4303aa6b?s=96&d=mm&r=g\",\"url\":\"https:\/\/secure.gravatar.com\/avatar\/e0a867bdedb85fd243eadf09663511f96fc81e0720a4a42581f334ad4303aa6b?s=96&d=mm&r=g\",\"contentUrl\":\"https:\/\/secure.gravatar.com\/avatar\/e0a867bdedb85fd243eadf09663511f96fc81e0720a4a42581f334ad4303aa6b?s=96&d=mm&r=g\",\"caption\":\"Reda\u00e7\u00e3o\"}}]}<\/script>\n<!-- \/ Yoast SEO plugin. -->","yoast_head_json":{"title":"Buriti ficar\u00e1 com Celina ou Paula; Bia e Michelle levam vagas do Senado - Notibras","robots":{"index":"index","follow":"follow","max-snippet":"max-snippet:-1","max-image-preview":"max-image-preview:large","max-video-preview":"max-video-preview:-1"},"canonical":"https:\/\/www.notibras.com\/site\/buriti-ficara-com-celina-ou-paula-bia-e-michelle-levam-vagas-do-senado\/","og_locale":"pt_BR","og_type":"article","og_title":"Buriti ficar\u00e1 com Celina ou Paula; Bia e Michelle levam vagas do Senado - Notibras","og_description":"N\u00e3o h\u00e1 clima nem espa\u00e7o para os homens na corrida ao governo do Distrito Federal nas elei\u00e7\u00f5es de outubro pr\u00f3ximo. O mofo de velhos panetones vai provocar uma rea\u00e7\u00e3o al\u00e9rgica de efeito retardado em Jos\u00e9 Roberto Arruda (PSD); desfigurado perante o eleitor, far\u00e1 um breve papel de metamorfose ambulante, pulando do barco antes mesmo de [&hellip;]","og_url":"https:\/\/www.notibras.com\/site\/buriti-ficara-com-celina-ou-paula-bia-e-michelle-levam-vagas-do-senado\/","og_site_name":"Notibras","article_publisher":"https:\/\/www.facebook.com\/notibras\/","article_published_time":"2026-03-08T06:24:39+00:00","article_modified_time":"2026-03-08T09:09:09+00:00","og_image":[{"width":1536,"height":1024,"url":"https:\/\/www.notibras.com\/site\/wp-content\/uploads\/2026\/03\/cepau.buriti.jpg","type":"image\/jpeg"}],"author":"Reda\u00e7\u00e3o","twitter_card":"summary_large_image","twitter_creator":"@Notibras","twitter_site":"@Notibras","twitter_misc":{"Escrito por":"Reda\u00e7\u00e3o","Est. tempo de leitura":"7 minutos"},"schema":{"@context":"https:\/\/schema.org","@graph":[{"@type":"Article","@id":"https:\/\/www.notibras.com\/site\/buriti-ficara-com-celina-ou-paula-bia-e-michelle-levam-vagas-do-senado\/#article","isPartOf":{"@id":"https:\/\/www.notibras.com\/site\/buriti-ficara-com-celina-ou-paula-bia-e-michelle-levam-vagas-do-senado\/"},"author":{"name":"Reda\u00e7\u00e3o","@id":"https:\/\/www.notibras.com\/site\/#\/schema\/person\/36ab0979449956132d3e5b517ea76ac8"},"headline":"Buriti ficar\u00e1 com Celina ou Paula; Bia e Michelle levam vagas do Senado","datePublished":"2026-03-08T06:24:39+00:00","dateModified":"2026-03-08T09:09:09+00:00","mainEntityOfPage":{"@id":"https:\/\/www.notibras.com\/site\/buriti-ficara-com-celina-ou-paula-bia-e-michelle-levam-vagas-do-senado\/"},"wordCount":1306,"publisher":{"@id":"https:\/\/www.notibras.com\/site\/#organization"},"image":{"@id":"https:\/\/www.notibras.com\/site\/buriti-ficara-com-celina-ou-paula-bia-e-michelle-levam-vagas-do-senado\/#primaryimage"},"thumbnailUrl":"https:\/\/www.notibras.com\/site\/wp-content\/uploads\/2026\/03\/cepau.buriti.jpg","keywords":["capa"],"articleSection":["Quadradinho em Foco"],"inLanguage":"pt-BR"},{"@type":"WebPage","@id":"https:\/\/www.notibras.com\/site\/buriti-ficara-com-celina-ou-paula-bia-e-michelle-levam-vagas-do-senado\/","url":"https:\/\/www.notibras.com\/site\/buriti-ficara-com-celina-ou-paula-bia-e-michelle-levam-vagas-do-senado\/","name":"Buriti ficar\u00e1 com Celina ou Paula; Bia e Michelle levam vagas do Senado - Notibras","isPartOf":{"@id":"https:\/\/www.notibras.com\/site\/#website"},"primaryImageOfPage":{"@id":"https:\/\/www.notibras.com\/site\/buriti-ficara-com-celina-ou-paula-bia-e-michelle-levam-vagas-do-senado\/#primaryimage"},"image":{"@id":"https:\/\/www.notibras.com\/site\/buriti-ficara-com-celina-ou-paula-bia-e-michelle-levam-vagas-do-senado\/#primaryimage"},"thumbnailUrl":"https:\/\/www.notibras.com\/site\/wp-content\/uploads\/2026\/03\/cepau.buriti.jpg","datePublished":"2026-03-08T06:24:39+00:00","dateModified":"2026-03-08T09:09:09+00:00","breadcrumb":{"@id":"https:\/\/www.notibras.com\/site\/buriti-ficara-com-celina-ou-paula-bia-e-michelle-levam-vagas-do-senado\/#breadcrumb"},"inLanguage":"pt-BR","potentialAction":[{"@type":"ReadAction","target":["https:\/\/www.notibras.com\/site\/buriti-ficara-com-celina-ou-paula-bia-e-michelle-levam-vagas-do-senado\/"]}]},{"@type":"ImageObject","inLanguage":"pt-BR","@id":"https:\/\/www.notibras.com\/site\/buriti-ficara-com-celina-ou-paula-bia-e-michelle-levam-vagas-do-senado\/#primaryimage","url":"https:\/\/www.notibras.com\/site\/wp-content\/uploads\/2026\/03\/cepau.buriti.jpg","contentUrl":"https:\/\/www.notibras.com\/site\/wp-content\/uploads\/2026\/03\/cepau.buriti.jpg","width":1536,"height":1024},{"@type":"BreadcrumbList","@id":"https:\/\/www.notibras.com\/site\/buriti-ficara-com-celina-ou-paula-bia-e-michelle-levam-vagas-do-senado\/#breadcrumb","itemListElement":[{"@type":"ListItem","position":1,"name":"In\u00edcio","item":"https:\/\/www.notibras.com\/site\/"},{"@type":"ListItem","position":2,"name":"Buriti ficar\u00e1 com Celina ou Paula; Bia e Michelle levam vagas do Senado"}]},{"@type":"WebSite","@id":"https:\/\/www.notibras.com\/site\/#website","url":"https:\/\/www.notibras.com\/site\/","name":"Notibras","description":"Not\u00edcias de Bras\u00edlia, do Brasil e do Mundo","publisher":{"@id":"https:\/\/www.notibras.com\/site\/#organization"},"potentialAction":[{"@type":"SearchAction","target":{"@type":"EntryPoint","urlTemplate":"https:\/\/www.notibras.com\/site\/?s={search_term_string}"},"query-input":{"@type":"PropertyValueSpecification","valueRequired":true,"valueName":"search_term_string"}}],"inLanguage":"pt-BR"},{"@type":"Organization","@id":"https:\/\/www.notibras.com\/site\/#organization","name":"Grupo Notibras de Comunica\u00e7\u00e3o","url":"https:\/\/www.notibras.com\/site\/","logo":{"@type":"ImageObject","inLanguage":"pt-BR","@id":"https:\/\/www.notibras.com\/site\/#\/schema\/logo\/image\/","url":"https:\/\/www.notibras.com\/site\/wp-content\/uploads\/2023\/01\/notibras23.png","contentUrl":"https:\/\/www.notibras.com\/site\/wp-content\/uploads\/2023\/01\/notibras23.png","width":350,"height":87,"caption":"Grupo Notibras de Comunica\u00e7\u00e3o"},"image":{"@id":"https:\/\/www.notibras.com\/site\/#\/schema\/logo\/image\/"},"sameAs":["https:\/\/www.facebook.com\/notibras\/","https:\/\/x.com\/Notibras","https:\/\/www.instagram.com\/notibras\/"]},{"@type":"Person","@id":"https:\/\/www.notibras.com\/site\/#\/schema\/person\/36ab0979449956132d3e5b517ea76ac8","name":"Reda\u00e7\u00e3o","image":{"@type":"ImageObject","inLanguage":"pt-BR","@id":"https:\/\/secure.gravatar.com\/avatar\/e0a867bdedb85fd243eadf09663511f96fc81e0720a4a42581f334ad4303aa6b?s=96&d=mm&r=g","url":"https:\/\/secure.gravatar.com\/avatar\/e0a867bdedb85fd243eadf09663511f96fc81e0720a4a42581f334ad4303aa6b?s=96&d=mm&r=g","contentUrl":"https:\/\/secure.gravatar.com\/avatar\/e0a867bdedb85fd243eadf09663511f96fc81e0720a4a42581f334ad4303aa6b?s=96&d=mm&r=g","caption":"Reda\u00e7\u00e3o"}}]}},"amp_enabled":true,"_links":{"self":[{"href":"https:\/\/www.notibras.com\/site\/wp-json\/wp\/v2\/posts\/386090","targetHints":{"allow":["GET"]}}],"collection":[{"href":"https:\/\/www.notibras.com\/site\/wp-json\/wp\/v2\/posts"}],"about":[{"href":"https:\/\/www.notibras.com\/site\/wp-json\/wp\/v2\/types\/post"}],"author":[{"embeddable":true,"href":"https:\/\/www.notibras.com\/site\/wp-json\/wp\/v2\/users\/2"}],"replies":[{"embeddable":true,"href":"https:\/\/www.notibras.com\/site\/wp-json\/wp\/v2\/comments?post=386090"}],"version-history":[{"count":7,"href":"https:\/\/www.notibras.com\/site\/wp-json\/wp\/v2\/posts\/386090\/revisions"}],"predecessor-version":[{"id":386155,"href":"https:\/\/www.notibras.com\/site\/wp-json\/wp\/v2\/posts\/386090\/revisions\/386155"}],"wp:featuredmedia":[{"embeddable":true,"href":"https:\/\/www.notibras.com\/site\/wp-json\/wp\/v2\/media\/386091"}],"wp:attachment":[{"href":"https:\/\/www.notibras.com\/site\/wp-json\/wp\/v2\/media?parent=386090"}],"wp:term":[{"taxonomy":"category","embeddable":true,"href":"https:\/\/www.notibras.com\/site\/wp-json\/wp\/v2\/categories?post=386090"},{"taxonomy":"post_tag","embeddable":true,"href":"https:\/\/www.notibras.com\/site\/wp-json\/wp\/v2\/tags?post=386090"}],"curies":[{"name":"wp","href":"https:\/\/api.w.org\/{rel}","templated":true}]}}