{"id":386098,"date":"2026-03-08T03:53:31","date_gmt":"2026-03-08T06:53:31","guid":{"rendered":"https:\/\/www.notibras.com\/site\/?p=386098"},"modified":"2026-03-08T03:59:36","modified_gmt":"2026-03-08T06:59:36","slug":"fogo-e-paixao-mulher-tem-luz-propria-e-brilho-eterno","status":"publish","type":"post","link":"https:\/\/www.notibras.com\/site\/fogo-e-paixao-mulher-tem-luz-propria-e-brilho-eterno\/","title":{"rendered":"Fogo e paix\u00e3o, mulher tem luz pr\u00f3pria e brilho eterno"},"content":{"rendered":"<p>Dir\u00e3o os poetas que o cora\u00e7\u00e3o de uma mulher, como muitos instrumentos, depende de quem o toca. Como estagi\u00e1rio da poesia, digo que uma mulher decidida \u00e9 exatamente igual \u00e0s ondas do mar: ningu\u00e9m consegue deter. Ela \u00e9 a ess\u00eancia da for\u00e7a e da delicadeza. \u00c9 a raiz, a alma e a precis\u00e3o do fundamento das lutas, dos sonhos e da coragem di\u00e1ria de seguir em frente. Como disse Simone de Beauvoir, que nada as defina, que nada as sujeite. Que a liberdade seja sempre sua pr\u00f3pria subst\u00e2ncia. Saibam e gritem bem alto que a for\u00e7a feminina \u00e9 o que move o mundo.<\/p>\n<p>Um oceano de possibilidades. \u00c0s vezes, \u00e9 fogo e paix\u00e3o. Outras vezes, apenas um mar calmo como a serenidade da solid\u00e3o desejada. Obra divina, s\u00edmbolo de for\u00e7a e de resili\u00eancia. S\u00e3o feitas de luz pr\u00f3pria. Por isso, n\u00e3o precisam de mais nada para brilhar. Assim s\u00e3o as mulheres. Elas costumam ser uma inc\u00f3gnita. H\u00e1 dias em que viram um monumento \u00e0 d\u00favida. Num dia, ela \u00e9 linda. No outro, mais ainda. Pouco importa o que s\u00e3o e como as vemos. Importante \u00e9 que, sem exce\u00e7\u00e3o, mulher \u00e9 sin\u00f4nimo de amor, perseveran\u00e7a, desprendimento e, sobretudo, respeito.<\/p>\n<p>No dia consagrado a elas, durante os 365 dias do ano e ao longo de sua exist\u00eancia, as mulheres t\u00eam de ser vistas como seres especiais, aqueles que geram a vida e, com for\u00e7a, delicadeza e sabedoria, ajudam a transformar nossos dias em algo encantador. Preciso de muito pouco para reverenci\u00e1-las. Nascido de uma e aben\u00e7oado por v\u00e1rias, o que de mais honesto posso dizer das mulheres? Sem pensar duas vezes e tentando incorporar o esp\u00edrito do poeta mais criativo, direi que elas s\u00e3o uma cria\u00e7\u00e3o de Deus para aben\u00e7oar milh\u00f5es de vidas. \u00c9 muito pouco para o desrespeito que elas enfrentam atualmente.<\/p>\n<p>Cria\u00e7\u00e3o de Deus com sentimentos e geradas para tornar o mundo um lugar melhor. \u00c9 assim que n\u00f3s, os homens, dever\u00edamos v\u00ea-las todos os dias, inclusive no Dia Internacional da Mulher. Ent\u00e3o, por que n\u00e3o as tratamos sempre como rainhas? Poeticamente h\u00e1 muitas formas marcantes de se falar de e para uma mulher. Usemos todas, sem esquecer que o maior valor de uma mulher n\u00e3o est\u00e1 em suas curvas, muito menos em sua beleza f\u00edsica. Mulher perfeita \u00e9 aquela que sorri como uma menina, seduz como uma mulher e se d\u00e1 ao respeito como uma dama.<\/p>\n<p>Eis a raz\u00e3o para que, como primeiro passo, passemos a perceber que a curva mais bonita que a mulher tem no corpo \u00e9 verdadeiramente o sorriso. Embora reitere que n\u00e3o aprecie a express\u00e3o Dia Internacional da Mulher, aproveito a ocasi\u00e3o para afirmar que, muito mais do que coroar nossas rainhas, a data serve para que criemos coragem de dizer que somente a presen\u00e7a feminina j\u00e1 \u00e9 suficiente para transformar o comum em algo extraordin\u00e1rio. N\u00e3o gosto da locu\u00e7\u00e3o porque acho que os 365 dias do ano s\u00e3o destinados a elas.<\/p>\n<p>Seres dos quais nascemos e aos quais devemos nosso destino, elas, sem exce\u00e7\u00e3o, foram desenhadas com pinc\u00e9is aveludados, com cores firmes e, acompanhadas pelos olhares do sol e da lua, transformadas com o tempo em poesias escritas com coragem, for\u00e7a e amor. Como refer\u00eancia e prova de resist\u00eancia todos os dias, para elas n\u00e3o bastam homenagens simb\u00f3licas. Por isso, mais do que flores e bombons, 8 de mar\u00e7o \u00e9 sin\u00f4nimo de luta e de transmuta\u00e7\u00e3o. Vocacionadas para converter desafios em caminhos, elas mostram a for\u00e7a de que disp\u00f5em quando decidem n\u00e3o desistir.<\/p>\n<p>Faz tempo que, aparentemente, as mulheres deixaram de ser avaliadas somente como entes capazes de fazer hist\u00f3ria. Digo aparentemente porque, volunt\u00e1ria ou involuntariamente, algumas ainda convivem com instintos animalescos. Para a maioria que consegue respeit\u00e1-las, n\u00e3o h\u00e1 d\u00favida de que elas constroem o futuro. Portanto, n\u00e3o \u00e9 favor algum reconhecer que o mundo mudou depois que as mulheres decidiram ocupar seus espa\u00e7os. Que bom, pois s\u00f3 assim atestamos, de fato e de direito, que elas s\u00e3o exemplos vivos e lindos de valentia, de bravura e de desassombro.<\/p>\n<p>Rodeado de mulheres por todos os lados, sei que elas inspiram, lideram e disfar\u00e7am, mas amam, participam e choram como qualquer ser humano. Novamente me valendo da veia de estagi\u00e1rio de poeta, afirmo que mulher alguma precisa ser melhor do que ningu\u00e9m. No entanto, \u00e9 interessante jamais esquecer de ser uma mulher muito melhor do que foi ontem. Mulheres lindas, poderosas e seguras de que, mais preocupante do que ficar sozinha \u00e9 estar mal acompanhada, durmam e acordem com a certeza de que, em uma sociedade que insiste em cobr\u00e1-las padr\u00f5es inating\u00edveis, se amar incondicionalmente \u00e9 um ato revolucion\u00e1rio. Parab\u00e9ns, mulheres do meu Brasil feminino.<\/p>\n<p>&#8230;&#8230;..<\/p>\n<p><strong>Armando Cardoso \u00e9 presidente do Conselho Editorial de Notibras<\/strong><\/p>\n","protected":false},"excerpt":{"rendered":"<p>Dir\u00e3o os poetas que o cora\u00e7\u00e3o de uma mulher, como muitos instrumentos, depende de quem o toca. Como estagi\u00e1rio da poesia, digo que uma mulher decidida \u00e9 exatamente igual \u00e0s ondas do mar: ningu\u00e9m consegue deter. Ela \u00e9 a ess\u00eancia da for\u00e7a e da delicadeza. \u00c9 a raiz, a alma e a precis\u00e3o do fundamento [&hellip;]<\/p>\n","protected":false},"author":2,"featured_media":386099,"comment_status":"closed","ping_status":"closed","sticky":false,"template":"","format":"standard","meta":{"_acf_changed":false,"footnotes":""},"categories":[16],"tags":[],"class_list":["post-386098","post","type-post","status-publish","format-standard","has-post-thumbnail","hentry","category-brasil"],"acf":[],"yoast_head":"<!-- This site is optimized with the Yoast SEO plugin v27.2 - https:\/\/yoast.com\/product\/yoast-seo-wordpress\/ -->\n<title>Fogo e paix\u00e3o, mulher tem luz pr\u00f3pria e brilho eterno - Notibras<\/title>\n<meta name=\"robots\" content=\"index, follow, max-snippet:-1, max-image-preview:large, max-video-preview:-1\" \/>\n<link rel=\"canonical\" href=\"https:\/\/www.notibras.com\/site\/fogo-e-paixao-mulher-tem-luz-propria-e-brilho-eterno\/\" \/>\n<meta property=\"og:locale\" content=\"pt_BR\" \/>\n<meta property=\"og:type\" content=\"article\" \/>\n<meta property=\"og:title\" content=\"Fogo e paix\u00e3o, mulher tem luz pr\u00f3pria e brilho eterno - Notibras\" \/>\n<meta property=\"og:description\" content=\"Dir\u00e3o os poetas que o cora\u00e7\u00e3o de uma mulher, como muitos instrumentos, depende de quem o toca. Como estagi\u00e1rio da poesia, digo que uma mulher decidida \u00e9 exatamente igual \u00e0s ondas do mar: ningu\u00e9m consegue deter. Ela \u00e9 a ess\u00eancia da for\u00e7a e da delicadeza. \u00c9 a raiz, a alma e a precis\u00e3o do fundamento [&hellip;]\" \/>\n<meta property=\"og:url\" content=\"https:\/\/www.notibras.com\/site\/fogo-e-paixao-mulher-tem-luz-propria-e-brilho-eterno\/\" \/>\n<meta property=\"og:site_name\" content=\"Notibras\" \/>\n<meta property=\"article:publisher\" content=\"https:\/\/www.facebook.com\/notibras\/\" \/>\n<meta property=\"article:published_time\" content=\"2026-03-08T06:53:31+00:00\" \/>\n<meta property=\"article:modified_time\" content=\"2026-03-08T06:59:36+00:00\" \/>\n<meta property=\"og:image\" content=\"https:\/\/www.notibras.com\/site\/wp-content\/uploads\/2026\/03\/e4fc5d17-54e6-4aba-863a-b04efb3ec65d-1024x683.png\" \/>\n\t<meta property=\"og:image:width\" content=\"1024\" \/>\n\t<meta property=\"og:image:height\" content=\"683\" \/>\n\t<meta property=\"og:image:type\" content=\"image\/png\" \/>\n<meta name=\"author\" content=\"Reda\u00e7\u00e3o\" \/>\n<meta name=\"twitter:card\" content=\"summary_large_image\" \/>\n<meta name=\"twitter:creator\" content=\"@Notibras\" \/>\n<meta name=\"twitter:site\" content=\"@Notibras\" \/>\n<meta name=\"twitter:label1\" content=\"Escrito por\" \/>\n\t<meta name=\"twitter:data1\" content=\"Reda\u00e7\u00e3o\" \/>\n\t<meta name=\"twitter:label2\" content=\"Est. tempo de leitura\" \/>\n\t<meta name=\"twitter:data2\" content=\"5 minutos\" \/>\n<script type=\"application\/ld+json\" class=\"yoast-schema-graph\">{\"@context\":\"https:\/\/schema.org\",\"@graph\":[{\"@type\":\"Article\",\"@id\":\"https:\/\/www.notibras.com\/site\/fogo-e-paixao-mulher-tem-luz-propria-e-brilho-eterno\/#article\",\"isPartOf\":{\"@id\":\"https:\/\/www.notibras.com\/site\/fogo-e-paixao-mulher-tem-luz-propria-e-brilho-eterno\/\"},\"author\":{\"name\":\"Reda\u00e7\u00e3o\",\"@id\":\"https:\/\/www.notibras.com\/site\/#\/schema\/person\/36ab0979449956132d3e5b517ea76ac8\"},\"headline\":\"Fogo e paix\u00e3o, mulher tem luz pr\u00f3pria e brilho eterno\",\"datePublished\":\"2026-03-08T06:53:31+00:00\",\"dateModified\":\"2026-03-08T06:59:36+00:00\",\"mainEntityOfPage\":{\"@id\":\"https:\/\/www.notibras.com\/site\/fogo-e-paixao-mulher-tem-luz-propria-e-brilho-eterno\/\"},\"wordCount\":852,\"publisher\":{\"@id\":\"https:\/\/www.notibras.com\/site\/#organization\"},\"image\":{\"@id\":\"https:\/\/www.notibras.com\/site\/fogo-e-paixao-mulher-tem-luz-propria-e-brilho-eterno\/#primaryimage\"},\"thumbnailUrl\":\"https:\/\/www.notibras.com\/site\/wp-content\/uploads\/2026\/03\/e4fc5d17-54e6-4aba-863a-b04efb3ec65d.png\",\"articleSection\":[\"Brasil\"],\"inLanguage\":\"pt-BR\"},{\"@type\":\"WebPage\",\"@id\":\"https:\/\/www.notibras.com\/site\/fogo-e-paixao-mulher-tem-luz-propria-e-brilho-eterno\/\",\"url\":\"https:\/\/www.notibras.com\/site\/fogo-e-paixao-mulher-tem-luz-propria-e-brilho-eterno\/\",\"name\":\"Fogo e paix\u00e3o, mulher tem luz pr\u00f3pria e brilho eterno - Notibras\",\"isPartOf\":{\"@id\":\"https:\/\/www.notibras.com\/site\/#website\"},\"primaryImageOfPage\":{\"@id\":\"https:\/\/www.notibras.com\/site\/fogo-e-paixao-mulher-tem-luz-propria-e-brilho-eterno\/#primaryimage\"},\"image\":{\"@id\":\"https:\/\/www.notibras.com\/site\/fogo-e-paixao-mulher-tem-luz-propria-e-brilho-eterno\/#primaryimage\"},\"thumbnailUrl\":\"https:\/\/www.notibras.com\/site\/wp-content\/uploads\/2026\/03\/e4fc5d17-54e6-4aba-863a-b04efb3ec65d.png\",\"datePublished\":\"2026-03-08T06:53:31+00:00\",\"dateModified\":\"2026-03-08T06:59:36+00:00\",\"breadcrumb\":{\"@id\":\"https:\/\/www.notibras.com\/site\/fogo-e-paixao-mulher-tem-luz-propria-e-brilho-eterno\/#breadcrumb\"},\"inLanguage\":\"pt-BR\",\"potentialAction\":[{\"@type\":\"ReadAction\",\"target\":[\"https:\/\/www.notibras.com\/site\/fogo-e-paixao-mulher-tem-luz-propria-e-brilho-eterno\/\"]}]},{\"@type\":\"ImageObject\",\"inLanguage\":\"pt-BR\",\"@id\":\"https:\/\/www.notibras.com\/site\/fogo-e-paixao-mulher-tem-luz-propria-e-brilho-eterno\/#primaryimage\",\"url\":\"https:\/\/www.notibras.com\/site\/wp-content\/uploads\/2026\/03\/e4fc5d17-54e6-4aba-863a-b04efb3ec65d.png\",\"contentUrl\":\"https:\/\/www.notibras.com\/site\/wp-content\/uploads\/2026\/03\/e4fc5d17-54e6-4aba-863a-b04efb3ec65d.png\",\"width\":1536,\"height\":1024},{\"@type\":\"BreadcrumbList\",\"@id\":\"https:\/\/www.notibras.com\/site\/fogo-e-paixao-mulher-tem-luz-propria-e-brilho-eterno\/#breadcrumb\",\"itemListElement\":[{\"@type\":\"ListItem\",\"position\":1,\"name\":\"In\u00edcio\",\"item\":\"https:\/\/www.notibras.com\/site\/\"},{\"@type\":\"ListItem\",\"position\":2,\"name\":\"Fogo e paix\u00e3o, mulher tem luz pr\u00f3pria e brilho eterno\"}]},{\"@type\":\"WebSite\",\"@id\":\"https:\/\/www.notibras.com\/site\/#website\",\"url\":\"https:\/\/www.notibras.com\/site\/\",\"name\":\"Notibras\",\"description\":\"Not\u00edcias de Bras\u00edlia, do Brasil e do Mundo\",\"publisher\":{\"@id\":\"https:\/\/www.notibras.com\/site\/#organization\"},\"potentialAction\":[{\"@type\":\"SearchAction\",\"target\":{\"@type\":\"EntryPoint\",\"urlTemplate\":\"https:\/\/www.notibras.com\/site\/?s={search_term_string}\"},\"query-input\":{\"@type\":\"PropertyValueSpecification\",\"valueRequired\":true,\"valueName\":\"search_term_string\"}}],\"inLanguage\":\"pt-BR\"},{\"@type\":\"Organization\",\"@id\":\"https:\/\/www.notibras.com\/site\/#organization\",\"name\":\"Grupo Notibras de Comunica\u00e7\u00e3o\",\"url\":\"https:\/\/www.notibras.com\/site\/\",\"logo\":{\"@type\":\"ImageObject\",\"inLanguage\":\"pt-BR\",\"@id\":\"https:\/\/www.notibras.com\/site\/#\/schema\/logo\/image\/\",\"url\":\"https:\/\/www.notibras.com\/site\/wp-content\/uploads\/2023\/01\/notibras23.png\",\"contentUrl\":\"https:\/\/www.notibras.com\/site\/wp-content\/uploads\/2023\/01\/notibras23.png\",\"width\":350,\"height\":87,\"caption\":\"Grupo Notibras de Comunica\u00e7\u00e3o\"},\"image\":{\"@id\":\"https:\/\/www.notibras.com\/site\/#\/schema\/logo\/image\/\"},\"sameAs\":[\"https:\/\/www.facebook.com\/notibras\/\",\"https:\/\/x.com\/Notibras\",\"https:\/\/www.instagram.com\/notibras\/\"]},{\"@type\":\"Person\",\"@id\":\"https:\/\/www.notibras.com\/site\/#\/schema\/person\/36ab0979449956132d3e5b517ea76ac8\",\"name\":\"Reda\u00e7\u00e3o\",\"image\":{\"@type\":\"ImageObject\",\"inLanguage\":\"pt-BR\",\"@id\":\"https:\/\/secure.gravatar.com\/avatar\/e0a867bdedb85fd243eadf09663511f96fc81e0720a4a42581f334ad4303aa6b?s=96&d=mm&r=g\",\"url\":\"https:\/\/secure.gravatar.com\/avatar\/e0a867bdedb85fd243eadf09663511f96fc81e0720a4a42581f334ad4303aa6b?s=96&d=mm&r=g\",\"contentUrl\":\"https:\/\/secure.gravatar.com\/avatar\/e0a867bdedb85fd243eadf09663511f96fc81e0720a4a42581f334ad4303aa6b?s=96&d=mm&r=g\",\"caption\":\"Reda\u00e7\u00e3o\"}}]}<\/script>\n<!-- \/ Yoast SEO plugin. -->","yoast_head_json":{"title":"Fogo e paix\u00e3o, mulher tem luz pr\u00f3pria e brilho eterno - Notibras","robots":{"index":"index","follow":"follow","max-snippet":"max-snippet:-1","max-image-preview":"max-image-preview:large","max-video-preview":"max-video-preview:-1"},"canonical":"https:\/\/www.notibras.com\/site\/fogo-e-paixao-mulher-tem-luz-propria-e-brilho-eterno\/","og_locale":"pt_BR","og_type":"article","og_title":"Fogo e paix\u00e3o, mulher tem luz pr\u00f3pria e brilho eterno - Notibras","og_description":"Dir\u00e3o os poetas que o cora\u00e7\u00e3o de uma mulher, como muitos instrumentos, depende de quem o toca. Como estagi\u00e1rio da poesia, digo que uma mulher decidida \u00e9 exatamente igual \u00e0s ondas do mar: ningu\u00e9m consegue deter. Ela \u00e9 a ess\u00eancia da for\u00e7a e da delicadeza. \u00c9 a raiz, a alma e a precis\u00e3o do fundamento [&hellip;]","og_url":"https:\/\/www.notibras.com\/site\/fogo-e-paixao-mulher-tem-luz-propria-e-brilho-eterno\/","og_site_name":"Notibras","article_publisher":"https:\/\/www.facebook.com\/notibras\/","article_published_time":"2026-03-08T06:53:31+00:00","article_modified_time":"2026-03-08T06:59:36+00:00","og_image":[{"width":1024,"height":683,"url":"https:\/\/www.notibras.com\/site\/wp-content\/uploads\/2026\/03\/e4fc5d17-54e6-4aba-863a-b04efb3ec65d-1024x683.png","type":"image\/png"}],"author":"Reda\u00e7\u00e3o","twitter_card":"summary_large_image","twitter_creator":"@Notibras","twitter_site":"@Notibras","twitter_misc":{"Escrito por":"Reda\u00e7\u00e3o","Est. tempo de leitura":"5 minutos"},"schema":{"@context":"https:\/\/schema.org","@graph":[{"@type":"Article","@id":"https:\/\/www.notibras.com\/site\/fogo-e-paixao-mulher-tem-luz-propria-e-brilho-eterno\/#article","isPartOf":{"@id":"https:\/\/www.notibras.com\/site\/fogo-e-paixao-mulher-tem-luz-propria-e-brilho-eterno\/"},"author":{"name":"Reda\u00e7\u00e3o","@id":"https:\/\/www.notibras.com\/site\/#\/schema\/person\/36ab0979449956132d3e5b517ea76ac8"},"headline":"Fogo e paix\u00e3o, mulher tem luz pr\u00f3pria e brilho eterno","datePublished":"2026-03-08T06:53:31+00:00","dateModified":"2026-03-08T06:59:36+00:00","mainEntityOfPage":{"@id":"https:\/\/www.notibras.com\/site\/fogo-e-paixao-mulher-tem-luz-propria-e-brilho-eterno\/"},"wordCount":852,"publisher":{"@id":"https:\/\/www.notibras.com\/site\/#organization"},"image":{"@id":"https:\/\/www.notibras.com\/site\/fogo-e-paixao-mulher-tem-luz-propria-e-brilho-eterno\/#primaryimage"},"thumbnailUrl":"https:\/\/www.notibras.com\/site\/wp-content\/uploads\/2026\/03\/e4fc5d17-54e6-4aba-863a-b04efb3ec65d.png","articleSection":["Brasil"],"inLanguage":"pt-BR"},{"@type":"WebPage","@id":"https:\/\/www.notibras.com\/site\/fogo-e-paixao-mulher-tem-luz-propria-e-brilho-eterno\/","url":"https:\/\/www.notibras.com\/site\/fogo-e-paixao-mulher-tem-luz-propria-e-brilho-eterno\/","name":"Fogo e paix\u00e3o, mulher tem luz pr\u00f3pria e brilho eterno - Notibras","isPartOf":{"@id":"https:\/\/www.notibras.com\/site\/#website"},"primaryImageOfPage":{"@id":"https:\/\/www.notibras.com\/site\/fogo-e-paixao-mulher-tem-luz-propria-e-brilho-eterno\/#primaryimage"},"image":{"@id":"https:\/\/www.notibras.com\/site\/fogo-e-paixao-mulher-tem-luz-propria-e-brilho-eterno\/#primaryimage"},"thumbnailUrl":"https:\/\/www.notibras.com\/site\/wp-content\/uploads\/2026\/03\/e4fc5d17-54e6-4aba-863a-b04efb3ec65d.png","datePublished":"2026-03-08T06:53:31+00:00","dateModified":"2026-03-08T06:59:36+00:00","breadcrumb":{"@id":"https:\/\/www.notibras.com\/site\/fogo-e-paixao-mulher-tem-luz-propria-e-brilho-eterno\/#breadcrumb"},"inLanguage":"pt-BR","potentialAction":[{"@type":"ReadAction","target":["https:\/\/www.notibras.com\/site\/fogo-e-paixao-mulher-tem-luz-propria-e-brilho-eterno\/"]}]},{"@type":"ImageObject","inLanguage":"pt-BR","@id":"https:\/\/www.notibras.com\/site\/fogo-e-paixao-mulher-tem-luz-propria-e-brilho-eterno\/#primaryimage","url":"https:\/\/www.notibras.com\/site\/wp-content\/uploads\/2026\/03\/e4fc5d17-54e6-4aba-863a-b04efb3ec65d.png","contentUrl":"https:\/\/www.notibras.com\/site\/wp-content\/uploads\/2026\/03\/e4fc5d17-54e6-4aba-863a-b04efb3ec65d.png","width":1536,"height":1024},{"@type":"BreadcrumbList","@id":"https:\/\/www.notibras.com\/site\/fogo-e-paixao-mulher-tem-luz-propria-e-brilho-eterno\/#breadcrumb","itemListElement":[{"@type":"ListItem","position":1,"name":"In\u00edcio","item":"https:\/\/www.notibras.com\/site\/"},{"@type":"ListItem","position":2,"name":"Fogo e paix\u00e3o, mulher tem luz pr\u00f3pria e brilho eterno"}]},{"@type":"WebSite","@id":"https:\/\/www.notibras.com\/site\/#website","url":"https:\/\/www.notibras.com\/site\/","name":"Notibras","description":"Not\u00edcias de Bras\u00edlia, do Brasil e do Mundo","publisher":{"@id":"https:\/\/www.notibras.com\/site\/#organization"},"potentialAction":[{"@type":"SearchAction","target":{"@type":"EntryPoint","urlTemplate":"https:\/\/www.notibras.com\/site\/?s={search_term_string}"},"query-input":{"@type":"PropertyValueSpecification","valueRequired":true,"valueName":"search_term_string"}}],"inLanguage":"pt-BR"},{"@type":"Organization","@id":"https:\/\/www.notibras.com\/site\/#organization","name":"Grupo Notibras de Comunica\u00e7\u00e3o","url":"https:\/\/www.notibras.com\/site\/","logo":{"@type":"ImageObject","inLanguage":"pt-BR","@id":"https:\/\/www.notibras.com\/site\/#\/schema\/logo\/image\/","url":"https:\/\/www.notibras.com\/site\/wp-content\/uploads\/2023\/01\/notibras23.png","contentUrl":"https:\/\/www.notibras.com\/site\/wp-content\/uploads\/2023\/01\/notibras23.png","width":350,"height":87,"caption":"Grupo Notibras de Comunica\u00e7\u00e3o"},"image":{"@id":"https:\/\/www.notibras.com\/site\/#\/schema\/logo\/image\/"},"sameAs":["https:\/\/www.facebook.com\/notibras\/","https:\/\/x.com\/Notibras","https:\/\/www.instagram.com\/notibras\/"]},{"@type":"Person","@id":"https:\/\/www.notibras.com\/site\/#\/schema\/person\/36ab0979449956132d3e5b517ea76ac8","name":"Reda\u00e7\u00e3o","image":{"@type":"ImageObject","inLanguage":"pt-BR","@id":"https:\/\/secure.gravatar.com\/avatar\/e0a867bdedb85fd243eadf09663511f96fc81e0720a4a42581f334ad4303aa6b?s=96&d=mm&r=g","url":"https:\/\/secure.gravatar.com\/avatar\/e0a867bdedb85fd243eadf09663511f96fc81e0720a4a42581f334ad4303aa6b?s=96&d=mm&r=g","contentUrl":"https:\/\/secure.gravatar.com\/avatar\/e0a867bdedb85fd243eadf09663511f96fc81e0720a4a42581f334ad4303aa6b?s=96&d=mm&r=g","caption":"Reda\u00e7\u00e3o"}}]}},"amp_enabled":true,"_links":{"self":[{"href":"https:\/\/www.notibras.com\/site\/wp-json\/wp\/v2\/posts\/386098","targetHints":{"allow":["GET"]}}],"collection":[{"href":"https:\/\/www.notibras.com\/site\/wp-json\/wp\/v2\/posts"}],"about":[{"href":"https:\/\/www.notibras.com\/site\/wp-json\/wp\/v2\/types\/post"}],"author":[{"embeddable":true,"href":"https:\/\/www.notibras.com\/site\/wp-json\/wp\/v2\/users\/2"}],"replies":[{"embeddable":true,"href":"https:\/\/www.notibras.com\/site\/wp-json\/wp\/v2\/comments?post=386098"}],"version-history":[{"count":4,"href":"https:\/\/www.notibras.com\/site\/wp-json\/wp\/v2\/posts\/386098\/revisions"}],"predecessor-version":[{"id":386103,"href":"https:\/\/www.notibras.com\/site\/wp-json\/wp\/v2\/posts\/386098\/revisions\/386103"}],"wp:featuredmedia":[{"embeddable":true,"href":"https:\/\/www.notibras.com\/site\/wp-json\/wp\/v2\/media\/386099"}],"wp:attachment":[{"href":"https:\/\/www.notibras.com\/site\/wp-json\/wp\/v2\/media?parent=386098"}],"wp:term":[{"taxonomy":"category","embeddable":true,"href":"https:\/\/www.notibras.com\/site\/wp-json\/wp\/v2\/categories?post=386098"},{"taxonomy":"post_tag","embeddable":true,"href":"https:\/\/www.notibras.com\/site\/wp-json\/wp\/v2\/tags?post=386098"}],"curies":[{"name":"wp","href":"https:\/\/api.w.org\/{rel}","templated":true}]}}