{"id":386104,"date":"2026-03-08T04:06:20","date_gmt":"2026-03-08T07:06:20","guid":{"rendered":"https:\/\/www.notibras.com\/site\/?p=386104"},"modified":"2026-03-08T09:19:43","modified_gmt":"2026-03-08T12:19:43","slug":"as-mulheres-com-o-carinho-e-o-afeto-de-quem-faz-tempo-sabe-que-elas-mandam","status":"publish","type":"post","link":"https:\/\/www.notibras.com\/site\/as-mulheres-com-o-carinho-e-o-afeto-de-quem-faz-tempo-sabe-que-elas-mandam\/","title":{"rendered":"\u00c0s mulheres com o carinho e o afeto de quem, faz tempo, sabe que elas mandam"},"content":{"rendered":"<p>Desde muito jovem sou um ferrenho adepto da tese de que, nas trincheiras da alegria, o que deve explodir \u00e9 o amor. \u00c9 assim que devem ser as festas do interior. Apesar do peso do tempo, a minha \u00e9 e sempre ser\u00e1 assim. Por exemplo, jamais discordo da mulher com a qual divido o mesmo teto h\u00e1 40 anos. \u00c0s vezes, temos nossas diferen\u00e7as. Melhor dizendo, \u00e0s vezes ela se equivoca. Por isso, n\u00e3o discuto, porque, no fim das contas, \u00e9 a patroa quem est\u00e1 certa. E ai de n\u00f3s, os chamados bons mo\u00e7os, se reagirmos, ainda que por motivos justos. Como diz na g\u00edria feminista: \u00e9 caix\u00e3o e vela preta.<\/p>\n<p>Antes de prosseguir com a narrativa de endeusamento das mo\u00e7as que s\u00e3o a raz\u00e3o da vida dos homens, n\u00e3o custa lembrar aquela velha hist\u00f3ria da chegada de 100 mulheres no c\u00e9u. T\u00e3o logo adentraram o recinto, Deus, assessorado por S\u00e3o Pedro, o santo das chaves, perguntou: &#8211; Qual de voc\u00eas j\u00e1 mexeu no celular do marido sem que ele percebesse? A que for responder positivamente que chegue mais perto. De acordo com as anota\u00e7\u00f5es de S\u00e3o Pedro, 99 das mulheres presentes no purgat\u00f3rio se aproximaram. S\u00f3 uma ficou onde estava. Aos gritos, Deus ordenou: &#8211; Tragam a surda tamb\u00e9m.<\/p>\n<p>Respeito tanto as mulheres que, por raz\u00f5es \u00f3bvias, nunca fa\u00e7o piada de mau gosto com elas. Eu n\u00e3o fa\u00e7o, mas tem que fa\u00e7a. S\u00e3o os corajosos de plant\u00e3o. Um amigo distante \u2013 os pr\u00f3ximos eu expulso do conv\u00edvio \u2013 contou em uma roda que, numa daquelas noites de preliminares sem muita convic\u00e7\u00e3o, a esposa perguntou que tipo de mulher ele procurava at\u00e9 conhec\u00ea-la. Errou quem imaginou professora, advogada, ju\u00edza, bombeira, atriz, cantora de forr\u00f3 ou coronel da Pol\u00edcia Militar.<\/p>\n<p>Sem preocupa\u00e7\u00f5es futuras, o sujeito respondeu de chofre que sua prefer\u00eancia sempre foi pela mulher lua. Lisonjeada, a companheira pensou em voz alta nos adjetivos bonita, brilhante e reluzente. Embora honesta, a resposta poderia ter ficado para o dia de S\u00e3o Nunca: &#8211; Que ela venha de noite e v\u00e1 embora de dia. O dito cujo, quase um\u00a0<i>de cujus<\/i>, acabou sem os caninos e teve de ficar duas semanas e meia sem o lesco lesco di\u00e1rio. Na verdade, depois do fiasco da alcova, o lesco lesco passou a ser\u00a0<i>devezquand\u00e1rio<\/i>.<\/p>\n<p>N\u00e3o corro esse risco. Ali\u00e1s, fujo do perigo bem antes de ele aparecer. E tenho bons motivos para isso. Em um dia de afli\u00e7\u00e3o pol\u00edtica, do tipo escolha pat\u00e9tica e exclusivamente entre a direita e a extrema-direita, decidi ir ao boteco defronte \u00e0 minha casa. L\u00e1 chegando, me deparei com uma jovem senhora, aparentemente com o mesmo problema ps\u00edquico. Me aproximei e gentilmente ofereci um u\u00edsque. Com a mesma gentileza, a mo\u00e7a respondeu que n\u00e3o aceitaria porque destilados lhe fazem mal \u00e0s pernas.<\/p>\n<p>Como todo fan\u00e1tico por mitos, indaguei se suas pernas inchavam. \u201cN\u00e3o, elas abrem!\u201d. \u00c9 claro que nunca mais voltei ao boteco da perdi\u00e7\u00e3o. Hoje, vivo no recesso do lar e, ap\u00f3s a descoberta do Viagra, com dedica\u00e7\u00e3o quase hor\u00e1ria. Ainda que tenha custado alguns reais, devo essa nova alegria a meu neto mais velho. De saco cheio do esvaziamento do saco, percebi no bolso esquerdo do mancebo os tais azulinhos. Pedi para experimentar, mas o menino fez tantas recomenda\u00e7\u00f5es que quase desisti.<\/p>\n<p>&#8211; V\u00f4, vai fundo, mas aproveite bem, pois cada um desses comprimidinhos custa R$ 50 paus\u201d. Mesmo chocado com o pre\u00e7o, fui fundo. No dia seguinte, no caf\u00e9 da manh\u00e3, resolvi devolver o dinheiro. Coloquei no mesmo bolso esquerdo um envelope com R$ 200. Surpreso, o neto me disse por meio de um embargo auricular que eram somente R$ 50. Sorrindo, respondi que sabia. Na verdade, eu devolvi exatamente os R$ 50. Os R$ 150 restantes foram da av\u00f3. Como v\u00eaem, n\u00e3o questiono as decis\u00f5es da patroa, principalmente se elas agradam mais do que desagradam. Faz tempo que eu descobri quem manda.<\/p>\n<p>&#8230;&#8230;.<\/p>\n<p><strong>Wenceslau Ara\u00fajo \u00e9 Editor-Chefe de Notibras<\/strong><\/p>\n","protected":false},"excerpt":{"rendered":"<p>Desde muito jovem sou um ferrenho adepto da tese de que, nas trincheiras da alegria, o que deve explodir \u00e9 o amor. \u00c9 assim que devem ser as festas do interior. Apesar do peso do tempo, a minha \u00e9 e sempre ser\u00e1 assim. Por exemplo, jamais discordo da mulher com a qual divido o mesmo [&hellip;]<\/p>\n","protected":false},"author":2,"featured_media":386105,"comment_status":"closed","ping_status":"closed","sticky":false,"template":"","format":"standard","meta":{"_acf_changed":false,"footnotes":""},"categories":[155],"tags":[],"class_list":["post-386104","post","type-post","status-publish","format-standard","has-post-thumbnail","hentry","category-leitura-vip"],"acf":[],"yoast_head":"<!-- This site is optimized with the Yoast SEO plugin v27.2 - https:\/\/yoast.com\/product\/yoast-seo-wordpress\/ -->\n<title>\u00c0s mulheres com o carinho e o afeto de quem, faz tempo, sabe que elas mandam - Notibras<\/title>\n<meta name=\"robots\" content=\"index, follow, max-snippet:-1, max-image-preview:large, max-video-preview:-1\" \/>\n<link rel=\"canonical\" href=\"https:\/\/www.notibras.com\/site\/as-mulheres-com-o-carinho-e-o-afeto-de-quem-faz-tempo-sabe-que-elas-mandam\/\" \/>\n<meta property=\"og:locale\" content=\"pt_BR\" \/>\n<meta property=\"og:type\" content=\"article\" \/>\n<meta property=\"og:title\" content=\"\u00c0s mulheres com o carinho e o afeto de quem, faz tempo, sabe que elas mandam - Notibras\" \/>\n<meta property=\"og:description\" content=\"Desde muito jovem sou um ferrenho adepto da tese de que, nas trincheiras da alegria, o que deve explodir \u00e9 o amor. \u00c9 assim que devem ser as festas do interior. Apesar do peso do tempo, a minha \u00e9 e sempre ser\u00e1 assim. Por exemplo, jamais discordo da mulher com a qual divido o mesmo [&hellip;]\" \/>\n<meta property=\"og:url\" content=\"https:\/\/www.notibras.com\/site\/as-mulheres-com-o-carinho-e-o-afeto-de-quem-faz-tempo-sabe-que-elas-mandam\/\" \/>\n<meta property=\"og:site_name\" content=\"Notibras\" \/>\n<meta property=\"article:publisher\" content=\"https:\/\/www.facebook.com\/notibras\/\" \/>\n<meta property=\"article:published_time\" content=\"2026-03-08T07:06:20+00:00\" \/>\n<meta property=\"article:modified_time\" content=\"2026-03-08T12:19:43+00:00\" \/>\n<meta property=\"og:image\" content=\"https:\/\/www.notibras.com\/site\/wp-content\/uploads\/2026\/03\/ff6ebe89-35db-478d-81e7-5a914432f057-683x1024.png\" \/>\n\t<meta property=\"og:image:width\" content=\"683\" \/>\n\t<meta property=\"og:image:height\" content=\"1024\" \/>\n\t<meta property=\"og:image:type\" content=\"image\/png\" \/>\n<meta name=\"author\" content=\"Reda\u00e7\u00e3o\" \/>\n<meta name=\"twitter:card\" content=\"summary_large_image\" \/>\n<meta name=\"twitter:creator\" content=\"@Notibras\" \/>\n<meta name=\"twitter:site\" content=\"@Notibras\" \/>\n<meta name=\"twitter:label1\" content=\"Escrito por\" \/>\n\t<meta name=\"twitter:data1\" content=\"Reda\u00e7\u00e3o\" \/>\n\t<meta name=\"twitter:label2\" content=\"Est. tempo de leitura\" \/>\n\t<meta name=\"twitter:data2\" content=\"4 minutos\" \/>\n<script type=\"application\/ld+json\" class=\"yoast-schema-graph\">{\"@context\":\"https:\/\/schema.org\",\"@graph\":[{\"@type\":\"Article\",\"@id\":\"https:\/\/www.notibras.com\/site\/as-mulheres-com-o-carinho-e-o-afeto-de-quem-faz-tempo-sabe-que-elas-mandam\/#article\",\"isPartOf\":{\"@id\":\"https:\/\/www.notibras.com\/site\/as-mulheres-com-o-carinho-e-o-afeto-de-quem-faz-tempo-sabe-que-elas-mandam\/\"},\"author\":{\"name\":\"Reda\u00e7\u00e3o\",\"@id\":\"https:\/\/www.notibras.com\/site\/#\/schema\/person\/36ab0979449956132d3e5b517ea76ac8\"},\"headline\":\"\u00c0s mulheres com o carinho e o afeto de quem, faz tempo, sabe que elas mandam\",\"datePublished\":\"2026-03-08T07:06:20+00:00\",\"dateModified\":\"2026-03-08T12:19:43+00:00\",\"mainEntityOfPage\":{\"@id\":\"https:\/\/www.notibras.com\/site\/as-mulheres-com-o-carinho-e-o-afeto-de-quem-faz-tempo-sabe-que-elas-mandam\/\"},\"wordCount\":709,\"publisher\":{\"@id\":\"https:\/\/www.notibras.com\/site\/#organization\"},\"image\":{\"@id\":\"https:\/\/www.notibras.com\/site\/as-mulheres-com-o-carinho-e-o-afeto-de-quem-faz-tempo-sabe-que-elas-mandam\/#primaryimage\"},\"thumbnailUrl\":\"https:\/\/www.notibras.com\/site\/wp-content\/uploads\/2026\/03\/ff6ebe89-35db-478d-81e7-5a914432f057.png\",\"articleSection\":[\"Leitura Vip\"],\"inLanguage\":\"pt-BR\"},{\"@type\":\"WebPage\",\"@id\":\"https:\/\/www.notibras.com\/site\/as-mulheres-com-o-carinho-e-o-afeto-de-quem-faz-tempo-sabe-que-elas-mandam\/\",\"url\":\"https:\/\/www.notibras.com\/site\/as-mulheres-com-o-carinho-e-o-afeto-de-quem-faz-tempo-sabe-que-elas-mandam\/\",\"name\":\"\u00c0s mulheres com o carinho e o afeto de quem, faz tempo, sabe que elas mandam - Notibras\",\"isPartOf\":{\"@id\":\"https:\/\/www.notibras.com\/site\/#website\"},\"primaryImageOfPage\":{\"@id\":\"https:\/\/www.notibras.com\/site\/as-mulheres-com-o-carinho-e-o-afeto-de-quem-faz-tempo-sabe-que-elas-mandam\/#primaryimage\"},\"image\":{\"@id\":\"https:\/\/www.notibras.com\/site\/as-mulheres-com-o-carinho-e-o-afeto-de-quem-faz-tempo-sabe-que-elas-mandam\/#primaryimage\"},\"thumbnailUrl\":\"https:\/\/www.notibras.com\/site\/wp-content\/uploads\/2026\/03\/ff6ebe89-35db-478d-81e7-5a914432f057.png\",\"datePublished\":\"2026-03-08T07:06:20+00:00\",\"dateModified\":\"2026-03-08T12:19:43+00:00\",\"breadcrumb\":{\"@id\":\"https:\/\/www.notibras.com\/site\/as-mulheres-com-o-carinho-e-o-afeto-de-quem-faz-tempo-sabe-que-elas-mandam\/#breadcrumb\"},\"inLanguage\":\"pt-BR\",\"potentialAction\":[{\"@type\":\"ReadAction\",\"target\":[\"https:\/\/www.notibras.com\/site\/as-mulheres-com-o-carinho-e-o-afeto-de-quem-faz-tempo-sabe-que-elas-mandam\/\"]}]},{\"@type\":\"ImageObject\",\"inLanguage\":\"pt-BR\",\"@id\":\"https:\/\/www.notibras.com\/site\/as-mulheres-com-o-carinho-e-o-afeto-de-quem-faz-tempo-sabe-que-elas-mandam\/#primaryimage\",\"url\":\"https:\/\/www.notibras.com\/site\/wp-content\/uploads\/2026\/03\/ff6ebe89-35db-478d-81e7-5a914432f057.png\",\"contentUrl\":\"https:\/\/www.notibras.com\/site\/wp-content\/uploads\/2026\/03\/ff6ebe89-35db-478d-81e7-5a914432f057.png\",\"width\":1024,\"height\":1536},{\"@type\":\"BreadcrumbList\",\"@id\":\"https:\/\/www.notibras.com\/site\/as-mulheres-com-o-carinho-e-o-afeto-de-quem-faz-tempo-sabe-que-elas-mandam\/#breadcrumb\",\"itemListElement\":[{\"@type\":\"ListItem\",\"position\":1,\"name\":\"In\u00edcio\",\"item\":\"https:\/\/www.notibras.com\/site\/\"},{\"@type\":\"ListItem\",\"position\":2,\"name\":\"\u00c0s mulheres com o carinho e o afeto de quem, faz tempo, sabe que elas mandam\"}]},{\"@type\":\"WebSite\",\"@id\":\"https:\/\/www.notibras.com\/site\/#website\",\"url\":\"https:\/\/www.notibras.com\/site\/\",\"name\":\"Notibras\",\"description\":\"Not\u00edcias de Bras\u00edlia, do Brasil e do Mundo\",\"publisher\":{\"@id\":\"https:\/\/www.notibras.com\/site\/#organization\"},\"potentialAction\":[{\"@type\":\"SearchAction\",\"target\":{\"@type\":\"EntryPoint\",\"urlTemplate\":\"https:\/\/www.notibras.com\/site\/?s={search_term_string}\"},\"query-input\":{\"@type\":\"PropertyValueSpecification\",\"valueRequired\":true,\"valueName\":\"search_term_string\"}}],\"inLanguage\":\"pt-BR\"},{\"@type\":\"Organization\",\"@id\":\"https:\/\/www.notibras.com\/site\/#organization\",\"name\":\"Grupo Notibras de Comunica\u00e7\u00e3o\",\"url\":\"https:\/\/www.notibras.com\/site\/\",\"logo\":{\"@type\":\"ImageObject\",\"inLanguage\":\"pt-BR\",\"@id\":\"https:\/\/www.notibras.com\/site\/#\/schema\/logo\/image\/\",\"url\":\"https:\/\/www.notibras.com\/site\/wp-content\/uploads\/2023\/01\/notibras23.png\",\"contentUrl\":\"https:\/\/www.notibras.com\/site\/wp-content\/uploads\/2023\/01\/notibras23.png\",\"width\":350,\"height\":87,\"caption\":\"Grupo Notibras de Comunica\u00e7\u00e3o\"},\"image\":{\"@id\":\"https:\/\/www.notibras.com\/site\/#\/schema\/logo\/image\/\"},\"sameAs\":[\"https:\/\/www.facebook.com\/notibras\/\",\"https:\/\/x.com\/Notibras\",\"https:\/\/www.instagram.com\/notibras\/\"]},{\"@type\":\"Person\",\"@id\":\"https:\/\/www.notibras.com\/site\/#\/schema\/person\/36ab0979449956132d3e5b517ea76ac8\",\"name\":\"Reda\u00e7\u00e3o\",\"image\":{\"@type\":\"ImageObject\",\"inLanguage\":\"pt-BR\",\"@id\":\"https:\/\/secure.gravatar.com\/avatar\/e0a867bdedb85fd243eadf09663511f96fc81e0720a4a42581f334ad4303aa6b?s=96&d=mm&r=g\",\"url\":\"https:\/\/secure.gravatar.com\/avatar\/e0a867bdedb85fd243eadf09663511f96fc81e0720a4a42581f334ad4303aa6b?s=96&d=mm&r=g\",\"contentUrl\":\"https:\/\/secure.gravatar.com\/avatar\/e0a867bdedb85fd243eadf09663511f96fc81e0720a4a42581f334ad4303aa6b?s=96&d=mm&r=g\",\"caption\":\"Reda\u00e7\u00e3o\"}}]}<\/script>\n<!-- \/ Yoast SEO plugin. -->","yoast_head_json":{"title":"\u00c0s mulheres com o carinho e o afeto de quem, faz tempo, sabe que elas mandam - Notibras","robots":{"index":"index","follow":"follow","max-snippet":"max-snippet:-1","max-image-preview":"max-image-preview:large","max-video-preview":"max-video-preview:-1"},"canonical":"https:\/\/www.notibras.com\/site\/as-mulheres-com-o-carinho-e-o-afeto-de-quem-faz-tempo-sabe-que-elas-mandam\/","og_locale":"pt_BR","og_type":"article","og_title":"\u00c0s mulheres com o carinho e o afeto de quem, faz tempo, sabe que elas mandam - Notibras","og_description":"Desde muito jovem sou um ferrenho adepto da tese de que, nas trincheiras da alegria, o que deve explodir \u00e9 o amor. \u00c9 assim que devem ser as festas do interior. Apesar do peso do tempo, a minha \u00e9 e sempre ser\u00e1 assim. Por exemplo, jamais discordo da mulher com a qual divido o mesmo [&hellip;]","og_url":"https:\/\/www.notibras.com\/site\/as-mulheres-com-o-carinho-e-o-afeto-de-quem-faz-tempo-sabe-que-elas-mandam\/","og_site_name":"Notibras","article_publisher":"https:\/\/www.facebook.com\/notibras\/","article_published_time":"2026-03-08T07:06:20+00:00","article_modified_time":"2026-03-08T12:19:43+00:00","og_image":[{"width":683,"height":1024,"url":"https:\/\/www.notibras.com\/site\/wp-content\/uploads\/2026\/03\/ff6ebe89-35db-478d-81e7-5a914432f057-683x1024.png","type":"image\/png"}],"author":"Reda\u00e7\u00e3o","twitter_card":"summary_large_image","twitter_creator":"@Notibras","twitter_site":"@Notibras","twitter_misc":{"Escrito por":"Reda\u00e7\u00e3o","Est. tempo de leitura":"4 minutos"},"schema":{"@context":"https:\/\/schema.org","@graph":[{"@type":"Article","@id":"https:\/\/www.notibras.com\/site\/as-mulheres-com-o-carinho-e-o-afeto-de-quem-faz-tempo-sabe-que-elas-mandam\/#article","isPartOf":{"@id":"https:\/\/www.notibras.com\/site\/as-mulheres-com-o-carinho-e-o-afeto-de-quem-faz-tempo-sabe-que-elas-mandam\/"},"author":{"name":"Reda\u00e7\u00e3o","@id":"https:\/\/www.notibras.com\/site\/#\/schema\/person\/36ab0979449956132d3e5b517ea76ac8"},"headline":"\u00c0s mulheres com o carinho e o afeto de quem, faz tempo, sabe que elas mandam","datePublished":"2026-03-08T07:06:20+00:00","dateModified":"2026-03-08T12:19:43+00:00","mainEntityOfPage":{"@id":"https:\/\/www.notibras.com\/site\/as-mulheres-com-o-carinho-e-o-afeto-de-quem-faz-tempo-sabe-que-elas-mandam\/"},"wordCount":709,"publisher":{"@id":"https:\/\/www.notibras.com\/site\/#organization"},"image":{"@id":"https:\/\/www.notibras.com\/site\/as-mulheres-com-o-carinho-e-o-afeto-de-quem-faz-tempo-sabe-que-elas-mandam\/#primaryimage"},"thumbnailUrl":"https:\/\/www.notibras.com\/site\/wp-content\/uploads\/2026\/03\/ff6ebe89-35db-478d-81e7-5a914432f057.png","articleSection":["Leitura Vip"],"inLanguage":"pt-BR"},{"@type":"WebPage","@id":"https:\/\/www.notibras.com\/site\/as-mulheres-com-o-carinho-e-o-afeto-de-quem-faz-tempo-sabe-que-elas-mandam\/","url":"https:\/\/www.notibras.com\/site\/as-mulheres-com-o-carinho-e-o-afeto-de-quem-faz-tempo-sabe-que-elas-mandam\/","name":"\u00c0s mulheres com o carinho e o afeto de quem, faz tempo, sabe que elas mandam - Notibras","isPartOf":{"@id":"https:\/\/www.notibras.com\/site\/#website"},"primaryImageOfPage":{"@id":"https:\/\/www.notibras.com\/site\/as-mulheres-com-o-carinho-e-o-afeto-de-quem-faz-tempo-sabe-que-elas-mandam\/#primaryimage"},"image":{"@id":"https:\/\/www.notibras.com\/site\/as-mulheres-com-o-carinho-e-o-afeto-de-quem-faz-tempo-sabe-que-elas-mandam\/#primaryimage"},"thumbnailUrl":"https:\/\/www.notibras.com\/site\/wp-content\/uploads\/2026\/03\/ff6ebe89-35db-478d-81e7-5a914432f057.png","datePublished":"2026-03-08T07:06:20+00:00","dateModified":"2026-03-08T12:19:43+00:00","breadcrumb":{"@id":"https:\/\/www.notibras.com\/site\/as-mulheres-com-o-carinho-e-o-afeto-de-quem-faz-tempo-sabe-que-elas-mandam\/#breadcrumb"},"inLanguage":"pt-BR","potentialAction":[{"@type":"ReadAction","target":["https:\/\/www.notibras.com\/site\/as-mulheres-com-o-carinho-e-o-afeto-de-quem-faz-tempo-sabe-que-elas-mandam\/"]}]},{"@type":"ImageObject","inLanguage":"pt-BR","@id":"https:\/\/www.notibras.com\/site\/as-mulheres-com-o-carinho-e-o-afeto-de-quem-faz-tempo-sabe-que-elas-mandam\/#primaryimage","url":"https:\/\/www.notibras.com\/site\/wp-content\/uploads\/2026\/03\/ff6ebe89-35db-478d-81e7-5a914432f057.png","contentUrl":"https:\/\/www.notibras.com\/site\/wp-content\/uploads\/2026\/03\/ff6ebe89-35db-478d-81e7-5a914432f057.png","width":1024,"height":1536},{"@type":"BreadcrumbList","@id":"https:\/\/www.notibras.com\/site\/as-mulheres-com-o-carinho-e-o-afeto-de-quem-faz-tempo-sabe-que-elas-mandam\/#breadcrumb","itemListElement":[{"@type":"ListItem","position":1,"name":"In\u00edcio","item":"https:\/\/www.notibras.com\/site\/"},{"@type":"ListItem","position":2,"name":"\u00c0s mulheres com o carinho e o afeto de quem, faz tempo, sabe que elas mandam"}]},{"@type":"WebSite","@id":"https:\/\/www.notibras.com\/site\/#website","url":"https:\/\/www.notibras.com\/site\/","name":"Notibras","description":"Not\u00edcias de Bras\u00edlia, do Brasil e do Mundo","publisher":{"@id":"https:\/\/www.notibras.com\/site\/#organization"},"potentialAction":[{"@type":"SearchAction","target":{"@type":"EntryPoint","urlTemplate":"https:\/\/www.notibras.com\/site\/?s={search_term_string}"},"query-input":{"@type":"PropertyValueSpecification","valueRequired":true,"valueName":"search_term_string"}}],"inLanguage":"pt-BR"},{"@type":"Organization","@id":"https:\/\/www.notibras.com\/site\/#organization","name":"Grupo Notibras de Comunica\u00e7\u00e3o","url":"https:\/\/www.notibras.com\/site\/","logo":{"@type":"ImageObject","inLanguage":"pt-BR","@id":"https:\/\/www.notibras.com\/site\/#\/schema\/logo\/image\/","url":"https:\/\/www.notibras.com\/site\/wp-content\/uploads\/2023\/01\/notibras23.png","contentUrl":"https:\/\/www.notibras.com\/site\/wp-content\/uploads\/2023\/01\/notibras23.png","width":350,"height":87,"caption":"Grupo Notibras de Comunica\u00e7\u00e3o"},"image":{"@id":"https:\/\/www.notibras.com\/site\/#\/schema\/logo\/image\/"},"sameAs":["https:\/\/www.facebook.com\/notibras\/","https:\/\/x.com\/Notibras","https:\/\/www.instagram.com\/notibras\/"]},{"@type":"Person","@id":"https:\/\/www.notibras.com\/site\/#\/schema\/person\/36ab0979449956132d3e5b517ea76ac8","name":"Reda\u00e7\u00e3o","image":{"@type":"ImageObject","inLanguage":"pt-BR","@id":"https:\/\/secure.gravatar.com\/avatar\/e0a867bdedb85fd243eadf09663511f96fc81e0720a4a42581f334ad4303aa6b?s=96&d=mm&r=g","url":"https:\/\/secure.gravatar.com\/avatar\/e0a867bdedb85fd243eadf09663511f96fc81e0720a4a42581f334ad4303aa6b?s=96&d=mm&r=g","contentUrl":"https:\/\/secure.gravatar.com\/avatar\/e0a867bdedb85fd243eadf09663511f96fc81e0720a4a42581f334ad4303aa6b?s=96&d=mm&r=g","caption":"Reda\u00e7\u00e3o"}}]}},"amp_enabled":true,"_links":{"self":[{"href":"https:\/\/www.notibras.com\/site\/wp-json\/wp\/v2\/posts\/386104","targetHints":{"allow":["GET"]}}],"collection":[{"href":"https:\/\/www.notibras.com\/site\/wp-json\/wp\/v2\/posts"}],"about":[{"href":"https:\/\/www.notibras.com\/site\/wp-json\/wp\/v2\/types\/post"}],"author":[{"embeddable":true,"href":"https:\/\/www.notibras.com\/site\/wp-json\/wp\/v2\/users\/2"}],"replies":[{"embeddable":true,"href":"https:\/\/www.notibras.com\/site\/wp-json\/wp\/v2\/comments?post=386104"}],"version-history":[{"count":4,"href":"https:\/\/www.notibras.com\/site\/wp-json\/wp\/v2\/posts\/386104\/revisions"}],"predecessor-version":[{"id":386157,"href":"https:\/\/www.notibras.com\/site\/wp-json\/wp\/v2\/posts\/386104\/revisions\/386157"}],"wp:featuredmedia":[{"embeddable":true,"href":"https:\/\/www.notibras.com\/site\/wp-json\/wp\/v2\/media\/386105"}],"wp:attachment":[{"href":"https:\/\/www.notibras.com\/site\/wp-json\/wp\/v2\/media?parent=386104"}],"wp:term":[{"taxonomy":"category","embeddable":true,"href":"https:\/\/www.notibras.com\/site\/wp-json\/wp\/v2\/categories?post=386104"},{"taxonomy":"post_tag","embeddable":true,"href":"https:\/\/www.notibras.com\/site\/wp-json\/wp\/v2\/tags?post=386104"}],"curies":[{"name":"wp","href":"https:\/\/api.w.org\/{rel}","templated":true}]}}