{"id":386109,"date":"2026-03-08T00:01:13","date_gmt":"2026-03-08T03:01:13","guid":{"rendered":"https:\/\/www.notibras.com\/site\/?p=386109"},"modified":"2026-03-08T04:13:43","modified_gmt":"2026-03-08T07:13:43","slug":"nao-podemos-nos-conformar-com-homens-matando-mulheres","status":"publish","type":"post","link":"https:\/\/www.notibras.com\/site\/nao-podemos-nos-conformar-com-homens-matando-mulheres\/","title":{"rendered":"\u201cN\u00e3o podemos nos conformar com homens matando mulheres\u201d"},"content":{"rendered":"<p>O presidente da Rep\u00fablica, Luiz In\u00e1cio Lula da Silva, fez um pronunciamento na noite deste s\u00e1bado (7), em cadeia nacional de r\u00e1dio e televis\u00e3o, em homenagem ao Dia Internacional da Mulher, celebrado em 8 de mar\u00e7o. No discurso, o presidente destacou a urg\u00eancia no combate ao feminic\u00eddio, crime que bateu recorde e chegou \u00e0 m\u00e9dia de quatro mulher assassinadas por dia em 2025.<\/p>\n<p>\u201cA cada seis horas, um homem mata uma mulher no Brasil. Cada feminic\u00eddio \u00e9 o resultado de uma soma de viol\u00eancias di\u00e1rias, silenciosas, naturalizadas. A maioria esmagadora dessas agress\u00f5es acontece dentro de casa, no ambiente que deveria ser de prote\u00e7\u00e3o\u201d, disse.<\/p>\n<p>&#8220;Mesmo com o agravamento da pena para o feminic\u00eddio, com at\u00e9 40 anos de pris\u00e3o para os assassinos, homens continuam agredindo e matando mulheres. N\u00e3o podemos nos conformar&#8221;, acrescentou.<\/p>\n<p>Lula questionou sobre o tipo de futuro pode ter um pa\u00eds onde mulheres sofrem tamanha viol\u00eancia e relembrou as a\u00e7\u00f5es anunciadas recentemente pelo governo que comp\u00f5em o Pacto Nacional &#8211; Brasil contra o Feminic\u00eddio. A iniciativa envolve Executivo, Legislativo e Judici\u00e1rio.<\/p>\n<p>&#8220;Para come\u00e7ar, um mutir\u00e3o do Minist\u00e9rio da Justi\u00e7a, em parceria com os governos dos estados, para prender mais de 2 mil agressores de mulheres que n\u00e3o podem e n\u00e3o v\u00e3o continuar em liberdade. E estou avisando: outras opera\u00e7\u00f5es vir\u00e3o&#8221;.<\/p>\n<p>Em seguida, afirmou: &#8220;Viol\u00eancia contra a mulher n\u00e3o \u00e9 quest\u00e3o privada onde ningu\u00e9m mete a colher. \u00c9 crime. E vamos, sim, meter a colher&#8221;.<\/p>\n<p>Lula tamb\u00e9m trouxe em seu pronunciamento algumas iniciativas j\u00e1 em pr\u00e1tica que, destacou, \u201cbeneficiam fam\u00edlias, sobretudo, mulheres\u201d. Entre esses programas est\u00e3o o P\u00e9-de-Meia, o G\u00e1s do Povo, o Imposto de Renda zero para quem ganha at\u00e9 R$ 5 mil e o programa de distribui\u00e7\u00e3o gratuita de absorventes.<\/p>\n<p><strong>Escala 6&#215;1<\/strong><br \/>\nO presidente falou tamb\u00e9m sobre a import\u00e2ncia de acabar com a escala 6&#215;1 de trabalho, quando se trabalha seis dias com apenas um de descanso. Lula enfatizou como essa escala prejudica especialmente a mulher que, muitas vezes, tem dupla jornada.<\/p>\n<p>\u201c\u00c9 preciso avan\u00e7ar no fim da escala 6&#215;1, que obriga a pessoa a trabalhar seis dias por semana e ter um s\u00f3 dia de folga. Est\u00e1 na hora de acabar com isso, pois significar\u00e1 mais tempo com a fam\u00edlia, mais tempo para estudar, descansar e viver. Essa \u00e9 uma pauta da mulher brasileira\u201d.<\/p>\n<p>O fim da escala 6&#215;1 tem sido defendido pelo governo junto ao Congresso Nacional e tem trabalhado, com sua base parlamentar, pelo avan\u00e7o do tema na C\u00e2mara e no Senado.<\/p>\n<p><strong>ECA Digital<\/strong><br \/>\nO presidente lembrou ainda que entrar\u00e1 em vigor em breve, no dia 17 de mar\u00e7o, o Estatuto Digital das Crian\u00e7as e Adolescentes, o ECA Digital. E afirmou que o governo anunciar\u00e1 ainda em mar\u00e7o novas medidas para combater o ass\u00e9dio online.<\/p>\n<p>\u201cO Brasil que queremos n\u00e3o \u00e9 um pa\u00eds onde as mulheres apenas sobrevivam. \u00c9 um pa\u00eds onde elas possam viver em seguran\u00e7a, com liberdade para se divertir, trabalhar, empreender e prosperar\u201d.<\/p>\n<p>O ECA Digital obriga as plataformas digitais a tomarem medidas para prevenir riscos de crian\u00e7as e adolescentes acessarem conte\u00fados ilegais ou considerados impr\u00f3prios para essas faixas et\u00e1rias, como explora\u00e7\u00e3o e abuso sexual, viol\u00eancia f\u00edsica, intimida\u00e7\u00e3o, ass\u00e9dio, promo\u00e7\u00e3o e comercializa\u00e7\u00e3o de jogos de azar, pr\u00e1ticas publicit\u00e1rias predat\u00f3rias e enganosas, entre outros crimes.<\/p>\n<p>O decreto que vai regulamentar o ECA Digital est\u00e1 em produ\u00e7\u00e3o conjunta entre o Minist\u00e9rio da Justi\u00e7a, a Casa Civil, o Minist\u00e9rio dos Direitos Humanos e da Cidadania, o Minist\u00e9rio da Gest\u00e3o e Inova\u00e7\u00e3o em Servi\u00e7os P\u00fablicos e a Secretaria de Comunica\u00e7\u00e3o da Presid\u00eancia da Rep\u00fablica.<\/p>\n","protected":false},"excerpt":{"rendered":"<p>O presidente da Rep\u00fablica, Luiz In\u00e1cio Lula da Silva, fez um pronunciamento na noite deste s\u00e1bado (7), em cadeia nacional de r\u00e1dio e televis\u00e3o, em homenagem ao Dia Internacional da Mulher, celebrado em 8 de mar\u00e7o. No discurso, o presidente destacou a urg\u00eancia no combate ao feminic\u00eddio, crime que bateu recorde e chegou \u00e0 m\u00e9dia [&hellip;]<\/p>\n","protected":false},"author":2,"featured_media":386110,"comment_status":"closed","ping_status":"closed","sticky":false,"template":"","format":"standard","meta":{"_acf_changed":false,"footnotes":""},"categories":[16],"tags":[],"class_list":["post-386109","post","type-post","status-publish","format-standard","has-post-thumbnail","hentry","category-brasil"],"acf":[],"yoast_head":"<!-- This site is optimized with the Yoast SEO plugin v27.2 - https:\/\/yoast.com\/product\/yoast-seo-wordpress\/ -->\n<title>\u201cN\u00e3o podemos nos conformar com homens matando mulheres\u201d - Notibras<\/title>\n<meta name=\"robots\" content=\"index, follow, max-snippet:-1, max-image-preview:large, max-video-preview:-1\" \/>\n<link rel=\"canonical\" href=\"https:\/\/www.notibras.com\/site\/nao-podemos-nos-conformar-com-homens-matando-mulheres\/\" \/>\n<meta property=\"og:locale\" content=\"pt_BR\" \/>\n<meta property=\"og:type\" content=\"article\" \/>\n<meta property=\"og:title\" content=\"\u201cN\u00e3o podemos nos conformar com homens matando mulheres\u201d - Notibras\" \/>\n<meta property=\"og:description\" content=\"O presidente da Rep\u00fablica, Luiz In\u00e1cio Lula da Silva, fez um pronunciamento na noite deste s\u00e1bado (7), em cadeia nacional de r\u00e1dio e televis\u00e3o, em homenagem ao Dia Internacional da Mulher, celebrado em 8 de mar\u00e7o. No discurso, o presidente destacou a urg\u00eancia no combate ao feminic\u00eddio, crime que bateu recorde e chegou \u00e0 m\u00e9dia [&hellip;]\" \/>\n<meta property=\"og:url\" content=\"https:\/\/www.notibras.com\/site\/nao-podemos-nos-conformar-com-homens-matando-mulheres\/\" \/>\n<meta property=\"og:site_name\" content=\"Notibras\" \/>\n<meta property=\"article:publisher\" content=\"https:\/\/www.facebook.com\/notibras\/\" \/>\n<meta property=\"article:published_time\" content=\"2026-03-08T03:01:13+00:00\" \/>\n<meta property=\"article:modified_time\" content=\"2026-03-08T07:13:43+00:00\" \/>\n<meta property=\"og:image\" content=\"https:\/\/www.notibras.com\/site\/wp-content\/uploads\/2026\/03\/124a7296-13.webp\" \/>\n\t<meta property=\"og:image:width\" content=\"1170\" \/>\n\t<meta property=\"og:image:height\" content=\"700\" \/>\n\t<meta property=\"og:image:type\" content=\"image\/webp\" \/>\n<meta name=\"author\" content=\"Reda\u00e7\u00e3o\" \/>\n<meta name=\"twitter:card\" content=\"summary_large_image\" \/>\n<meta name=\"twitter:creator\" content=\"@Notibras\" \/>\n<meta name=\"twitter:site\" content=\"@Notibras\" \/>\n<meta name=\"twitter:label1\" content=\"Escrito por\" \/>\n\t<meta name=\"twitter:data1\" content=\"Reda\u00e7\u00e3o\" \/>\n\t<meta name=\"twitter:label2\" content=\"Est. tempo de leitura\" \/>\n\t<meta name=\"twitter:data2\" content=\"4 minutos\" \/>\n<script type=\"application\/ld+json\" class=\"yoast-schema-graph\">{\"@context\":\"https:\/\/schema.org\",\"@graph\":[{\"@type\":\"Article\",\"@id\":\"https:\/\/www.notibras.com\/site\/nao-podemos-nos-conformar-com-homens-matando-mulheres\/#article\",\"isPartOf\":{\"@id\":\"https:\/\/www.notibras.com\/site\/nao-podemos-nos-conformar-com-homens-matando-mulheres\/\"},\"author\":{\"name\":\"Reda\u00e7\u00e3o\",\"@id\":\"https:\/\/www.notibras.com\/site\/#\/schema\/person\/36ab0979449956132d3e5b517ea76ac8\"},\"headline\":\"\u201cN\u00e3o podemos nos conformar com homens matando mulheres\u201d\",\"datePublished\":\"2026-03-08T03:01:13+00:00\",\"dateModified\":\"2026-03-08T07:13:43+00:00\",\"mainEntityOfPage\":{\"@id\":\"https:\/\/www.notibras.com\/site\/nao-podemos-nos-conformar-com-homens-matando-mulheres\/\"},\"wordCount\":657,\"publisher\":{\"@id\":\"https:\/\/www.notibras.com\/site\/#organization\"},\"image\":{\"@id\":\"https:\/\/www.notibras.com\/site\/nao-podemos-nos-conformar-com-homens-matando-mulheres\/#primaryimage\"},\"thumbnailUrl\":\"https:\/\/www.notibras.com\/site\/wp-content\/uploads\/2026\/03\/124a7296-13.webp\",\"articleSection\":[\"Brasil\"],\"inLanguage\":\"pt-BR\"},{\"@type\":\"WebPage\",\"@id\":\"https:\/\/www.notibras.com\/site\/nao-podemos-nos-conformar-com-homens-matando-mulheres\/\",\"url\":\"https:\/\/www.notibras.com\/site\/nao-podemos-nos-conformar-com-homens-matando-mulheres\/\",\"name\":\"\u201cN\u00e3o podemos nos conformar com homens matando mulheres\u201d - Notibras\",\"isPartOf\":{\"@id\":\"https:\/\/www.notibras.com\/site\/#website\"},\"primaryImageOfPage\":{\"@id\":\"https:\/\/www.notibras.com\/site\/nao-podemos-nos-conformar-com-homens-matando-mulheres\/#primaryimage\"},\"image\":{\"@id\":\"https:\/\/www.notibras.com\/site\/nao-podemos-nos-conformar-com-homens-matando-mulheres\/#primaryimage\"},\"thumbnailUrl\":\"https:\/\/www.notibras.com\/site\/wp-content\/uploads\/2026\/03\/124a7296-13.webp\",\"datePublished\":\"2026-03-08T03:01:13+00:00\",\"dateModified\":\"2026-03-08T07:13:43+00:00\",\"breadcrumb\":{\"@id\":\"https:\/\/www.notibras.com\/site\/nao-podemos-nos-conformar-com-homens-matando-mulheres\/#breadcrumb\"},\"inLanguage\":\"pt-BR\",\"potentialAction\":[{\"@type\":\"ReadAction\",\"target\":[\"https:\/\/www.notibras.com\/site\/nao-podemos-nos-conformar-com-homens-matando-mulheres\/\"]}]},{\"@type\":\"ImageObject\",\"inLanguage\":\"pt-BR\",\"@id\":\"https:\/\/www.notibras.com\/site\/nao-podemos-nos-conformar-com-homens-matando-mulheres\/#primaryimage\",\"url\":\"https:\/\/www.notibras.com\/site\/wp-content\/uploads\/2026\/03\/124a7296-13.webp\",\"contentUrl\":\"https:\/\/www.notibras.com\/site\/wp-content\/uploads\/2026\/03\/124a7296-13.webp\",\"width\":1170,\"height\":700},{\"@type\":\"BreadcrumbList\",\"@id\":\"https:\/\/www.notibras.com\/site\/nao-podemos-nos-conformar-com-homens-matando-mulheres\/#breadcrumb\",\"itemListElement\":[{\"@type\":\"ListItem\",\"position\":1,\"name\":\"In\u00edcio\",\"item\":\"https:\/\/www.notibras.com\/site\/\"},{\"@type\":\"ListItem\",\"position\":2,\"name\":\"\u201cN\u00e3o podemos nos conformar com homens matando mulheres\u201d\"}]},{\"@type\":\"WebSite\",\"@id\":\"https:\/\/www.notibras.com\/site\/#website\",\"url\":\"https:\/\/www.notibras.com\/site\/\",\"name\":\"Notibras\",\"description\":\"Not\u00edcias de Bras\u00edlia, do Brasil e do Mundo\",\"publisher\":{\"@id\":\"https:\/\/www.notibras.com\/site\/#organization\"},\"potentialAction\":[{\"@type\":\"SearchAction\",\"target\":{\"@type\":\"EntryPoint\",\"urlTemplate\":\"https:\/\/www.notibras.com\/site\/?s={search_term_string}\"},\"query-input\":{\"@type\":\"PropertyValueSpecification\",\"valueRequired\":true,\"valueName\":\"search_term_string\"}}],\"inLanguage\":\"pt-BR\"},{\"@type\":\"Organization\",\"@id\":\"https:\/\/www.notibras.com\/site\/#organization\",\"name\":\"Grupo Notibras de Comunica\u00e7\u00e3o\",\"url\":\"https:\/\/www.notibras.com\/site\/\",\"logo\":{\"@type\":\"ImageObject\",\"inLanguage\":\"pt-BR\",\"@id\":\"https:\/\/www.notibras.com\/site\/#\/schema\/logo\/image\/\",\"url\":\"https:\/\/www.notibras.com\/site\/wp-content\/uploads\/2023\/01\/notibras23.png\",\"contentUrl\":\"https:\/\/www.notibras.com\/site\/wp-content\/uploads\/2023\/01\/notibras23.png\",\"width\":350,\"height\":87,\"caption\":\"Grupo Notibras de Comunica\u00e7\u00e3o\"},\"image\":{\"@id\":\"https:\/\/www.notibras.com\/site\/#\/schema\/logo\/image\/\"},\"sameAs\":[\"https:\/\/www.facebook.com\/notibras\/\",\"https:\/\/x.com\/Notibras\",\"https:\/\/www.instagram.com\/notibras\/\"]},{\"@type\":\"Person\",\"@id\":\"https:\/\/www.notibras.com\/site\/#\/schema\/person\/36ab0979449956132d3e5b517ea76ac8\",\"name\":\"Reda\u00e7\u00e3o\",\"image\":{\"@type\":\"ImageObject\",\"inLanguage\":\"pt-BR\",\"@id\":\"https:\/\/secure.gravatar.com\/avatar\/e0a867bdedb85fd243eadf09663511f96fc81e0720a4a42581f334ad4303aa6b?s=96&d=mm&r=g\",\"url\":\"https:\/\/secure.gravatar.com\/avatar\/e0a867bdedb85fd243eadf09663511f96fc81e0720a4a42581f334ad4303aa6b?s=96&d=mm&r=g\",\"contentUrl\":\"https:\/\/secure.gravatar.com\/avatar\/e0a867bdedb85fd243eadf09663511f96fc81e0720a4a42581f334ad4303aa6b?s=96&d=mm&r=g\",\"caption\":\"Reda\u00e7\u00e3o\"}}]}<\/script>\n<!-- \/ Yoast SEO plugin. -->","yoast_head_json":{"title":"\u201cN\u00e3o podemos nos conformar com homens matando mulheres\u201d - Notibras","robots":{"index":"index","follow":"follow","max-snippet":"max-snippet:-1","max-image-preview":"max-image-preview:large","max-video-preview":"max-video-preview:-1"},"canonical":"https:\/\/www.notibras.com\/site\/nao-podemos-nos-conformar-com-homens-matando-mulheres\/","og_locale":"pt_BR","og_type":"article","og_title":"\u201cN\u00e3o podemos nos conformar com homens matando mulheres\u201d - Notibras","og_description":"O presidente da Rep\u00fablica, Luiz In\u00e1cio Lula da Silva, fez um pronunciamento na noite deste s\u00e1bado (7), em cadeia nacional de r\u00e1dio e televis\u00e3o, em homenagem ao Dia Internacional da Mulher, celebrado em 8 de mar\u00e7o. No discurso, o presidente destacou a urg\u00eancia no combate ao feminic\u00eddio, crime que bateu recorde e chegou \u00e0 m\u00e9dia [&hellip;]","og_url":"https:\/\/www.notibras.com\/site\/nao-podemos-nos-conformar-com-homens-matando-mulheres\/","og_site_name":"Notibras","article_publisher":"https:\/\/www.facebook.com\/notibras\/","article_published_time":"2026-03-08T03:01:13+00:00","article_modified_time":"2026-03-08T07:13:43+00:00","og_image":[{"width":1170,"height":700,"url":"https:\/\/www.notibras.com\/site\/wp-content\/uploads\/2026\/03\/124a7296-13.webp","type":"image\/webp"}],"author":"Reda\u00e7\u00e3o","twitter_card":"summary_large_image","twitter_creator":"@Notibras","twitter_site":"@Notibras","twitter_misc":{"Escrito por":"Reda\u00e7\u00e3o","Est. tempo de leitura":"4 minutos"},"schema":{"@context":"https:\/\/schema.org","@graph":[{"@type":"Article","@id":"https:\/\/www.notibras.com\/site\/nao-podemos-nos-conformar-com-homens-matando-mulheres\/#article","isPartOf":{"@id":"https:\/\/www.notibras.com\/site\/nao-podemos-nos-conformar-com-homens-matando-mulheres\/"},"author":{"name":"Reda\u00e7\u00e3o","@id":"https:\/\/www.notibras.com\/site\/#\/schema\/person\/36ab0979449956132d3e5b517ea76ac8"},"headline":"\u201cN\u00e3o podemos nos conformar com homens matando mulheres\u201d","datePublished":"2026-03-08T03:01:13+00:00","dateModified":"2026-03-08T07:13:43+00:00","mainEntityOfPage":{"@id":"https:\/\/www.notibras.com\/site\/nao-podemos-nos-conformar-com-homens-matando-mulheres\/"},"wordCount":657,"publisher":{"@id":"https:\/\/www.notibras.com\/site\/#organization"},"image":{"@id":"https:\/\/www.notibras.com\/site\/nao-podemos-nos-conformar-com-homens-matando-mulheres\/#primaryimage"},"thumbnailUrl":"https:\/\/www.notibras.com\/site\/wp-content\/uploads\/2026\/03\/124a7296-13.webp","articleSection":["Brasil"],"inLanguage":"pt-BR"},{"@type":"WebPage","@id":"https:\/\/www.notibras.com\/site\/nao-podemos-nos-conformar-com-homens-matando-mulheres\/","url":"https:\/\/www.notibras.com\/site\/nao-podemos-nos-conformar-com-homens-matando-mulheres\/","name":"\u201cN\u00e3o podemos nos conformar com homens matando mulheres\u201d - Notibras","isPartOf":{"@id":"https:\/\/www.notibras.com\/site\/#website"},"primaryImageOfPage":{"@id":"https:\/\/www.notibras.com\/site\/nao-podemos-nos-conformar-com-homens-matando-mulheres\/#primaryimage"},"image":{"@id":"https:\/\/www.notibras.com\/site\/nao-podemos-nos-conformar-com-homens-matando-mulheres\/#primaryimage"},"thumbnailUrl":"https:\/\/www.notibras.com\/site\/wp-content\/uploads\/2026\/03\/124a7296-13.webp","datePublished":"2026-03-08T03:01:13+00:00","dateModified":"2026-03-08T07:13:43+00:00","breadcrumb":{"@id":"https:\/\/www.notibras.com\/site\/nao-podemos-nos-conformar-com-homens-matando-mulheres\/#breadcrumb"},"inLanguage":"pt-BR","potentialAction":[{"@type":"ReadAction","target":["https:\/\/www.notibras.com\/site\/nao-podemos-nos-conformar-com-homens-matando-mulheres\/"]}]},{"@type":"ImageObject","inLanguage":"pt-BR","@id":"https:\/\/www.notibras.com\/site\/nao-podemos-nos-conformar-com-homens-matando-mulheres\/#primaryimage","url":"https:\/\/www.notibras.com\/site\/wp-content\/uploads\/2026\/03\/124a7296-13.webp","contentUrl":"https:\/\/www.notibras.com\/site\/wp-content\/uploads\/2026\/03\/124a7296-13.webp","width":1170,"height":700},{"@type":"BreadcrumbList","@id":"https:\/\/www.notibras.com\/site\/nao-podemos-nos-conformar-com-homens-matando-mulheres\/#breadcrumb","itemListElement":[{"@type":"ListItem","position":1,"name":"In\u00edcio","item":"https:\/\/www.notibras.com\/site\/"},{"@type":"ListItem","position":2,"name":"\u201cN\u00e3o podemos nos conformar com homens matando mulheres\u201d"}]},{"@type":"WebSite","@id":"https:\/\/www.notibras.com\/site\/#website","url":"https:\/\/www.notibras.com\/site\/","name":"Notibras","description":"Not\u00edcias de Bras\u00edlia, do Brasil e do Mundo","publisher":{"@id":"https:\/\/www.notibras.com\/site\/#organization"},"potentialAction":[{"@type":"SearchAction","target":{"@type":"EntryPoint","urlTemplate":"https:\/\/www.notibras.com\/site\/?s={search_term_string}"},"query-input":{"@type":"PropertyValueSpecification","valueRequired":true,"valueName":"search_term_string"}}],"inLanguage":"pt-BR"},{"@type":"Organization","@id":"https:\/\/www.notibras.com\/site\/#organization","name":"Grupo Notibras de Comunica\u00e7\u00e3o","url":"https:\/\/www.notibras.com\/site\/","logo":{"@type":"ImageObject","inLanguage":"pt-BR","@id":"https:\/\/www.notibras.com\/site\/#\/schema\/logo\/image\/","url":"https:\/\/www.notibras.com\/site\/wp-content\/uploads\/2023\/01\/notibras23.png","contentUrl":"https:\/\/www.notibras.com\/site\/wp-content\/uploads\/2023\/01\/notibras23.png","width":350,"height":87,"caption":"Grupo Notibras de Comunica\u00e7\u00e3o"},"image":{"@id":"https:\/\/www.notibras.com\/site\/#\/schema\/logo\/image\/"},"sameAs":["https:\/\/www.facebook.com\/notibras\/","https:\/\/x.com\/Notibras","https:\/\/www.instagram.com\/notibras\/"]},{"@type":"Person","@id":"https:\/\/www.notibras.com\/site\/#\/schema\/person\/36ab0979449956132d3e5b517ea76ac8","name":"Reda\u00e7\u00e3o","image":{"@type":"ImageObject","inLanguage":"pt-BR","@id":"https:\/\/secure.gravatar.com\/avatar\/e0a867bdedb85fd243eadf09663511f96fc81e0720a4a42581f334ad4303aa6b?s=96&d=mm&r=g","url":"https:\/\/secure.gravatar.com\/avatar\/e0a867bdedb85fd243eadf09663511f96fc81e0720a4a42581f334ad4303aa6b?s=96&d=mm&r=g","contentUrl":"https:\/\/secure.gravatar.com\/avatar\/e0a867bdedb85fd243eadf09663511f96fc81e0720a4a42581f334ad4303aa6b?s=96&d=mm&r=g","caption":"Reda\u00e7\u00e3o"}}]}},"amp_enabled":true,"_links":{"self":[{"href":"https:\/\/www.notibras.com\/site\/wp-json\/wp\/v2\/posts\/386109","targetHints":{"allow":["GET"]}}],"collection":[{"href":"https:\/\/www.notibras.com\/site\/wp-json\/wp\/v2\/posts"}],"about":[{"href":"https:\/\/www.notibras.com\/site\/wp-json\/wp\/v2\/types\/post"}],"author":[{"embeddable":true,"href":"https:\/\/www.notibras.com\/site\/wp-json\/wp\/v2\/users\/2"}],"replies":[{"embeddable":true,"href":"https:\/\/www.notibras.com\/site\/wp-json\/wp\/v2\/comments?post=386109"}],"version-history":[{"count":1,"href":"https:\/\/www.notibras.com\/site\/wp-json\/wp\/v2\/posts\/386109\/revisions"}],"predecessor-version":[{"id":386111,"href":"https:\/\/www.notibras.com\/site\/wp-json\/wp\/v2\/posts\/386109\/revisions\/386111"}],"wp:featuredmedia":[{"embeddable":true,"href":"https:\/\/www.notibras.com\/site\/wp-json\/wp\/v2\/media\/386110"}],"wp:attachment":[{"href":"https:\/\/www.notibras.com\/site\/wp-json\/wp\/v2\/media?parent=386109"}],"wp:term":[{"taxonomy":"category","embeddable":true,"href":"https:\/\/www.notibras.com\/site\/wp-json\/wp\/v2\/categories?post=386109"},{"taxonomy":"post_tag","embeddable":true,"href":"https:\/\/www.notibras.com\/site\/wp-json\/wp\/v2\/tags?post=386109"}],"curies":[{"name":"wp","href":"https:\/\/api.w.org\/{rel}","templated":true}]}}