{"id":386118,"date":"2026-03-08T04:26:58","date_gmt":"2026-03-08T07:26:58","guid":{"rendered":"https:\/\/www.notibras.com\/site\/?p=386118"},"modified":"2026-03-08T04:26:58","modified_gmt":"2026-03-08T07:26:58","slug":"a-guerra-contra-ira-encontrou-enfim-dubai","status":"publish","type":"post","link":"https:\/\/www.notibras.com\/site\/a-guerra-contra-ira-encontrou-enfim-dubai\/","title":{"rendered":"A guerra contra Ir\u00e3 encontrou, enfim, Dubai"},"content":{"rendered":"<p>Durante muito tempo o mundo se acostumou a olhar para Dubai como um fen\u00f4meno quase improv\u00e1vel no meio do deserto, uma cidade que parecia crescer protegida por uma bolha de prosperidade enquanto o restante do Oriente M\u00e9dio continuava a aparecer no notici\u00e1rio associado a guerras, disputas religiosas e rearranjos constantes de poder. Arranha-c\u00e9us cada vez mais ousados, hot\u00e9is que disputam entre si o t\u00edtulo de mais luxuosos do planeta, aeroportos transformados em grandes cruzamentos globais de pessoas e neg\u00f3cios, tudo contribu\u00eda para consolidar a ideia de que ali havia surgido uma esp\u00e9cie de exce\u00e7\u00e3o regional, um lugar onde a turbul\u00eancia hist\u00f3rica da vizinhan\u00e7a simplesmente n\u00e3o chegaria.<\/p>\n<p>A guerra, por\u00e9m, costuma ter pouca paci\u00eancia com esse tipo de convic\u00e7\u00e3o.<\/p>\n<p>Com o confronto aberto entre Estados Unidos e Israel de um lado e o Ir\u00e3 do outro, o Golfo voltou a sentir de forma direta a press\u00e3o da geopol\u00edtica que sempre moldou aquela regi\u00e3o. M\u00edsseis e drones cruzam o c\u00e9u que at\u00e9 pouco tempo atr\u00e1s parecia reservado apenas \u00e0s rotas a\u00e9reas do turismo internacional, sistemas de defesa entram em opera\u00e7\u00e3o e cidades que se acostumaram a vender tranquilidade passam a conviver com o som seco das intercepta\u00e7\u00f5es no ar. Dubai e Abu Dhabi, que durante anos cultivaram a imagem de um o\u00e1sis de estabilidade no meio da instabilidade regional, descobrem que continuam situadas exatamente onde sempre estiveram: no cora\u00e7\u00e3o de um dos tabuleiros estrat\u00e9gicos mais delicados do planeta.<\/p>\n<p>No centro desse cen\u00e1rio est\u00e1 Donald Trump, novamente presidente dos Estados Unidos e conduzindo uma pol\u00edtica externa que, desde o primeiro mandato, deixou claro que n\u00e3o seria guiada pela paci\u00eancia das negocia\u00e7\u00f5es intermin\u00e1veis. Trump sempre tratou o regime iraniano como um problema estrat\u00e9gico que deveria ser enfrentado com press\u00e3o econ\u00f4mica e demonstra\u00e7\u00e3o de for\u00e7a, posi\u00e7\u00e3o que se expressou no rompimento com o acordo nuclear e em decis\u00f5es que marcaram profundamente a rela\u00e7\u00e3o entre Washington e Teer\u00e3. Agora, com o conflito aberto ao lado de Israel, sua presen\u00e7a na Casa Branca torna-se um elemento ainda mais decisivo no c\u00e1lculo pol\u00edtico e militar da regi\u00e3o.<\/p>\n<p>O Ir\u00e3 que hoje se encontra no centro dessa confronta\u00e7\u00e3o, no entanto, carrega uma trajet\u00f3ria muito anterior ao regime instaurado pela Revolu\u00e7\u00e3o Isl\u00e2mica de 1979. Aquela terra j\u00e1 foi o n\u00facleo do antigo Imp\u00e9rio Persa, uma das grandes pot\u00eancias da Antiguidade, e foi ali que governou Ciro, o Grande, personagem cuja presen\u00e7a atravessa n\u00e3o apenas a hist\u00f3ria persa, mas tamb\u00e9m a mem\u00f3ria do povo judeu. Foi Ciro quem autorizou o retorno dos judeus a Jerusal\u00e9m depois do per\u00edodo de ex\u00edlio na Babil\u00f4nia, decis\u00e3o que marcou profundamente a tradi\u00e7\u00e3o hist\u00f3rica da regi\u00e3o e que, observada \u00e0 dist\u00e2ncia dos s\u00e9culos, revela uma ironia dif\u00edcil de ignorar.<\/p>\n<p>O tempo, como se sabe, tem uma habilidade particular para alterar completamente o significado dos acontecimentos.<\/p>\n<p>S\u00e9culos se passaram desde aquele momento, imp\u00e9rios surgiram e desapareceram, fronteiras foram redesenhadas in\u00fameras vezes e o Oriente M\u00e9dio continuou a viver sob uma sucess\u00e3o quase cont\u00ednua de disputas pol\u00edticas, religiosas e estrat\u00e9gicas. Talvez por isso a paz naquela regi\u00e3o raramente pare\u00e7a definitiva, como se estivesse sempre sujeita ao peso de uma hist\u00f3ria que nunca deixou de se mover.<\/p>\n<p>Durante d\u00e9cadas acreditou-se que o Golfo havia encontrado uma f\u00f3rmula capaz de escapar desse ciclo. A combina\u00e7\u00e3o de petr\u00f3leo, com\u00e9rcio internacional e turismo transformou cidades como Dubai e Abu Dhabi em s\u00edmbolos de prosperidade e modernidade, construindo a impress\u00e3o de que ali teria surgido uma realidade diferente daquela que marcou grande parte do Oriente M\u00e9dio.<\/p>\n<p>Mas a hist\u00f3ria, quando decide avan\u00e7ar, costuma ignorar projetos cuidadosamente planejados.<\/p>\n<p>No sul do Ir\u00e3 permanecem as ru\u00ednas de Pers\u00e9polis, antiga capital do Imp\u00e9rio Persa, onde colunas de pedra erguidas h\u00e1 mais de dois mil anos continuam de p\u00e9 como testemunhas silenciosas de um tempo em que governantes tamb\u00e9m acreditavam estar construindo algo permanente.<\/p>\n<p>Talvez as cidades de vidro do Golfo estejam come\u00e7ando agora a perceber que, naquela parte do mundo, a hist\u00f3ria raramente aceita permanecer do lado de fora.<\/p>\n","protected":false},"excerpt":{"rendered":"<p>Durante muito tempo o mundo se acostumou a olhar para Dubai como um fen\u00f4meno quase improv\u00e1vel no meio do deserto, uma cidade que parecia crescer protegida por uma bolha de prosperidade enquanto o restante do Oriente M\u00e9dio continuava a aparecer no notici\u00e1rio associado a guerras, disputas religiosas e rearranjos constantes de poder. Arranha-c\u00e9us cada vez [&hellip;]<\/p>\n","protected":false},"author":2,"featured_media":386119,"comment_status":"closed","ping_status":"closed","sticky":false,"template":"","format":"standard","meta":{"_acf_changed":false,"footnotes":""},"categories":[159],"tags":[],"class_list":["post-386118","post","type-post","status-publish","format-standard","has-post-thumbnail","hentry","category-apocalipse"],"acf":[],"yoast_head":"<!-- This site is optimized with the Yoast SEO plugin v27.2 - https:\/\/yoast.com\/product\/yoast-seo-wordpress\/ -->\n<title>A guerra contra Ir\u00e3 encontrou, enfim, Dubai - Notibras<\/title>\n<meta name=\"robots\" content=\"index, follow, max-snippet:-1, max-image-preview:large, max-video-preview:-1\" \/>\n<link rel=\"canonical\" href=\"https:\/\/www.notibras.com\/site\/a-guerra-contra-ira-encontrou-enfim-dubai\/\" \/>\n<meta property=\"og:locale\" content=\"pt_BR\" \/>\n<meta property=\"og:type\" content=\"article\" \/>\n<meta property=\"og:title\" content=\"A guerra contra Ir\u00e3 encontrou, enfim, Dubai - Notibras\" \/>\n<meta property=\"og:description\" content=\"Durante muito tempo o mundo se acostumou a olhar para Dubai como um fen\u00f4meno quase improv\u00e1vel no meio do deserto, uma cidade que parecia crescer protegida por uma bolha de prosperidade enquanto o restante do Oriente M\u00e9dio continuava a aparecer no notici\u00e1rio associado a guerras, disputas religiosas e rearranjos constantes de poder. Arranha-c\u00e9us cada vez [&hellip;]\" \/>\n<meta property=\"og:url\" content=\"https:\/\/www.notibras.com\/site\/a-guerra-contra-ira-encontrou-enfim-dubai\/\" \/>\n<meta property=\"og:site_name\" content=\"Notibras\" \/>\n<meta property=\"article:publisher\" content=\"https:\/\/www.facebook.com\/notibras\/\" \/>\n<meta property=\"article:published_time\" content=\"2026-03-08T07:26:58+00:00\" \/>\n<meta property=\"og:image\" content=\"https:\/\/www.notibras.com\/site\/wp-content\/uploads\/2026\/03\/927037ed-1be3-4ce9-bfcc-aec72b4574d3.jpg\" \/>\n\t<meta property=\"og:image:width\" content=\"1536\" \/>\n\t<meta property=\"og:image:height\" content=\"1024\" \/>\n\t<meta property=\"og:image:type\" content=\"image\/jpeg\" \/>\n<meta name=\"author\" content=\"Reda\u00e7\u00e3o\" \/>\n<meta name=\"twitter:card\" content=\"summary_large_image\" \/>\n<meta name=\"twitter:creator\" content=\"@Notibras\" \/>\n<meta name=\"twitter:site\" content=\"@Notibras\" \/>\n<meta name=\"twitter:label1\" content=\"Escrito por\" \/>\n\t<meta name=\"twitter:data1\" content=\"Reda\u00e7\u00e3o\" \/>\n\t<meta name=\"twitter:label2\" content=\"Est. tempo de leitura\" \/>\n\t<meta name=\"twitter:data2\" content=\"4 minutos\" \/>\n<script type=\"application\/ld+json\" class=\"yoast-schema-graph\">{\"@context\":\"https:\/\/schema.org\",\"@graph\":[{\"@type\":\"Article\",\"@id\":\"https:\/\/www.notibras.com\/site\/a-guerra-contra-ira-encontrou-enfim-dubai\/#article\",\"isPartOf\":{\"@id\":\"https:\/\/www.notibras.com\/site\/a-guerra-contra-ira-encontrou-enfim-dubai\/\"},\"author\":{\"name\":\"Reda\u00e7\u00e3o\",\"@id\":\"https:\/\/www.notibras.com\/site\/#\/schema\/person\/36ab0979449956132d3e5b517ea76ac8\"},\"headline\":\"A guerra contra Ir\u00e3 encontrou, enfim, Dubai\",\"datePublished\":\"2026-03-08T07:26:58+00:00\",\"mainEntityOfPage\":{\"@id\":\"https:\/\/www.notibras.com\/site\/a-guerra-contra-ira-encontrou-enfim-dubai\/\"},\"wordCount\":756,\"publisher\":{\"@id\":\"https:\/\/www.notibras.com\/site\/#organization\"},\"image\":{\"@id\":\"https:\/\/www.notibras.com\/site\/a-guerra-contra-ira-encontrou-enfim-dubai\/#primaryimage\"},\"thumbnailUrl\":\"https:\/\/www.notibras.com\/site\/wp-content\/uploads\/2026\/03\/927037ed-1be3-4ce9-bfcc-aec72b4574d3.jpg\",\"articleSection\":[\"Apocalipse\"],\"inLanguage\":\"pt-BR\"},{\"@type\":\"WebPage\",\"@id\":\"https:\/\/www.notibras.com\/site\/a-guerra-contra-ira-encontrou-enfim-dubai\/\",\"url\":\"https:\/\/www.notibras.com\/site\/a-guerra-contra-ira-encontrou-enfim-dubai\/\",\"name\":\"A guerra contra Ir\u00e3 encontrou, enfim, Dubai - Notibras\",\"isPartOf\":{\"@id\":\"https:\/\/www.notibras.com\/site\/#website\"},\"primaryImageOfPage\":{\"@id\":\"https:\/\/www.notibras.com\/site\/a-guerra-contra-ira-encontrou-enfim-dubai\/#primaryimage\"},\"image\":{\"@id\":\"https:\/\/www.notibras.com\/site\/a-guerra-contra-ira-encontrou-enfim-dubai\/#primaryimage\"},\"thumbnailUrl\":\"https:\/\/www.notibras.com\/site\/wp-content\/uploads\/2026\/03\/927037ed-1be3-4ce9-bfcc-aec72b4574d3.jpg\",\"datePublished\":\"2026-03-08T07:26:58+00:00\",\"breadcrumb\":{\"@id\":\"https:\/\/www.notibras.com\/site\/a-guerra-contra-ira-encontrou-enfim-dubai\/#breadcrumb\"},\"inLanguage\":\"pt-BR\",\"potentialAction\":[{\"@type\":\"ReadAction\",\"target\":[\"https:\/\/www.notibras.com\/site\/a-guerra-contra-ira-encontrou-enfim-dubai\/\"]}]},{\"@type\":\"ImageObject\",\"inLanguage\":\"pt-BR\",\"@id\":\"https:\/\/www.notibras.com\/site\/a-guerra-contra-ira-encontrou-enfim-dubai\/#primaryimage\",\"url\":\"https:\/\/www.notibras.com\/site\/wp-content\/uploads\/2026\/03\/927037ed-1be3-4ce9-bfcc-aec72b4574d3.jpg\",\"contentUrl\":\"https:\/\/www.notibras.com\/site\/wp-content\/uploads\/2026\/03\/927037ed-1be3-4ce9-bfcc-aec72b4574d3.jpg\",\"width\":1536,\"height\":1024},{\"@type\":\"BreadcrumbList\",\"@id\":\"https:\/\/www.notibras.com\/site\/a-guerra-contra-ira-encontrou-enfim-dubai\/#breadcrumb\",\"itemListElement\":[{\"@type\":\"ListItem\",\"position\":1,\"name\":\"In\u00edcio\",\"item\":\"https:\/\/www.notibras.com\/site\/\"},{\"@type\":\"ListItem\",\"position\":2,\"name\":\"A guerra contra Ir\u00e3 encontrou, enfim, Dubai\"}]},{\"@type\":\"WebSite\",\"@id\":\"https:\/\/www.notibras.com\/site\/#website\",\"url\":\"https:\/\/www.notibras.com\/site\/\",\"name\":\"Notibras\",\"description\":\"Not\u00edcias de Bras\u00edlia, do Brasil e do Mundo\",\"publisher\":{\"@id\":\"https:\/\/www.notibras.com\/site\/#organization\"},\"potentialAction\":[{\"@type\":\"SearchAction\",\"target\":{\"@type\":\"EntryPoint\",\"urlTemplate\":\"https:\/\/www.notibras.com\/site\/?s={search_term_string}\"},\"query-input\":{\"@type\":\"PropertyValueSpecification\",\"valueRequired\":true,\"valueName\":\"search_term_string\"}}],\"inLanguage\":\"pt-BR\"},{\"@type\":\"Organization\",\"@id\":\"https:\/\/www.notibras.com\/site\/#organization\",\"name\":\"Grupo Notibras de Comunica\u00e7\u00e3o\",\"url\":\"https:\/\/www.notibras.com\/site\/\",\"logo\":{\"@type\":\"ImageObject\",\"inLanguage\":\"pt-BR\",\"@id\":\"https:\/\/www.notibras.com\/site\/#\/schema\/logo\/image\/\",\"url\":\"https:\/\/www.notibras.com\/site\/wp-content\/uploads\/2023\/01\/notibras23.png\",\"contentUrl\":\"https:\/\/www.notibras.com\/site\/wp-content\/uploads\/2023\/01\/notibras23.png\",\"width\":350,\"height\":87,\"caption\":\"Grupo Notibras de Comunica\u00e7\u00e3o\"},\"image\":{\"@id\":\"https:\/\/www.notibras.com\/site\/#\/schema\/logo\/image\/\"},\"sameAs\":[\"https:\/\/www.facebook.com\/notibras\/\",\"https:\/\/x.com\/Notibras\",\"https:\/\/www.instagram.com\/notibras\/\"]},{\"@type\":\"Person\",\"@id\":\"https:\/\/www.notibras.com\/site\/#\/schema\/person\/36ab0979449956132d3e5b517ea76ac8\",\"name\":\"Reda\u00e7\u00e3o\",\"image\":{\"@type\":\"ImageObject\",\"inLanguage\":\"pt-BR\",\"@id\":\"https:\/\/secure.gravatar.com\/avatar\/e0a867bdedb85fd243eadf09663511f96fc81e0720a4a42581f334ad4303aa6b?s=96&d=mm&r=g\",\"url\":\"https:\/\/secure.gravatar.com\/avatar\/e0a867bdedb85fd243eadf09663511f96fc81e0720a4a42581f334ad4303aa6b?s=96&d=mm&r=g\",\"contentUrl\":\"https:\/\/secure.gravatar.com\/avatar\/e0a867bdedb85fd243eadf09663511f96fc81e0720a4a42581f334ad4303aa6b?s=96&d=mm&r=g\",\"caption\":\"Reda\u00e7\u00e3o\"}}]}<\/script>\n<!-- \/ Yoast SEO plugin. -->","yoast_head_json":{"title":"A guerra contra Ir\u00e3 encontrou, enfim, Dubai - Notibras","robots":{"index":"index","follow":"follow","max-snippet":"max-snippet:-1","max-image-preview":"max-image-preview:large","max-video-preview":"max-video-preview:-1"},"canonical":"https:\/\/www.notibras.com\/site\/a-guerra-contra-ira-encontrou-enfim-dubai\/","og_locale":"pt_BR","og_type":"article","og_title":"A guerra contra Ir\u00e3 encontrou, enfim, Dubai - Notibras","og_description":"Durante muito tempo o mundo se acostumou a olhar para Dubai como um fen\u00f4meno quase improv\u00e1vel no meio do deserto, uma cidade que parecia crescer protegida por uma bolha de prosperidade enquanto o restante do Oriente M\u00e9dio continuava a aparecer no notici\u00e1rio associado a guerras, disputas religiosas e rearranjos constantes de poder. Arranha-c\u00e9us cada vez [&hellip;]","og_url":"https:\/\/www.notibras.com\/site\/a-guerra-contra-ira-encontrou-enfim-dubai\/","og_site_name":"Notibras","article_publisher":"https:\/\/www.facebook.com\/notibras\/","article_published_time":"2026-03-08T07:26:58+00:00","og_image":[{"width":1536,"height":1024,"url":"https:\/\/www.notibras.com\/site\/wp-content\/uploads\/2026\/03\/927037ed-1be3-4ce9-bfcc-aec72b4574d3.jpg","type":"image\/jpeg"}],"author":"Reda\u00e7\u00e3o","twitter_card":"summary_large_image","twitter_creator":"@Notibras","twitter_site":"@Notibras","twitter_misc":{"Escrito por":"Reda\u00e7\u00e3o","Est. tempo de leitura":"4 minutos"},"schema":{"@context":"https:\/\/schema.org","@graph":[{"@type":"Article","@id":"https:\/\/www.notibras.com\/site\/a-guerra-contra-ira-encontrou-enfim-dubai\/#article","isPartOf":{"@id":"https:\/\/www.notibras.com\/site\/a-guerra-contra-ira-encontrou-enfim-dubai\/"},"author":{"name":"Reda\u00e7\u00e3o","@id":"https:\/\/www.notibras.com\/site\/#\/schema\/person\/36ab0979449956132d3e5b517ea76ac8"},"headline":"A guerra contra Ir\u00e3 encontrou, enfim, Dubai","datePublished":"2026-03-08T07:26:58+00:00","mainEntityOfPage":{"@id":"https:\/\/www.notibras.com\/site\/a-guerra-contra-ira-encontrou-enfim-dubai\/"},"wordCount":756,"publisher":{"@id":"https:\/\/www.notibras.com\/site\/#organization"},"image":{"@id":"https:\/\/www.notibras.com\/site\/a-guerra-contra-ira-encontrou-enfim-dubai\/#primaryimage"},"thumbnailUrl":"https:\/\/www.notibras.com\/site\/wp-content\/uploads\/2026\/03\/927037ed-1be3-4ce9-bfcc-aec72b4574d3.jpg","articleSection":["Apocalipse"],"inLanguage":"pt-BR"},{"@type":"WebPage","@id":"https:\/\/www.notibras.com\/site\/a-guerra-contra-ira-encontrou-enfim-dubai\/","url":"https:\/\/www.notibras.com\/site\/a-guerra-contra-ira-encontrou-enfim-dubai\/","name":"A guerra contra Ir\u00e3 encontrou, enfim, Dubai - Notibras","isPartOf":{"@id":"https:\/\/www.notibras.com\/site\/#website"},"primaryImageOfPage":{"@id":"https:\/\/www.notibras.com\/site\/a-guerra-contra-ira-encontrou-enfim-dubai\/#primaryimage"},"image":{"@id":"https:\/\/www.notibras.com\/site\/a-guerra-contra-ira-encontrou-enfim-dubai\/#primaryimage"},"thumbnailUrl":"https:\/\/www.notibras.com\/site\/wp-content\/uploads\/2026\/03\/927037ed-1be3-4ce9-bfcc-aec72b4574d3.jpg","datePublished":"2026-03-08T07:26:58+00:00","breadcrumb":{"@id":"https:\/\/www.notibras.com\/site\/a-guerra-contra-ira-encontrou-enfim-dubai\/#breadcrumb"},"inLanguage":"pt-BR","potentialAction":[{"@type":"ReadAction","target":["https:\/\/www.notibras.com\/site\/a-guerra-contra-ira-encontrou-enfim-dubai\/"]}]},{"@type":"ImageObject","inLanguage":"pt-BR","@id":"https:\/\/www.notibras.com\/site\/a-guerra-contra-ira-encontrou-enfim-dubai\/#primaryimage","url":"https:\/\/www.notibras.com\/site\/wp-content\/uploads\/2026\/03\/927037ed-1be3-4ce9-bfcc-aec72b4574d3.jpg","contentUrl":"https:\/\/www.notibras.com\/site\/wp-content\/uploads\/2026\/03\/927037ed-1be3-4ce9-bfcc-aec72b4574d3.jpg","width":1536,"height":1024},{"@type":"BreadcrumbList","@id":"https:\/\/www.notibras.com\/site\/a-guerra-contra-ira-encontrou-enfim-dubai\/#breadcrumb","itemListElement":[{"@type":"ListItem","position":1,"name":"In\u00edcio","item":"https:\/\/www.notibras.com\/site\/"},{"@type":"ListItem","position":2,"name":"A guerra contra Ir\u00e3 encontrou, enfim, Dubai"}]},{"@type":"WebSite","@id":"https:\/\/www.notibras.com\/site\/#website","url":"https:\/\/www.notibras.com\/site\/","name":"Notibras","description":"Not\u00edcias de Bras\u00edlia, do Brasil e do Mundo","publisher":{"@id":"https:\/\/www.notibras.com\/site\/#organization"},"potentialAction":[{"@type":"SearchAction","target":{"@type":"EntryPoint","urlTemplate":"https:\/\/www.notibras.com\/site\/?s={search_term_string}"},"query-input":{"@type":"PropertyValueSpecification","valueRequired":true,"valueName":"search_term_string"}}],"inLanguage":"pt-BR"},{"@type":"Organization","@id":"https:\/\/www.notibras.com\/site\/#organization","name":"Grupo Notibras de Comunica\u00e7\u00e3o","url":"https:\/\/www.notibras.com\/site\/","logo":{"@type":"ImageObject","inLanguage":"pt-BR","@id":"https:\/\/www.notibras.com\/site\/#\/schema\/logo\/image\/","url":"https:\/\/www.notibras.com\/site\/wp-content\/uploads\/2023\/01\/notibras23.png","contentUrl":"https:\/\/www.notibras.com\/site\/wp-content\/uploads\/2023\/01\/notibras23.png","width":350,"height":87,"caption":"Grupo Notibras de Comunica\u00e7\u00e3o"},"image":{"@id":"https:\/\/www.notibras.com\/site\/#\/schema\/logo\/image\/"},"sameAs":["https:\/\/www.facebook.com\/notibras\/","https:\/\/x.com\/Notibras","https:\/\/www.instagram.com\/notibras\/"]},{"@type":"Person","@id":"https:\/\/www.notibras.com\/site\/#\/schema\/person\/36ab0979449956132d3e5b517ea76ac8","name":"Reda\u00e7\u00e3o","image":{"@type":"ImageObject","inLanguage":"pt-BR","@id":"https:\/\/secure.gravatar.com\/avatar\/e0a867bdedb85fd243eadf09663511f96fc81e0720a4a42581f334ad4303aa6b?s=96&d=mm&r=g","url":"https:\/\/secure.gravatar.com\/avatar\/e0a867bdedb85fd243eadf09663511f96fc81e0720a4a42581f334ad4303aa6b?s=96&d=mm&r=g","contentUrl":"https:\/\/secure.gravatar.com\/avatar\/e0a867bdedb85fd243eadf09663511f96fc81e0720a4a42581f334ad4303aa6b?s=96&d=mm&r=g","caption":"Reda\u00e7\u00e3o"}}]}},"amp_enabled":true,"_links":{"self":[{"href":"https:\/\/www.notibras.com\/site\/wp-json\/wp\/v2\/posts\/386118","targetHints":{"allow":["GET"]}}],"collection":[{"href":"https:\/\/www.notibras.com\/site\/wp-json\/wp\/v2\/posts"}],"about":[{"href":"https:\/\/www.notibras.com\/site\/wp-json\/wp\/v2\/types\/post"}],"author":[{"embeddable":true,"href":"https:\/\/www.notibras.com\/site\/wp-json\/wp\/v2\/users\/2"}],"replies":[{"embeddable":true,"href":"https:\/\/www.notibras.com\/site\/wp-json\/wp\/v2\/comments?post=386118"}],"version-history":[{"count":1,"href":"https:\/\/www.notibras.com\/site\/wp-json\/wp\/v2\/posts\/386118\/revisions"}],"predecessor-version":[{"id":386120,"href":"https:\/\/www.notibras.com\/site\/wp-json\/wp\/v2\/posts\/386118\/revisions\/386120"}],"wp:featuredmedia":[{"embeddable":true,"href":"https:\/\/www.notibras.com\/site\/wp-json\/wp\/v2\/media\/386119"}],"wp:attachment":[{"href":"https:\/\/www.notibras.com\/site\/wp-json\/wp\/v2\/media?parent=386118"}],"wp:term":[{"taxonomy":"category","embeddable":true,"href":"https:\/\/www.notibras.com\/site\/wp-json\/wp\/v2\/categories?post=386118"},{"taxonomy":"post_tag","embeddable":true,"href":"https:\/\/www.notibras.com\/site\/wp-json\/wp\/v2\/tags?post=386118"}],"curies":[{"name":"wp","href":"https:\/\/api.w.org\/{rel}","templated":true}]}}