{"id":386124,"date":"2026-03-08T00:01:51","date_gmt":"2026-03-08T03:01:51","guid":{"rendered":"https:\/\/www.notibras.com\/site\/?p=386124"},"modified":"2026-03-08T04:35:25","modified_gmt":"2026-03-08T07:35:25","slug":"autonomia-financeira-e-prioridade-para-as-mulheres","status":"publish","type":"post","link":"https:\/\/www.notibras.com\/site\/autonomia-financeira-e-prioridade-para-as-mulheres\/","title":{"rendered":"Autonomia financeira \u00e9 prioridade para as mulheres"},"content":{"rendered":"<p>Ter autonomia financeira para decidir sobre a pr\u00f3pria vida est\u00e1 no topo das prioridades das mulheres ouvidas pela pesquisa Mulheres e Mercado de Trabalho. O levantamento confirma que o mundo do trabalho permanece desigual e traz a percep\u00e7\u00e3o delas sobre pr\u00e1ticas discriminat\u00f3rias e violentas no ambiente profissional.<\/p>\n<p>Realizada pela Consultoria Maya, com base no cadastro da plataforma de educa\u00e7\u00e3o corporativa Koru, a pesquisa investigou a vis\u00e3o de 180 mulheres sobre trabalho e vida pessoal. Para isso, entrevistou diferentes perfis et\u00e1rios e etnorraciais, com exce\u00e7\u00e3o de ind\u00edgenas.<\/p>\n<p>Ao falar sobre ambi\u00e7\u00f5es, a independ\u00eancia financeira foi apontada como prioridade por 37,3% delas. Em segundo lugar, estava a sa\u00fade mental e f\u00edsica (31%) e, em seguida, a realiza\u00e7\u00e3o profissional. Ter uma rela\u00e7\u00e3o amorosa n\u00e3o \u00e9 a meta nem de uma em cada dez mulheres consultadas.<\/p>\n<p>&#8220;Estamos falando de ter um sal\u00e1rio, de ter rendimento, de ter poder de decis\u00e3o, n\u00e3o \u00e9 de poder de compra&#8221;, explicou a diretora da Consultoria Maya, Paola Carvalho. A autonomia, destacou, permite \u00e0 mulher sair de um relacionamento abusivo ou oferecer melhor condi\u00e7\u00e3o de vida para a sua fam\u00edlia.<\/p>\n<p>&#8220;Autonomia financeira \u00e9 condi\u00e7\u00e3o para liberdade de escolha&#8221;, frisou.<\/p>\n<p><strong>Viol\u00eancia e discrimina\u00e7\u00e3o<\/strong><br \/>\nPara muitas mulheres, o caminho para a autonomia passa pelo trabalho remunerado. No entanto, permanecem v\u00e1rias barreiras culturais ao acesso e \u00e0 ascens\u00e3o delas no mercado, apesar de terem melhor forma\u00e7\u00e3o e curr\u00edculo, segundo a vis\u00e3o das pr\u00f3prias. Entre os problemas, est\u00e3o a discrimina\u00e7\u00e3o e a viol\u00eancia.<\/p>\n<p>Dentre as entrevistadas, 2,3% relatam ter sido preteridas em promo\u00e7\u00f5es, em geral, por conta da maternidade.<\/p>\n<p>&#8220;Primeiro [v\u00eam] os homens, claro, depois, mulheres sem filhos e, por \u00faltimo, mulheres com filhos&#8221;, contou uma das mulheres ouvidas na pesquisa, que n\u00e3o foi identificada. &#8220;Vejo predile\u00e7\u00e3o em promover mulheres que n\u00e3o t\u00eam filhos em vez de m\u00e3es&#8221;, avaliou.<\/p>\n<p>A viol\u00eancia psicol\u00f3gica tamb\u00e9m tem impacto na carreira. Mais de sete entre dez entrevistadas relataram ter sofrido com o problema.<\/p>\n<p>Os casos incluem coment\u00e1rios sexistas \u2500 que desvalorizam aptid\u00f5es pelo fato de ser mulher \u2500, incluindo ofensas sobre a apar\u00eancia delas, al\u00e9m de interrup\u00e7\u00f5es frequentes em reuni\u00f5es, apropria\u00e7\u00f5es de ideias e questionamentos sobre a capacidade t\u00e9cnica.<\/p>\n<p>&#8220;Meu coordenador me ofereceu um cargo acima do que eu estava e, quando aceitei, por tr\u00eas vezes, ele me chamou para conversar e questionar se eu achava que conseguiria&#8221;, relatou uma das mulheres ouvidas.<\/p>\n<p>&#8220;Em uma das vezes, ele teve a aud\u00e1cia de me pedir para conversar com o meu esposo sobre a minha decis\u00e3o&#8221;, completou outra entrevistada.<\/p>\n<p>A viol\u00eancia no local de trabalho fez com que muitas pensassem em abrir m\u00e3o do trabalho e, mesmo que muitas n\u00e3o tenham desistido, o problema mostra que a perman\u00eancia delas no trabalho &#8220;ocorre apesar das adversidades, e n\u00e3o pelas condi\u00e7\u00f5es plenamente equitativas&#8221;, diz o texto.<\/p>\n<p>A distribui\u00e7\u00e3o de cargos nas empresas evidencia o topo do problema. Segundo o levantamento, a maior parte das entrevistadas atua em posi\u00e7\u00f5es operacionais e intermedi\u00e1rias, como coordenadora e gerente. Apenas 5,6% chegaram a postos na diretoria ou cargos chamados de &#8220;C-levels&#8221;, que s\u00e3o os mais altos executivos.<\/p>\n<p>&#8220;A presen\u00e7a feminina diminui drasticamente \u00e0 medida que os cargos se tornam mais estrat\u00e9gicos, revelando uma estrutura sexista por tr\u00e1s desse resultado&#8221;, avaliou Paola.<\/p>\n<p>Para mudar o quadro, a consultora sugere comprometimento, do estagi\u00e1rio ao CEO, com uma nova vis\u00e3o e atitudes profissionais no dia a dia.<\/p>\n<p>&#8220;\u00c9 preciso ter um olhar diferente para essas quest\u00f5es. Isso parte de a\u00e7\u00f5es individuais e institucionais&#8221;, sugeriu. &#8220;Em 2026, ter esses resultados \u00e9 chocante&#8221;, concluiu Paola.<\/p>\n","protected":false},"excerpt":{"rendered":"<p>Ter autonomia financeira para decidir sobre a pr\u00f3pria vida est\u00e1 no topo das prioridades das mulheres ouvidas pela pesquisa Mulheres e Mercado de Trabalho. O levantamento confirma que o mundo do trabalho permanece desigual e traz a percep\u00e7\u00e3o delas sobre pr\u00e1ticas discriminat\u00f3rias e violentas no ambiente profissional. Realizada pela Consultoria Maya, com base no cadastro [&hellip;]<\/p>\n","protected":false},"author":2,"featured_media":386125,"comment_status":"closed","ping_status":"closed","sticky":false,"template":"","format":"standard","meta":{"_acf_changed":false,"footnotes":""},"categories":[16],"tags":[],"class_list":["post-386124","post","type-post","status-publish","format-standard","has-post-thumbnail","hentry","category-brasil"],"acf":[],"yoast_head":"<!-- This site is optimized with the Yoast SEO plugin v27.2 - https:\/\/yoast.com\/product\/yoast-seo-wordpress\/ -->\n<title>Autonomia financeira \u00e9 prioridade para as mulheres - Notibras<\/title>\n<meta name=\"robots\" content=\"index, follow, max-snippet:-1, max-image-preview:large, max-video-preview:-1\" \/>\n<link rel=\"canonical\" href=\"https:\/\/www.notibras.com\/site\/autonomia-financeira-e-prioridade-para-as-mulheres\/\" \/>\n<meta property=\"og:locale\" content=\"pt_BR\" \/>\n<meta property=\"og:type\" content=\"article\" \/>\n<meta property=\"og:title\" content=\"Autonomia financeira \u00e9 prioridade para as mulheres - Notibras\" \/>\n<meta property=\"og:description\" content=\"Ter autonomia financeira para decidir sobre a pr\u00f3pria vida est\u00e1 no topo das prioridades das mulheres ouvidas pela pesquisa Mulheres e Mercado de Trabalho. O levantamento confirma que o mundo do trabalho permanece desigual e traz a percep\u00e7\u00e3o delas sobre pr\u00e1ticas discriminat\u00f3rias e violentas no ambiente profissional. Realizada pela Consultoria Maya, com base no cadastro [&hellip;]\" \/>\n<meta property=\"og:url\" content=\"https:\/\/www.notibras.com\/site\/autonomia-financeira-e-prioridade-para-as-mulheres\/\" \/>\n<meta property=\"og:site_name\" content=\"Notibras\" \/>\n<meta property=\"article:publisher\" content=\"https:\/\/www.facebook.com\/notibras\/\" \/>\n<meta property=\"article:published_time\" content=\"2026-03-08T03:01:51+00:00\" \/>\n<meta property=\"article:modified_time\" content=\"2026-03-08T07:35:25+00:00\" \/>\n<meta property=\"og:image\" content=\"https:\/\/www.notibras.com\/site\/wp-content\/uploads\/2026\/03\/mcm_5729_0.webp\" \/>\n\t<meta property=\"og:image:width\" content=\"1170\" \/>\n\t<meta property=\"og:image:height\" content=\"700\" \/>\n\t<meta property=\"og:image:type\" content=\"image\/webp\" \/>\n<meta name=\"author\" content=\"Reda\u00e7\u00e3o\" \/>\n<meta name=\"twitter:card\" content=\"summary_large_image\" \/>\n<meta name=\"twitter:creator\" content=\"@Notibras\" \/>\n<meta name=\"twitter:site\" content=\"@Notibras\" \/>\n<meta name=\"twitter:label1\" content=\"Escrito por\" \/>\n\t<meta name=\"twitter:data1\" content=\"Reda\u00e7\u00e3o\" \/>\n\t<meta name=\"twitter:label2\" content=\"Est. tempo de leitura\" \/>\n\t<meta name=\"twitter:data2\" content=\"4 minutos\" \/>\n<script type=\"application\/ld+json\" class=\"yoast-schema-graph\">{\"@context\":\"https:\/\/schema.org\",\"@graph\":[{\"@type\":\"Article\",\"@id\":\"https:\/\/www.notibras.com\/site\/autonomia-financeira-e-prioridade-para-as-mulheres\/#article\",\"isPartOf\":{\"@id\":\"https:\/\/www.notibras.com\/site\/autonomia-financeira-e-prioridade-para-as-mulheres\/\"},\"author\":{\"name\":\"Reda\u00e7\u00e3o\",\"@id\":\"https:\/\/www.notibras.com\/site\/#\/schema\/person\/36ab0979449956132d3e5b517ea76ac8\"},\"headline\":\"Autonomia financeira \u00e9 prioridade para as mulheres\",\"datePublished\":\"2026-03-08T03:01:51+00:00\",\"dateModified\":\"2026-03-08T07:35:25+00:00\",\"mainEntityOfPage\":{\"@id\":\"https:\/\/www.notibras.com\/site\/autonomia-financeira-e-prioridade-para-as-mulheres\/\"},\"wordCount\":636,\"publisher\":{\"@id\":\"https:\/\/www.notibras.com\/site\/#organization\"},\"image\":{\"@id\":\"https:\/\/www.notibras.com\/site\/autonomia-financeira-e-prioridade-para-as-mulheres\/#primaryimage\"},\"thumbnailUrl\":\"https:\/\/www.notibras.com\/site\/wp-content\/uploads\/2026\/03\/mcm_5729_0.webp\",\"articleSection\":[\"Brasil\"],\"inLanguage\":\"pt-BR\"},{\"@type\":\"WebPage\",\"@id\":\"https:\/\/www.notibras.com\/site\/autonomia-financeira-e-prioridade-para-as-mulheres\/\",\"url\":\"https:\/\/www.notibras.com\/site\/autonomia-financeira-e-prioridade-para-as-mulheres\/\",\"name\":\"Autonomia financeira \u00e9 prioridade para as mulheres - Notibras\",\"isPartOf\":{\"@id\":\"https:\/\/www.notibras.com\/site\/#website\"},\"primaryImageOfPage\":{\"@id\":\"https:\/\/www.notibras.com\/site\/autonomia-financeira-e-prioridade-para-as-mulheres\/#primaryimage\"},\"image\":{\"@id\":\"https:\/\/www.notibras.com\/site\/autonomia-financeira-e-prioridade-para-as-mulheres\/#primaryimage\"},\"thumbnailUrl\":\"https:\/\/www.notibras.com\/site\/wp-content\/uploads\/2026\/03\/mcm_5729_0.webp\",\"datePublished\":\"2026-03-08T03:01:51+00:00\",\"dateModified\":\"2026-03-08T07:35:25+00:00\",\"breadcrumb\":{\"@id\":\"https:\/\/www.notibras.com\/site\/autonomia-financeira-e-prioridade-para-as-mulheres\/#breadcrumb\"},\"inLanguage\":\"pt-BR\",\"potentialAction\":[{\"@type\":\"ReadAction\",\"target\":[\"https:\/\/www.notibras.com\/site\/autonomia-financeira-e-prioridade-para-as-mulheres\/\"]}]},{\"@type\":\"ImageObject\",\"inLanguage\":\"pt-BR\",\"@id\":\"https:\/\/www.notibras.com\/site\/autonomia-financeira-e-prioridade-para-as-mulheres\/#primaryimage\",\"url\":\"https:\/\/www.notibras.com\/site\/wp-content\/uploads\/2026\/03\/mcm_5729_0.webp\",\"contentUrl\":\"https:\/\/www.notibras.com\/site\/wp-content\/uploads\/2026\/03\/mcm_5729_0.webp\",\"width\":1170,\"height\":700},{\"@type\":\"BreadcrumbList\",\"@id\":\"https:\/\/www.notibras.com\/site\/autonomia-financeira-e-prioridade-para-as-mulheres\/#breadcrumb\",\"itemListElement\":[{\"@type\":\"ListItem\",\"position\":1,\"name\":\"In\u00edcio\",\"item\":\"https:\/\/www.notibras.com\/site\/\"},{\"@type\":\"ListItem\",\"position\":2,\"name\":\"Autonomia financeira \u00e9 prioridade para as mulheres\"}]},{\"@type\":\"WebSite\",\"@id\":\"https:\/\/www.notibras.com\/site\/#website\",\"url\":\"https:\/\/www.notibras.com\/site\/\",\"name\":\"Notibras\",\"description\":\"Not\u00edcias de Bras\u00edlia, do Brasil e do Mundo\",\"publisher\":{\"@id\":\"https:\/\/www.notibras.com\/site\/#organization\"},\"potentialAction\":[{\"@type\":\"SearchAction\",\"target\":{\"@type\":\"EntryPoint\",\"urlTemplate\":\"https:\/\/www.notibras.com\/site\/?s={search_term_string}\"},\"query-input\":{\"@type\":\"PropertyValueSpecification\",\"valueRequired\":true,\"valueName\":\"search_term_string\"}}],\"inLanguage\":\"pt-BR\"},{\"@type\":\"Organization\",\"@id\":\"https:\/\/www.notibras.com\/site\/#organization\",\"name\":\"Grupo Notibras de Comunica\u00e7\u00e3o\",\"url\":\"https:\/\/www.notibras.com\/site\/\",\"logo\":{\"@type\":\"ImageObject\",\"inLanguage\":\"pt-BR\",\"@id\":\"https:\/\/www.notibras.com\/site\/#\/schema\/logo\/image\/\",\"url\":\"https:\/\/www.notibras.com\/site\/wp-content\/uploads\/2023\/01\/notibras23.png\",\"contentUrl\":\"https:\/\/www.notibras.com\/site\/wp-content\/uploads\/2023\/01\/notibras23.png\",\"width\":350,\"height\":87,\"caption\":\"Grupo Notibras de Comunica\u00e7\u00e3o\"},\"image\":{\"@id\":\"https:\/\/www.notibras.com\/site\/#\/schema\/logo\/image\/\"},\"sameAs\":[\"https:\/\/www.facebook.com\/notibras\/\",\"https:\/\/x.com\/Notibras\",\"https:\/\/www.instagram.com\/notibras\/\"]},{\"@type\":\"Person\",\"@id\":\"https:\/\/www.notibras.com\/site\/#\/schema\/person\/36ab0979449956132d3e5b517ea76ac8\",\"name\":\"Reda\u00e7\u00e3o\",\"image\":{\"@type\":\"ImageObject\",\"inLanguage\":\"pt-BR\",\"@id\":\"https:\/\/secure.gravatar.com\/avatar\/e0a867bdedb85fd243eadf09663511f96fc81e0720a4a42581f334ad4303aa6b?s=96&d=mm&r=g\",\"url\":\"https:\/\/secure.gravatar.com\/avatar\/e0a867bdedb85fd243eadf09663511f96fc81e0720a4a42581f334ad4303aa6b?s=96&d=mm&r=g\",\"contentUrl\":\"https:\/\/secure.gravatar.com\/avatar\/e0a867bdedb85fd243eadf09663511f96fc81e0720a4a42581f334ad4303aa6b?s=96&d=mm&r=g\",\"caption\":\"Reda\u00e7\u00e3o\"}}]}<\/script>\n<!-- \/ Yoast SEO plugin. -->","yoast_head_json":{"title":"Autonomia financeira \u00e9 prioridade para as mulheres - Notibras","robots":{"index":"index","follow":"follow","max-snippet":"max-snippet:-1","max-image-preview":"max-image-preview:large","max-video-preview":"max-video-preview:-1"},"canonical":"https:\/\/www.notibras.com\/site\/autonomia-financeira-e-prioridade-para-as-mulheres\/","og_locale":"pt_BR","og_type":"article","og_title":"Autonomia financeira \u00e9 prioridade para as mulheres - Notibras","og_description":"Ter autonomia financeira para decidir sobre a pr\u00f3pria vida est\u00e1 no topo das prioridades das mulheres ouvidas pela pesquisa Mulheres e Mercado de Trabalho. O levantamento confirma que o mundo do trabalho permanece desigual e traz a percep\u00e7\u00e3o delas sobre pr\u00e1ticas discriminat\u00f3rias e violentas no ambiente profissional. Realizada pela Consultoria Maya, com base no cadastro [&hellip;]","og_url":"https:\/\/www.notibras.com\/site\/autonomia-financeira-e-prioridade-para-as-mulheres\/","og_site_name":"Notibras","article_publisher":"https:\/\/www.facebook.com\/notibras\/","article_published_time":"2026-03-08T03:01:51+00:00","article_modified_time":"2026-03-08T07:35:25+00:00","og_image":[{"width":1170,"height":700,"url":"https:\/\/www.notibras.com\/site\/wp-content\/uploads\/2026\/03\/mcm_5729_0.webp","type":"image\/webp"}],"author":"Reda\u00e7\u00e3o","twitter_card":"summary_large_image","twitter_creator":"@Notibras","twitter_site":"@Notibras","twitter_misc":{"Escrito por":"Reda\u00e7\u00e3o","Est. tempo de leitura":"4 minutos"},"schema":{"@context":"https:\/\/schema.org","@graph":[{"@type":"Article","@id":"https:\/\/www.notibras.com\/site\/autonomia-financeira-e-prioridade-para-as-mulheres\/#article","isPartOf":{"@id":"https:\/\/www.notibras.com\/site\/autonomia-financeira-e-prioridade-para-as-mulheres\/"},"author":{"name":"Reda\u00e7\u00e3o","@id":"https:\/\/www.notibras.com\/site\/#\/schema\/person\/36ab0979449956132d3e5b517ea76ac8"},"headline":"Autonomia financeira \u00e9 prioridade para as mulheres","datePublished":"2026-03-08T03:01:51+00:00","dateModified":"2026-03-08T07:35:25+00:00","mainEntityOfPage":{"@id":"https:\/\/www.notibras.com\/site\/autonomia-financeira-e-prioridade-para-as-mulheres\/"},"wordCount":636,"publisher":{"@id":"https:\/\/www.notibras.com\/site\/#organization"},"image":{"@id":"https:\/\/www.notibras.com\/site\/autonomia-financeira-e-prioridade-para-as-mulheres\/#primaryimage"},"thumbnailUrl":"https:\/\/www.notibras.com\/site\/wp-content\/uploads\/2026\/03\/mcm_5729_0.webp","articleSection":["Brasil"],"inLanguage":"pt-BR"},{"@type":"WebPage","@id":"https:\/\/www.notibras.com\/site\/autonomia-financeira-e-prioridade-para-as-mulheres\/","url":"https:\/\/www.notibras.com\/site\/autonomia-financeira-e-prioridade-para-as-mulheres\/","name":"Autonomia financeira \u00e9 prioridade para as mulheres - Notibras","isPartOf":{"@id":"https:\/\/www.notibras.com\/site\/#website"},"primaryImageOfPage":{"@id":"https:\/\/www.notibras.com\/site\/autonomia-financeira-e-prioridade-para-as-mulheres\/#primaryimage"},"image":{"@id":"https:\/\/www.notibras.com\/site\/autonomia-financeira-e-prioridade-para-as-mulheres\/#primaryimage"},"thumbnailUrl":"https:\/\/www.notibras.com\/site\/wp-content\/uploads\/2026\/03\/mcm_5729_0.webp","datePublished":"2026-03-08T03:01:51+00:00","dateModified":"2026-03-08T07:35:25+00:00","breadcrumb":{"@id":"https:\/\/www.notibras.com\/site\/autonomia-financeira-e-prioridade-para-as-mulheres\/#breadcrumb"},"inLanguage":"pt-BR","potentialAction":[{"@type":"ReadAction","target":["https:\/\/www.notibras.com\/site\/autonomia-financeira-e-prioridade-para-as-mulheres\/"]}]},{"@type":"ImageObject","inLanguage":"pt-BR","@id":"https:\/\/www.notibras.com\/site\/autonomia-financeira-e-prioridade-para-as-mulheres\/#primaryimage","url":"https:\/\/www.notibras.com\/site\/wp-content\/uploads\/2026\/03\/mcm_5729_0.webp","contentUrl":"https:\/\/www.notibras.com\/site\/wp-content\/uploads\/2026\/03\/mcm_5729_0.webp","width":1170,"height":700},{"@type":"BreadcrumbList","@id":"https:\/\/www.notibras.com\/site\/autonomia-financeira-e-prioridade-para-as-mulheres\/#breadcrumb","itemListElement":[{"@type":"ListItem","position":1,"name":"In\u00edcio","item":"https:\/\/www.notibras.com\/site\/"},{"@type":"ListItem","position":2,"name":"Autonomia financeira \u00e9 prioridade para as mulheres"}]},{"@type":"WebSite","@id":"https:\/\/www.notibras.com\/site\/#website","url":"https:\/\/www.notibras.com\/site\/","name":"Notibras","description":"Not\u00edcias de Bras\u00edlia, do Brasil e do Mundo","publisher":{"@id":"https:\/\/www.notibras.com\/site\/#organization"},"potentialAction":[{"@type":"SearchAction","target":{"@type":"EntryPoint","urlTemplate":"https:\/\/www.notibras.com\/site\/?s={search_term_string}"},"query-input":{"@type":"PropertyValueSpecification","valueRequired":true,"valueName":"search_term_string"}}],"inLanguage":"pt-BR"},{"@type":"Organization","@id":"https:\/\/www.notibras.com\/site\/#organization","name":"Grupo Notibras de Comunica\u00e7\u00e3o","url":"https:\/\/www.notibras.com\/site\/","logo":{"@type":"ImageObject","inLanguage":"pt-BR","@id":"https:\/\/www.notibras.com\/site\/#\/schema\/logo\/image\/","url":"https:\/\/www.notibras.com\/site\/wp-content\/uploads\/2023\/01\/notibras23.png","contentUrl":"https:\/\/www.notibras.com\/site\/wp-content\/uploads\/2023\/01\/notibras23.png","width":350,"height":87,"caption":"Grupo Notibras de Comunica\u00e7\u00e3o"},"image":{"@id":"https:\/\/www.notibras.com\/site\/#\/schema\/logo\/image\/"},"sameAs":["https:\/\/www.facebook.com\/notibras\/","https:\/\/x.com\/Notibras","https:\/\/www.instagram.com\/notibras\/"]},{"@type":"Person","@id":"https:\/\/www.notibras.com\/site\/#\/schema\/person\/36ab0979449956132d3e5b517ea76ac8","name":"Reda\u00e7\u00e3o","image":{"@type":"ImageObject","inLanguage":"pt-BR","@id":"https:\/\/secure.gravatar.com\/avatar\/e0a867bdedb85fd243eadf09663511f96fc81e0720a4a42581f334ad4303aa6b?s=96&d=mm&r=g","url":"https:\/\/secure.gravatar.com\/avatar\/e0a867bdedb85fd243eadf09663511f96fc81e0720a4a42581f334ad4303aa6b?s=96&d=mm&r=g","contentUrl":"https:\/\/secure.gravatar.com\/avatar\/e0a867bdedb85fd243eadf09663511f96fc81e0720a4a42581f334ad4303aa6b?s=96&d=mm&r=g","caption":"Reda\u00e7\u00e3o"}}]}},"amp_enabled":true,"_links":{"self":[{"href":"https:\/\/www.notibras.com\/site\/wp-json\/wp\/v2\/posts\/386124","targetHints":{"allow":["GET"]}}],"collection":[{"href":"https:\/\/www.notibras.com\/site\/wp-json\/wp\/v2\/posts"}],"about":[{"href":"https:\/\/www.notibras.com\/site\/wp-json\/wp\/v2\/types\/post"}],"author":[{"embeddable":true,"href":"https:\/\/www.notibras.com\/site\/wp-json\/wp\/v2\/users\/2"}],"replies":[{"embeddable":true,"href":"https:\/\/www.notibras.com\/site\/wp-json\/wp\/v2\/comments?post=386124"}],"version-history":[{"count":1,"href":"https:\/\/www.notibras.com\/site\/wp-json\/wp\/v2\/posts\/386124\/revisions"}],"predecessor-version":[{"id":386126,"href":"https:\/\/www.notibras.com\/site\/wp-json\/wp\/v2\/posts\/386124\/revisions\/386126"}],"wp:featuredmedia":[{"embeddable":true,"href":"https:\/\/www.notibras.com\/site\/wp-json\/wp\/v2\/media\/386125"}],"wp:attachment":[{"href":"https:\/\/www.notibras.com\/site\/wp-json\/wp\/v2\/media?parent=386124"}],"wp:term":[{"taxonomy":"category","embeddable":true,"href":"https:\/\/www.notibras.com\/site\/wp-json\/wp\/v2\/categories?post=386124"},{"taxonomy":"post_tag","embeddable":true,"href":"https:\/\/www.notibras.com\/site\/wp-json\/wp\/v2\/tags?post=386124"}],"curies":[{"name":"wp","href":"https:\/\/api.w.org\/{rel}","templated":true}]}}