{"id":386130,"date":"2026-03-08T05:02:34","date_gmt":"2026-03-08T08:02:34","guid":{"rendered":"https:\/\/www.notibras.com\/site\/?p=386130"},"modified":"2026-03-08T05:03:41","modified_gmt":"2026-03-08T08:03:41","slug":"ceu-pede-sensibilidade-e-escolhas-silenciosas","status":"publish","type":"post","link":"https:\/\/www.notibras.com\/site\/ceu-pede-sensibilidade-e-escolhas-silenciosas\/","title":{"rendered":"C\u00e9u pede sensibilidade e escolhas silenciosas"},"content":{"rendered":"<p>A segunda semana de mar\u00e7o chega sob uma atmosfera em que nem tudo se revela de imediato. H\u00e1 movimentos discretos acontecendo por tr\u00e1s das apar\u00eancias: decis\u00f5es amadurecem em sil\u00eancio, rela\u00e7\u00f5es passam por ajustes sutis e muitos perceber\u00e3o que o tempo agora pede menos pressa e mais observa\u00e7\u00e3o.<\/p>\n<p>\u00c9 um per\u00edodo favor\u00e1vel para reorganizar prioridades, rever promessas feitas a si mesmo e compreender que certas respostas n\u00e3o v\u00eam no instante desejado, mas no momento exato em que a consci\u00eancia est\u00e1 pronta para receb\u00ea-las. Emo\u00e7\u00f5es antigas podem reaparecer, n\u00e3o como peso, mas como oportunidade de entendimento. Em alguns casos, ser\u00e1 necess\u00e1rio deixar o orgulho de lado; em outros, confiar mais na pr\u00f3pria intui\u00e7\u00e3o do que no ru\u00eddo externo.<\/p>\n<p>A semana tamb\u00e9m carrega uma energia prop\u00edcia para pequenos recome\u00e7os: conversas interrompidas podem ser retomadas, projetos esquecidos ganham novo f\u00f4lego e encontros inesperados podem trazer significados maiores do que aparentam \u00e0 primeira vista.<\/p>\n<p><strong>Veja as previs\u00f5es<\/strong><\/p>\n<p>&#x2648; \u00c1ries<\/p>\n<p>A semana favorece decis\u00f5es pr\u00e1ticas. O impulso natural ariano precisar\u00e1 conviver com certa dose de cautela, especialmente em quest\u00f5es profissionais. No amor, menos confronto e mais escuta podem evitar desgastes desnecess\u00e1rios. Energia f\u00edsica em alta, mas conv\u00e9m n\u00e3o desperdi\u00e7\u00e1-la com irrita\u00e7\u00f5es pequenas.<\/p>\n<p>&#x2649; Touro<\/p>\n<p>Per\u00edodo bom para reorganizar finan\u00e7as e retomar assuntos dom\u00e9sticos deixados de lado. Uma not\u00edcia inesperada pode trazer al\u00edvio emocional. No campo afetivo, algu\u00e9m pode demonstrar mais do que costuma dizer. A estabilidade vir\u00e1 do que for constru\u00eddo sem ansiedade.<\/p>\n<p>&#x264a; G\u00eameos<\/p>\n<p>A mente estar\u00e1 veloz, mas ser\u00e1 preciso filtrar excessos. H\u00e1 risco de dispers\u00e3o em tarefas importantes. Conversas importantes ganham peso nesta semana, especialmente no trabalho. No amor, palavras ter\u00e3o efeito maior do que se imagina.<\/p>\n<p>&#x264b; C\u00e2ncer<\/p>\n<p>Sensibilidade ampliada e necessidade de prote\u00e7\u00e3o emocional. Assuntos familiares podem ocupar espa\u00e7o maior do que o habitual. Boa semana para resolver pend\u00eancias antigas. Um gesto simples vindo de algu\u00e9m pr\u00f3ximo poder\u00e1 ter forte impacto interior.<\/p>\n<p>&#x264c; Le\u00e3o<\/p>\n<p>Momento favor\u00e1vel para recuperar confian\u00e7a em projetos pessoais. H\u00e1 possibilidade de reconhecimento discreto, por\u00e9m importante. No amor, a semana pede menos orgulho e mais clareza. Nem toda disputa merece palco.<\/p>\n<p>&#x264d; Virgem<\/p>\n<p>Detalhes far\u00e3o diferen\u00e7a em decis\u00f5es relevantes. Boa fase para organizar pap\u00e9is, contratos ou planejamentos futuros. O excesso de autocobran\u00e7a, por\u00e9m, pode gerar cansa\u00e7o desnecess\u00e1rio. No afetivo, a leveza ser\u00e1 mais produtiva do que o controle.<\/p>\n<p>&#x264e; Libra<\/p>\n<p>A semana traz necessidade de equil\u00edbrio entre desejo pessoal e demandas externas. Algumas escolhas podem exigir firmeza incomum. H\u00e1 chance de reencontro simb\u00f3lico: pessoas, ideias ou mem\u00f3rias retornam com outro significado.<\/p>\n<p>&#x264f; Escorpi\u00e3o<\/p>\n<p>Intui\u00e7\u00e3o muito forte. O que estiver oculto tende a se revelar aos poucos. Bom per\u00edodo para observar antes de agir. No amor, intensidade cresce, mas conv\u00e9m evitar interpreta\u00e7\u00f5es precipitadas. Energia de transforma\u00e7\u00e3o presente.<\/p>\n<p>&#x2650; Sagit\u00e1rio<\/p>\n<p>A vontade de romper rotina aparece com for\u00e7a, mas nem tudo poder\u00e1 ser resolvido de imediato. Boa semana para planejar viagens, estudos ou novos caminhos profissionais. No campo afetivo, sinceridade ser\u00e1 decisiva.<\/p>\n<p>&#x2651; Capric\u00f3rnio<\/p>\n<p>Responsabilidades aumentam, mas tamb\u00e9m cresce a sensa\u00e7\u00e3o de dom\u00ednio sobre situa\u00e7\u00f5es antes inst\u00e1veis. Um reconhecimento profissional pode surgir de forma inesperada. No amor, o excesso de reserva pode dificultar aproxima\u00e7\u00f5es.<\/p>\n<p>&#x2652; Aqu\u00e1rio<\/p>\n<p>Semana de ideias f\u00e9rteis e percep\u00e7\u00e3o agu\u00e7ada sobre mudan\u00e7as futuras. H\u00e1 sinais positivos em amizades e projetos coletivos. Um convite inesperado pode abrir nova possibilidade social ou profissional.<\/p>\n<p>&#x2653; Peixes<\/p>\n<p>Com o Sol ainda favorecendo o signo, a sensibilidade pisciana se amplia e traz percep\u00e7\u00f5es profundas. \u00c9 momento de confiar no que o cora\u00e7\u00e3o percebe, sem abandonar o senso pr\u00e1tico. Rela\u00e7\u00f5es afetivas tendem a ganhar intensidade e significado.<\/p>\n<p>&#8230;&#8230;&#8230;&#8230;&#8230;&#8230;.<\/p>\n<p><strong>Anabelle Santa&#8217;cruz \u00e9 Editora de Or\u00e1culos<\/strong><\/p>\n<p>&nbsp;<\/p>\n","protected":false},"excerpt":{"rendered":"<p>A segunda semana de mar\u00e7o chega sob uma atmosfera em que nem tudo se revela de imediato. H\u00e1 movimentos discretos acontecendo por tr\u00e1s das apar\u00eancias: decis\u00f5es amadurecem em sil\u00eancio, rela\u00e7\u00f5es passam por ajustes sutis e muitos perceber\u00e3o que o tempo agora pede menos pressa e mais observa\u00e7\u00e3o. \u00c9 um per\u00edodo favor\u00e1vel para reorganizar prioridades, rever [&hellip;]<\/p>\n","protected":false},"author":2,"featured_media":386131,"comment_status":"closed","ping_status":"closed","sticky":false,"template":"","format":"standard","meta":{"_acf_changed":false,"footnotes":""},"categories":[237],"tags":[],"class_list":["post-386130","post","type-post","status-publish","format-standard","has-post-thumbnail","hentry","category-oraculos"],"acf":[],"yoast_head":"<!-- This site is optimized with the Yoast SEO plugin v27.2 - https:\/\/yoast.com\/product\/yoast-seo-wordpress\/ -->\n<title>C\u00e9u pede sensibilidade e escolhas silenciosas - Notibras<\/title>\n<meta name=\"robots\" content=\"index, follow, max-snippet:-1, max-image-preview:large, max-video-preview:-1\" \/>\n<link rel=\"canonical\" href=\"https:\/\/www.notibras.com\/site\/ceu-pede-sensibilidade-e-escolhas-silenciosas\/\" \/>\n<meta property=\"og:locale\" content=\"pt_BR\" \/>\n<meta property=\"og:type\" content=\"article\" \/>\n<meta property=\"og:title\" content=\"C\u00e9u pede sensibilidade e escolhas silenciosas - Notibras\" \/>\n<meta property=\"og:description\" content=\"A segunda semana de mar\u00e7o chega sob uma atmosfera em que nem tudo se revela de imediato. H\u00e1 movimentos discretos acontecendo por tr\u00e1s das apar\u00eancias: decis\u00f5es amadurecem em sil\u00eancio, rela\u00e7\u00f5es passam por ajustes sutis e muitos perceber\u00e3o que o tempo agora pede menos pressa e mais observa\u00e7\u00e3o. \u00c9 um per\u00edodo favor\u00e1vel para reorganizar prioridades, rever [&hellip;]\" \/>\n<meta property=\"og:url\" content=\"https:\/\/www.notibras.com\/site\/ceu-pede-sensibilidade-e-escolhas-silenciosas\/\" \/>\n<meta property=\"og:site_name\" content=\"Notibras\" \/>\n<meta property=\"article:publisher\" content=\"https:\/\/www.facebook.com\/notibras\/\" \/>\n<meta property=\"article:published_time\" content=\"2026-03-08T08:02:34+00:00\" \/>\n<meta property=\"article:modified_time\" content=\"2026-03-08T08:03:41+00:00\" \/>\n<meta property=\"og:image\" content=\"https:\/\/www.notibras.com\/site\/wp-content\/uploads\/2026\/03\/ec2c53e0-a030-4334-b16b-d282da5ad589-683x1024.png\" \/>\n\t<meta property=\"og:image:width\" content=\"683\" \/>\n\t<meta property=\"og:image:height\" content=\"1024\" \/>\n\t<meta property=\"og:image:type\" content=\"image\/png\" \/>\n<meta name=\"author\" content=\"Reda\u00e7\u00e3o\" \/>\n<meta name=\"twitter:card\" content=\"summary_large_image\" \/>\n<meta name=\"twitter:creator\" content=\"@Notibras\" \/>\n<meta name=\"twitter:site\" content=\"@Notibras\" \/>\n<meta name=\"twitter:label1\" content=\"Escrito por\" \/>\n\t<meta name=\"twitter:data1\" content=\"Reda\u00e7\u00e3o\" \/>\n\t<meta name=\"twitter:label2\" content=\"Est. tempo de leitura\" \/>\n\t<meta name=\"twitter:data2\" content=\"4 minutos\" \/>\n<script type=\"application\/ld+json\" class=\"yoast-schema-graph\">{\"@context\":\"https:\/\/schema.org\",\"@graph\":[{\"@type\":\"Article\",\"@id\":\"https:\/\/www.notibras.com\/site\/ceu-pede-sensibilidade-e-escolhas-silenciosas\/#article\",\"isPartOf\":{\"@id\":\"https:\/\/www.notibras.com\/site\/ceu-pede-sensibilidade-e-escolhas-silenciosas\/\"},\"author\":{\"name\":\"Reda\u00e7\u00e3o\",\"@id\":\"https:\/\/www.notibras.com\/site\/#\/schema\/person\/36ab0979449956132d3e5b517ea76ac8\"},\"headline\":\"C\u00e9u pede sensibilidade e escolhas silenciosas\",\"datePublished\":\"2026-03-08T08:02:34+00:00\",\"dateModified\":\"2026-03-08T08:03:41+00:00\",\"mainEntityOfPage\":{\"@id\":\"https:\/\/www.notibras.com\/site\/ceu-pede-sensibilidade-e-escolhas-silenciosas\/\"},\"wordCount\":690,\"publisher\":{\"@id\":\"https:\/\/www.notibras.com\/site\/#organization\"},\"image\":{\"@id\":\"https:\/\/www.notibras.com\/site\/ceu-pede-sensibilidade-e-escolhas-silenciosas\/#primaryimage\"},\"thumbnailUrl\":\"https:\/\/www.notibras.com\/site\/wp-content\/uploads\/2026\/03\/ec2c53e0-a030-4334-b16b-d282da5ad589.png\",\"articleSection\":[\"Or\u00e1culos\"],\"inLanguage\":\"pt-BR\"},{\"@type\":\"WebPage\",\"@id\":\"https:\/\/www.notibras.com\/site\/ceu-pede-sensibilidade-e-escolhas-silenciosas\/\",\"url\":\"https:\/\/www.notibras.com\/site\/ceu-pede-sensibilidade-e-escolhas-silenciosas\/\",\"name\":\"C\u00e9u pede sensibilidade e escolhas silenciosas - Notibras\",\"isPartOf\":{\"@id\":\"https:\/\/www.notibras.com\/site\/#website\"},\"primaryImageOfPage\":{\"@id\":\"https:\/\/www.notibras.com\/site\/ceu-pede-sensibilidade-e-escolhas-silenciosas\/#primaryimage\"},\"image\":{\"@id\":\"https:\/\/www.notibras.com\/site\/ceu-pede-sensibilidade-e-escolhas-silenciosas\/#primaryimage\"},\"thumbnailUrl\":\"https:\/\/www.notibras.com\/site\/wp-content\/uploads\/2026\/03\/ec2c53e0-a030-4334-b16b-d282da5ad589.png\",\"datePublished\":\"2026-03-08T08:02:34+00:00\",\"dateModified\":\"2026-03-08T08:03:41+00:00\",\"breadcrumb\":{\"@id\":\"https:\/\/www.notibras.com\/site\/ceu-pede-sensibilidade-e-escolhas-silenciosas\/#breadcrumb\"},\"inLanguage\":\"pt-BR\",\"potentialAction\":[{\"@type\":\"ReadAction\",\"target\":[\"https:\/\/www.notibras.com\/site\/ceu-pede-sensibilidade-e-escolhas-silenciosas\/\"]}]},{\"@type\":\"ImageObject\",\"inLanguage\":\"pt-BR\",\"@id\":\"https:\/\/www.notibras.com\/site\/ceu-pede-sensibilidade-e-escolhas-silenciosas\/#primaryimage\",\"url\":\"https:\/\/www.notibras.com\/site\/wp-content\/uploads\/2026\/03\/ec2c53e0-a030-4334-b16b-d282da5ad589.png\",\"contentUrl\":\"https:\/\/www.notibras.com\/site\/wp-content\/uploads\/2026\/03\/ec2c53e0-a030-4334-b16b-d282da5ad589.png\",\"width\":1024,\"height\":1536},{\"@type\":\"BreadcrumbList\",\"@id\":\"https:\/\/www.notibras.com\/site\/ceu-pede-sensibilidade-e-escolhas-silenciosas\/#breadcrumb\",\"itemListElement\":[{\"@type\":\"ListItem\",\"position\":1,\"name\":\"In\u00edcio\",\"item\":\"https:\/\/www.notibras.com\/site\/\"},{\"@type\":\"ListItem\",\"position\":2,\"name\":\"C\u00e9u pede sensibilidade e escolhas silenciosas\"}]},{\"@type\":\"WebSite\",\"@id\":\"https:\/\/www.notibras.com\/site\/#website\",\"url\":\"https:\/\/www.notibras.com\/site\/\",\"name\":\"Notibras\",\"description\":\"Not\u00edcias de Bras\u00edlia, do Brasil e do Mundo\",\"publisher\":{\"@id\":\"https:\/\/www.notibras.com\/site\/#organization\"},\"potentialAction\":[{\"@type\":\"SearchAction\",\"target\":{\"@type\":\"EntryPoint\",\"urlTemplate\":\"https:\/\/www.notibras.com\/site\/?s={search_term_string}\"},\"query-input\":{\"@type\":\"PropertyValueSpecification\",\"valueRequired\":true,\"valueName\":\"search_term_string\"}}],\"inLanguage\":\"pt-BR\"},{\"@type\":\"Organization\",\"@id\":\"https:\/\/www.notibras.com\/site\/#organization\",\"name\":\"Grupo Notibras de Comunica\u00e7\u00e3o\",\"url\":\"https:\/\/www.notibras.com\/site\/\",\"logo\":{\"@type\":\"ImageObject\",\"inLanguage\":\"pt-BR\",\"@id\":\"https:\/\/www.notibras.com\/site\/#\/schema\/logo\/image\/\",\"url\":\"https:\/\/www.notibras.com\/site\/wp-content\/uploads\/2023\/01\/notibras23.png\",\"contentUrl\":\"https:\/\/www.notibras.com\/site\/wp-content\/uploads\/2023\/01\/notibras23.png\",\"width\":350,\"height\":87,\"caption\":\"Grupo Notibras de Comunica\u00e7\u00e3o\"},\"image\":{\"@id\":\"https:\/\/www.notibras.com\/site\/#\/schema\/logo\/image\/\"},\"sameAs\":[\"https:\/\/www.facebook.com\/notibras\/\",\"https:\/\/x.com\/Notibras\",\"https:\/\/www.instagram.com\/notibras\/\"]},{\"@type\":\"Person\",\"@id\":\"https:\/\/www.notibras.com\/site\/#\/schema\/person\/36ab0979449956132d3e5b517ea76ac8\",\"name\":\"Reda\u00e7\u00e3o\",\"image\":{\"@type\":\"ImageObject\",\"inLanguage\":\"pt-BR\",\"@id\":\"https:\/\/secure.gravatar.com\/avatar\/e0a867bdedb85fd243eadf09663511f96fc81e0720a4a42581f334ad4303aa6b?s=96&d=mm&r=g\",\"url\":\"https:\/\/secure.gravatar.com\/avatar\/e0a867bdedb85fd243eadf09663511f96fc81e0720a4a42581f334ad4303aa6b?s=96&d=mm&r=g\",\"contentUrl\":\"https:\/\/secure.gravatar.com\/avatar\/e0a867bdedb85fd243eadf09663511f96fc81e0720a4a42581f334ad4303aa6b?s=96&d=mm&r=g\",\"caption\":\"Reda\u00e7\u00e3o\"}}]}<\/script>\n<!-- \/ Yoast SEO plugin. -->","yoast_head_json":{"title":"C\u00e9u pede sensibilidade e escolhas silenciosas - Notibras","robots":{"index":"index","follow":"follow","max-snippet":"max-snippet:-1","max-image-preview":"max-image-preview:large","max-video-preview":"max-video-preview:-1"},"canonical":"https:\/\/www.notibras.com\/site\/ceu-pede-sensibilidade-e-escolhas-silenciosas\/","og_locale":"pt_BR","og_type":"article","og_title":"C\u00e9u pede sensibilidade e escolhas silenciosas - Notibras","og_description":"A segunda semana de mar\u00e7o chega sob uma atmosfera em que nem tudo se revela de imediato. H\u00e1 movimentos discretos acontecendo por tr\u00e1s das apar\u00eancias: decis\u00f5es amadurecem em sil\u00eancio, rela\u00e7\u00f5es passam por ajustes sutis e muitos perceber\u00e3o que o tempo agora pede menos pressa e mais observa\u00e7\u00e3o. \u00c9 um per\u00edodo favor\u00e1vel para reorganizar prioridades, rever [&hellip;]","og_url":"https:\/\/www.notibras.com\/site\/ceu-pede-sensibilidade-e-escolhas-silenciosas\/","og_site_name":"Notibras","article_publisher":"https:\/\/www.facebook.com\/notibras\/","article_published_time":"2026-03-08T08:02:34+00:00","article_modified_time":"2026-03-08T08:03:41+00:00","og_image":[{"width":683,"height":1024,"url":"https:\/\/www.notibras.com\/site\/wp-content\/uploads\/2026\/03\/ec2c53e0-a030-4334-b16b-d282da5ad589-683x1024.png","type":"image\/png"}],"author":"Reda\u00e7\u00e3o","twitter_card":"summary_large_image","twitter_creator":"@Notibras","twitter_site":"@Notibras","twitter_misc":{"Escrito por":"Reda\u00e7\u00e3o","Est. tempo de leitura":"4 minutos"},"schema":{"@context":"https:\/\/schema.org","@graph":[{"@type":"Article","@id":"https:\/\/www.notibras.com\/site\/ceu-pede-sensibilidade-e-escolhas-silenciosas\/#article","isPartOf":{"@id":"https:\/\/www.notibras.com\/site\/ceu-pede-sensibilidade-e-escolhas-silenciosas\/"},"author":{"name":"Reda\u00e7\u00e3o","@id":"https:\/\/www.notibras.com\/site\/#\/schema\/person\/36ab0979449956132d3e5b517ea76ac8"},"headline":"C\u00e9u pede sensibilidade e escolhas silenciosas","datePublished":"2026-03-08T08:02:34+00:00","dateModified":"2026-03-08T08:03:41+00:00","mainEntityOfPage":{"@id":"https:\/\/www.notibras.com\/site\/ceu-pede-sensibilidade-e-escolhas-silenciosas\/"},"wordCount":690,"publisher":{"@id":"https:\/\/www.notibras.com\/site\/#organization"},"image":{"@id":"https:\/\/www.notibras.com\/site\/ceu-pede-sensibilidade-e-escolhas-silenciosas\/#primaryimage"},"thumbnailUrl":"https:\/\/www.notibras.com\/site\/wp-content\/uploads\/2026\/03\/ec2c53e0-a030-4334-b16b-d282da5ad589.png","articleSection":["Or\u00e1culos"],"inLanguage":"pt-BR"},{"@type":"WebPage","@id":"https:\/\/www.notibras.com\/site\/ceu-pede-sensibilidade-e-escolhas-silenciosas\/","url":"https:\/\/www.notibras.com\/site\/ceu-pede-sensibilidade-e-escolhas-silenciosas\/","name":"C\u00e9u pede sensibilidade e escolhas silenciosas - Notibras","isPartOf":{"@id":"https:\/\/www.notibras.com\/site\/#website"},"primaryImageOfPage":{"@id":"https:\/\/www.notibras.com\/site\/ceu-pede-sensibilidade-e-escolhas-silenciosas\/#primaryimage"},"image":{"@id":"https:\/\/www.notibras.com\/site\/ceu-pede-sensibilidade-e-escolhas-silenciosas\/#primaryimage"},"thumbnailUrl":"https:\/\/www.notibras.com\/site\/wp-content\/uploads\/2026\/03\/ec2c53e0-a030-4334-b16b-d282da5ad589.png","datePublished":"2026-03-08T08:02:34+00:00","dateModified":"2026-03-08T08:03:41+00:00","breadcrumb":{"@id":"https:\/\/www.notibras.com\/site\/ceu-pede-sensibilidade-e-escolhas-silenciosas\/#breadcrumb"},"inLanguage":"pt-BR","potentialAction":[{"@type":"ReadAction","target":["https:\/\/www.notibras.com\/site\/ceu-pede-sensibilidade-e-escolhas-silenciosas\/"]}]},{"@type":"ImageObject","inLanguage":"pt-BR","@id":"https:\/\/www.notibras.com\/site\/ceu-pede-sensibilidade-e-escolhas-silenciosas\/#primaryimage","url":"https:\/\/www.notibras.com\/site\/wp-content\/uploads\/2026\/03\/ec2c53e0-a030-4334-b16b-d282da5ad589.png","contentUrl":"https:\/\/www.notibras.com\/site\/wp-content\/uploads\/2026\/03\/ec2c53e0-a030-4334-b16b-d282da5ad589.png","width":1024,"height":1536},{"@type":"BreadcrumbList","@id":"https:\/\/www.notibras.com\/site\/ceu-pede-sensibilidade-e-escolhas-silenciosas\/#breadcrumb","itemListElement":[{"@type":"ListItem","position":1,"name":"In\u00edcio","item":"https:\/\/www.notibras.com\/site\/"},{"@type":"ListItem","position":2,"name":"C\u00e9u pede sensibilidade e escolhas silenciosas"}]},{"@type":"WebSite","@id":"https:\/\/www.notibras.com\/site\/#website","url":"https:\/\/www.notibras.com\/site\/","name":"Notibras","description":"Not\u00edcias de Bras\u00edlia, do Brasil e do Mundo","publisher":{"@id":"https:\/\/www.notibras.com\/site\/#organization"},"potentialAction":[{"@type":"SearchAction","target":{"@type":"EntryPoint","urlTemplate":"https:\/\/www.notibras.com\/site\/?s={search_term_string}"},"query-input":{"@type":"PropertyValueSpecification","valueRequired":true,"valueName":"search_term_string"}}],"inLanguage":"pt-BR"},{"@type":"Organization","@id":"https:\/\/www.notibras.com\/site\/#organization","name":"Grupo Notibras de Comunica\u00e7\u00e3o","url":"https:\/\/www.notibras.com\/site\/","logo":{"@type":"ImageObject","inLanguage":"pt-BR","@id":"https:\/\/www.notibras.com\/site\/#\/schema\/logo\/image\/","url":"https:\/\/www.notibras.com\/site\/wp-content\/uploads\/2023\/01\/notibras23.png","contentUrl":"https:\/\/www.notibras.com\/site\/wp-content\/uploads\/2023\/01\/notibras23.png","width":350,"height":87,"caption":"Grupo Notibras de Comunica\u00e7\u00e3o"},"image":{"@id":"https:\/\/www.notibras.com\/site\/#\/schema\/logo\/image\/"},"sameAs":["https:\/\/www.facebook.com\/notibras\/","https:\/\/x.com\/Notibras","https:\/\/www.instagram.com\/notibras\/"]},{"@type":"Person","@id":"https:\/\/www.notibras.com\/site\/#\/schema\/person\/36ab0979449956132d3e5b517ea76ac8","name":"Reda\u00e7\u00e3o","image":{"@type":"ImageObject","inLanguage":"pt-BR","@id":"https:\/\/secure.gravatar.com\/avatar\/e0a867bdedb85fd243eadf09663511f96fc81e0720a4a42581f334ad4303aa6b?s=96&d=mm&r=g","url":"https:\/\/secure.gravatar.com\/avatar\/e0a867bdedb85fd243eadf09663511f96fc81e0720a4a42581f334ad4303aa6b?s=96&d=mm&r=g","contentUrl":"https:\/\/secure.gravatar.com\/avatar\/e0a867bdedb85fd243eadf09663511f96fc81e0720a4a42581f334ad4303aa6b?s=96&d=mm&r=g","caption":"Reda\u00e7\u00e3o"}}]}},"amp_enabled":true,"_links":{"self":[{"href":"https:\/\/www.notibras.com\/site\/wp-json\/wp\/v2\/posts\/386130","targetHints":{"allow":["GET"]}}],"collection":[{"href":"https:\/\/www.notibras.com\/site\/wp-json\/wp\/v2\/posts"}],"about":[{"href":"https:\/\/www.notibras.com\/site\/wp-json\/wp\/v2\/types\/post"}],"author":[{"embeddable":true,"href":"https:\/\/www.notibras.com\/site\/wp-json\/wp\/v2\/users\/2"}],"replies":[{"embeddable":true,"href":"https:\/\/www.notibras.com\/site\/wp-json\/wp\/v2\/comments?post=386130"}],"version-history":[{"count":2,"href":"https:\/\/www.notibras.com\/site\/wp-json\/wp\/v2\/posts\/386130\/revisions"}],"predecessor-version":[{"id":386133,"href":"https:\/\/www.notibras.com\/site\/wp-json\/wp\/v2\/posts\/386130\/revisions\/386133"}],"wp:featuredmedia":[{"embeddable":true,"href":"https:\/\/www.notibras.com\/site\/wp-json\/wp\/v2\/media\/386131"}],"wp:attachment":[{"href":"https:\/\/www.notibras.com\/site\/wp-json\/wp\/v2\/media?parent=386130"}],"wp:term":[{"taxonomy":"category","embeddable":true,"href":"https:\/\/www.notibras.com\/site\/wp-json\/wp\/v2\/categories?post=386130"},{"taxonomy":"post_tag","embeddable":true,"href":"https:\/\/www.notibras.com\/site\/wp-json\/wp\/v2\/tags?post=386130"}],"curies":[{"name":"wp","href":"https:\/\/api.w.org\/{rel}","templated":true}]}}