{"id":386149,"date":"2026-03-08T00:00:11","date_gmt":"2026-03-08T03:00:11","guid":{"rendered":"https:\/\/www.notibras.com\/site\/?p=386149"},"modified":"2026-03-08T05:42:58","modified_gmt":"2026-03-08T08:42:58","slug":"fabrica-investigada-por-furtar-energia-capaz-de-abastecer-3-mil-casas","status":"publish","type":"post","link":"https:\/\/www.notibras.com\/site\/fabrica-investigada-por-furtar-energia-capaz-de-abastecer-3-mil-casas\/","title":{"rendered":"F\u00e1brica investigada por furtar energia capaz de abastecer 3 mil casas"},"content":{"rendered":"<p>Uma opera\u00e7\u00e3o conjunta entre a Neoenergia Coelba e a Pol\u00edcia Civil flagrou uma liga\u00e7\u00e3o clandestina de energia em uma f\u00e1brica de energ\u00e9ticos no bairro de Val\u00e9ria, em Salvador.<\/p>\n<p>A distribuidora estima que a energia recuperada na a\u00e7\u00e3o foi de 200 mil quilowatts\/hora, suficiente para abastecer 3.200 resid\u00eancias por 15 dias. Segundo a concession\u00e1ria, um funcion\u00e1rio do estabelecimento foi conduzido \u00e0 delegacia para prestar esclarecimentos e o propriet\u00e1rio poder\u00e1 responder a inqu\u00e9rito criminal.<\/p>\n<p>Eletricistas da Neoenergia Coelba, policiais civis e a per\u00edcia t\u00e9cnica participaram da opera\u00e7\u00e3o. No local, foi verificado que a f\u00e1brica com os cabos de medi\u00e7\u00e3o adulterados, impedindo a leitura do consumo de energia.<\/p>\n<p>O alvo foi previamente mapeado pela equipe de intelig\u00eancia da Neoenergia Coelba, que verificou que o consumo de energia na unidade n\u00e3o era compat\u00edvel com a atividade exercida.<\/p>\n<p>A distribuidora refor\u00e7ou que os \u201cgatos\u201d representam riscos para a seguran\u00e7a de quem os realiza e da popula\u00e7\u00e3o. Al\u00e9m disso, o furto de energia prejudica o fornecimento de energia da regi\u00e3o, podendo causar graves problemas para a rede el\u00e9trica e ocasionar a interrup\u00e7\u00e3o do abastecimento.<\/p>\n","protected":false},"excerpt":{"rendered":"<p>Uma opera\u00e7\u00e3o conjunta entre a Neoenergia Coelba e a Pol\u00edcia Civil flagrou uma liga\u00e7\u00e3o clandestina de energia em uma f\u00e1brica de energ\u00e9ticos no bairro de Val\u00e9ria, em Salvador. A distribuidora estima que a energia recuperada na a\u00e7\u00e3o foi de 200 mil quilowatts\/hora, suficiente para abastecer 3.200 resid\u00eancias por 15 dias. Segundo a concession\u00e1ria, um funcion\u00e1rio [&hellip;]<\/p>\n","protected":false},"author":2,"featured_media":386150,"comment_status":"closed","ping_status":"closed","sticky":false,"template":"","format":"standard","meta":{"_acf_changed":false,"footnotes":""},"categories":[165],"tags":[],"class_list":["post-386149","post","type-post","status-publish","format-standard","has-post-thumbnail","hentry","category-nordeste"],"acf":[],"yoast_head":"<!-- This site is optimized with the Yoast SEO plugin v27.2 - https:\/\/yoast.com\/product\/yoast-seo-wordpress\/ -->\n<title>F\u00e1brica investigada por furtar energia capaz de abastecer 3 mil casas - Notibras<\/title>\n<meta name=\"robots\" content=\"index, follow, max-snippet:-1, max-image-preview:large, max-video-preview:-1\" \/>\n<link rel=\"canonical\" href=\"https:\/\/www.notibras.com\/site\/fabrica-investigada-por-furtar-energia-capaz-de-abastecer-3-mil-casas\/\" \/>\n<meta property=\"og:locale\" content=\"pt_BR\" \/>\n<meta property=\"og:type\" content=\"article\" \/>\n<meta property=\"og:title\" content=\"F\u00e1brica investigada por furtar energia capaz de abastecer 3 mil casas - Notibras\" \/>\n<meta property=\"og:description\" content=\"Uma opera\u00e7\u00e3o conjunta entre a Neoenergia Coelba e a Pol\u00edcia Civil flagrou uma liga\u00e7\u00e3o clandestina de energia em uma f\u00e1brica de energ\u00e9ticos no bairro de Val\u00e9ria, em Salvador. A distribuidora estima que a energia recuperada na a\u00e7\u00e3o foi de 200 mil quilowatts\/hora, suficiente para abastecer 3.200 resid\u00eancias por 15 dias. Segundo a concession\u00e1ria, um funcion\u00e1rio [&hellip;]\" \/>\n<meta property=\"og:url\" content=\"https:\/\/www.notibras.com\/site\/fabrica-investigada-por-furtar-energia-capaz-de-abastecer-3-mil-casas\/\" \/>\n<meta property=\"og:site_name\" content=\"Notibras\" \/>\n<meta property=\"article:publisher\" content=\"https:\/\/www.facebook.com\/notibras\/\" \/>\n<meta property=\"article:published_time\" content=\"2026-03-08T03:00:11+00:00\" \/>\n<meta property=\"article:modified_time\" content=\"2026-03-08T08:42:58+00:00\" \/>\n<meta property=\"og:image\" content=\"https:\/\/www.notibras.com\/site\/wp-content\/uploads\/2026\/03\/8438bccc-3929-4215-b6bd-33367220007a.jpg\" \/>\n\t<meta property=\"og:image:width\" content=\"984\" \/>\n\t<meta property=\"og:image:height\" content=\"616\" \/>\n\t<meta property=\"og:image:type\" content=\"image\/jpeg\" \/>\n<meta name=\"author\" content=\"Reda\u00e7\u00e3o\" \/>\n<meta name=\"twitter:card\" content=\"summary_large_image\" \/>\n<meta name=\"twitter:creator\" content=\"@Notibras\" \/>\n<meta name=\"twitter:site\" content=\"@Notibras\" \/>\n<meta name=\"twitter:label1\" content=\"Escrito por\" \/>\n\t<meta name=\"twitter:data1\" content=\"Reda\u00e7\u00e3o\" \/>\n\t<meta name=\"twitter:label2\" content=\"Est. tempo de leitura\" \/>\n\t<meta name=\"twitter:data2\" content=\"2 minutos\" \/>\n<script type=\"application\/ld+json\" class=\"yoast-schema-graph\">{\"@context\":\"https:\/\/schema.org\",\"@graph\":[{\"@type\":\"Article\",\"@id\":\"https:\/\/www.notibras.com\/site\/fabrica-investigada-por-furtar-energia-capaz-de-abastecer-3-mil-casas\/#article\",\"isPartOf\":{\"@id\":\"https:\/\/www.notibras.com\/site\/fabrica-investigada-por-furtar-energia-capaz-de-abastecer-3-mil-casas\/\"},\"author\":{\"name\":\"Reda\u00e7\u00e3o\",\"@id\":\"https:\/\/www.notibras.com\/site\/#\/schema\/person\/36ab0979449956132d3e5b517ea76ac8\"},\"headline\":\"F\u00e1brica investigada por furtar energia capaz de abastecer 3 mil casas\",\"datePublished\":\"2026-03-08T03:00:11+00:00\",\"dateModified\":\"2026-03-08T08:42:58+00:00\",\"mainEntityOfPage\":{\"@id\":\"https:\/\/www.notibras.com\/site\/fabrica-investigada-por-furtar-energia-capaz-de-abastecer-3-mil-casas\/\"},\"wordCount\":213,\"publisher\":{\"@id\":\"https:\/\/www.notibras.com\/site\/#organization\"},\"image\":{\"@id\":\"https:\/\/www.notibras.com\/site\/fabrica-investigada-por-furtar-energia-capaz-de-abastecer-3-mil-casas\/#primaryimage\"},\"thumbnailUrl\":\"https:\/\/www.notibras.com\/site\/wp-content\/uploads\/2026\/03\/8438bccc-3929-4215-b6bd-33367220007a.jpg\",\"articleSection\":[\"Nordeste\"],\"inLanguage\":\"pt-BR\"},{\"@type\":\"WebPage\",\"@id\":\"https:\/\/www.notibras.com\/site\/fabrica-investigada-por-furtar-energia-capaz-de-abastecer-3-mil-casas\/\",\"url\":\"https:\/\/www.notibras.com\/site\/fabrica-investigada-por-furtar-energia-capaz-de-abastecer-3-mil-casas\/\",\"name\":\"F\u00e1brica investigada por furtar energia capaz de abastecer 3 mil casas - Notibras\",\"isPartOf\":{\"@id\":\"https:\/\/www.notibras.com\/site\/#website\"},\"primaryImageOfPage\":{\"@id\":\"https:\/\/www.notibras.com\/site\/fabrica-investigada-por-furtar-energia-capaz-de-abastecer-3-mil-casas\/#primaryimage\"},\"image\":{\"@id\":\"https:\/\/www.notibras.com\/site\/fabrica-investigada-por-furtar-energia-capaz-de-abastecer-3-mil-casas\/#primaryimage\"},\"thumbnailUrl\":\"https:\/\/www.notibras.com\/site\/wp-content\/uploads\/2026\/03\/8438bccc-3929-4215-b6bd-33367220007a.jpg\",\"datePublished\":\"2026-03-08T03:00:11+00:00\",\"dateModified\":\"2026-03-08T08:42:58+00:00\",\"breadcrumb\":{\"@id\":\"https:\/\/www.notibras.com\/site\/fabrica-investigada-por-furtar-energia-capaz-de-abastecer-3-mil-casas\/#breadcrumb\"},\"inLanguage\":\"pt-BR\",\"potentialAction\":[{\"@type\":\"ReadAction\",\"target\":[\"https:\/\/www.notibras.com\/site\/fabrica-investigada-por-furtar-energia-capaz-de-abastecer-3-mil-casas\/\"]}]},{\"@type\":\"ImageObject\",\"inLanguage\":\"pt-BR\",\"@id\":\"https:\/\/www.notibras.com\/site\/fabrica-investigada-por-furtar-energia-capaz-de-abastecer-3-mil-casas\/#primaryimage\",\"url\":\"https:\/\/www.notibras.com\/site\/wp-content\/uploads\/2026\/03\/8438bccc-3929-4215-b6bd-33367220007a.jpg\",\"contentUrl\":\"https:\/\/www.notibras.com\/site\/wp-content\/uploads\/2026\/03\/8438bccc-3929-4215-b6bd-33367220007a.jpg\",\"width\":984,\"height\":616},{\"@type\":\"BreadcrumbList\",\"@id\":\"https:\/\/www.notibras.com\/site\/fabrica-investigada-por-furtar-energia-capaz-de-abastecer-3-mil-casas\/#breadcrumb\",\"itemListElement\":[{\"@type\":\"ListItem\",\"position\":1,\"name\":\"In\u00edcio\",\"item\":\"https:\/\/www.notibras.com\/site\/\"},{\"@type\":\"ListItem\",\"position\":2,\"name\":\"F\u00e1brica investigada por furtar energia capaz de abastecer 3 mil casas\"}]},{\"@type\":\"WebSite\",\"@id\":\"https:\/\/www.notibras.com\/site\/#website\",\"url\":\"https:\/\/www.notibras.com\/site\/\",\"name\":\"Notibras\",\"description\":\"Not\u00edcias de Bras\u00edlia, do Brasil e do Mundo\",\"publisher\":{\"@id\":\"https:\/\/www.notibras.com\/site\/#organization\"},\"potentialAction\":[{\"@type\":\"SearchAction\",\"target\":{\"@type\":\"EntryPoint\",\"urlTemplate\":\"https:\/\/www.notibras.com\/site\/?s={search_term_string}\"},\"query-input\":{\"@type\":\"PropertyValueSpecification\",\"valueRequired\":true,\"valueName\":\"search_term_string\"}}],\"inLanguage\":\"pt-BR\"},{\"@type\":\"Organization\",\"@id\":\"https:\/\/www.notibras.com\/site\/#organization\",\"name\":\"Grupo Notibras de Comunica\u00e7\u00e3o\",\"url\":\"https:\/\/www.notibras.com\/site\/\",\"logo\":{\"@type\":\"ImageObject\",\"inLanguage\":\"pt-BR\",\"@id\":\"https:\/\/www.notibras.com\/site\/#\/schema\/logo\/image\/\",\"url\":\"https:\/\/www.notibras.com\/site\/wp-content\/uploads\/2023\/01\/notibras23.png\",\"contentUrl\":\"https:\/\/www.notibras.com\/site\/wp-content\/uploads\/2023\/01\/notibras23.png\",\"width\":350,\"height\":87,\"caption\":\"Grupo Notibras de Comunica\u00e7\u00e3o\"},\"image\":{\"@id\":\"https:\/\/www.notibras.com\/site\/#\/schema\/logo\/image\/\"},\"sameAs\":[\"https:\/\/www.facebook.com\/notibras\/\",\"https:\/\/x.com\/Notibras\",\"https:\/\/www.instagram.com\/notibras\/\"]},{\"@type\":\"Person\",\"@id\":\"https:\/\/www.notibras.com\/site\/#\/schema\/person\/36ab0979449956132d3e5b517ea76ac8\",\"name\":\"Reda\u00e7\u00e3o\",\"image\":{\"@type\":\"ImageObject\",\"inLanguage\":\"pt-BR\",\"@id\":\"https:\/\/secure.gravatar.com\/avatar\/e0a867bdedb85fd243eadf09663511f96fc81e0720a4a42581f334ad4303aa6b?s=96&d=mm&r=g\",\"url\":\"https:\/\/secure.gravatar.com\/avatar\/e0a867bdedb85fd243eadf09663511f96fc81e0720a4a42581f334ad4303aa6b?s=96&d=mm&r=g\",\"contentUrl\":\"https:\/\/secure.gravatar.com\/avatar\/e0a867bdedb85fd243eadf09663511f96fc81e0720a4a42581f334ad4303aa6b?s=96&d=mm&r=g\",\"caption\":\"Reda\u00e7\u00e3o\"}}]}<\/script>\n<!-- \/ Yoast SEO plugin. -->","yoast_head_json":{"title":"F\u00e1brica investigada por furtar energia capaz de abastecer 3 mil casas - Notibras","robots":{"index":"index","follow":"follow","max-snippet":"max-snippet:-1","max-image-preview":"max-image-preview:large","max-video-preview":"max-video-preview:-1"},"canonical":"https:\/\/www.notibras.com\/site\/fabrica-investigada-por-furtar-energia-capaz-de-abastecer-3-mil-casas\/","og_locale":"pt_BR","og_type":"article","og_title":"F\u00e1brica investigada por furtar energia capaz de abastecer 3 mil casas - Notibras","og_description":"Uma opera\u00e7\u00e3o conjunta entre a Neoenergia Coelba e a Pol\u00edcia Civil flagrou uma liga\u00e7\u00e3o clandestina de energia em uma f\u00e1brica de energ\u00e9ticos no bairro de Val\u00e9ria, em Salvador. A distribuidora estima que a energia recuperada na a\u00e7\u00e3o foi de 200 mil quilowatts\/hora, suficiente para abastecer 3.200 resid\u00eancias por 15 dias. Segundo a concession\u00e1ria, um funcion\u00e1rio [&hellip;]","og_url":"https:\/\/www.notibras.com\/site\/fabrica-investigada-por-furtar-energia-capaz-de-abastecer-3-mil-casas\/","og_site_name":"Notibras","article_publisher":"https:\/\/www.facebook.com\/notibras\/","article_published_time":"2026-03-08T03:00:11+00:00","article_modified_time":"2026-03-08T08:42:58+00:00","og_image":[{"width":984,"height":616,"url":"https:\/\/www.notibras.com\/site\/wp-content\/uploads\/2026\/03\/8438bccc-3929-4215-b6bd-33367220007a.jpg","type":"image\/jpeg"}],"author":"Reda\u00e7\u00e3o","twitter_card":"summary_large_image","twitter_creator":"@Notibras","twitter_site":"@Notibras","twitter_misc":{"Escrito por":"Reda\u00e7\u00e3o","Est. tempo de leitura":"2 minutos"},"schema":{"@context":"https:\/\/schema.org","@graph":[{"@type":"Article","@id":"https:\/\/www.notibras.com\/site\/fabrica-investigada-por-furtar-energia-capaz-de-abastecer-3-mil-casas\/#article","isPartOf":{"@id":"https:\/\/www.notibras.com\/site\/fabrica-investigada-por-furtar-energia-capaz-de-abastecer-3-mil-casas\/"},"author":{"name":"Reda\u00e7\u00e3o","@id":"https:\/\/www.notibras.com\/site\/#\/schema\/person\/36ab0979449956132d3e5b517ea76ac8"},"headline":"F\u00e1brica investigada por furtar energia capaz de abastecer 3 mil casas","datePublished":"2026-03-08T03:00:11+00:00","dateModified":"2026-03-08T08:42:58+00:00","mainEntityOfPage":{"@id":"https:\/\/www.notibras.com\/site\/fabrica-investigada-por-furtar-energia-capaz-de-abastecer-3-mil-casas\/"},"wordCount":213,"publisher":{"@id":"https:\/\/www.notibras.com\/site\/#organization"},"image":{"@id":"https:\/\/www.notibras.com\/site\/fabrica-investigada-por-furtar-energia-capaz-de-abastecer-3-mil-casas\/#primaryimage"},"thumbnailUrl":"https:\/\/www.notibras.com\/site\/wp-content\/uploads\/2026\/03\/8438bccc-3929-4215-b6bd-33367220007a.jpg","articleSection":["Nordeste"],"inLanguage":"pt-BR"},{"@type":"WebPage","@id":"https:\/\/www.notibras.com\/site\/fabrica-investigada-por-furtar-energia-capaz-de-abastecer-3-mil-casas\/","url":"https:\/\/www.notibras.com\/site\/fabrica-investigada-por-furtar-energia-capaz-de-abastecer-3-mil-casas\/","name":"F\u00e1brica investigada por furtar energia capaz de abastecer 3 mil casas - Notibras","isPartOf":{"@id":"https:\/\/www.notibras.com\/site\/#website"},"primaryImageOfPage":{"@id":"https:\/\/www.notibras.com\/site\/fabrica-investigada-por-furtar-energia-capaz-de-abastecer-3-mil-casas\/#primaryimage"},"image":{"@id":"https:\/\/www.notibras.com\/site\/fabrica-investigada-por-furtar-energia-capaz-de-abastecer-3-mil-casas\/#primaryimage"},"thumbnailUrl":"https:\/\/www.notibras.com\/site\/wp-content\/uploads\/2026\/03\/8438bccc-3929-4215-b6bd-33367220007a.jpg","datePublished":"2026-03-08T03:00:11+00:00","dateModified":"2026-03-08T08:42:58+00:00","breadcrumb":{"@id":"https:\/\/www.notibras.com\/site\/fabrica-investigada-por-furtar-energia-capaz-de-abastecer-3-mil-casas\/#breadcrumb"},"inLanguage":"pt-BR","potentialAction":[{"@type":"ReadAction","target":["https:\/\/www.notibras.com\/site\/fabrica-investigada-por-furtar-energia-capaz-de-abastecer-3-mil-casas\/"]}]},{"@type":"ImageObject","inLanguage":"pt-BR","@id":"https:\/\/www.notibras.com\/site\/fabrica-investigada-por-furtar-energia-capaz-de-abastecer-3-mil-casas\/#primaryimage","url":"https:\/\/www.notibras.com\/site\/wp-content\/uploads\/2026\/03\/8438bccc-3929-4215-b6bd-33367220007a.jpg","contentUrl":"https:\/\/www.notibras.com\/site\/wp-content\/uploads\/2026\/03\/8438bccc-3929-4215-b6bd-33367220007a.jpg","width":984,"height":616},{"@type":"BreadcrumbList","@id":"https:\/\/www.notibras.com\/site\/fabrica-investigada-por-furtar-energia-capaz-de-abastecer-3-mil-casas\/#breadcrumb","itemListElement":[{"@type":"ListItem","position":1,"name":"In\u00edcio","item":"https:\/\/www.notibras.com\/site\/"},{"@type":"ListItem","position":2,"name":"F\u00e1brica investigada por furtar energia capaz de abastecer 3 mil casas"}]},{"@type":"WebSite","@id":"https:\/\/www.notibras.com\/site\/#website","url":"https:\/\/www.notibras.com\/site\/","name":"Notibras","description":"Not\u00edcias de Bras\u00edlia, do Brasil e do Mundo","publisher":{"@id":"https:\/\/www.notibras.com\/site\/#organization"},"potentialAction":[{"@type":"SearchAction","target":{"@type":"EntryPoint","urlTemplate":"https:\/\/www.notibras.com\/site\/?s={search_term_string}"},"query-input":{"@type":"PropertyValueSpecification","valueRequired":true,"valueName":"search_term_string"}}],"inLanguage":"pt-BR"},{"@type":"Organization","@id":"https:\/\/www.notibras.com\/site\/#organization","name":"Grupo Notibras de Comunica\u00e7\u00e3o","url":"https:\/\/www.notibras.com\/site\/","logo":{"@type":"ImageObject","inLanguage":"pt-BR","@id":"https:\/\/www.notibras.com\/site\/#\/schema\/logo\/image\/","url":"https:\/\/www.notibras.com\/site\/wp-content\/uploads\/2023\/01\/notibras23.png","contentUrl":"https:\/\/www.notibras.com\/site\/wp-content\/uploads\/2023\/01\/notibras23.png","width":350,"height":87,"caption":"Grupo Notibras de Comunica\u00e7\u00e3o"},"image":{"@id":"https:\/\/www.notibras.com\/site\/#\/schema\/logo\/image\/"},"sameAs":["https:\/\/www.facebook.com\/notibras\/","https:\/\/x.com\/Notibras","https:\/\/www.instagram.com\/notibras\/"]},{"@type":"Person","@id":"https:\/\/www.notibras.com\/site\/#\/schema\/person\/36ab0979449956132d3e5b517ea76ac8","name":"Reda\u00e7\u00e3o","image":{"@type":"ImageObject","inLanguage":"pt-BR","@id":"https:\/\/secure.gravatar.com\/avatar\/e0a867bdedb85fd243eadf09663511f96fc81e0720a4a42581f334ad4303aa6b?s=96&d=mm&r=g","url":"https:\/\/secure.gravatar.com\/avatar\/e0a867bdedb85fd243eadf09663511f96fc81e0720a4a42581f334ad4303aa6b?s=96&d=mm&r=g","contentUrl":"https:\/\/secure.gravatar.com\/avatar\/e0a867bdedb85fd243eadf09663511f96fc81e0720a4a42581f334ad4303aa6b?s=96&d=mm&r=g","caption":"Reda\u00e7\u00e3o"}}]}},"amp_enabled":true,"_links":{"self":[{"href":"https:\/\/www.notibras.com\/site\/wp-json\/wp\/v2\/posts\/386149","targetHints":{"allow":["GET"]}}],"collection":[{"href":"https:\/\/www.notibras.com\/site\/wp-json\/wp\/v2\/posts"}],"about":[{"href":"https:\/\/www.notibras.com\/site\/wp-json\/wp\/v2\/types\/post"}],"author":[{"embeddable":true,"href":"https:\/\/www.notibras.com\/site\/wp-json\/wp\/v2\/users\/2"}],"replies":[{"embeddable":true,"href":"https:\/\/www.notibras.com\/site\/wp-json\/wp\/v2\/comments?post=386149"}],"version-history":[{"count":1,"href":"https:\/\/www.notibras.com\/site\/wp-json\/wp\/v2\/posts\/386149\/revisions"}],"predecessor-version":[{"id":386151,"href":"https:\/\/www.notibras.com\/site\/wp-json\/wp\/v2\/posts\/386149\/revisions\/386151"}],"wp:featuredmedia":[{"embeddable":true,"href":"https:\/\/www.notibras.com\/site\/wp-json\/wp\/v2\/media\/386150"}],"wp:attachment":[{"href":"https:\/\/www.notibras.com\/site\/wp-json\/wp\/v2\/media?parent=386149"}],"wp:term":[{"taxonomy":"category","embeddable":true,"href":"https:\/\/www.notibras.com\/site\/wp-json\/wp\/v2\/categories?post=386149"},{"taxonomy":"post_tag","embeddable":true,"href":"https:\/\/www.notibras.com\/site\/wp-json\/wp\/v2\/tags?post=386149"}],"curies":[{"name":"wp","href":"https:\/\/api.w.org\/{rel}","templated":true}]}}