{"id":386158,"date":"2026-03-09T01:00:56","date_gmt":"2026-03-09T04:00:56","guid":{"rendered":"https:\/\/www.notibras.com\/site\/?p=386158"},"modified":"2026-03-08T10:29:32","modified_gmt":"2026-03-08T13:29:32","slug":"o-coracao-e-o-alvo","status":"publish","type":"post","link":"https:\/\/www.notibras.com\/site\/o-coracao-e-o-alvo\/","title":{"rendered":"O CORA\u00c7\u00c3O E O ALVO"},"content":{"rendered":"<p><strong>pecado<\/strong><\/p>\n<p>\u00e9 errar o alvo<br \/>\n(etimologicamente)<\/p>\n<p>mas sempre h\u00e1<br \/>\nde em algum lugar acertar<\/p>\n<p>al\u00e9m do mais, quem escolhe o alvo?<\/p>\n<p>pecado \u00e9 culpa por presun\u00e7\u00e3o<br \/>\natenho-me ao direito, \u00e0 constitui\u00e7\u00e3o<\/p>\n<p>presumo inoc\u00eancia<\/p>\n<p>&nbsp;<\/p>\n<p><strong>azinhavre<\/strong><\/p>\n<p>continente de cobre<br \/>\nespraia oceano no cora\u00e7\u00e3o<br \/>\nse sangue \u00e9 mar<br \/>\ncorpo \u00e9 mundo<br \/>\ne romance<\/p>\n<p><strong>&#8230;&#8230;&#8230;&#8230;&#8230;&#8230;<\/strong><\/p>\n<p><strong>Guilherme, carioca nascido em 1986, encontrou na poesia sua express\u00e3o desde a adolesc\u00eancia. Formado em Direito pela UFRJ e em Psicologia pela Est\u00e1cio, lan\u00e7ou em 2024 o livro \u201cEsta leitura \u00e9 gratuita\u201d pela Editora Patu\u00e1. Desde ent\u00e3o, mant\u00e9m no Instagram o perfil @guiesuaspoesias, dedicado \u00e0 poesia independente.<\/strong><\/p>\n","protected":false},"excerpt":{"rendered":"<p>pecado \u00e9 errar o alvo (etimologicamente) mas sempre h\u00e1 de em algum lugar acertar al\u00e9m do mais, quem escolhe o alvo? pecado \u00e9 culpa por presun\u00e7\u00e3o atenho-me ao direito, \u00e0 constitui\u00e7\u00e3o presumo inoc\u00eancia &nbsp; azinhavre continente de cobre espraia oceano no cora\u00e7\u00e3o se sangue \u00e9 mar corpo \u00e9 mundo e romance &#8230;&#8230;&#8230;&#8230;&#8230;&#8230; Guilherme, carioca nascido [&hellip;]<\/p>\n","protected":false},"author":21,"featured_media":386159,"comment_status":"closed","ping_status":"closed","sticky":false,"template":"","format":"standard","meta":{"_acf_changed":false,"footnotes":""},"categories":[234],"tags":[],"class_list":["post-386158","post","type-post","status-publish","format-standard","has-post-thumbnail","hentry","category-cafe-literario"],"acf":[],"yoast_head":"<!-- This site is optimized with the Yoast SEO plugin v27.2 - https:\/\/yoast.com\/product\/yoast-seo-wordpress\/ -->\n<title>O CORA\u00c7\u00c3O E O ALVO - Notibras<\/title>\n<meta name=\"robots\" content=\"index, follow, max-snippet:-1, max-image-preview:large, max-video-preview:-1\" \/>\n<link rel=\"canonical\" href=\"https:\/\/www.notibras.com\/site\/o-coracao-e-o-alvo\/\" \/>\n<meta property=\"og:locale\" content=\"pt_BR\" \/>\n<meta property=\"og:type\" content=\"article\" \/>\n<meta property=\"og:title\" content=\"O CORA\u00c7\u00c3O E O ALVO - Notibras\" \/>\n<meta property=\"og:description\" content=\"pecado \u00e9 errar o alvo (etimologicamente) mas sempre h\u00e1 de em algum lugar acertar al\u00e9m do mais, quem escolhe o alvo? pecado \u00e9 culpa por presun\u00e7\u00e3o atenho-me ao direito, \u00e0 constitui\u00e7\u00e3o presumo inoc\u00eancia &nbsp; azinhavre continente de cobre espraia oceano no cora\u00e7\u00e3o se sangue \u00e9 mar corpo \u00e9 mundo e romance &#8230;&#8230;&#8230;&#8230;&#8230;&#8230; Guilherme, carioca nascido [&hellip;]\" \/>\n<meta property=\"og:url\" content=\"https:\/\/www.notibras.com\/site\/o-coracao-e-o-alvo\/\" \/>\n<meta property=\"og:site_name\" content=\"Notibras\" \/>\n<meta property=\"article:publisher\" content=\"https:\/\/www.facebook.com\/notibras\/\" \/>\n<meta property=\"article:published_time\" content=\"2026-03-09T04:00:56+00:00\" \/>\n<meta property=\"og:image\" content=\"https:\/\/www.notibras.com\/site\/wp-content\/uploads\/2026\/03\/ChatGPT-Image-8-de-mar.-de-2026-10_27_00-1024x683.png\" \/>\n\t<meta property=\"og:image:width\" content=\"1024\" \/>\n\t<meta property=\"og:image:height\" content=\"683\" \/>\n\t<meta property=\"og:image:type\" content=\"image\/png\" \/>\n<meta name=\"author\" content=\"Eduardo Mart\u00ednez\" \/>\n<meta name=\"twitter:card\" content=\"summary_large_image\" \/>\n<meta name=\"twitter:creator\" content=\"@Notibras\" \/>\n<meta name=\"twitter:site\" content=\"@Notibras\" \/>\n<meta name=\"twitter:label1\" content=\"Escrito por\" \/>\n\t<meta name=\"twitter:data1\" content=\"Eduardo Mart\u00ednez\" \/>\n\t<meta name=\"twitter:label2\" content=\"Est. tempo de leitura\" \/>\n\t<meta name=\"twitter:data2\" content=\"1 minuto\" \/>\n<script type=\"application\/ld+json\" class=\"yoast-schema-graph\">{\"@context\":\"https:\/\/schema.org\",\"@graph\":[{\"@type\":\"Article\",\"@id\":\"https:\/\/www.notibras.com\/site\/o-coracao-e-o-alvo\/#article\",\"isPartOf\":{\"@id\":\"https:\/\/www.notibras.com\/site\/o-coracao-e-o-alvo\/\"},\"author\":{\"name\":\"Eduardo Mart\u00ednez\",\"@id\":\"https:\/\/www.notibras.com\/site\/#\/schema\/person\/5b7fabf2aedc3ada2105f03b22b4d3dd\"},\"headline\":\"O CORA\u00c7\u00c3O E O ALVO\",\"datePublished\":\"2026-03-09T04:00:56+00:00\",\"mainEntityOfPage\":{\"@id\":\"https:\/\/www.notibras.com\/site\/o-coracao-e-o-alvo\/\"},\"wordCount\":106,\"publisher\":{\"@id\":\"https:\/\/www.notibras.com\/site\/#organization\"},\"image\":{\"@id\":\"https:\/\/www.notibras.com\/site\/o-coracao-e-o-alvo\/#primaryimage\"},\"thumbnailUrl\":\"https:\/\/www.notibras.com\/site\/wp-content\/uploads\/2026\/03\/ChatGPT-Image-8-de-mar.-de-2026-10_27_00.png\",\"articleSection\":[\"Caf\u00e9 Liter\u00e1rio\"],\"inLanguage\":\"pt-BR\"},{\"@type\":\"WebPage\",\"@id\":\"https:\/\/www.notibras.com\/site\/o-coracao-e-o-alvo\/\",\"url\":\"https:\/\/www.notibras.com\/site\/o-coracao-e-o-alvo\/\",\"name\":\"O CORA\u00c7\u00c3O E O ALVO - Notibras\",\"isPartOf\":{\"@id\":\"https:\/\/www.notibras.com\/site\/#website\"},\"primaryImageOfPage\":{\"@id\":\"https:\/\/www.notibras.com\/site\/o-coracao-e-o-alvo\/#primaryimage\"},\"image\":{\"@id\":\"https:\/\/www.notibras.com\/site\/o-coracao-e-o-alvo\/#primaryimage\"},\"thumbnailUrl\":\"https:\/\/www.notibras.com\/site\/wp-content\/uploads\/2026\/03\/ChatGPT-Image-8-de-mar.-de-2026-10_27_00.png\",\"datePublished\":\"2026-03-09T04:00:56+00:00\",\"breadcrumb\":{\"@id\":\"https:\/\/www.notibras.com\/site\/o-coracao-e-o-alvo\/#breadcrumb\"},\"inLanguage\":\"pt-BR\",\"potentialAction\":[{\"@type\":\"ReadAction\",\"target\":[\"https:\/\/www.notibras.com\/site\/o-coracao-e-o-alvo\/\"]}]},{\"@type\":\"ImageObject\",\"inLanguage\":\"pt-BR\",\"@id\":\"https:\/\/www.notibras.com\/site\/o-coracao-e-o-alvo\/#primaryimage\",\"url\":\"https:\/\/www.notibras.com\/site\/wp-content\/uploads\/2026\/03\/ChatGPT-Image-8-de-mar.-de-2026-10_27_00.png\",\"contentUrl\":\"https:\/\/www.notibras.com\/site\/wp-content\/uploads\/2026\/03\/ChatGPT-Image-8-de-mar.-de-2026-10_27_00.png\",\"width\":1536,\"height\":1024},{\"@type\":\"BreadcrumbList\",\"@id\":\"https:\/\/www.notibras.com\/site\/o-coracao-e-o-alvo\/#breadcrumb\",\"itemListElement\":[{\"@type\":\"ListItem\",\"position\":1,\"name\":\"In\u00edcio\",\"item\":\"https:\/\/www.notibras.com\/site\/\"},{\"@type\":\"ListItem\",\"position\":2,\"name\":\"O CORA\u00c7\u00c3O E O ALVO\"}]},{\"@type\":\"WebSite\",\"@id\":\"https:\/\/www.notibras.com\/site\/#website\",\"url\":\"https:\/\/www.notibras.com\/site\/\",\"name\":\"Notibras\",\"description\":\"Not\u00edcias de Bras\u00edlia, do Brasil e do Mundo\",\"publisher\":{\"@id\":\"https:\/\/www.notibras.com\/site\/#organization\"},\"potentialAction\":[{\"@type\":\"SearchAction\",\"target\":{\"@type\":\"EntryPoint\",\"urlTemplate\":\"https:\/\/www.notibras.com\/site\/?s={search_term_string}\"},\"query-input\":{\"@type\":\"PropertyValueSpecification\",\"valueRequired\":true,\"valueName\":\"search_term_string\"}}],\"inLanguage\":\"pt-BR\"},{\"@type\":\"Organization\",\"@id\":\"https:\/\/www.notibras.com\/site\/#organization\",\"name\":\"Grupo Notibras de Comunica\u00e7\u00e3o\",\"url\":\"https:\/\/www.notibras.com\/site\/\",\"logo\":{\"@type\":\"ImageObject\",\"inLanguage\":\"pt-BR\",\"@id\":\"https:\/\/www.notibras.com\/site\/#\/schema\/logo\/image\/\",\"url\":\"https:\/\/www.notibras.com\/site\/wp-content\/uploads\/2023\/01\/notibras23.png\",\"contentUrl\":\"https:\/\/www.notibras.com\/site\/wp-content\/uploads\/2023\/01\/notibras23.png\",\"width\":350,\"height\":87,\"caption\":\"Grupo Notibras de Comunica\u00e7\u00e3o\"},\"image\":{\"@id\":\"https:\/\/www.notibras.com\/site\/#\/schema\/logo\/image\/\"},\"sameAs\":[\"https:\/\/www.facebook.com\/notibras\/\",\"https:\/\/x.com\/Notibras\",\"https:\/\/www.instagram.com\/notibras\/\"]},{\"@type\":\"Person\",\"@id\":\"https:\/\/www.notibras.com\/site\/#\/schema\/person\/5b7fabf2aedc3ada2105f03b22b4d3dd\",\"name\":\"Eduardo Mart\u00ednez\",\"image\":{\"@type\":\"ImageObject\",\"inLanguage\":\"pt-BR\",\"@id\":\"https:\/\/secure.gravatar.com\/avatar\/7902f906289926289cbcda644b5197c796b893c6ffd7b9a536a42d290f7704a0?s=96&d=mm&r=g\",\"url\":\"https:\/\/secure.gravatar.com\/avatar\/7902f906289926289cbcda644b5197c796b893c6ffd7b9a536a42d290f7704a0?s=96&d=mm&r=g\",\"contentUrl\":\"https:\/\/secure.gravatar.com\/avatar\/7902f906289926289cbcda644b5197c796b893c6ffd7b9a536a42d290f7704a0?s=96&d=mm&r=g\",\"caption\":\"Eduardo Mart\u00ednez\"}}]}<\/script>\n<!-- \/ Yoast SEO plugin. -->","yoast_head_json":{"title":"O CORA\u00c7\u00c3O E O ALVO - Notibras","robots":{"index":"index","follow":"follow","max-snippet":"max-snippet:-1","max-image-preview":"max-image-preview:large","max-video-preview":"max-video-preview:-1"},"canonical":"https:\/\/www.notibras.com\/site\/o-coracao-e-o-alvo\/","og_locale":"pt_BR","og_type":"article","og_title":"O CORA\u00c7\u00c3O E O ALVO - Notibras","og_description":"pecado \u00e9 errar o alvo (etimologicamente) mas sempre h\u00e1 de em algum lugar acertar al\u00e9m do mais, quem escolhe o alvo? pecado \u00e9 culpa por presun\u00e7\u00e3o atenho-me ao direito, \u00e0 constitui\u00e7\u00e3o presumo inoc\u00eancia &nbsp; azinhavre continente de cobre espraia oceano no cora\u00e7\u00e3o se sangue \u00e9 mar corpo \u00e9 mundo e romance &#8230;&#8230;&#8230;&#8230;&#8230;&#8230; Guilherme, carioca nascido [&hellip;]","og_url":"https:\/\/www.notibras.com\/site\/o-coracao-e-o-alvo\/","og_site_name":"Notibras","article_publisher":"https:\/\/www.facebook.com\/notibras\/","article_published_time":"2026-03-09T04:00:56+00:00","og_image":[{"width":1024,"height":683,"url":"https:\/\/www.notibras.com\/site\/wp-content\/uploads\/2026\/03\/ChatGPT-Image-8-de-mar.-de-2026-10_27_00-1024x683.png","type":"image\/png"}],"author":"Eduardo Mart\u00ednez","twitter_card":"summary_large_image","twitter_creator":"@Notibras","twitter_site":"@Notibras","twitter_misc":{"Escrito por":"Eduardo Mart\u00ednez","Est. tempo de leitura":"1 minuto"},"schema":{"@context":"https:\/\/schema.org","@graph":[{"@type":"Article","@id":"https:\/\/www.notibras.com\/site\/o-coracao-e-o-alvo\/#article","isPartOf":{"@id":"https:\/\/www.notibras.com\/site\/o-coracao-e-o-alvo\/"},"author":{"name":"Eduardo Mart\u00ednez","@id":"https:\/\/www.notibras.com\/site\/#\/schema\/person\/5b7fabf2aedc3ada2105f03b22b4d3dd"},"headline":"O CORA\u00c7\u00c3O E O ALVO","datePublished":"2026-03-09T04:00:56+00:00","mainEntityOfPage":{"@id":"https:\/\/www.notibras.com\/site\/o-coracao-e-o-alvo\/"},"wordCount":106,"publisher":{"@id":"https:\/\/www.notibras.com\/site\/#organization"},"image":{"@id":"https:\/\/www.notibras.com\/site\/o-coracao-e-o-alvo\/#primaryimage"},"thumbnailUrl":"https:\/\/www.notibras.com\/site\/wp-content\/uploads\/2026\/03\/ChatGPT-Image-8-de-mar.-de-2026-10_27_00.png","articleSection":["Caf\u00e9 Liter\u00e1rio"],"inLanguage":"pt-BR"},{"@type":"WebPage","@id":"https:\/\/www.notibras.com\/site\/o-coracao-e-o-alvo\/","url":"https:\/\/www.notibras.com\/site\/o-coracao-e-o-alvo\/","name":"O CORA\u00c7\u00c3O E O ALVO - Notibras","isPartOf":{"@id":"https:\/\/www.notibras.com\/site\/#website"},"primaryImageOfPage":{"@id":"https:\/\/www.notibras.com\/site\/o-coracao-e-o-alvo\/#primaryimage"},"image":{"@id":"https:\/\/www.notibras.com\/site\/o-coracao-e-o-alvo\/#primaryimage"},"thumbnailUrl":"https:\/\/www.notibras.com\/site\/wp-content\/uploads\/2026\/03\/ChatGPT-Image-8-de-mar.-de-2026-10_27_00.png","datePublished":"2026-03-09T04:00:56+00:00","breadcrumb":{"@id":"https:\/\/www.notibras.com\/site\/o-coracao-e-o-alvo\/#breadcrumb"},"inLanguage":"pt-BR","potentialAction":[{"@type":"ReadAction","target":["https:\/\/www.notibras.com\/site\/o-coracao-e-o-alvo\/"]}]},{"@type":"ImageObject","inLanguage":"pt-BR","@id":"https:\/\/www.notibras.com\/site\/o-coracao-e-o-alvo\/#primaryimage","url":"https:\/\/www.notibras.com\/site\/wp-content\/uploads\/2026\/03\/ChatGPT-Image-8-de-mar.-de-2026-10_27_00.png","contentUrl":"https:\/\/www.notibras.com\/site\/wp-content\/uploads\/2026\/03\/ChatGPT-Image-8-de-mar.-de-2026-10_27_00.png","width":1536,"height":1024},{"@type":"BreadcrumbList","@id":"https:\/\/www.notibras.com\/site\/o-coracao-e-o-alvo\/#breadcrumb","itemListElement":[{"@type":"ListItem","position":1,"name":"In\u00edcio","item":"https:\/\/www.notibras.com\/site\/"},{"@type":"ListItem","position":2,"name":"O CORA\u00c7\u00c3O E O ALVO"}]},{"@type":"WebSite","@id":"https:\/\/www.notibras.com\/site\/#website","url":"https:\/\/www.notibras.com\/site\/","name":"Notibras","description":"Not\u00edcias de Bras\u00edlia, do Brasil e do Mundo","publisher":{"@id":"https:\/\/www.notibras.com\/site\/#organization"},"potentialAction":[{"@type":"SearchAction","target":{"@type":"EntryPoint","urlTemplate":"https:\/\/www.notibras.com\/site\/?s={search_term_string}"},"query-input":{"@type":"PropertyValueSpecification","valueRequired":true,"valueName":"search_term_string"}}],"inLanguage":"pt-BR"},{"@type":"Organization","@id":"https:\/\/www.notibras.com\/site\/#organization","name":"Grupo Notibras de Comunica\u00e7\u00e3o","url":"https:\/\/www.notibras.com\/site\/","logo":{"@type":"ImageObject","inLanguage":"pt-BR","@id":"https:\/\/www.notibras.com\/site\/#\/schema\/logo\/image\/","url":"https:\/\/www.notibras.com\/site\/wp-content\/uploads\/2023\/01\/notibras23.png","contentUrl":"https:\/\/www.notibras.com\/site\/wp-content\/uploads\/2023\/01\/notibras23.png","width":350,"height":87,"caption":"Grupo Notibras de Comunica\u00e7\u00e3o"},"image":{"@id":"https:\/\/www.notibras.com\/site\/#\/schema\/logo\/image\/"},"sameAs":["https:\/\/www.facebook.com\/notibras\/","https:\/\/x.com\/Notibras","https:\/\/www.instagram.com\/notibras\/"]},{"@type":"Person","@id":"https:\/\/www.notibras.com\/site\/#\/schema\/person\/5b7fabf2aedc3ada2105f03b22b4d3dd","name":"Eduardo Mart\u00ednez","image":{"@type":"ImageObject","inLanguage":"pt-BR","@id":"https:\/\/secure.gravatar.com\/avatar\/7902f906289926289cbcda644b5197c796b893c6ffd7b9a536a42d290f7704a0?s=96&d=mm&r=g","url":"https:\/\/secure.gravatar.com\/avatar\/7902f906289926289cbcda644b5197c796b893c6ffd7b9a536a42d290f7704a0?s=96&d=mm&r=g","contentUrl":"https:\/\/secure.gravatar.com\/avatar\/7902f906289926289cbcda644b5197c796b893c6ffd7b9a536a42d290f7704a0?s=96&d=mm&r=g","caption":"Eduardo Mart\u00ednez"}}]}},"amp_enabled":true,"_links":{"self":[{"href":"https:\/\/www.notibras.com\/site\/wp-json\/wp\/v2\/posts\/386158","targetHints":{"allow":["GET"]}}],"collection":[{"href":"https:\/\/www.notibras.com\/site\/wp-json\/wp\/v2\/posts"}],"about":[{"href":"https:\/\/www.notibras.com\/site\/wp-json\/wp\/v2\/types\/post"}],"author":[{"embeddable":true,"href":"https:\/\/www.notibras.com\/site\/wp-json\/wp\/v2\/users\/21"}],"replies":[{"embeddable":true,"href":"https:\/\/www.notibras.com\/site\/wp-json\/wp\/v2\/comments?post=386158"}],"version-history":[{"count":2,"href":"https:\/\/www.notibras.com\/site\/wp-json\/wp\/v2\/posts\/386158\/revisions"}],"predecessor-version":[{"id":386161,"href":"https:\/\/www.notibras.com\/site\/wp-json\/wp\/v2\/posts\/386158\/revisions\/386161"}],"wp:featuredmedia":[{"embeddable":true,"href":"https:\/\/www.notibras.com\/site\/wp-json\/wp\/v2\/media\/386159"}],"wp:attachment":[{"href":"https:\/\/www.notibras.com\/site\/wp-json\/wp\/v2\/media?parent=386158"}],"wp:term":[{"taxonomy":"category","embeddable":true,"href":"https:\/\/www.notibras.com\/site\/wp-json\/wp\/v2\/categories?post=386158"},{"taxonomy":"post_tag","embeddable":true,"href":"https:\/\/www.notibras.com\/site\/wp-json\/wp\/v2\/tags?post=386158"}],"curies":[{"name":"wp","href":"https:\/\/api.w.org\/{rel}","templated":true}]}}