{"id":386166,"date":"2026-03-09T02:00:19","date_gmt":"2026-03-09T05:00:19","guid":{"rendered":"https:\/\/www.notibras.com\/site\/?p=386166"},"modified":"2026-03-08T13:04:27","modified_gmt":"2026-03-08T16:04:27","slug":"vera-um-caso-isolado-entre-tantos","status":"publish","type":"post","link":"https:\/\/www.notibras.com\/site\/vera-um-caso-isolado-entre-tantos\/","title":{"rendered":"Vera, um caso isolado entre tantos"},"content":{"rendered":"<p>Vera navegou, conforme ouvi em uma mesa de boteco, por uma complexa teia de afetos, discri\u00e7\u00e3o e vulnerabilidade. Emaranhado de fios t\u00eanues que, ao menor abalo, poderiam ser rompidos e, n\u00e3o duvide, a mulher seria atirada \u00e0 fogueira da hipocrisia da sociedade dos anos 1960.<\/p>\n<p>Casada, dois filhos pequenos, sentia-se enclausurada naquele apartamento de dois quartos, enquanto Carlos, o esposo, ganhava o mundo ao sair para trabalhar. J\u00falia e Mauro, as crian\u00e7as, passavam as tardes na escola, e Vera, cada vez mais entediada, olhava pela janela, talvez na busca desesperada por seus sonhos que, por mais tolos que fossem, praticamente haviam sido deixados para tr\u00e1s.<\/p>\n<p>Foi numa dessas tardes solit\u00e1rias que Helena, a vizinha de porta, x\u00edcara vazia na m\u00e3o direita, enquanto na outra segurava um cigarro pela metade, foi pedir um pouco de p\u00f3 de caf\u00e9. Elas mal se conheciam, como, j\u00e1 naqueles idos, era comum nas cidades grandes, como se fosse esp\u00e9cie de c\u00f3digo n\u00e3o escrito. Mesmo assim, a pol\u00edtica da boa vizinhan\u00e7a se fazia necess\u00e1ria e, com ela, o desconforto se transformou em sorrisos aparentemente francos.<\/p>\n<p>X\u00edcara cheia, Helena agradeceu, momento em que Vera, olhando por cima do ombro esquerdo da vizinha, percebeu a porta entreaberta. Confortavelmente sentado ao sof\u00e1, estava um homem de cabelos escuros, bigode e olhos \u00e1rabes. Ele sorriu, o que trouxe misto de timidez e inquieta\u00e7\u00e3o \u00e0 Vera. As mulheres se despediram com olhares confidentes.<\/p>\n<p>Dois dias depois, a campainha tocou novamente. Vera atendeu sem pensar em quem seria. Era Helena, x\u00edcara na m\u00e3o direita, agora cheia de p\u00f3 de caf\u00e9.<br \/>\n`<br \/>\n\u2014 N\u00e3o precisava.<\/p>\n<p>\u2014 Fa\u00e7o quest\u00e3o.<\/p>\n<p>\u2014 Obrigada. Helena, n\u00e9?<\/p>\n<p>\u2014 Isso. E voc\u00ea \u00e9 a Vera. Acertei?<\/p>\n<p>\u2014 Sim.<\/p>\n<p>Elas se olharam por um momento, at\u00e9 que Vera tomou a iniciativa de convidar a vizinha para tomar caf\u00e9.<\/p>\n<p>\u2014 N\u00e3o quero incomodar.<\/p>\n<p>\u2014 N\u00e3o \u00e9 inc\u00f4modo. Vai ser at\u00e9 bom. Estou precisando conversar com algu\u00e9m mesmo.<\/p>\n<p>Enquanto a anfitri\u00e3 colocava \u00e1gua para ferver, Helena percebeu que a cozinha era impec\u00e1vel, como se Vera estivesse esperando por visitas.<\/p>\n<p>\u2014 Que nada, Helena! Estou t\u00e3o acostumada a ficar sozinha, que acabo de limpar tudo, daqui a pouco j\u00e1 estou passando pano nos m\u00f3veis de novo.<\/p>\n<p>Sentadas \u00e0 mesa, as duas mulheres, ainda se conhecendo, pareciam escolher com cuidado as palavras.<\/p>\n<p>\u2014 Est\u00e1 bom?<\/p>\n<p>\u2014 O caf\u00e9?<\/p>\n<p>\u2014 Sim.<\/p>\n<p>\u2014 Ah, est\u00e1 \u00f3timo! Muito melhor do que o meu.<\/p>\n<p>Mais um sil\u00eancio, logo quebrado.<\/p>\n<p>\u2014 Sou casada.<\/p>\n<p>\u2014 Eu vi que \u00e9.<\/p>\n<p>\u2014 N\u00e3o. Aquele homem que voc\u00ea viu n\u00e3o \u00e9 o meu marido.<\/p>\n<p>\u2014 N\u00e3o?<\/p>\n<p>\u2014 \u00c9 meu amante.<\/p>\n<p>Vera sabia que aquele sujeito n\u00e3o era o esposo da vizinha. Mentiu, \u00e9 verdade, pois n\u00e3o via motivo para causar constrangimentos desnecess\u00e1rios. Todavia, foi pega de surpresa com o completo despudor de Helena. De t\u00e3o impressionada, Vera levou as m\u00e3os aos l\u00e1bios, que se sentiam impulsionados a acompanharem o sorriso encantador da ad\u00faltera.<\/p>\n<p>\u2014 N\u00e3o tem medo?<\/p>\n<p>\u2014 Medo de qu\u00ea?<\/p>\n<p>\u2014 De algu\u00e9m descobrir?<\/p>\n<p>\u2014 N\u00e3o.<\/p>\n<p>\u2014 E o seu marido?<\/p>\n<p>\u2014 Seria at\u00e9 bom.<\/p>\n<p>\u2014 Voc\u00ea est\u00e1 louca?<\/p>\n<p>\u2014 Hum! Pelo menos assim ele perceberia que estou viva.<\/p>\n<p>Era justamente daquele jeito que Vera se sentia, deixada de lado por Carlos, a vida se esvaindo como se alheia ao sofrimento, que havia se instalado no peito solit\u00e1rio da mulher. No m\u00e1ximo, um ap\u00eandice. E, envolta nesse sentimento, ela se envolveu com Pedro, que conhecera, por acaso, na mercearia do bairro.<\/p>\n<p>Um tipo aparentemente austero at\u00e9 a primeira palavra dita. Por encanto, era como se Vera estivesse diante de um desgarrado da conduta ilibada esperada por aqueles de bons costumes. Sem pensar, ela se aproximou do sujeito e, sorriso nos l\u00e1bios, se mostrou acess\u00edvel, para espanto do homem, que n\u00e3o deixou de notar a chamativa alian\u00e7a no dedo anelar esquerdo da mulher.<\/p>\n<p>Aquele primeiro contato n\u00e3o rendeu frutos de imediato, mas a semente fora lan\u00e7ada e, na semana seguinte, tarde ensolarada, Vera e Pedro, sentados \u00e0 mesa da cozinha, mal tocaram no lanche. Atracaram-se na \u00e2nsia de apagar o fogo que os consumia, enquanto o caf\u00e9 esfriava e os biscoitos amanteigados eram deixados de lado.<\/p>\n<p>O romance durou o tempo que deveria ter durado. N\u00e3o mais do que alguns meses. Entediada, Vera foi direta, n\u00e3o queria mais. N\u00e3o por culpa, a quest\u00e3o era outra. Lu\u00eds, vendedor de enciclop\u00e9dias, cujos l\u00e1bios carnudos chamaram a aten\u00e7\u00e3o da mulher.<\/p>\n<p>Lu\u00eds ficou enciumado quando descobriu que a amante o estava traindo com Rubens e, sem drama, saiu de cena. Seguiram-se Augusto, Roberto, Laerte e at\u00e9 dois hom\u00f4nimos do esposo. N\u00e3o se sabe se ela foi descoberta por Carlos, que parecia voltado aos pr\u00f3prios interesses. H\u00e1 tempos, ele vivia um romance com Judith, uma colega de trabalho, e at\u00e9 pensava em largar a fam\u00edlia, mas havia um empecilho. \u00c9 que a amante era casada. Ali\u00e1s, muito bem-casada por sinal.<\/p>\n<p><strong>\u2026\u2026\u2026\u2026\u2026\u2026\u2026\u2026<\/strong><\/p>\n<p><strong>Eduardo Mart\u00ednez \u00e9 autor do livro \u201957 Contos e Cr\u00f4nicas por um Autor Muito Velho\u2019 (Vencedor do Pr\u00eamio Liter\u00e1rio Clarice Lispector \u2013 2025 na categoria livro de contos).<\/strong><\/p>\n<p><strong>Compre aqui<\/strong><\/p>\n<p><a href=\"https:\/\/www.joanineditora.com.br\/57-contos-e-cronicas-por-um-autor-muito-velho\"><strong>https:\/\/www.joanineditora.com.br\/57-contos-e-cronicas-por-um-autor-muito-velho<\/strong><\/a><\/p>\n","protected":false},"excerpt":{"rendered":"<p>Vera navegou, conforme ouvi em uma mesa de boteco, por uma complexa teia de afetos, discri\u00e7\u00e3o e vulnerabilidade. Emaranhado de fios t\u00eanues que, ao menor abalo, poderiam ser rompidos e, n\u00e3o duvide, a mulher seria atirada \u00e0 fogueira da hipocrisia da sociedade dos anos 1960. Casada, dois filhos pequenos, sentia-se enclausurada naquele apartamento de dois [&hellip;]<\/p>\n","protected":false},"author":21,"featured_media":386167,"comment_status":"closed","ping_status":"closed","sticky":false,"template":"","format":"standard","meta":{"_acf_changed":false,"footnotes":""},"categories":[161],"tags":[],"class_list":["post-386166","post","type-post","status-publish","format-standard","has-post-thumbnail","hentry","category-quadradinho-em-foco"],"acf":[],"yoast_head":"<!-- This site is optimized with the Yoast SEO plugin v27.2 - https:\/\/yoast.com\/product\/yoast-seo-wordpress\/ -->\n<title>Vera, um caso isolado entre tantos - Notibras<\/title>\n<meta name=\"robots\" content=\"index, follow, max-snippet:-1, max-image-preview:large, max-video-preview:-1\" \/>\n<link rel=\"canonical\" href=\"https:\/\/www.notibras.com\/site\/vera-um-caso-isolado-entre-tantos\/\" \/>\n<meta property=\"og:locale\" content=\"pt_BR\" \/>\n<meta property=\"og:type\" content=\"article\" \/>\n<meta property=\"og:title\" content=\"Vera, um caso isolado entre tantos - Notibras\" \/>\n<meta property=\"og:description\" content=\"Vera navegou, conforme ouvi em uma mesa de boteco, por uma complexa teia de afetos, discri\u00e7\u00e3o e vulnerabilidade. Emaranhado de fios t\u00eanues que, ao menor abalo, poderiam ser rompidos e, n\u00e3o duvide, a mulher seria atirada \u00e0 fogueira da hipocrisia da sociedade dos anos 1960. Casada, dois filhos pequenos, sentia-se enclausurada naquele apartamento de dois [&hellip;]\" \/>\n<meta property=\"og:url\" content=\"https:\/\/www.notibras.com\/site\/vera-um-caso-isolado-entre-tantos\/\" \/>\n<meta property=\"og:site_name\" content=\"Notibras\" \/>\n<meta property=\"article:publisher\" content=\"https:\/\/www.facebook.com\/notibras\/\" \/>\n<meta property=\"article:published_time\" content=\"2026-03-09T05:00:19+00:00\" \/>\n<meta property=\"og:image\" content=\"https:\/\/www.notibras.com\/site\/wp-content\/uploads\/2026\/03\/WhatsApp-Image-2026-03-08-at-12.55.15.jpeg\" \/>\n\t<meta property=\"og:image:width\" content=\"1024\" \/>\n\t<meta property=\"og:image:height\" content=\"559\" \/>\n\t<meta property=\"og:image:type\" content=\"image\/jpeg\" \/>\n<meta name=\"author\" content=\"Eduardo Mart\u00ednez\" \/>\n<meta name=\"twitter:card\" content=\"summary_large_image\" \/>\n<meta name=\"twitter:creator\" content=\"@Notibras\" \/>\n<meta name=\"twitter:site\" content=\"@Notibras\" \/>\n<meta name=\"twitter:label1\" content=\"Escrito por\" \/>\n\t<meta name=\"twitter:data1\" content=\"Eduardo Mart\u00ednez\" \/>\n\t<meta name=\"twitter:label2\" content=\"Est. tempo de leitura\" \/>\n\t<meta name=\"twitter:data2\" content=\"5 minutos\" \/>\n<script type=\"application\/ld+json\" class=\"yoast-schema-graph\">{\"@context\":\"https:\/\/schema.org\",\"@graph\":[{\"@type\":\"Article\",\"@id\":\"https:\/\/www.notibras.com\/site\/vera-um-caso-isolado-entre-tantos\/#article\",\"isPartOf\":{\"@id\":\"https:\/\/www.notibras.com\/site\/vera-um-caso-isolado-entre-tantos\/\"},\"author\":{\"name\":\"Eduardo Mart\u00ednez\",\"@id\":\"https:\/\/www.notibras.com\/site\/#\/schema\/person\/5b7fabf2aedc3ada2105f03b22b4d3dd\"},\"headline\":\"Vera, um caso isolado entre tantos\",\"datePublished\":\"2026-03-09T05:00:19+00:00\",\"mainEntityOfPage\":{\"@id\":\"https:\/\/www.notibras.com\/site\/vera-um-caso-isolado-entre-tantos\/\"},\"wordCount\":872,\"publisher\":{\"@id\":\"https:\/\/www.notibras.com\/site\/#organization\"},\"image\":{\"@id\":\"https:\/\/www.notibras.com\/site\/vera-um-caso-isolado-entre-tantos\/#primaryimage\"},\"thumbnailUrl\":\"https:\/\/www.notibras.com\/site\/wp-content\/uploads\/2026\/03\/WhatsApp-Image-2026-03-08-at-12.55.15.jpeg\",\"articleSection\":[\"Quadradinho em Foco\"],\"inLanguage\":\"pt-BR\"},{\"@type\":\"WebPage\",\"@id\":\"https:\/\/www.notibras.com\/site\/vera-um-caso-isolado-entre-tantos\/\",\"url\":\"https:\/\/www.notibras.com\/site\/vera-um-caso-isolado-entre-tantos\/\",\"name\":\"Vera, um caso isolado entre tantos - Notibras\",\"isPartOf\":{\"@id\":\"https:\/\/www.notibras.com\/site\/#website\"},\"primaryImageOfPage\":{\"@id\":\"https:\/\/www.notibras.com\/site\/vera-um-caso-isolado-entre-tantos\/#primaryimage\"},\"image\":{\"@id\":\"https:\/\/www.notibras.com\/site\/vera-um-caso-isolado-entre-tantos\/#primaryimage\"},\"thumbnailUrl\":\"https:\/\/www.notibras.com\/site\/wp-content\/uploads\/2026\/03\/WhatsApp-Image-2026-03-08-at-12.55.15.jpeg\",\"datePublished\":\"2026-03-09T05:00:19+00:00\",\"breadcrumb\":{\"@id\":\"https:\/\/www.notibras.com\/site\/vera-um-caso-isolado-entre-tantos\/#breadcrumb\"},\"inLanguage\":\"pt-BR\",\"potentialAction\":[{\"@type\":\"ReadAction\",\"target\":[\"https:\/\/www.notibras.com\/site\/vera-um-caso-isolado-entre-tantos\/\"]}]},{\"@type\":\"ImageObject\",\"inLanguage\":\"pt-BR\",\"@id\":\"https:\/\/www.notibras.com\/site\/vera-um-caso-isolado-entre-tantos\/#primaryimage\",\"url\":\"https:\/\/www.notibras.com\/site\/wp-content\/uploads\/2026\/03\/WhatsApp-Image-2026-03-08-at-12.55.15.jpeg\",\"contentUrl\":\"https:\/\/www.notibras.com\/site\/wp-content\/uploads\/2026\/03\/WhatsApp-Image-2026-03-08-at-12.55.15.jpeg\",\"width\":1024,\"height\":559},{\"@type\":\"BreadcrumbList\",\"@id\":\"https:\/\/www.notibras.com\/site\/vera-um-caso-isolado-entre-tantos\/#breadcrumb\",\"itemListElement\":[{\"@type\":\"ListItem\",\"position\":1,\"name\":\"In\u00edcio\",\"item\":\"https:\/\/www.notibras.com\/site\/\"},{\"@type\":\"ListItem\",\"position\":2,\"name\":\"Vera, um caso isolado entre tantos\"}]},{\"@type\":\"WebSite\",\"@id\":\"https:\/\/www.notibras.com\/site\/#website\",\"url\":\"https:\/\/www.notibras.com\/site\/\",\"name\":\"Notibras\",\"description\":\"Not\u00edcias de Bras\u00edlia, do Brasil e do Mundo\",\"publisher\":{\"@id\":\"https:\/\/www.notibras.com\/site\/#organization\"},\"potentialAction\":[{\"@type\":\"SearchAction\",\"target\":{\"@type\":\"EntryPoint\",\"urlTemplate\":\"https:\/\/www.notibras.com\/site\/?s={search_term_string}\"},\"query-input\":{\"@type\":\"PropertyValueSpecification\",\"valueRequired\":true,\"valueName\":\"search_term_string\"}}],\"inLanguage\":\"pt-BR\"},{\"@type\":\"Organization\",\"@id\":\"https:\/\/www.notibras.com\/site\/#organization\",\"name\":\"Grupo Notibras de Comunica\u00e7\u00e3o\",\"url\":\"https:\/\/www.notibras.com\/site\/\",\"logo\":{\"@type\":\"ImageObject\",\"inLanguage\":\"pt-BR\",\"@id\":\"https:\/\/www.notibras.com\/site\/#\/schema\/logo\/image\/\",\"url\":\"https:\/\/www.notibras.com\/site\/wp-content\/uploads\/2023\/01\/notibras23.png\",\"contentUrl\":\"https:\/\/www.notibras.com\/site\/wp-content\/uploads\/2023\/01\/notibras23.png\",\"width\":350,\"height\":87,\"caption\":\"Grupo Notibras de Comunica\u00e7\u00e3o\"},\"image\":{\"@id\":\"https:\/\/www.notibras.com\/site\/#\/schema\/logo\/image\/\"},\"sameAs\":[\"https:\/\/www.facebook.com\/notibras\/\",\"https:\/\/x.com\/Notibras\",\"https:\/\/www.instagram.com\/notibras\/\"]},{\"@type\":\"Person\",\"@id\":\"https:\/\/www.notibras.com\/site\/#\/schema\/person\/5b7fabf2aedc3ada2105f03b22b4d3dd\",\"name\":\"Eduardo Mart\u00ednez\",\"image\":{\"@type\":\"ImageObject\",\"inLanguage\":\"pt-BR\",\"@id\":\"https:\/\/secure.gravatar.com\/avatar\/7902f906289926289cbcda644b5197c796b893c6ffd7b9a536a42d290f7704a0?s=96&d=mm&r=g\",\"url\":\"https:\/\/secure.gravatar.com\/avatar\/7902f906289926289cbcda644b5197c796b893c6ffd7b9a536a42d290f7704a0?s=96&d=mm&r=g\",\"contentUrl\":\"https:\/\/secure.gravatar.com\/avatar\/7902f906289926289cbcda644b5197c796b893c6ffd7b9a536a42d290f7704a0?s=96&d=mm&r=g\",\"caption\":\"Eduardo Mart\u00ednez\"}}]}<\/script>\n<!-- \/ Yoast SEO plugin. -->","yoast_head_json":{"title":"Vera, um caso isolado entre tantos - Notibras","robots":{"index":"index","follow":"follow","max-snippet":"max-snippet:-1","max-image-preview":"max-image-preview:large","max-video-preview":"max-video-preview:-1"},"canonical":"https:\/\/www.notibras.com\/site\/vera-um-caso-isolado-entre-tantos\/","og_locale":"pt_BR","og_type":"article","og_title":"Vera, um caso isolado entre tantos - Notibras","og_description":"Vera navegou, conforme ouvi em uma mesa de boteco, por uma complexa teia de afetos, discri\u00e7\u00e3o e vulnerabilidade. Emaranhado de fios t\u00eanues que, ao menor abalo, poderiam ser rompidos e, n\u00e3o duvide, a mulher seria atirada \u00e0 fogueira da hipocrisia da sociedade dos anos 1960. Casada, dois filhos pequenos, sentia-se enclausurada naquele apartamento de dois [&hellip;]","og_url":"https:\/\/www.notibras.com\/site\/vera-um-caso-isolado-entre-tantos\/","og_site_name":"Notibras","article_publisher":"https:\/\/www.facebook.com\/notibras\/","article_published_time":"2026-03-09T05:00:19+00:00","og_image":[{"width":1024,"height":559,"url":"https:\/\/www.notibras.com\/site\/wp-content\/uploads\/2026\/03\/WhatsApp-Image-2026-03-08-at-12.55.15.jpeg","type":"image\/jpeg"}],"author":"Eduardo Mart\u00ednez","twitter_card":"summary_large_image","twitter_creator":"@Notibras","twitter_site":"@Notibras","twitter_misc":{"Escrito por":"Eduardo Mart\u00ednez","Est. tempo de leitura":"5 minutos"},"schema":{"@context":"https:\/\/schema.org","@graph":[{"@type":"Article","@id":"https:\/\/www.notibras.com\/site\/vera-um-caso-isolado-entre-tantos\/#article","isPartOf":{"@id":"https:\/\/www.notibras.com\/site\/vera-um-caso-isolado-entre-tantos\/"},"author":{"name":"Eduardo Mart\u00ednez","@id":"https:\/\/www.notibras.com\/site\/#\/schema\/person\/5b7fabf2aedc3ada2105f03b22b4d3dd"},"headline":"Vera, um caso isolado entre tantos","datePublished":"2026-03-09T05:00:19+00:00","mainEntityOfPage":{"@id":"https:\/\/www.notibras.com\/site\/vera-um-caso-isolado-entre-tantos\/"},"wordCount":872,"publisher":{"@id":"https:\/\/www.notibras.com\/site\/#organization"},"image":{"@id":"https:\/\/www.notibras.com\/site\/vera-um-caso-isolado-entre-tantos\/#primaryimage"},"thumbnailUrl":"https:\/\/www.notibras.com\/site\/wp-content\/uploads\/2026\/03\/WhatsApp-Image-2026-03-08-at-12.55.15.jpeg","articleSection":["Quadradinho em Foco"],"inLanguage":"pt-BR"},{"@type":"WebPage","@id":"https:\/\/www.notibras.com\/site\/vera-um-caso-isolado-entre-tantos\/","url":"https:\/\/www.notibras.com\/site\/vera-um-caso-isolado-entre-tantos\/","name":"Vera, um caso isolado entre tantos - Notibras","isPartOf":{"@id":"https:\/\/www.notibras.com\/site\/#website"},"primaryImageOfPage":{"@id":"https:\/\/www.notibras.com\/site\/vera-um-caso-isolado-entre-tantos\/#primaryimage"},"image":{"@id":"https:\/\/www.notibras.com\/site\/vera-um-caso-isolado-entre-tantos\/#primaryimage"},"thumbnailUrl":"https:\/\/www.notibras.com\/site\/wp-content\/uploads\/2026\/03\/WhatsApp-Image-2026-03-08-at-12.55.15.jpeg","datePublished":"2026-03-09T05:00:19+00:00","breadcrumb":{"@id":"https:\/\/www.notibras.com\/site\/vera-um-caso-isolado-entre-tantos\/#breadcrumb"},"inLanguage":"pt-BR","potentialAction":[{"@type":"ReadAction","target":["https:\/\/www.notibras.com\/site\/vera-um-caso-isolado-entre-tantos\/"]}]},{"@type":"ImageObject","inLanguage":"pt-BR","@id":"https:\/\/www.notibras.com\/site\/vera-um-caso-isolado-entre-tantos\/#primaryimage","url":"https:\/\/www.notibras.com\/site\/wp-content\/uploads\/2026\/03\/WhatsApp-Image-2026-03-08-at-12.55.15.jpeg","contentUrl":"https:\/\/www.notibras.com\/site\/wp-content\/uploads\/2026\/03\/WhatsApp-Image-2026-03-08-at-12.55.15.jpeg","width":1024,"height":559},{"@type":"BreadcrumbList","@id":"https:\/\/www.notibras.com\/site\/vera-um-caso-isolado-entre-tantos\/#breadcrumb","itemListElement":[{"@type":"ListItem","position":1,"name":"In\u00edcio","item":"https:\/\/www.notibras.com\/site\/"},{"@type":"ListItem","position":2,"name":"Vera, um caso isolado entre tantos"}]},{"@type":"WebSite","@id":"https:\/\/www.notibras.com\/site\/#website","url":"https:\/\/www.notibras.com\/site\/","name":"Notibras","description":"Not\u00edcias de Bras\u00edlia, do Brasil e do Mundo","publisher":{"@id":"https:\/\/www.notibras.com\/site\/#organization"},"potentialAction":[{"@type":"SearchAction","target":{"@type":"EntryPoint","urlTemplate":"https:\/\/www.notibras.com\/site\/?s={search_term_string}"},"query-input":{"@type":"PropertyValueSpecification","valueRequired":true,"valueName":"search_term_string"}}],"inLanguage":"pt-BR"},{"@type":"Organization","@id":"https:\/\/www.notibras.com\/site\/#organization","name":"Grupo Notibras de Comunica\u00e7\u00e3o","url":"https:\/\/www.notibras.com\/site\/","logo":{"@type":"ImageObject","inLanguage":"pt-BR","@id":"https:\/\/www.notibras.com\/site\/#\/schema\/logo\/image\/","url":"https:\/\/www.notibras.com\/site\/wp-content\/uploads\/2023\/01\/notibras23.png","contentUrl":"https:\/\/www.notibras.com\/site\/wp-content\/uploads\/2023\/01\/notibras23.png","width":350,"height":87,"caption":"Grupo Notibras de Comunica\u00e7\u00e3o"},"image":{"@id":"https:\/\/www.notibras.com\/site\/#\/schema\/logo\/image\/"},"sameAs":["https:\/\/www.facebook.com\/notibras\/","https:\/\/x.com\/Notibras","https:\/\/www.instagram.com\/notibras\/"]},{"@type":"Person","@id":"https:\/\/www.notibras.com\/site\/#\/schema\/person\/5b7fabf2aedc3ada2105f03b22b4d3dd","name":"Eduardo Mart\u00ednez","image":{"@type":"ImageObject","inLanguage":"pt-BR","@id":"https:\/\/secure.gravatar.com\/avatar\/7902f906289926289cbcda644b5197c796b893c6ffd7b9a536a42d290f7704a0?s=96&d=mm&r=g","url":"https:\/\/secure.gravatar.com\/avatar\/7902f906289926289cbcda644b5197c796b893c6ffd7b9a536a42d290f7704a0?s=96&d=mm&r=g","contentUrl":"https:\/\/secure.gravatar.com\/avatar\/7902f906289926289cbcda644b5197c796b893c6ffd7b9a536a42d290f7704a0?s=96&d=mm&r=g","caption":"Eduardo Mart\u00ednez"}}]}},"amp_enabled":true,"_links":{"self":[{"href":"https:\/\/www.notibras.com\/site\/wp-json\/wp\/v2\/posts\/386166","targetHints":{"allow":["GET"]}}],"collection":[{"href":"https:\/\/www.notibras.com\/site\/wp-json\/wp\/v2\/posts"}],"about":[{"href":"https:\/\/www.notibras.com\/site\/wp-json\/wp\/v2\/types\/post"}],"author":[{"embeddable":true,"href":"https:\/\/www.notibras.com\/site\/wp-json\/wp\/v2\/users\/21"}],"replies":[{"embeddable":true,"href":"https:\/\/www.notibras.com\/site\/wp-json\/wp\/v2\/comments?post=386166"}],"version-history":[{"count":2,"href":"https:\/\/www.notibras.com\/site\/wp-json\/wp\/v2\/posts\/386166\/revisions"}],"predecessor-version":[{"id":386169,"href":"https:\/\/www.notibras.com\/site\/wp-json\/wp\/v2\/posts\/386166\/revisions\/386169"}],"wp:featuredmedia":[{"embeddable":true,"href":"https:\/\/www.notibras.com\/site\/wp-json\/wp\/v2\/media\/386167"}],"wp:attachment":[{"href":"https:\/\/www.notibras.com\/site\/wp-json\/wp\/v2\/media?parent=386166"}],"wp:term":[{"taxonomy":"category","embeddable":true,"href":"https:\/\/www.notibras.com\/site\/wp-json\/wp\/v2\/categories?post=386166"},{"taxonomy":"post_tag","embeddable":true,"href":"https:\/\/www.notibras.com\/site\/wp-json\/wp\/v2\/tags?post=386166"}],"curies":[{"name":"wp","href":"https:\/\/api.w.org\/{rel}","templated":true}]}}