{"id":386174,"date":"2026-03-08T18:17:51","date_gmt":"2026-03-08T21:17:51","guid":{"rendered":"https:\/\/www.notibras.com\/site\/?p=386174"},"modified":"2026-03-08T20:15:07","modified_gmt":"2026-03-08T23:15:07","slug":"filho-de-khamenei-vira-aiatola-para-vingar-pai-e-vencer-guerra-para-ira","status":"publish","type":"post","link":"https:\/\/www.notibras.com\/site\/filho-de-khamenei-vira-aiatola-para-vingar-pai-e-vencer-guerra-para-ira\/","title":{"rendered":"Filho de Khamenei vira aiatol\u00e1 para vingar pai e vencer guerra para Ir\u00e3"},"content":{"rendered":"<p>A escolha de Mojtaba Khamenei como novo L\u00edder Supremo do Ir\u00e3, oficializada neste domingo, 8, pela Assembleia de Peritos, sinaliza que Teer\u00e3 dever\u00e1 manter uma linha de confronto direto no atual conflito com os Estados Unidos e Israel. Filho de Ali Khamenei, morto no primeiro dia dos ataques lan\u00e7ados em 28 de fevereiro, Mojtaba assume o poder cercado por um ambiente de radicaliza\u00e7\u00e3o interna e forte press\u00e3o militar externa. Nos bastidores do regime, ele sempre foi identificado como representante da ala mais conservadora e menos inclinada a qualquer distens\u00e3o diplom\u00e1tica.<\/p>\n<p>Aos 56 anos, Mojtaba construiu sua influ\u00eancia longe dos palanques, mas muito perto do n\u00facleo decis\u00f3rio da Rep\u00fablica Isl\u00e2mica. Com rela\u00e7\u00f5es hist\u00f3ricas com a Guarda Revolucion\u00e1ria Isl\u00e2mica e liga\u00e7\u00e3o estreita com a For\u00e7a Quds, ele \u00e9 visto como um dirigente de perfil r\u00edgido, moldado pela l\u00f3gica de seguran\u00e7a e resist\u00eancia armada. Sua experi\u00eancia em unidade de combate durante a Guerra Ir\u00e3-Iraque refor\u00e7a essa imagem de dirigente pouco propenso a concess\u00f5es, especialmente num momento em que parte do establishment iraniano defende resposta cont\u00ednua aos bombardeios estrangeiros.<\/p>\n<p>Mesmo sem ostentar formalmente durante anos o t\u00edtulo de aiatol\u00e1, Mojtaba j\u00e1 exercia influ\u00eancia decisiva sobre o gabinete do pai e sobre a engrenagem pol\u00edtica do regime. Em 2019, o pr\u00f3prio governo americano o classificou como figura central do poder iraniano, ao impor san\u00e7\u00f5es por sua atua\u00e7\u00e3o indireta em nome de Ali Khamenei. Agora elevado ao topo da hierarquia religiosa e pol\u00edtica, ele herda n\u00e3o apenas o comando do Estado, mas tamb\u00e9m o desafio de administrar uma guerra aberta, agravada pela morte de sua esposa, Zahra Haddad-Adel, nos mesmos ataques que atingiram sua fam\u00edlia. Em Teer\u00e3, a leitura predominante \u00e9 de que a nova lideran\u00e7a dever\u00e1 endurecer ainda mais o discurso de resist\u00eancia, mantendo o conflito ativo enquanto houver ataques ou amea\u00e7as externas.<\/p>\n","protected":false},"excerpt":{"rendered":"<p>A escolha de Mojtaba Khamenei como novo L\u00edder Supremo do Ir\u00e3, oficializada neste domingo, 8, pela Assembleia de Peritos, sinaliza que Teer\u00e3 dever\u00e1 manter uma linha de confronto direto no atual conflito com os Estados Unidos e Israel. Filho de Ali Khamenei, morto no primeiro dia dos ataques lan\u00e7ados em 28 de fevereiro, Mojtaba assume [&hellip;]<\/p>\n","protected":false},"author":2,"featured_media":386175,"comment_status":"closed","ping_status":"closed","sticky":false,"template":"","format":"standard","meta":{"_acf_changed":false,"footnotes":""},"categories":[159],"tags":[95],"class_list":["post-386174","post","type-post","status-publish","format-standard","has-post-thumbnail","hentry","category-apocalipse","tag-capa"],"acf":[],"yoast_head":"<!-- This site is optimized with the Yoast SEO plugin v27.2 - https:\/\/yoast.com\/product\/yoast-seo-wordpress\/ -->\n<title>Filho de Khamenei vira aiatol\u00e1 para vingar pai e vencer guerra para Ir\u00e3 - Notibras<\/title>\n<meta name=\"robots\" content=\"index, follow, max-snippet:-1, max-image-preview:large, max-video-preview:-1\" \/>\n<link rel=\"canonical\" href=\"https:\/\/www.notibras.com\/site\/filho-de-khamenei-vira-aiatola-para-vingar-pai-e-vencer-guerra-para-ira\/\" \/>\n<meta property=\"og:locale\" content=\"pt_BR\" \/>\n<meta property=\"og:type\" content=\"article\" \/>\n<meta property=\"og:title\" content=\"Filho de Khamenei vira aiatol\u00e1 para vingar pai e vencer guerra para Ir\u00e3 - Notibras\" \/>\n<meta property=\"og:description\" content=\"A escolha de Mojtaba Khamenei como novo L\u00edder Supremo do Ir\u00e3, oficializada neste domingo, 8, pela Assembleia de Peritos, sinaliza que Teer\u00e3 dever\u00e1 manter uma linha de confronto direto no atual conflito com os Estados Unidos e Israel. Filho de Ali Khamenei, morto no primeiro dia dos ataques lan\u00e7ados em 28 de fevereiro, Mojtaba assume [&hellip;]\" \/>\n<meta property=\"og:url\" content=\"https:\/\/www.notibras.com\/site\/filho-de-khamenei-vira-aiatola-para-vingar-pai-e-vencer-guerra-para-ira\/\" \/>\n<meta property=\"og:site_name\" content=\"Notibras\" \/>\n<meta property=\"article:publisher\" content=\"https:\/\/www.facebook.com\/notibras\/\" \/>\n<meta property=\"article:published_time\" content=\"2026-03-08T21:17:51+00:00\" \/>\n<meta property=\"article:modified_time\" content=\"2026-03-08T23:15:07+00:00\" \/>\n<meta name=\"author\" content=\"Reda\u00e7\u00e3o\" \/>\n<meta name=\"twitter:card\" content=\"summary_large_image\" \/>\n<meta name=\"twitter:creator\" content=\"@Notibras\" \/>\n<meta name=\"twitter:site\" content=\"@Notibras\" \/>\n<meta name=\"twitter:label1\" content=\"Escrito por\" \/>\n\t<meta name=\"twitter:data1\" content=\"Reda\u00e7\u00e3o\" \/>\n\t<meta name=\"twitter:label2\" content=\"Est. tempo de leitura\" \/>\n\t<meta name=\"twitter:data2\" content=\"2 minutos\" \/>\n<script type=\"application\/ld+json\" class=\"yoast-schema-graph\">{\"@context\":\"https:\/\/schema.org\",\"@graph\":[{\"@type\":\"Article\",\"@id\":\"https:\/\/www.notibras.com\/site\/filho-de-khamenei-vira-aiatola-para-vingar-pai-e-vencer-guerra-para-ira\/#article\",\"isPartOf\":{\"@id\":\"https:\/\/www.notibras.com\/site\/filho-de-khamenei-vira-aiatola-para-vingar-pai-e-vencer-guerra-para-ira\/\"},\"author\":{\"name\":\"Reda\u00e7\u00e3o\",\"@id\":\"https:\/\/www.notibras.com\/site\/#\/schema\/person\/36ab0979449956132d3e5b517ea76ac8\"},\"headline\":\"Filho de Khamenei vira aiatol\u00e1 para vingar pai e vencer guerra para Ir\u00e3\",\"datePublished\":\"2026-03-08T21:17:51+00:00\",\"dateModified\":\"2026-03-08T23:15:07+00:00\",\"mainEntityOfPage\":{\"@id\":\"https:\/\/www.notibras.com\/site\/filho-de-khamenei-vira-aiatola-para-vingar-pai-e-vencer-guerra-para-ira\/\"},\"wordCount\":344,\"publisher\":{\"@id\":\"https:\/\/www.notibras.com\/site\/#organization\"},\"image\":{\"@id\":\"https:\/\/www.notibras.com\/site\/filho-de-khamenei-vira-aiatola-para-vingar-pai-e-vencer-guerra-para-ira\/#primaryimage\"},\"thumbnailUrl\":\"https:\/\/www.notibras.com\/site\/wp-content\/uploads\/2026\/03\/khameneinovolider.ira_.avif\",\"keywords\":[\"capa\"],\"articleSection\":[\"Apocalipse\"],\"inLanguage\":\"pt-BR\"},{\"@type\":\"WebPage\",\"@id\":\"https:\/\/www.notibras.com\/site\/filho-de-khamenei-vira-aiatola-para-vingar-pai-e-vencer-guerra-para-ira\/\",\"url\":\"https:\/\/www.notibras.com\/site\/filho-de-khamenei-vira-aiatola-para-vingar-pai-e-vencer-guerra-para-ira\/\",\"name\":\"Filho de Khamenei vira aiatol\u00e1 para vingar pai e vencer guerra para Ir\u00e3 - Notibras\",\"isPartOf\":{\"@id\":\"https:\/\/www.notibras.com\/site\/#website\"},\"primaryImageOfPage\":{\"@id\":\"https:\/\/www.notibras.com\/site\/filho-de-khamenei-vira-aiatola-para-vingar-pai-e-vencer-guerra-para-ira\/#primaryimage\"},\"image\":{\"@id\":\"https:\/\/www.notibras.com\/site\/filho-de-khamenei-vira-aiatola-para-vingar-pai-e-vencer-guerra-para-ira\/#primaryimage\"},\"thumbnailUrl\":\"https:\/\/www.notibras.com\/site\/wp-content\/uploads\/2026\/03\/khameneinovolider.ira_.avif\",\"datePublished\":\"2026-03-08T21:17:51+00:00\",\"dateModified\":\"2026-03-08T23:15:07+00:00\",\"breadcrumb\":{\"@id\":\"https:\/\/www.notibras.com\/site\/filho-de-khamenei-vira-aiatola-para-vingar-pai-e-vencer-guerra-para-ira\/#breadcrumb\"},\"inLanguage\":\"pt-BR\",\"potentialAction\":[{\"@type\":\"ReadAction\",\"target\":[\"https:\/\/www.notibras.com\/site\/filho-de-khamenei-vira-aiatola-para-vingar-pai-e-vencer-guerra-para-ira\/\"]}]},{\"@type\":\"ImageObject\",\"inLanguage\":\"pt-BR\",\"@id\":\"https:\/\/www.notibras.com\/site\/filho-de-khamenei-vira-aiatola-para-vingar-pai-e-vencer-guerra-para-ira\/#primaryimage\",\"url\":\"https:\/\/www.notibras.com\/site\/wp-content\/uploads\/2026\/03\/khameneinovolider.ira_.avif\",\"contentUrl\":\"https:\/\/www.notibras.com\/site\/wp-content\/uploads\/2026\/03\/khameneinovolider.ira_.avif\",\"width\":984,\"height\":656},{\"@type\":\"BreadcrumbList\",\"@id\":\"https:\/\/www.notibras.com\/site\/filho-de-khamenei-vira-aiatola-para-vingar-pai-e-vencer-guerra-para-ira\/#breadcrumb\",\"itemListElement\":[{\"@type\":\"ListItem\",\"position\":1,\"name\":\"In\u00edcio\",\"item\":\"https:\/\/www.notibras.com\/site\/\"},{\"@type\":\"ListItem\",\"position\":2,\"name\":\"Filho de Khamenei vira aiatol\u00e1 para vingar pai e vencer guerra para Ir\u00e3\"}]},{\"@type\":\"WebSite\",\"@id\":\"https:\/\/www.notibras.com\/site\/#website\",\"url\":\"https:\/\/www.notibras.com\/site\/\",\"name\":\"Notibras\",\"description\":\"Not\u00edcias de Bras\u00edlia, do Brasil e do Mundo\",\"publisher\":{\"@id\":\"https:\/\/www.notibras.com\/site\/#organization\"},\"potentialAction\":[{\"@type\":\"SearchAction\",\"target\":{\"@type\":\"EntryPoint\",\"urlTemplate\":\"https:\/\/www.notibras.com\/site\/?s={search_term_string}\"},\"query-input\":{\"@type\":\"PropertyValueSpecification\",\"valueRequired\":true,\"valueName\":\"search_term_string\"}}],\"inLanguage\":\"pt-BR\"},{\"@type\":\"Organization\",\"@id\":\"https:\/\/www.notibras.com\/site\/#organization\",\"name\":\"Grupo Notibras de Comunica\u00e7\u00e3o\",\"url\":\"https:\/\/www.notibras.com\/site\/\",\"logo\":{\"@type\":\"ImageObject\",\"inLanguage\":\"pt-BR\",\"@id\":\"https:\/\/www.notibras.com\/site\/#\/schema\/logo\/image\/\",\"url\":\"https:\/\/www.notibras.com\/site\/wp-content\/uploads\/2023\/01\/notibras23.png\",\"contentUrl\":\"https:\/\/www.notibras.com\/site\/wp-content\/uploads\/2023\/01\/notibras23.png\",\"width\":350,\"height\":87,\"caption\":\"Grupo Notibras de Comunica\u00e7\u00e3o\"},\"image\":{\"@id\":\"https:\/\/www.notibras.com\/site\/#\/schema\/logo\/image\/\"},\"sameAs\":[\"https:\/\/www.facebook.com\/notibras\/\",\"https:\/\/x.com\/Notibras\",\"https:\/\/www.instagram.com\/notibras\/\"]},{\"@type\":\"Person\",\"@id\":\"https:\/\/www.notibras.com\/site\/#\/schema\/person\/36ab0979449956132d3e5b517ea76ac8\",\"name\":\"Reda\u00e7\u00e3o\",\"image\":{\"@type\":\"ImageObject\",\"inLanguage\":\"pt-BR\",\"@id\":\"https:\/\/secure.gravatar.com\/avatar\/e0a867bdedb85fd243eadf09663511f96fc81e0720a4a42581f334ad4303aa6b?s=96&d=mm&r=g\",\"url\":\"https:\/\/secure.gravatar.com\/avatar\/e0a867bdedb85fd243eadf09663511f96fc81e0720a4a42581f334ad4303aa6b?s=96&d=mm&r=g\",\"contentUrl\":\"https:\/\/secure.gravatar.com\/avatar\/e0a867bdedb85fd243eadf09663511f96fc81e0720a4a42581f334ad4303aa6b?s=96&d=mm&r=g\",\"caption\":\"Reda\u00e7\u00e3o\"}}]}<\/script>\n<!-- \/ Yoast SEO plugin. -->","yoast_head_json":{"title":"Filho de Khamenei vira aiatol\u00e1 para vingar pai e vencer guerra para Ir\u00e3 - Notibras","robots":{"index":"index","follow":"follow","max-snippet":"max-snippet:-1","max-image-preview":"max-image-preview:large","max-video-preview":"max-video-preview:-1"},"canonical":"https:\/\/www.notibras.com\/site\/filho-de-khamenei-vira-aiatola-para-vingar-pai-e-vencer-guerra-para-ira\/","og_locale":"pt_BR","og_type":"article","og_title":"Filho de Khamenei vira aiatol\u00e1 para vingar pai e vencer guerra para Ir\u00e3 - Notibras","og_description":"A escolha de Mojtaba Khamenei como novo L\u00edder Supremo do Ir\u00e3, oficializada neste domingo, 8, pela Assembleia de Peritos, sinaliza que Teer\u00e3 dever\u00e1 manter uma linha de confronto direto no atual conflito com os Estados Unidos e Israel. Filho de Ali Khamenei, morto no primeiro dia dos ataques lan\u00e7ados em 28 de fevereiro, Mojtaba assume [&hellip;]","og_url":"https:\/\/www.notibras.com\/site\/filho-de-khamenei-vira-aiatola-para-vingar-pai-e-vencer-guerra-para-ira\/","og_site_name":"Notibras","article_publisher":"https:\/\/www.facebook.com\/notibras\/","article_published_time":"2026-03-08T21:17:51+00:00","article_modified_time":"2026-03-08T23:15:07+00:00","author":"Reda\u00e7\u00e3o","twitter_card":"summary_large_image","twitter_creator":"@Notibras","twitter_site":"@Notibras","twitter_misc":{"Escrito por":"Reda\u00e7\u00e3o","Est. tempo de leitura":"2 minutos"},"schema":{"@context":"https:\/\/schema.org","@graph":[{"@type":"Article","@id":"https:\/\/www.notibras.com\/site\/filho-de-khamenei-vira-aiatola-para-vingar-pai-e-vencer-guerra-para-ira\/#article","isPartOf":{"@id":"https:\/\/www.notibras.com\/site\/filho-de-khamenei-vira-aiatola-para-vingar-pai-e-vencer-guerra-para-ira\/"},"author":{"name":"Reda\u00e7\u00e3o","@id":"https:\/\/www.notibras.com\/site\/#\/schema\/person\/36ab0979449956132d3e5b517ea76ac8"},"headline":"Filho de Khamenei vira aiatol\u00e1 para vingar pai e vencer guerra para Ir\u00e3","datePublished":"2026-03-08T21:17:51+00:00","dateModified":"2026-03-08T23:15:07+00:00","mainEntityOfPage":{"@id":"https:\/\/www.notibras.com\/site\/filho-de-khamenei-vira-aiatola-para-vingar-pai-e-vencer-guerra-para-ira\/"},"wordCount":344,"publisher":{"@id":"https:\/\/www.notibras.com\/site\/#organization"},"image":{"@id":"https:\/\/www.notibras.com\/site\/filho-de-khamenei-vira-aiatola-para-vingar-pai-e-vencer-guerra-para-ira\/#primaryimage"},"thumbnailUrl":"https:\/\/www.notibras.com\/site\/wp-content\/uploads\/2026\/03\/khameneinovolider.ira_.avif","keywords":["capa"],"articleSection":["Apocalipse"],"inLanguage":"pt-BR"},{"@type":"WebPage","@id":"https:\/\/www.notibras.com\/site\/filho-de-khamenei-vira-aiatola-para-vingar-pai-e-vencer-guerra-para-ira\/","url":"https:\/\/www.notibras.com\/site\/filho-de-khamenei-vira-aiatola-para-vingar-pai-e-vencer-guerra-para-ira\/","name":"Filho de Khamenei vira aiatol\u00e1 para vingar pai e vencer guerra para Ir\u00e3 - Notibras","isPartOf":{"@id":"https:\/\/www.notibras.com\/site\/#website"},"primaryImageOfPage":{"@id":"https:\/\/www.notibras.com\/site\/filho-de-khamenei-vira-aiatola-para-vingar-pai-e-vencer-guerra-para-ira\/#primaryimage"},"image":{"@id":"https:\/\/www.notibras.com\/site\/filho-de-khamenei-vira-aiatola-para-vingar-pai-e-vencer-guerra-para-ira\/#primaryimage"},"thumbnailUrl":"https:\/\/www.notibras.com\/site\/wp-content\/uploads\/2026\/03\/khameneinovolider.ira_.avif","datePublished":"2026-03-08T21:17:51+00:00","dateModified":"2026-03-08T23:15:07+00:00","breadcrumb":{"@id":"https:\/\/www.notibras.com\/site\/filho-de-khamenei-vira-aiatola-para-vingar-pai-e-vencer-guerra-para-ira\/#breadcrumb"},"inLanguage":"pt-BR","potentialAction":[{"@type":"ReadAction","target":["https:\/\/www.notibras.com\/site\/filho-de-khamenei-vira-aiatola-para-vingar-pai-e-vencer-guerra-para-ira\/"]}]},{"@type":"ImageObject","inLanguage":"pt-BR","@id":"https:\/\/www.notibras.com\/site\/filho-de-khamenei-vira-aiatola-para-vingar-pai-e-vencer-guerra-para-ira\/#primaryimage","url":"https:\/\/www.notibras.com\/site\/wp-content\/uploads\/2026\/03\/khameneinovolider.ira_.avif","contentUrl":"https:\/\/www.notibras.com\/site\/wp-content\/uploads\/2026\/03\/khameneinovolider.ira_.avif","width":984,"height":656},{"@type":"BreadcrumbList","@id":"https:\/\/www.notibras.com\/site\/filho-de-khamenei-vira-aiatola-para-vingar-pai-e-vencer-guerra-para-ira\/#breadcrumb","itemListElement":[{"@type":"ListItem","position":1,"name":"In\u00edcio","item":"https:\/\/www.notibras.com\/site\/"},{"@type":"ListItem","position":2,"name":"Filho de Khamenei vira aiatol\u00e1 para vingar pai e vencer guerra para Ir\u00e3"}]},{"@type":"WebSite","@id":"https:\/\/www.notibras.com\/site\/#website","url":"https:\/\/www.notibras.com\/site\/","name":"Notibras","description":"Not\u00edcias de Bras\u00edlia, do Brasil e do Mundo","publisher":{"@id":"https:\/\/www.notibras.com\/site\/#organization"},"potentialAction":[{"@type":"SearchAction","target":{"@type":"EntryPoint","urlTemplate":"https:\/\/www.notibras.com\/site\/?s={search_term_string}"},"query-input":{"@type":"PropertyValueSpecification","valueRequired":true,"valueName":"search_term_string"}}],"inLanguage":"pt-BR"},{"@type":"Organization","@id":"https:\/\/www.notibras.com\/site\/#organization","name":"Grupo Notibras de Comunica\u00e7\u00e3o","url":"https:\/\/www.notibras.com\/site\/","logo":{"@type":"ImageObject","inLanguage":"pt-BR","@id":"https:\/\/www.notibras.com\/site\/#\/schema\/logo\/image\/","url":"https:\/\/www.notibras.com\/site\/wp-content\/uploads\/2023\/01\/notibras23.png","contentUrl":"https:\/\/www.notibras.com\/site\/wp-content\/uploads\/2023\/01\/notibras23.png","width":350,"height":87,"caption":"Grupo Notibras de Comunica\u00e7\u00e3o"},"image":{"@id":"https:\/\/www.notibras.com\/site\/#\/schema\/logo\/image\/"},"sameAs":["https:\/\/www.facebook.com\/notibras\/","https:\/\/x.com\/Notibras","https:\/\/www.instagram.com\/notibras\/"]},{"@type":"Person","@id":"https:\/\/www.notibras.com\/site\/#\/schema\/person\/36ab0979449956132d3e5b517ea76ac8","name":"Reda\u00e7\u00e3o","image":{"@type":"ImageObject","inLanguage":"pt-BR","@id":"https:\/\/secure.gravatar.com\/avatar\/e0a867bdedb85fd243eadf09663511f96fc81e0720a4a42581f334ad4303aa6b?s=96&d=mm&r=g","url":"https:\/\/secure.gravatar.com\/avatar\/e0a867bdedb85fd243eadf09663511f96fc81e0720a4a42581f334ad4303aa6b?s=96&d=mm&r=g","contentUrl":"https:\/\/secure.gravatar.com\/avatar\/e0a867bdedb85fd243eadf09663511f96fc81e0720a4a42581f334ad4303aa6b?s=96&d=mm&r=g","caption":"Reda\u00e7\u00e3o"}}]}},"amp_enabled":true,"_links":{"self":[{"href":"https:\/\/www.notibras.com\/site\/wp-json\/wp\/v2\/posts\/386174","targetHints":{"allow":["GET"]}}],"collection":[{"href":"https:\/\/www.notibras.com\/site\/wp-json\/wp\/v2\/posts"}],"about":[{"href":"https:\/\/www.notibras.com\/site\/wp-json\/wp\/v2\/types\/post"}],"author":[{"embeddable":true,"href":"https:\/\/www.notibras.com\/site\/wp-json\/wp\/v2\/users\/2"}],"replies":[{"embeddable":true,"href":"https:\/\/www.notibras.com\/site\/wp-json\/wp\/v2\/comments?post=386174"}],"version-history":[{"count":8,"href":"https:\/\/www.notibras.com\/site\/wp-json\/wp\/v2\/posts\/386174\/revisions"}],"predecessor-version":[{"id":386186,"href":"https:\/\/www.notibras.com\/site\/wp-json\/wp\/v2\/posts\/386174\/revisions\/386186"}],"wp:featuredmedia":[{"embeddable":true,"href":"https:\/\/www.notibras.com\/site\/wp-json\/wp\/v2\/media\/386175"}],"wp:attachment":[{"href":"https:\/\/www.notibras.com\/site\/wp-json\/wp\/v2\/media?parent=386174"}],"wp:term":[{"taxonomy":"category","embeddable":true,"href":"https:\/\/www.notibras.com\/site\/wp-json\/wp\/v2\/categories?post=386174"},{"taxonomy":"post_tag","embeddable":true,"href":"https:\/\/www.notibras.com\/site\/wp-json\/wp\/v2\/tags?post=386174"}],"curies":[{"name":"wp","href":"https:\/\/api.w.org\/{rel}","templated":true}]}}